{"id":1886,"date":"2025-04-24T07:36:39","date_gmt":"2025-04-24T07:36:39","guid":{"rendered":"https:\/\/www.apres-lecole.fr\/Blog\/etat-cantine-ecole-guadeloupe\/"},"modified":"2025-04-24T07:36:39","modified_gmt":"2025-04-24T07:36:39","slug":"etat-cantine-ecole-guadeloupe","status":"publish","type":"post","link":"https:\/\/www.apres-lecole.fr\/Blog\/etat-cantine-ecole-guadeloupe\/","title":{"rendered":"L&rsquo;\u00c9tat reprend les r\u00eanes de la cantine d&rsquo;une \u00e9cole en difficult\u00e9 en Guadeloupe"},"content":{"rendered":"\n\n<div class=\"kk-star-ratings kksr-auto kksr-align-left kksr-valign-top\"\n    data-payload='{&quot;align&quot;:&quot;left&quot;,&quot;id&quot;:&quot;1886&quot;,&quot;slug&quot;:&quot;default&quot;,&quot;valign&quot;:&quot;top&quot;,&quot;ignore&quot;:&quot;&quot;,&quot;reference&quot;:&quot;auto&quot;,&quot;class&quot;:&quot;&quot;,&quot;count&quot;:&quot;0&quot;,&quot;legendonly&quot;:&quot;&quot;,&quot;readonly&quot;:&quot;&quot;,&quot;score&quot;:&quot;0&quot;,&quot;starsonly&quot;:&quot;&quot;,&quot;best&quot;:&quot;5&quot;,&quot;gap&quot;:&quot;5&quot;,&quot;greet&quot;:&quot;Rate this post&quot;,&quot;legend&quot;:&quot;0\\\/5 - (0 vote)&quot;,&quot;size&quot;:&quot;24&quot;,&quot;title&quot;:&quot;L\\u0026#039;\u00c9tat reprend les r\u00eanes de la cantine d\\u0026#039;une \u00e9cole en difficult\u00e9 en Guadeloupe&quot;,&quot;width&quot;:&quot;0&quot;,&quot;_legend&quot;:&quot;{score}\\\/{best} - ({count} {votes})&quot;,&quot;font_factor&quot;:&quot;1.25&quot;}'>\n            \n<div class=\"kksr-stars\">\n    \n<div class=\"kksr-stars-inactive\">\n            <div class=\"kksr-star\" data-star=\"1\" style=\"padding-right: 5px\">\n            \n\n<div class=\"kksr-icon\" style=\"width: 24px; height: 24px;\"><\/div>\n        <\/div>\n            <div class=\"kksr-star\" data-star=\"2\" style=\"padding-right: 5px\">\n            \n\n<div class=\"kksr-icon\" style=\"width: 24px; height: 24px;\"><\/div>\n        <\/div>\n            <div class=\"kksr-star\" data-star=\"3\" style=\"padding-right: 5px\">\n            \n\n<div class=\"kksr-icon\" style=\"width: 24px; height: 24px;\"><\/div>\n        <\/div>\n            <div class=\"kksr-star\" data-star=\"4\" style=\"padding-right: 5px\">\n            \n\n<div class=\"kksr-icon\" style=\"width: 24px; height: 24px;\"><\/div>\n        <\/div>\n            <div class=\"kksr-star\" data-star=\"5\" style=\"padding-right: 5px\">\n            \n\n<div class=\"kksr-icon\" style=\"width: 24px; height: 24px;\"><\/div>\n        <\/div>\n    <\/div>\n    \n<div class=\"kksr-stars-active\" style=\"width: 0px;\">\n            <div class=\"kksr-star\" style=\"padding-right: 5px\">\n            \n\n<div class=\"kksr-icon\" style=\"width: 24px; height: 24px;\"><\/div>\n        <\/div>\n            <div class=\"kksr-star\" style=\"padding-right: 5px\">\n            \n\n<div class=\"kksr-icon\" style=\"width: 24px; height: 24px;\"><\/div>\n        <\/div>\n            <div class=\"kksr-star\" style=\"padding-right: 5px\">\n            \n\n<div class=\"kksr-icon\" style=\"width: 24px; height: 24px;\"><\/div>\n        <\/div>\n            <div class=\"kksr-star\" style=\"padding-right: 5px\">\n            \n\n<div class=\"kksr-icon\" style=\"width: 24px; height: 24px;\"><\/div>\n        <\/div>\n            <div class=\"kksr-star\" style=\"padding-right: 5px\">\n            \n\n<div class=\"kksr-icon\" style=\"width: 24px; height: 24px;\"><\/div>\n        <\/div>\n    <\/div>\n<\/div>\n                \n\n<div class=\"kksr-legend\" style=\"font-size: 19.2px;\">\n            <span class=\"kksr-muted\">Rate this post<\/span>\n    <\/div>\n    <\/div>\n<p>La Guadeloupe, un petit paradis en plein c\u0153ur des Cara\u00efbes, fait face \u00e0 des d\u00e9fis consid\u00e9rables, notamment en mati\u00e8re d&rsquo;\u00e9ducation et d&rsquo;alimentation des \u00e9l\u00e8ves. R\u00e9cemment, l&rsquo;\u00c9tat a pris des mesures d\u00e9cisives pour r\u00e9tablir la gestion d&rsquo;une cantine scolaire en difficult\u00e9. Ce tournant est marqu\u00e9 par le besoin urgent de soutenir les \u00e9l\u00e8ves, de s\u00e9curiser leur alimentation et de garantir un cadre propice \u00e0 l&rsquo;\u00e9ducation. Loin d&rsquo;\u00eatre une simple mesure administrative, cette initiative est r\u00e9v\u00e9latrice d&rsquo;une r\u00e9elle volont\u00e9 de changement dans la mani\u00e8re dont le syst\u00e8me \u00e9ducatif et de restauration scolaire est pilot\u00e9 dans la r\u00e9gion.<\/p>\n\n<p>Sommaire :<br>\n&#8211; \u00c9tat des lieux de la cantine scolaire en Guadeloupe<br>\n&#8211; Les enjeux d&rsquo;une gestion publique des cantines scolaires<br>\n&#8211; Les perspectives d&rsquo;am\u00e9lioration \u00e0 travers la r\u00e9novation et le soutien<br>\n&#8211; La r\u00e9action des parents et des enseignants face \u00e0 cette initiative<br>\n&#8211; Conclusion des d\u00e9fis futurs pour un syst\u00e8me scolaire plus efficace<\/p>\n\n<h2 class=\"wp-block-heading\">\u00c9tat des lieux de la cantine scolaire en Guadeloupe<\/h2>\n\n<p>La situation des cantines scolaires en Guadeloupe se caract\u00e9rise par des d\u00e9fis logistiques et financiers notables. En effet, plusieurs \u00e9tablissements rencontrer des difficult\u00e9s pour fournir des repas \u00e9quilibr\u00e9s et de qualit\u00e9 aux \u00e9l\u00e8ves qui, pour beaucoup d&rsquo;entre eux, d\u00e9pendent de ce service pour leur nutrition quotidienne. Les \u00e9coles publiques ont souvent du mal \u00e0 respecter les normes sanitaires et nutritionnelles, ce qui a conduit \u00e0 une indignation croissante parmi les parents et les enseignants.<\/p>\n\n<p>Une \u00e9tude r\u00e9cente a r\u00e9v\u00e9l\u00e9 que pr\u00e8s de 30 % des cantines scolaires dans l\u2019\u00eele ne satisfont pas aux conditions minimales requises. Cela soul\u00e8ve des questions cruciales sur l\u2019alimentation des enfants et, par cons\u00e9quent, sur leur capacit\u00e9 \u00e0 se concentrer et \u00e0 r\u00e9ussir dans leurs \u00e9tudes. Quand on sait que l&rsquo;alimentation joue un r\u00f4le cl\u00e9 dans le d\u00e9veloppement cognitif et physique, il est essentiel d\u2019intervenir rapidement.<\/p>\n\n<p>\u00c0 travers un tableau r\u00e9capitulatif, il appara\u00eet clairement que certaines communes se d\u00e9marquent par leur capacit\u00e9 \u00e0 offrir de meilleurs services de restauration, tandis que d&rsquo;autres luttent constamment pour garantir la qualit\u00e9 des repas :<\/p>\n\n<figure class=\"wp-block-table\"><table>\n<thead>\n<tr>\n<th>Commune<\/th>\n<th>Qualit\u00e9 de la cantine (\u00e9chelle 1-5)<\/th>\n<th>Budget annuel pour la restauration (\u20ac)<\/th>\n<\/tr>\n<\/thead>\n<tbody>\n<tr>\n<td>Baie-Mahault<\/td>\n<td>4<\/td>\n<td>500,000<\/td>\n<\/tr>\n<tr>\n<td>Pointe-\u00e0-Pitre<\/td>\n<td>3<\/td>\n<td>300,000<\/td>\n<\/tr>\n<tr>\n<td>Les Abymes<\/td>\n<td>2<\/td>\n<td>200,000<\/td>\n<\/tr>\n<tr>\n<td>Saint-Martin<\/td>\n<td>5<\/td>\n<td>400,000<\/td>\n<\/tr>\n<\/tbody>\n<\/table><\/figure>\n\n<p>Ces chiffres montrent que la situation est loin d\u2019\u00eatre uniforme sur l\u2019\u00eele, rendant d&rsquo;autant plus pr\u00e9occupant le besoin d\u2019une initiative \u00e9tatique pour g\u00e9rer et am\u00e9liorer le service de restauration. La volont\u00e9 de l&rsquo;\u00c9tat de reprendre les r\u00eanes de la cantine d&rsquo;une \u00e9cole en difficult\u00e9 ne semble pas simplement \u00eatre une r\u00e9action aux pr\u00e9occupations imm\u00e9diates, mais plut\u00f4t un pas vers une structuration plus p\u00e9renne de la gestion de la restauration scolaire.<\/p>\n\n<h2 class=\"wp-block-heading\">Les enjeux d&rsquo;une gestion publique des cantines scolaires<\/h2>\n\n<p>Il ne fait aucun doute que la gestion des cantines scolaires par l&rsquo;\u00c9tat rev\u00eat plusieurs enjeux majeurs. D&rsquo;un c\u00f4t\u00e9, cette initiative vise \u00e0 assurer le respect des normes sanitaires et nutritionnelles pour offrir des repas sains aux enfants. D&rsquo;un autre c\u00f4t\u00e9, elle doit \u00e9galement s&rsquo;accompagner de la mise en place d&rsquo;une gestion rigoureuse et efficace pour garantir la qualit\u00e9 et la s\u00e9curit\u00e9 des repas servis.<\/p>\n\n<p>Plusieurs points m\u00e9ritent d&rsquo;\u00eatre soulign\u00e9s concernant les avantages d\u2019une gestion \u00e9tatique :<\/p>\n\n<ul class=\"wp-block-list\"><li><strong>Am\u00e9lioration de la qualit\u00e9 des repas :<\/strong> L&rsquo;\u00c9tat peut mettre en place des directrices claires pour garantir l&rsquo;\u00e9quilibre nutritionnel des repas. \ud83e\udd66<\/li><li><strong>S\u00e9curisation de l&rsquo;approvisionnement :<\/strong> L&rsquo;intervention de l&rsquo;\u00c9tat facilite la cr\u00e9ation de partenariats avec des fournisseurs locaux, ce qui peut contribuer \u00e0 stimuler l&rsquo;\u00e9conomie locale. \ud83c\udf0d<\/li><li><strong>Accessibilit\u00e9 financiaris\u00e9e :<\/strong> Des programmes de soutien peuvent \u00eatre instaur\u00e9s pour que tous les \u00e9l\u00e8ves, y compris ceux issus de milieux modestes, aient acc\u00e8s \u00e0 des repas de qualit\u00e9. \ud83d\udcb0<\/li><li><strong>Formation du personnel :<\/strong> Un encadrement et une formation ad\u00e9quate pour le personnel en charge des cantines assureront un meilleur service et une connaissance accrue des normes d&rsquo;hygi\u00e8ne. \ud83e\uddd1\u200d\ud83c\udf73<\/li><\/ul>\n\n<p>Face \u00e0 ces enjeux, un changement dans la politique de gestion des cantines scolaires pourrait transformer la mani\u00e8re dont les enfants per\u00e7oivent la nourriture \u00e0 l&rsquo;\u00e9cole et, par extension, leur \u00e9tat de sant\u00e9 g\u00e9n\u00e9ral. En favorisant une approche collaborative entre les diff\u00e9rentes parties prenantes, il est possible de cr\u00e9er un environnement \u00e9ducatif plus \u00e9quilibr\u00e9.<\/p>\n\n<h2 class=\"wp-block-heading\">Les perspectives d&rsquo;am\u00e9lioration \u00e0 travers la r\u00e9novation et le soutien<\/h2>\n\n<p>Pour v\u00e9ritablement faire progresser la situation des cantines scolaires en Guadeloupe, la r\u00e9novation des infrastructures est essentielle. Beaucoup d\u2019\u00e9coles souffrent d\u2019installations v\u00e9tustes, rendant difficile la pr\u00e9paration de repas sains dans des conditions sanitaires ad\u00e9quates. La modernisation de ces espaces pourrait donc avoir des impacts significatifs sur la qualit\u00e9 des services de restauration.<\/p>\n\n<p>Voici quelques axes sur lesquels se concentrer pour am\u00e9liorer la situation :<\/p>\n\n<ul class=\"wp-block-list\"><li><strong>R\u00e9novation des cuisines scolaires :<\/strong> Investir dans des \u00e9quipements modernes permettra de garantir que les repas sont pr\u00e9par\u00e9s dans des conditions optimales. \ud83d\udd27<\/li><li><strong>\u00c9ducation nutritionnelle :<\/strong> Promouvoir la sensibilisation aupr\u00e8s des \u00e9l\u00e8ves quant \u00e0 l&rsquo;importance d&rsquo;une alimentation \u00e9quilibr\u00e9e est crucial pour le bon d\u00e9veloppement. \ud83d\udcda<\/li><li><strong>Collaboration avec des agriculteurs locaux :<\/strong> L&rsquo;\u00e9tablissement de contrats avec des producteurs locaux pour l&rsquo;approvisionnement en fruits et l\u00e9gumes accompagnera une alimentation plus locale et durable. \ud83c\udf4f<\/li><li><strong>\u00c9valuation et suivi :<\/strong> Mettre en place des syst\u00e8mes d\u2019\u00e9valuation r\u00e9guli\u00e8re pour am\u00e9liorer continuellement la qualit\u00e9 des services fournis. \ud83d\udcca<\/li><\/ul>\n\n<p>Ces initiatives de soutien sont destin\u00e9es \u00e0 construire une v\u00e9ritable culture de la qualit\u00e9 alimentaire et de l&rsquo;\u00e9ducation du go\u00fbt. \u00c9largir les horizons des \u00e9l\u00e8ves et leur offrir des repas qui nourrissent \u00e0 tous les niveaux, c&rsquo;est offrir des opportunit\u00e9s d&rsquo;\u00e9panouissement tant scolaire que personnel.<\/p>\n\n<h2 class=\"wp-block-heading\">La r\u00e9action des parents et des enseignants face \u00e0 cette initiative<\/h2>\n\n<p>Les r\u00e9actions \u00e0 l&rsquo;initiative de l&rsquo;\u00c9tat de prendre en main la gestion des cantines sont diverses. Beaucoup de parents se r\u00e9jouissent de voir cette prise de conscience et estiment que c&rsquo;est un pas dans la bonne direction pour assurer le bien-\u00eatre de leurs enfants. Les enseignants, quant \u00e0 eux, portent \u00e9galement un regard positif sur cette mesure, esp\u00e9rant que cela conduira \u00e0 une am\u00e9lioration de la concentration et des r\u00e9sultats scolaires des \u00e9l\u00e8ves.<\/p>\n\n<p>D&rsquo;un autre c\u00f4t\u00e9, certaines pr\u00e9occupations subsistent quant \u00e0 la mise en \u0153uvre effective de cette initiative. Les parents craignent que les promesses ne demeurent que des intentions sans suivi r\u00e9el. Pour cr\u00e9er une r\u00e9elle confiance, il est essentiel que l&rsquo;\u00c9tat communique de mani\u00e8re transparente sur les mesures \u00e0 venir ainsi que sur leur impact potentiel :<\/p>\n\n<ul class=\"wp-block-list\"><li><strong>Suivi des r\u00e9sultats :<\/strong> Les parents souhaitent \u00eatre inform\u00e9s des performances et de l&rsquo;impact positif de ces changements sur la sant\u00e9 de leurs enfants. \ud83d\udcc8<\/li><li><strong>Implication des familles :<\/strong> Des rencontres r\u00e9guli\u00e8res entre les parents et l&rsquo;administration scolaire pourraient renforcer la collaboration. \ud83c\udfeb<\/li><li><strong>Transparence budg\u00e9taire :<\/strong> Les parents aimeraient avoir une visibilit\u00e9 sur l&rsquo;utilisation des fonds allou\u00e9s \u00e0 la cantine. \ud83d\udcb5<\/li><\/ul>\n\n<p>En somme, cette initiative pourrait devenir un v\u00e9ritable symbole d&rsquo;espoir pour les \u00e9ducateurs, les parents et les \u00e9l\u00e8ves, \u00e0 condition que les mesures mises en place soient suivies de r\u00e9sultats concrets.<\/p>\n\n<h2 class=\"wp-block-heading\">D\u00e9fis futurs pour un syst\u00e8me scolaire plus efficace<\/h2>\n\n<p>Bien que la reprise par l&rsquo;\u00c9tat des r\u00eanes de la cantine d&rsquo;une \u00e9cole en difficult\u00e9 soit un pas prometteur, plusieurs d\u00e9fis restent \u00e0 surmonter pour garantir le succ\u00e8s de ce projet. L&rsquo;adaptation aux besoins nutritionnels en constante \u00e9volution des \u00e9l\u00e8ves, l\u2019inflation alimentaire et l&rsquo;engagement des divers acteurs de l&rsquo;\u00e9ducation ne sont que quelques-uns des obstacles qui se dressent sur le chemin de la r\u00e9ussite.<\/p>\n\n<p>Parmi les d\u00e9fis qui se pr\u00e9sentent, on peut \u00e9galement mentionner :<\/p>\n\n<ul class=\"wp-block-list\"><li><strong>L\u2019innovation :<\/strong> Trouver des moyens novateurs pour impliquer les \u00e9l\u00e8ves dans la pr\u00e9paration de leur propre alimentation pourrait renforcer leur int\u00e9r\u00eat pour une nourriture saine. \ud83c\udf31<\/li><li><strong>La durabilit\u00e9 :<\/strong> Promouvoir une agriculture durable au sein de l&rsquo;\u00eele afin de soutenir les fournitures alimentaires avec un impact environnemental minimal. \ud83c\udf33<\/li><li><strong>La continuit\u00e9 des efforts :<\/strong> S&rsquo;assurer que les efforts d\u00e9ploy\u00e9s pour am\u00e9liorer le service de restauration scolaire perdurent au-del\u00e0 des changements de gestion. \ud83d\udd04<\/li><\/ul>\n\n<p>Avec un engagement partag\u00e9 entre l&rsquo;\u00c9tat, les parents et les \u00e9coles, il est possible d&rsquo;esp\u00e9rer que la cantine scolaire devienne un espace o\u00f9 les enfants sauront non seulement se nourrir, mais aussi apprendre sur l&rsquo;alimentation, le partage, et la communaut\u00e9.<\/p>\n\n<h2 class=\"wp-block-heading\">FAQ<\/h2>\n\n<p><strong>Quel est l&rsquo;objectif principal de la reprise par l\u2019\u00c9tat de la cantine d&rsquo;une \u00e9cole en Guadeloupe ?<\/strong><br>\nLa reprise vise \u00e0 am\u00e9liorer la qualit\u00e9 des repas, \u00e0 garantir la s\u00e9curit\u00e9 alimentaire des \u00e9l\u00e8ves et \u00e0 respecter les normes nutritionnelles.<\/p>\n\n<p><strong>Comment les parents r\u00e9agissent-ils \u00e0 cette initiative ?<\/strong><br>\nLes parents accueillent plut\u00f4t positivement cette mesure, tout en souhaitant des garanties quant \u00e0 la mise en \u0153uvre et aux r\u00e9sultats.<\/p>\n\n<p><strong>Quels d\u00e9fis l&rsquo;\u00c9tat doit-il surmonter pour assurer le succ\u00e8s de la gestion des cantines scolaires ?<\/strong><br>\nLes d\u00e9fis incluent la n\u00e9cessit\u00e9 d&rsquo;innover, de promouvoir une agriculture durable et d&rsquo;assurer la continuit\u00e9 des efforts sur le long terme.<\/p>\n\n<p><strong>Quels avantages une gestion publique des cantines peut-elle apporter ?<\/strong><br>\nElle permet d&rsquo;am\u00e9liorer la qualit\u00e9 des repas, de s\u00e9curiser l&rsquo;approvisionnement, et de garantir une accessibilit\u00e9 financi\u00e8re pour tous les \u00e9l\u00e8ves.<\/p>\n\n<p><strong>Comment peut-on favoriser une bonne alimentation parmi les \u00e9l\u00e8ves ?<\/strong><br>\nEn int\u00e9grant des programmes d\u2019\u00e9ducation nutritionnelle et en impliquant les \u00e9l\u00e8ves dans la pr\u00e9paration des repas.<\/p>\n\n","protected":false},"excerpt":{"rendered":"<p>La Guadeloupe, un petit paradis en plein c\u0153ur des Cara\u00efbes, fait face \u00e0 des d\u00e9fis consid\u00e9rables, notamment en mati\u00e8re d&rsquo;\u00e9ducation et d&rsquo;alimentation des \u00e9l\u00e8ves. R\u00e9cemment, l&rsquo;\u00c9tat a pris des mesures d\u00e9cisives pour r\u00e9tablir la gestion d&rsquo;une cantine scolaire en difficult\u00e9. Ce tournant est marqu\u00e9 par le besoin urgent de soutenir les \u00e9l\u00e8ves, de s\u00e9curiser leur &#8230; <a title=\"L&rsquo;\u00c9tat reprend les r\u00eanes de la cantine d&rsquo;une \u00e9cole en difficult\u00e9 en Guadeloupe\" class=\"read-more\" href=\"https:\/\/www.apres-lecole.fr\/Blog\/etat-cantine-ecole-guadeloupe\/\" aria-label=\"En savoir plus sur L&rsquo;\u00c9tat reprend les r\u00eanes de la cantine d&rsquo;une \u00e9cole en difficult\u00e9 en Guadeloupe\">Lire plus<\/a><\/p>\n","protected":false},"author":9,"featured_media":1885,"comment_status":"open","ping_status":"open","sticky":false,"template":"","format":"standard","meta":{"footnotes":""},"categories":[342],"tags":[714,716,412,715,713],"class_list":["post-1886","post","type-post","status-publish","format-standard","has-post-thumbnail","hentry","category-actualites","tag-cantine-scolaire","tag-ecole-en-difficulte","tag-education","tag-etat","tag-guadeloupe"],"yoast_head":"<!-- This site is optimized with the Yoast SEO plugin v27.5 - https:\/\/yoast.com\/product\/yoast-seo-wordpress\/ -->\n<title>L&#039;\u00c9tat r\u00e9invente la cantine d&#039;une \u00e9cole guadeloup\u00e9enne en difficult\u00e9<\/title>\n<meta name=\"description\" content=\"D\u00e9couvrez comment l&#039;\u00c9tat prend en main la gestion de la cantine d&#039;une \u00e9cole en difficult\u00e9 en Guadeloupe. Cette initiative vise \u00e0 am\u00e9liorer la qualit\u00e9 des repas scolaires et \u00e0 garantir un environnement \u00e9ducatif sain pour les \u00e9l\u00e8ves. Informez-vous sur les enjeux et les impacts de cette d\u00e9cision sur la communaut\u00e9 locale.\" \/>\n<meta name=\"robots\" content=\"index, follow, max-snippet:-1, max-image-preview:large, max-video-preview:-1\" \/>\n<link rel=\"canonical\" href=\"https:\/\/www.apres-lecole.fr\/Blog\/etat-cantine-ecole-guadeloupe\/\" \/>\n<meta property=\"og:locale\" content=\"fr_FR\" \/>\n<meta property=\"og:type\" content=\"article\" \/>\n<meta property=\"og:title\" content=\"L&#039;\u00c9tat r\u00e9invente la cantine d&#039;une \u00e9cole guadeloup\u00e9enne en difficult\u00e9\" \/>\n<meta property=\"og:description\" content=\"D\u00e9couvrez comment l&#039;\u00c9tat prend en main la gestion de la cantine d&#039;une \u00e9cole en difficult\u00e9 en Guadeloupe. Cette initiative vise \u00e0 am\u00e9liorer la qualit\u00e9 des repas scolaires et \u00e0 garantir un environnement \u00e9ducatif sain pour les \u00e9l\u00e8ves. Informez-vous sur les enjeux et les impacts de cette d\u00e9cision sur la communaut\u00e9 locale.\" \/>\n<meta property=\"og:url\" content=\"https:\/\/www.apres-lecole.fr\/Blog\/etat-cantine-ecole-guadeloupe\/\" \/>\n<meta property=\"article:published_time\" content=\"2025-04-24T07:36:39+00:00\" \/>\n<meta property=\"og:image\" content=\"https:\/\/www.apres-lecole.fr\/Blog\/wp-content\/uploads\/2025\/04\/LEtat-reprend-les-renes-de-la-cantine-dune-ecole-en-difficulte-en-Guadeloupe.jpg\" \/>\n\t<meta property=\"og:image:width\" content=\"1344\" \/>\n\t<meta property=\"og:image:height\" content=\"768\" \/>\n\t<meta property=\"og:image:type\" content=\"image\/jpeg\" \/>\n<meta name=\"author\" content=\"Eva Martin\" \/>\n<meta name=\"twitter:card\" content=\"summary_large_image\" \/>\n<meta name=\"twitter:creator\" content=\"@Evaapresecole\" \/>\n<meta name=\"twitter:label1\" content=\"\u00c9crit par\" \/>\n\t<meta name=\"twitter:data1\" content=\"Eva Martin\" \/>\n\t<meta name=\"twitter:label2\" content=\"Dur\u00e9e de lecture estim\u00e9e\" \/>\n\t<meta name=\"twitter:data2\" content=\"8 minutes\" \/>\n<script type=\"application\/ld+json\" class=\"yoast-schema-graph\">{\"@context\":\"https:\\\/\\\/schema.org\",\"@graph\":[{\"@type\":\"Article\",\"@id\":\"https:\\\/\\\/www.apres-lecole.fr\\\/Blog\\\/etat-cantine-ecole-guadeloupe\\\/#article\",\"isPartOf\":{\"@id\":\"https:\\\/\\\/www.apres-lecole.fr\\\/Blog\\\/etat-cantine-ecole-guadeloupe\\\/\"},\"author\":{\"name\":\"Eva Martin\",\"@id\":\"https:\\\/\\\/www.apres-lecole.fr\\\/Blog\\\/#\\\/schema\\\/person\\\/aeb50cd4b51fc69da155804bb5bb9fc4\"},\"headline\":\"L&rsquo;\u00c9tat reprend les r\u00eanes de la cantine d&rsquo;une \u00e9cole en difficult\u00e9 en Guadeloupe\",\"datePublished\":\"2025-04-24T07:36:39+00:00\",\"mainEntityOfPage\":{\"@id\":\"https:\\\/\\\/www.apres-lecole.fr\\\/Blog\\\/etat-cantine-ecole-guadeloupe\\\/\"},\"wordCount\":1641,\"commentCount\":0,\"image\":{\"@id\":\"https:\\\/\\\/www.apres-lecole.fr\\\/Blog\\\/etat-cantine-ecole-guadeloupe\\\/#primaryimage\"},\"thumbnailUrl\":\"https:\\\/\\\/www.apres-lecole.fr\\\/Blog\\\/wp-content\\\/uploads\\\/2025\\\/04\\\/LEtat-reprend-les-renes-de-la-cantine-dune-ecole-en-difficulte-en-Guadeloupe.jpg\",\"keywords\":[\"cantine scolaire\",\"\u00e9cole en difficult\u00e9\",\"\u00e9ducation\",\"\u00e9tat\",\"guadeloupe\"],\"articleSection\":[\"Actualit\u00e9s\"],\"inLanguage\":\"fr-FR\",\"potentialAction\":[{\"@type\":\"CommentAction\",\"name\":\"Comment\",\"target\":[\"https:\\\/\\\/www.apres-lecole.fr\\\/Blog\\\/etat-cantine-ecole-guadeloupe\\\/#respond\"]}]},{\"@type\":\"WebPage\",\"@id\":\"https:\\\/\\\/www.apres-lecole.fr\\\/Blog\\\/etat-cantine-ecole-guadeloupe\\\/\",\"url\":\"https:\\\/\\\/www.apres-lecole.fr\\\/Blog\\\/etat-cantine-ecole-guadeloupe\\\/\",\"name\":\"L'\u00c9tat r\u00e9invente la cantine d'une \u00e9cole guadeloup\u00e9enne en difficult\u00e9\",\"isPartOf\":{\"@id\":\"https:\\\/\\\/www.apres-lecole.fr\\\/Blog\\\/#website\"},\"primaryImageOfPage\":{\"@id\":\"https:\\\/\\\/www.apres-lecole.fr\\\/Blog\\\/etat-cantine-ecole-guadeloupe\\\/#primaryimage\"},\"image\":{\"@id\":\"https:\\\/\\\/www.apres-lecole.fr\\\/Blog\\\/etat-cantine-ecole-guadeloupe\\\/#primaryimage\"},\"thumbnailUrl\":\"https:\\\/\\\/www.apres-lecole.fr\\\/Blog\\\/wp-content\\\/uploads\\\/2025\\\/04\\\/LEtat-reprend-les-renes-de-la-cantine-dune-ecole-en-difficulte-en-Guadeloupe.jpg\",\"datePublished\":\"2025-04-24T07:36:39+00:00\",\"author\":{\"@id\":\"https:\\\/\\\/www.apres-lecole.fr\\\/Blog\\\/#\\\/schema\\\/person\\\/aeb50cd4b51fc69da155804bb5bb9fc4\"},\"description\":\"D\u00e9couvrez comment l'\u00c9tat prend en main la gestion de la cantine d'une \u00e9cole en difficult\u00e9 en Guadeloupe. Cette initiative vise \u00e0 am\u00e9liorer la qualit\u00e9 des repas scolaires et \u00e0 garantir un environnement \u00e9ducatif sain pour les \u00e9l\u00e8ves. Informez-vous sur les enjeux et les impacts de cette d\u00e9cision sur la communaut\u00e9 locale.\",\"breadcrumb\":{\"@id\":\"https:\\\/\\\/www.apres-lecole.fr\\\/Blog\\\/etat-cantine-ecole-guadeloupe\\\/#breadcrumb\"},\"inLanguage\":\"fr-FR\",\"potentialAction\":[{\"@type\":\"ReadAction\",\"target\":[\"https:\\\/\\\/www.apres-lecole.fr\\\/Blog\\\/etat-cantine-ecole-guadeloupe\\\/\"]}]},{\"@type\":\"ImageObject\",\"inLanguage\":\"fr-FR\",\"@id\":\"https:\\\/\\\/www.apres-lecole.fr\\\/Blog\\\/etat-cantine-ecole-guadeloupe\\\/#primaryimage\",\"url\":\"https:\\\/\\\/www.apres-lecole.fr\\\/Blog\\\/wp-content\\\/uploads\\\/2025\\\/04\\\/LEtat-reprend-les-renes-de-la-cantine-dune-ecole-en-difficulte-en-Guadeloupe.jpg\",\"contentUrl\":\"https:\\\/\\\/www.apres-lecole.fr\\\/Blog\\\/wp-content\\\/uploads\\\/2025\\\/04\\\/LEtat-reprend-les-renes-de-la-cantine-dune-ecole-en-difficulte-en-Guadeloupe.jpg\",\"width\":1344,\"height\":768,\"caption\":\"d\u00e9couvrez comment l'\u00e9tat prend en charge la cantine d'une \u00e9cole en difficult\u00e9 en guadeloupe, garantissant un meilleur service et des repas de qualit\u00e9 pour les \u00e9l\u00e8ves. une initiative qui vise \u00e0 redresser la situation et \u00e0 am\u00e9liorer le bien-\u00eatre des enfants tout en soutenant l'\u00e9ducation.\"},{\"@type\":\"BreadcrumbList\",\"@id\":\"https:\\\/\\\/www.apres-lecole.fr\\\/Blog\\\/etat-cantine-ecole-guadeloupe\\\/#breadcrumb\",\"itemListElement\":[{\"@type\":\"ListItem\",\"position\":1,\"name\":\"Home\",\"item\":\"https:\\\/\\\/www.apres-lecole.fr\\\/Blog\\\/\"},{\"@type\":\"ListItem\",\"position\":2,\"name\":\"L&rsquo;\u00c9tat reprend les r\u00eanes de la cantine d&rsquo;une \u00e9cole en difficult\u00e9 en Guadeloupe\"}]},{\"@type\":\"WebSite\",\"@id\":\"https:\\\/\\\/www.apres-lecole.fr\\\/Blog\\\/#website\",\"url\":\"https:\\\/\\\/www.apres-lecole.fr\\\/Blog\\\/\",\"name\":\"\",\"description\":\"M\u00e9dia g\u00e9n\u00e9raliste\",\"potentialAction\":[{\"@type\":\"SearchAction\",\"target\":{\"@type\":\"EntryPoint\",\"urlTemplate\":\"https:\\\/\\\/www.apres-lecole.fr\\\/Blog\\\/?s={search_term_string}\"},\"query-input\":{\"@type\":\"PropertyValueSpecification\",\"valueRequired\":true,\"valueName\":\"search_term_string\"}}],\"inLanguage\":\"fr-FR\"},{\"@type\":\"Person\",\"@id\":\"https:\\\/\\\/www.apres-lecole.fr\\\/Blog\\\/#\\\/schema\\\/person\\\/aeb50cd4b51fc69da155804bb5bb9fc4\",\"name\":\"Eva Martin\",\"image\":{\"@type\":\"ImageObject\",\"inLanguage\":\"fr-FR\",\"@id\":\"https:\\\/\\\/secure.gravatar.com\\\/avatar\\\/55c53222558b27a72015a64073a80edce4abd33369394b9bf2c5cd6c19d12682?s=96&d=mm&r=g\",\"url\":\"https:\\\/\\\/secure.gravatar.com\\\/avatar\\\/55c53222558b27a72015a64073a80edce4abd33369394b9bf2c5cd6c19d12682?s=96&d=mm&r=g\",\"contentUrl\":\"https:\\\/\\\/secure.gravatar.com\\\/avatar\\\/55c53222558b27a72015a64073a80edce4abd33369394b9bf2c5cd6c19d12682?s=96&d=mm&r=g\",\"caption\":\"Eva Martin\"},\"description\":\"Je parle de business et d'entrepreneuriat avec des conseils clairs, concrets et actionnables pour r\u00e9ussir\",\"sameAs\":[\"https:\\\/\\\/x.com\\\/Evaapresecole\"],\"url\":\"https:\\\/\\\/www.apres-lecole.fr\\\/Blog\\\/author\\\/evamartin\\\/\"}]}<\/script>\n<!-- \/ Yoast SEO plugin. -->","yoast_head_json":{"title":"L'\u00c9tat r\u00e9invente la cantine d'une \u00e9cole guadeloup\u00e9enne en difficult\u00e9","description":"D\u00e9couvrez comment l'\u00c9tat prend en main la gestion de la cantine d'une \u00e9cole en difficult\u00e9 en Guadeloupe. Cette initiative vise \u00e0 am\u00e9liorer la qualit\u00e9 des repas scolaires et \u00e0 garantir un environnement \u00e9ducatif sain pour les \u00e9l\u00e8ves. Informez-vous sur les enjeux et les impacts de cette d\u00e9cision sur la communaut\u00e9 locale.","robots":{"index":"index","follow":"follow","max-snippet":"max-snippet:-1","max-image-preview":"max-image-preview:large","max-video-preview":"max-video-preview:-1"},"canonical":"https:\/\/www.apres-lecole.fr\/Blog\/etat-cantine-ecole-guadeloupe\/","og_locale":"fr_FR","og_type":"article","og_title":"L'\u00c9tat r\u00e9invente la cantine d'une \u00e9cole guadeloup\u00e9enne en difficult\u00e9","og_description":"D\u00e9couvrez comment l'\u00c9tat prend en main la gestion de la cantine d'une \u00e9cole en difficult\u00e9 en Guadeloupe. Cette initiative vise \u00e0 am\u00e9liorer la qualit\u00e9 des repas scolaires et \u00e0 garantir un environnement \u00e9ducatif sain pour les \u00e9l\u00e8ves. Informez-vous sur les enjeux et les impacts de cette d\u00e9cision sur la communaut\u00e9 locale.","og_url":"https:\/\/www.apres-lecole.fr\/Blog\/etat-cantine-ecole-guadeloupe\/","article_published_time":"2025-04-24T07:36:39+00:00","og_image":[{"width":1344,"height":768,"url":"https:\/\/www.apres-lecole.fr\/Blog\/wp-content\/uploads\/2025\/04\/LEtat-reprend-les-renes-de-la-cantine-dune-ecole-en-difficulte-en-Guadeloupe.jpg","type":"image\/jpeg"}],"author":"Eva Martin","twitter_card":"summary_large_image","twitter_creator":"@Evaapresecole","twitter_misc":{"\u00c9crit par":"Eva Martin","Dur\u00e9e de lecture estim\u00e9e":"8 minutes"},"schema":{"@context":"https:\/\/schema.org","@graph":[{"@type":"Article","@id":"https:\/\/www.apres-lecole.fr\/Blog\/etat-cantine-ecole-guadeloupe\/#article","isPartOf":{"@id":"https:\/\/www.apres-lecole.fr\/Blog\/etat-cantine-ecole-guadeloupe\/"},"author":{"name":"Eva Martin","@id":"https:\/\/www.apres-lecole.fr\/Blog\/#\/schema\/person\/aeb50cd4b51fc69da155804bb5bb9fc4"},"headline":"L&rsquo;\u00c9tat reprend les r\u00eanes de la cantine d&rsquo;une \u00e9cole en difficult\u00e9 en Guadeloupe","datePublished":"2025-04-24T07:36:39+00:00","mainEntityOfPage":{"@id":"https:\/\/www.apres-lecole.fr\/Blog\/etat-cantine-ecole-guadeloupe\/"},"wordCount":1641,"commentCount":0,"image":{"@id":"https:\/\/www.apres-lecole.fr\/Blog\/etat-cantine-ecole-guadeloupe\/#primaryimage"},"thumbnailUrl":"https:\/\/www.apres-lecole.fr\/Blog\/wp-content\/uploads\/2025\/04\/LEtat-reprend-les-renes-de-la-cantine-dune-ecole-en-difficulte-en-Guadeloupe.jpg","keywords":["cantine scolaire","\u00e9cole en difficult\u00e9","\u00e9ducation","\u00e9tat","guadeloupe"],"articleSection":["Actualit\u00e9s"],"inLanguage":"fr-FR","potentialAction":[{"@type":"CommentAction","name":"Comment","target":["https:\/\/www.apres-lecole.fr\/Blog\/etat-cantine-ecole-guadeloupe\/#respond"]}]},{"@type":"WebPage","@id":"https:\/\/www.apres-lecole.fr\/Blog\/etat-cantine-ecole-guadeloupe\/","url":"https:\/\/www.apres-lecole.fr\/Blog\/etat-cantine-ecole-guadeloupe\/","name":"L'\u00c9tat r\u00e9invente la cantine d'une \u00e9cole guadeloup\u00e9enne en difficult\u00e9","isPartOf":{"@id":"https:\/\/www.apres-lecole.fr\/Blog\/#website"},"primaryImageOfPage":{"@id":"https:\/\/www.apres-lecole.fr\/Blog\/etat-cantine-ecole-guadeloupe\/#primaryimage"},"image":{"@id":"https:\/\/www.apres-lecole.fr\/Blog\/etat-cantine-ecole-guadeloupe\/#primaryimage"},"thumbnailUrl":"https:\/\/www.apres-lecole.fr\/Blog\/wp-content\/uploads\/2025\/04\/LEtat-reprend-les-renes-de-la-cantine-dune-ecole-en-difficulte-en-Guadeloupe.jpg","datePublished":"2025-04-24T07:36:39+00:00","author":{"@id":"https:\/\/www.apres-lecole.fr\/Blog\/#\/schema\/person\/aeb50cd4b51fc69da155804bb5bb9fc4"},"description":"D\u00e9couvrez comment l'\u00c9tat prend en main la gestion de la cantine d'une \u00e9cole en difficult\u00e9 en Guadeloupe. Cette initiative vise \u00e0 am\u00e9liorer la qualit\u00e9 des repas scolaires et \u00e0 garantir un environnement \u00e9ducatif sain pour les \u00e9l\u00e8ves. Informez-vous sur les enjeux et les impacts de cette d\u00e9cision sur la communaut\u00e9 locale.","breadcrumb":{"@id":"https:\/\/www.apres-lecole.fr\/Blog\/etat-cantine-ecole-guadeloupe\/#breadcrumb"},"inLanguage":"fr-FR","potentialAction":[{"@type":"ReadAction","target":["https:\/\/www.apres-lecole.fr\/Blog\/etat-cantine-ecole-guadeloupe\/"]}]},{"@type":"ImageObject","inLanguage":"fr-FR","@id":"https:\/\/www.apres-lecole.fr\/Blog\/etat-cantine-ecole-guadeloupe\/#primaryimage","url":"https:\/\/www.apres-lecole.fr\/Blog\/wp-content\/uploads\/2025\/04\/LEtat-reprend-les-renes-de-la-cantine-dune-ecole-en-difficulte-en-Guadeloupe.jpg","contentUrl":"https:\/\/www.apres-lecole.fr\/Blog\/wp-content\/uploads\/2025\/04\/LEtat-reprend-les-renes-de-la-cantine-dune-ecole-en-difficulte-en-Guadeloupe.jpg","width":1344,"height":768,"caption":"d\u00e9couvrez comment l'\u00e9tat prend en charge la cantine d'une \u00e9cole en difficult\u00e9 en guadeloupe, garantissant un meilleur service et des repas de qualit\u00e9 pour les \u00e9l\u00e8ves. une initiative qui vise \u00e0 redresser la situation et \u00e0 am\u00e9liorer le bien-\u00eatre des enfants tout en soutenant l'\u00e9ducation."},{"@type":"BreadcrumbList","@id":"https:\/\/www.apres-lecole.fr\/Blog\/etat-cantine-ecole-guadeloupe\/#breadcrumb","itemListElement":[{"@type":"ListItem","position":1,"name":"Home","item":"https:\/\/www.apres-lecole.fr\/Blog\/"},{"@type":"ListItem","position":2,"name":"L&rsquo;\u00c9tat reprend les r\u00eanes de la cantine d&rsquo;une \u00e9cole en difficult\u00e9 en Guadeloupe"}]},{"@type":"WebSite","@id":"https:\/\/www.apres-lecole.fr\/Blog\/#website","url":"https:\/\/www.apres-lecole.fr\/Blog\/","name":"","description":"M\u00e9dia g\u00e9n\u00e9raliste","potentialAction":[{"@type":"SearchAction","target":{"@type":"EntryPoint","urlTemplate":"https:\/\/www.apres-lecole.fr\/Blog\/?s={search_term_string}"},"query-input":{"@type":"PropertyValueSpecification","valueRequired":true,"valueName":"search_term_string"}}],"inLanguage":"fr-FR"},{"@type":"Person","@id":"https:\/\/www.apres-lecole.fr\/Blog\/#\/schema\/person\/aeb50cd4b51fc69da155804bb5bb9fc4","name":"Eva Martin","image":{"@type":"ImageObject","inLanguage":"fr-FR","@id":"https:\/\/secure.gravatar.com\/avatar\/55c53222558b27a72015a64073a80edce4abd33369394b9bf2c5cd6c19d12682?s=96&d=mm&r=g","url":"https:\/\/secure.gravatar.com\/avatar\/55c53222558b27a72015a64073a80edce4abd33369394b9bf2c5cd6c19d12682?s=96&d=mm&r=g","contentUrl":"https:\/\/secure.gravatar.com\/avatar\/55c53222558b27a72015a64073a80edce4abd33369394b9bf2c5cd6c19d12682?s=96&d=mm&r=g","caption":"Eva Martin"},"description":"Je parle de business et d'entrepreneuriat avec des conseils clairs, concrets et actionnables pour r\u00e9ussir","sameAs":["https:\/\/x.com\/Evaapresecole"],"url":"https:\/\/www.apres-lecole.fr\/Blog\/author\/evamartin\/"}]}},"views":11,"_links":{"self":[{"href":"https:\/\/www.apres-lecole.fr\/Blog\/wp-json\/wp\/v2\/posts\/1886","targetHints":{"allow":["GET"]}}],"collection":[{"href":"https:\/\/www.apres-lecole.fr\/Blog\/wp-json\/wp\/v2\/posts"}],"about":[{"href":"https:\/\/www.apres-lecole.fr\/Blog\/wp-json\/wp\/v2\/types\/post"}],"author":[{"embeddable":true,"href":"https:\/\/www.apres-lecole.fr\/Blog\/wp-json\/wp\/v2\/users\/9"}],"replies":[{"embeddable":true,"href":"https:\/\/www.apres-lecole.fr\/Blog\/wp-json\/wp\/v2\/comments?post=1886"}],"version-history":[{"count":0,"href":"https:\/\/www.apres-lecole.fr\/Blog\/wp-json\/wp\/v2\/posts\/1886\/revisions"}],"wp:featuredmedia":[{"embeddable":true,"href":"https:\/\/www.apres-lecole.fr\/Blog\/wp-json\/wp\/v2\/media\/1885"}],"wp:attachment":[{"href":"https:\/\/www.apres-lecole.fr\/Blog\/wp-json\/wp\/v2\/media?parent=1886"}],"wp:term":[{"taxonomy":"category","embeddable":true,"href":"https:\/\/www.apres-lecole.fr\/Blog\/wp-json\/wp\/v2\/categories?post=1886"},{"taxonomy":"post_tag","embeddable":true,"href":"https:\/\/www.apres-lecole.fr\/Blog\/wp-json\/wp\/v2\/tags?post=1886"}],"curies":[{"name":"wp","href":"https:\/\/api.w.org\/{rel}","templated":true}]}}