{"id":1882,"date":"2025-04-23T07:07:52","date_gmt":"2025-04-23T07:07:52","guid":{"rendered":"https:\/\/www.apres-lecole.fr\/Blog\/violences-ecole-interrogations-questionnaires\/"},"modified":"2025-04-23T07:07:52","modified_gmt":"2025-04-23T07:07:52","slug":"violences-ecole-interrogations-questionnaires","status":"publish","type":"post","link":"https:\/\/www.apres-lecole.fr\/Blog\/violences-ecole-interrogations-questionnaires\/","title":{"rendered":"Les violences \u00e0 l&rsquo;\u00e9cole : le SNUipp-FSU soul\u00e8ve des interrogations sur la pertinence des questionnaires post-voyages scolaires pour les enfants"},"content":{"rendered":"\n\n<div class=\"kk-star-ratings kksr-auto kksr-align-left kksr-valign-top\"\n    data-payload='{&quot;align&quot;:&quot;left&quot;,&quot;id&quot;:&quot;1882&quot;,&quot;slug&quot;:&quot;default&quot;,&quot;valign&quot;:&quot;top&quot;,&quot;ignore&quot;:&quot;&quot;,&quot;reference&quot;:&quot;auto&quot;,&quot;class&quot;:&quot;&quot;,&quot;count&quot;:&quot;0&quot;,&quot;legendonly&quot;:&quot;&quot;,&quot;readonly&quot;:&quot;&quot;,&quot;score&quot;:&quot;0&quot;,&quot;starsonly&quot;:&quot;&quot;,&quot;best&quot;:&quot;5&quot;,&quot;gap&quot;:&quot;5&quot;,&quot;greet&quot;:&quot;Rate this post&quot;,&quot;legend&quot;:&quot;0\\\/5 - (0 vote)&quot;,&quot;size&quot;:&quot;24&quot;,&quot;title&quot;:&quot;Les violences \u00e0 l\\u0026#039;\u00e9cole : le SNUipp-FSU soul\u00e8ve des interrogations sur la pertinence des questionnaires post-voyages scolaires pour les enfants&quot;,&quot;width&quot;:&quot;0&quot;,&quot;_legend&quot;:&quot;{score}\\\/{best} - ({count} {votes})&quot;,&quot;font_factor&quot;:&quot;1.25&quot;}'>\n            \n<div class=\"kksr-stars\">\n    \n<div class=\"kksr-stars-inactive\">\n            <div class=\"kksr-star\" data-star=\"1\" style=\"padding-right: 5px\">\n            \n\n<div class=\"kksr-icon\" style=\"width: 24px; height: 24px;\"><\/div>\n        <\/div>\n            <div class=\"kksr-star\" data-star=\"2\" style=\"padding-right: 5px\">\n            \n\n<div class=\"kksr-icon\" style=\"width: 24px; height: 24px;\"><\/div>\n        <\/div>\n            <div class=\"kksr-star\" data-star=\"3\" style=\"padding-right: 5px\">\n            \n\n<div class=\"kksr-icon\" style=\"width: 24px; height: 24px;\"><\/div>\n        <\/div>\n            <div class=\"kksr-star\" data-star=\"4\" style=\"padding-right: 5px\">\n            \n\n<div class=\"kksr-icon\" style=\"width: 24px; height: 24px;\"><\/div>\n        <\/div>\n            <div class=\"kksr-star\" data-star=\"5\" style=\"padding-right: 5px\">\n            \n\n<div class=\"kksr-icon\" style=\"width: 24px; height: 24px;\"><\/div>\n        <\/div>\n    <\/div>\n    \n<div class=\"kksr-stars-active\" style=\"width: 0px;\">\n            <div class=\"kksr-star\" style=\"padding-right: 5px\">\n            \n\n<div class=\"kksr-icon\" style=\"width: 24px; height: 24px;\"><\/div>\n        <\/div>\n            <div class=\"kksr-star\" style=\"padding-right: 5px\">\n            \n\n<div class=\"kksr-icon\" style=\"width: 24px; height: 24px;\"><\/div>\n        <\/div>\n            <div class=\"kksr-star\" style=\"padding-right: 5px\">\n            \n\n<div class=\"kksr-icon\" style=\"width: 24px; height: 24px;\"><\/div>\n        <\/div>\n            <div class=\"kksr-star\" style=\"padding-right: 5px\">\n            \n\n<div class=\"kksr-icon\" style=\"width: 24px; height: 24px;\"><\/div>\n        <\/div>\n            <div class=\"kksr-star\" style=\"padding-right: 5px\">\n            \n\n<div class=\"kksr-icon\" style=\"width: 24px; height: 24px;\"><\/div>\n        <\/div>\n    <\/div>\n<\/div>\n                \n\n<div class=\"kksr-legend\" style=\"font-size: 19.2px;\">\n            <span class=\"kksr-muted\">Rate this post<\/span>\n    <\/div>\n    <\/div>\n<p>Le sujet des violences \u00e0 l&rsquo;\u00e9cole ne cesse d\u2019inqui\u00e9ter, et r\u00e9cemment, le syndicat SNUipp-FSU a soulev\u00e9 des interrogations tr\u00e8s pertinentes sur la mise en place de questionnaires destin\u00e9s aux \u00e9l\u00e8ves apr\u00e8s des voyages scolaires. En effet, ces questionnaires ont pour objectif de recueillir la parole des enfants sur des incidents qui pourraient avoir eu lieu. Mais les experts s&rsquo;interrogent : ces outils sont-ils vraiment adapt\u00e9s aux plus jeunes ?<\/p>\n\n<h2 class=\"wp-block-heading\">Les questionnaires post-voyages scolaires : une initiative controvers\u00e9e<\/h2>\n\n<p>Dans le cadre du plan de lutte contre les violences scolaires \u00e9labor\u00e9 par le minist\u00e8re de l&rsquo;\u00c9ducation nationale, le gouvernement a annonc\u00e9 la mise en place de questionnaires destin\u00e9s aux \u00e9l\u00e8ves qui participent \u00e0 des voyages scolaires ou qui sont en internat. L&rsquo;id\u00e9e est d&rsquo;encourager les enfants \u00e0 s&rsquo;exprimer sur des probl\u00e8mes de violences qu&rsquo;ils pourraient avoir rencontr\u00e9s. Cependant, cette initiative soul\u00e8ve de nombreuses questions.<\/p>\n\n<h3 class=\"wp-block-heading\">Fonctionnement des questionnaires<\/h3>\n\n<p>Ces questionnaires sont con\u00e7us pour \u00eatre anonymes, dans le but de garantir la confidentialit\u00e9 des t\u00e9moignages des enfants. N\u00e9anmoins, cette anonymit\u00e9 pose des d\u00e9fis. D&rsquo;une part, il est difficile d&rsquo;identifier les probl\u00e8mes sp\u00e9cifiques rencontr\u00e9s par un \u00e9l\u00e8ve en particulier. D&rsquo;autre part, il y a de grandes interrogations sur la capacit\u00e9 des enfants \u00e0 comprendre et r\u00e9pondre \u00e0 des questions qui peuvent \u00eatre trop larges ou vagues.<\/p>\n\n<ul class=\"wp-block-list\"><li>Questions trop g\u00e9n\u00e9rales \ud83d\ude15<\/li><li>Incompr\u00e9hension selon l\u2019\u00e2ge des \u00e9l\u00e8ves \ud83d\udc76<\/li><li>Difficult\u00e9 \u00e0 rattacher les r\u00e9ponses \u00e0 des incidents pr\u00e9cis \ud83e\uddd0<\/li><\/ul>\n\n<p>Comme l\u2019a soulign\u00e9 Guislaine David, porte-parole du SNUipp-FSU, \u00ab un enfant de six ans ne va pas r\u00e9pondre de la m\u00eame fa\u00e7on qu&rsquo;un enfant de dix ans \u00bb. Cette nuance est cruciale, car les questions pos\u00e9es ne tiennent pas compte de l&rsquo;\u00e9volution cognitive des enfants. Ce manque d&rsquo;adaptabilit\u00e9 pourrait mener \u00e0 des informations non pertinentes, voire trompeuses.<\/p>\n\n<figure class=\"wp-block-table\"><table>\n<thead>\n<tr>\n<th>Cat\u00e9gorie d&rsquo;\u00e2ge<\/th>\n<th>Compr\u00e9hension de la question<\/th>\n<th>Risques de malentendus<\/th>\n<\/tr>\n<\/thead>\n<tbody>\n<tr>\n<td>6-8 ans<\/td>\n<td>Aptitude limit\u00e9e \u00e0 comprendre des concepts abstraits<\/td>\n<td>Interpr\u00e9tations erron\u00e9es<\/td>\n<\/tr>\n<tr>\n<td>9-11 ans<\/td>\n<td>Meilleure compr\u00e9hension, mais encore sensible aux formulations complexes<\/td>\n<td>R\u00e9ponses incompl\u00e8tes<\/td>\n<\/tr>\n<tr>\n<td>12-14 ans<\/td>\n<td>Capacit\u00e9 \u00e0 analyser des situations plus nuanc\u00e9es<\/td>\n<td>Plus d&rsquo;honn\u00eatet\u00e9, mais encore vuln\u00e9rables \u00e0 la pression des pairs<\/td>\n<\/tr>\n<\/tbody>\n<\/table><\/figure>\n\n<h2 class=\"wp-block-heading\">Les limites de l&rsquo;anonymat et de l&rsquo;efficacit\u00e9<\/h2>\n\n<p>Utiliser un questionnaire anonyme peut sembler \u00eatre un bon moyen d&rsquo;encourager les \u00e9l\u00e8ves \u00e0 se confier. Pourtant, il existe des limites notables \u00e0 cette approche. Premi\u00e8rement, l&rsquo;anonymat peut faire en sorte que les t\u00e9moignages soient biais\u00e9s ou peu fiables. Les enfants peuvent ne pas se sentir en s\u00e9curit\u00e9 pour partager des informations sur des incidents traumatisants.<\/p>\n\n<h3 class=\"wp-block-heading\">Un outil insuffisant pour d\u00e9tecter les violences<\/h3>\n\n<p>Un autre aspect inqui\u00e9tant r\u00e9side dans le fait qu&rsquo;un simple questionnaire ne pourra jamais remplacer une interaction r\u00e9elle et attentive avec les enfants. <strong>Les enseignants jouent un r\u00f4le crucial<\/strong> dans le rep\u00e9rage des signaux de d\u00e9tresse. un questionnaire ne pourra pas remplacer cette approche humaine. Par ailleurs, les t\u00e9moignages r\u00e9cents d&rsquo;\u00e9l\u00e8ves ayant subi des violences mettent en lumi\u00e8re le manque de soutien face \u00e0 ces situations.<\/p>\n\n<ul class=\"wp-block-list\"><li>Pas d&rsquo;\u00e9changes directs avec des adultes \ud83d\udde3\ufe0f<\/li><li>Risque d\u2019occulter des souffrances r\u00e9elles \u274c<\/li><li>Inad\u00e9quation entre le v\u00e9cu et les questions formul\u00e9es \ud83d\udccb<\/li><\/ul>\n\n<h2 class=\"wp-block-heading\">L&rsquo;impact de la culture scolaire sur l&rsquo;expression des enfants<\/h2>\n\n<p>L&rsquo;environnement scolaire a un impact consid\u00e9rable sur la mani\u00e8re dont les \u00e9l\u00e8ves se sentent capables de s&rsquo;exprimer. Les pratiques en mati\u00e8re de communication, la sensibilisation au bien-\u00eatre et une culture de l&rsquo;\u00e9coute sont essentielles pour encourager les enfants \u00e0 se confier sur leurs exp\u00e9riences. Un simple questionnaire ne suffit pas \u00e0 instaurer cette culture de paroles.<\/p>\n\n<h3 class=\"wp-block-heading\">Un climat favorable \u00e0 la parole<\/h3>\n\n<p>Pour aller au-del\u00e0 de l&rsquo;efficacit\u00e9 des questionnaires, il faut envisager une transformation des \u00e9coles en v\u00e9ritables p\u00f4les d&rsquo;\u00e9coute et de partage. Cela n\u00e9cessite une formation appropri\u00e9e pour les enseignants et la mise en place d&rsquo;espaces d&rsquo;\u00e9change o\u00f9 les enfants se sentent en s\u00e9curit\u00e9. Des initiatives comme des ateliers de sensibilisation sur les violences scolaires et des s\u00e9ances de discussion ouvertes peuvent s\u2019av\u00e9rer tr\u00e8s b\u00e9n\u00e9fiques.<\/p>\n\n<ul class=\"wp-block-list\"><li>Cr\u00e9ation d&rsquo;espaces de parole s\u00e9curis\u00e9s \ud83c\udfeb<\/li><li>Formations pour le personnel \u00e9ducatif \ud83d\udc69\u200d\ud83c\udfeb<\/li><li>Ateliers de sensibilisation sur les violences scolaires \ud83d\udcda<\/li><\/ul>\n\n<p>Ces pratiques enrichissent l&rsquo;environnement scolaire et contribuent \u00e0 une meilleure gestion des violences rencontr\u00e9es au sein des \u00e9tablissements.<\/p>\n\n<h2 class=\"wp-block-heading\">Les retours d&rsquo;exp\u00e9rience des enseignants<\/h2>\n\n<p>Les enseignants, en premi\u00e8re ligne pour observer et g\u00e9rer les comportements au quotidien, sont des t\u00e9moins privil\u00e9gi\u00e9s des violences scolaires. Ils poss\u00e8dent une connaissance fine et contextualis\u00e9e des \u00e9l\u00e8ves, mais leurs exp\u00e9riences sont souvent n\u00e9glig\u00e9es dans le cadre de l&rsquo;\u00e9laboration de nouveaux outils comme les questionnaires.<\/p>\n\n<h3 class=\"wp-block-heading\">Une vision du terrain incontournable<\/h3>\n\n<p>Il est essentiel d\u2019int\u00e9grer le retour d&rsquo;exp\u00e9rience des enseignants dans le d\u00e9veloppement de ces outils. Leur expertise peut fournir des informations pr\u00e9cieuses quant aux types de questions qui seraient r\u00e9ellement pertinentes ou non. Une collaboration proactive entre les enseignants et les instances minist\u00e9rielles pourrait mener \u00e0 des questionnaires plus adapt\u00e9s.<\/p>\n\n<figure class=\"wp-block-table\"><table>\n<thead>\n<tr>\n<th>Retour des enseignants<\/th>\n<th>Suggestions d&rsquo;am\u00e9lioration<\/th>\n<\/tr>\n<\/thead>\n<tbody>\n<tr>\n<td>Questions trop abstraites<\/td>\n<td>Proposer des exemples concrets<\/td>\n<\/tr>\n<tr>\n<td>Difficult\u00e9s de compr\u00e9hension chez les plus jeunes<\/td>\n<td>Utiliser un langage adapt\u00e9 \u00e0 chaque tranche d\u2019\u00e2ge<\/td>\n<\/tr>\n<tr>\n<td>Manque d&rsquo;interaction avec les r\u00e9ponses<\/td>\n<td>Encourager des discussions post-questionnaire<\/td>\n<\/tr>\n<\/tbody>\n<\/table><\/figure>\n\n<h2 class=\"wp-block-heading\">Un d\u00e9bat qui doit continuer<\/h2>\n\n<p>La question de la pertinence de ces questionnaires post-voyages scolaires reste ouverte. Les diff\u00e9rentes pr\u00e9occupations soulev\u00e9es par le SNUipp-FSU et d&rsquo;autres acteurs du secteur \u00e9ducatif montrent qu&rsquo;il est crucial de r\u00e9fl\u00e9chir \u00e0 d&rsquo;autres moyens de recueillir la parole des enfants. Des r\u00e9ponses appropri\u00e9es peuvent passer par la mise en place de dispositifs d&rsquo;\u00e9coute adapt\u00e9s et l&rsquo;intervention d&rsquo;experts qui connaissent le sujet.<\/p>\n\n<p><div>\n  <strong>Ressources additionnelles :<\/strong>\n<ul>\n<li><a href=\"https:\/\/www.apres-lecole.fr\/Blog\/soutien-portiques-securite\/\">Soutien portiques s\u00e9curit\u00e9<\/a><\/li>\n<li><a href=\"https:\/\/www.apres-lecole.fr\/Blog\/ecole-maternelle-violence-enfant\/\">\u00c9cole maternelle et violence enfant<\/a><\/li>\n<li><a href=\"https:\/\/www.apres-lecole.fr\/Blog\/plainte-violence-annees-70\/\">Plainte violence ann\u00e9es 70<\/a><\/li>\n<li><a href=\"https:\/\/www.apres-lecole.fr\/Blog\/protestation-ecoles-corse\/\">Protestation \u00e9coles Corse<\/a><\/li>\n<\/ul>\n<\/div><\/p>\n\n<h2 class=\"wp-block-heading\">FAQ<\/h2>\n\n<h3 class=\"wp-block-heading\">Quel est l&rsquo;objectif des questionnaires post-voyages scolaires ?<\/h3>\n\n<p>Les questionnaires visent \u00e0 recueillir la parole des \u00e9l\u00e8ves afin de remonter les cas de violences rencontr\u00e9s pendant les voyages scolaires.<\/p>\n\n<h3 class=\"wp-block-heading\">Pourquoi le SNUipp-FSU s&rsquo;oppose-t-il \u00e0 ces questionnaires ?<\/h3>\n\n<p>Le SNUipp-FSU estime que les questions sont trop g\u00e9n\u00e9rales et que l&rsquo;anonymat peut nuire \u00e0 l&rsquo;identification des jeunes victimes.<\/p>\n\n<h3 class=\"wp-block-heading\">Comment am\u00e9liorer l&rsquo;\u00e9coute des enfants \u00e0 l&rsquo;\u00e9cole ?<\/h3>\n\n<p>Il faut cr\u00e9er des espaces de parole s\u00e9curis\u00e9s et former le personnel \u00e9ducatif pour mieux accompagner les \u00e9l\u00e8ves.<\/p>\n\n<h3 class=\"wp-block-heading\">Les questionnaires sont-ils des outils suffisants pour lutter contre les violences scolaires ?<\/h3>\n\n<p>Non, les questionnaires ne suffisent pas ; ils doivent \u00eatre compl\u00e9t\u00e9s par des mesures \u00e9ducatives et un accompagnement personnel.<\/p>\n\n<h3 class=\"wp-block-heading\">Comment impliquer les enseignants dans l&rsquo;\u00e9laboration de ces outils ?<\/h3>\n\n<p>En tenant compte de leur exp\u00e9rience de terrain et en les int\u00e9grant dans le processus d&rsquo;\u00e9laboration afin qu&rsquo;ils puissent partager leurs suggestions. <\/p>\n\n","protected":false},"excerpt":{"rendered":"<p>Le sujet des violences \u00e0 l&rsquo;\u00e9cole ne cesse d\u2019inqui\u00e9ter, et r\u00e9cemment, le syndicat SNUipp-FSU a soulev\u00e9 des interrogations tr\u00e8s pertinentes sur la mise en place de questionnaires destin\u00e9s aux \u00e9l\u00e8ves apr\u00e8s des voyages scolaires. En effet, ces questionnaires ont pour objectif de recueillir la parole des enfants sur des incidents qui pourraient avoir eu lieu. &#8230; <a title=\"Les violences \u00e0 l&rsquo;\u00e9cole : le SNUipp-FSU soul\u00e8ve des interrogations sur la pertinence des questionnaires post-voyages scolaires pour les enfants\" class=\"read-more\" href=\"https:\/\/www.apres-lecole.fr\/Blog\/violences-ecole-interrogations-questionnaires\/\" aria-label=\"En savoir plus sur Les violences \u00e0 l&rsquo;\u00e9cole : le SNUipp-FSU soul\u00e8ve des interrogations sur la pertinence des questionnaires post-voyages scolaires pour les enfants\">Lire plus<\/a><\/p>\n","protected":false},"author":9,"featured_media":1881,"comment_status":"open","ping_status":"open","sticky":false,"template":"","format":"standard","meta":{"footnotes":""},"categories":[342],"tags":[706,707,705,704,708],"class_list":["post-1882","post","type-post","status-publish","format-standard","has-post-thumbnail","hentry","category-actualites","tag-interrogations","tag-questionnaires-scolaires","tag-snuipp-fsu","tag-violences-scolaires","tag-voyages-scolaires"],"yoast_head":"<!-- This site is optimized with the Yoast SEO plugin v27.5 - https:\/\/yoast.com\/product\/yoast-seo-wordpress\/ -->\n<title>Le SNUipp-FSU remet en question les questionnaires sur la violence scolaire apr\u00e8s les voyages<\/title>\n<meta name=\"description\" content=\"D\u00e9couvrez les pr\u00e9occupations du SNUipp-FSU concernant les questionnaires post-voyages scolaires et leur impact sur les enfants. Cette analyse soul\u00e8ve des interrogations cruciales sur la gestion des violences \u00e0 l&#039;\u00e9cole et la pertinence de ces outils d&#039;\u00e9valuation. Informez-vous sur les enjeux li\u00e9s \u00e0 la s\u00e9curit\u00e9 et au bien-\u00eatre des \u00e9l\u00e8ves.\" \/>\n<meta name=\"robots\" content=\"index, follow, max-snippet:-1, max-image-preview:large, max-video-preview:-1\" \/>\n<link rel=\"canonical\" href=\"https:\/\/www.apres-lecole.fr\/Blog\/violences-ecole-interrogations-questionnaires\/\" \/>\n<meta property=\"og:locale\" content=\"fr_FR\" \/>\n<meta property=\"og:type\" content=\"article\" \/>\n<meta property=\"og:title\" content=\"Le SNUipp-FSU remet en question les questionnaires sur la violence scolaire apr\u00e8s les voyages\" \/>\n<meta property=\"og:description\" content=\"D\u00e9couvrez les pr\u00e9occupations du SNUipp-FSU concernant les questionnaires post-voyages scolaires et leur impact sur les enfants. Cette analyse soul\u00e8ve des interrogations cruciales sur la gestion des violences \u00e0 l&#039;\u00e9cole et la pertinence de ces outils d&#039;\u00e9valuation. Informez-vous sur les enjeux li\u00e9s \u00e0 la s\u00e9curit\u00e9 et au bien-\u00eatre des \u00e9l\u00e8ves.\" \/>\n<meta property=\"og:url\" content=\"https:\/\/www.apres-lecole.fr\/Blog\/violences-ecole-interrogations-questionnaires\/\" \/>\n<meta property=\"article:published_time\" content=\"2025-04-23T07:07:52+00:00\" \/>\n<meta property=\"og:image\" content=\"https:\/\/www.apres-lecole.fr\/Blog\/wp-content\/uploads\/2025\/04\/Les-violences-a-lecole-le-SNUipp-FSU-souleve-des-interrogations-sur-la-pertinence-des-questionnaires-post-voyages-scolaires-pour-les-enfants.jpg\" \/>\n\t<meta property=\"og:image:width\" content=\"1344\" \/>\n\t<meta property=\"og:image:height\" content=\"768\" \/>\n\t<meta property=\"og:image:type\" content=\"image\/jpeg\" \/>\n<meta name=\"author\" content=\"Eva Martin\" \/>\n<meta name=\"twitter:card\" content=\"summary_large_image\" \/>\n<meta name=\"twitter:creator\" content=\"@Evaapresecole\" \/>\n<meta name=\"twitter:label1\" content=\"\u00c9crit par\" \/>\n\t<meta name=\"twitter:data1\" content=\"Eva Martin\" \/>\n\t<meta name=\"twitter:label2\" content=\"Dur\u00e9e de lecture estim\u00e9e\" \/>\n\t<meta name=\"twitter:data2\" content=\"6 minutes\" \/>\n<script type=\"application\/ld+json\" class=\"yoast-schema-graph\">{\"@context\":\"https:\\\/\\\/schema.org\",\"@graph\":[{\"@type\":\"Article\",\"@id\":\"https:\\\/\\\/www.apres-lecole.fr\\\/Blog\\\/violences-ecole-interrogations-questionnaires\\\/#article\",\"isPartOf\":{\"@id\":\"https:\\\/\\\/www.apres-lecole.fr\\\/Blog\\\/violences-ecole-interrogations-questionnaires\\\/\"},\"author\":{\"name\":\"Eva Martin\",\"@id\":\"https:\\\/\\\/www.apres-lecole.fr\\\/Blog\\\/#\\\/schema\\\/person\\\/aeb50cd4b51fc69da155804bb5bb9fc4\"},\"headline\":\"Les violences \u00e0 l&rsquo;\u00e9cole : le SNUipp-FSU soul\u00e8ve des interrogations sur la pertinence des questionnaires post-voyages scolaires pour les enfants\",\"datePublished\":\"2025-04-23T07:07:52+00:00\",\"mainEntityOfPage\":{\"@id\":\"https:\\\/\\\/www.apres-lecole.fr\\\/Blog\\\/violences-ecole-interrogations-questionnaires\\\/\"},\"wordCount\":1208,\"commentCount\":0,\"image\":{\"@id\":\"https:\\\/\\\/www.apres-lecole.fr\\\/Blog\\\/violences-ecole-interrogations-questionnaires\\\/#primaryimage\"},\"thumbnailUrl\":\"https:\\\/\\\/www.apres-lecole.fr\\\/Blog\\\/wp-content\\\/uploads\\\/2025\\\/04\\\/Les-violences-a-lecole-le-SNUipp-FSU-souleve-des-interrogations-sur-la-pertinence-des-questionnaires-post-voyages-scolaires-pour-les-enfants.jpg\",\"keywords\":[\"interrogations\",\"questionnaires scolaires\",\"snuipp-fsu\",\"violences scolaires\",\"voyages scolaires\"],\"articleSection\":[\"Actualit\u00e9s\"],\"inLanguage\":\"fr-FR\",\"potentialAction\":[{\"@type\":\"CommentAction\",\"name\":\"Comment\",\"target\":[\"https:\\\/\\\/www.apres-lecole.fr\\\/Blog\\\/violences-ecole-interrogations-questionnaires\\\/#respond\"]}]},{\"@type\":\"WebPage\",\"@id\":\"https:\\\/\\\/www.apres-lecole.fr\\\/Blog\\\/violences-ecole-interrogations-questionnaires\\\/\",\"url\":\"https:\\\/\\\/www.apres-lecole.fr\\\/Blog\\\/violences-ecole-interrogations-questionnaires\\\/\",\"name\":\"Le SNUipp-FSU remet en question les questionnaires sur la violence scolaire apr\u00e8s les voyages\",\"isPartOf\":{\"@id\":\"https:\\\/\\\/www.apres-lecole.fr\\\/Blog\\\/#website\"},\"primaryImageOfPage\":{\"@id\":\"https:\\\/\\\/www.apres-lecole.fr\\\/Blog\\\/violences-ecole-interrogations-questionnaires\\\/#primaryimage\"},\"image\":{\"@id\":\"https:\\\/\\\/www.apres-lecole.fr\\\/Blog\\\/violences-ecole-interrogations-questionnaires\\\/#primaryimage\"},\"thumbnailUrl\":\"https:\\\/\\\/www.apres-lecole.fr\\\/Blog\\\/wp-content\\\/uploads\\\/2025\\\/04\\\/Les-violences-a-lecole-le-SNUipp-FSU-souleve-des-interrogations-sur-la-pertinence-des-questionnaires-post-voyages-scolaires-pour-les-enfants.jpg\",\"datePublished\":\"2025-04-23T07:07:52+00:00\",\"author\":{\"@id\":\"https:\\\/\\\/www.apres-lecole.fr\\\/Blog\\\/#\\\/schema\\\/person\\\/aeb50cd4b51fc69da155804bb5bb9fc4\"},\"description\":\"D\u00e9couvrez les pr\u00e9occupations du SNUipp-FSU concernant les questionnaires post-voyages scolaires et leur impact sur les enfants. Cette analyse soul\u00e8ve des interrogations cruciales sur la gestion des violences \u00e0 l'\u00e9cole et la pertinence de ces outils d'\u00e9valuation. Informez-vous sur les enjeux li\u00e9s \u00e0 la s\u00e9curit\u00e9 et au bien-\u00eatre des \u00e9l\u00e8ves.\",\"breadcrumb\":{\"@id\":\"https:\\\/\\\/www.apres-lecole.fr\\\/Blog\\\/violences-ecole-interrogations-questionnaires\\\/#breadcrumb\"},\"inLanguage\":\"fr-FR\",\"potentialAction\":[{\"@type\":\"ReadAction\",\"target\":[\"https:\\\/\\\/www.apres-lecole.fr\\\/Blog\\\/violences-ecole-interrogations-questionnaires\\\/\"]}]},{\"@type\":\"ImageObject\",\"inLanguage\":\"fr-FR\",\"@id\":\"https:\\\/\\\/www.apres-lecole.fr\\\/Blog\\\/violences-ecole-interrogations-questionnaires\\\/#primaryimage\",\"url\":\"https:\\\/\\\/www.apres-lecole.fr\\\/Blog\\\/wp-content\\\/uploads\\\/2025\\\/04\\\/Les-violences-a-lecole-le-SNUipp-FSU-souleve-des-interrogations-sur-la-pertinence-des-questionnaires-post-voyages-scolaires-pour-les-enfants.jpg\",\"contentUrl\":\"https:\\\/\\\/www.apres-lecole.fr\\\/Blog\\\/wp-content\\\/uploads\\\/2025\\\/04\\\/Les-violences-a-lecole-le-SNUipp-FSU-souleve-des-interrogations-sur-la-pertinence-des-questionnaires-post-voyages-scolaires-pour-les-enfants.jpg\",\"width\":1344,\"height\":768,\"caption\":\"dans cet article, le snuipp-fsu aborde les violences \u00e0 l'\u00e9cole et questionne la pertinence des questionnaires post-voyages scolaires pour les enfants. une r\u00e9flexion essentielle sur le bien-\u00eatre des \u00e9l\u00e8ves et l'efficacit\u00e9 des mesures mises en place.\"},{\"@type\":\"BreadcrumbList\",\"@id\":\"https:\\\/\\\/www.apres-lecole.fr\\\/Blog\\\/violences-ecole-interrogations-questionnaires\\\/#breadcrumb\",\"itemListElement\":[{\"@type\":\"ListItem\",\"position\":1,\"name\":\"Home\",\"item\":\"https:\\\/\\\/www.apres-lecole.fr\\\/Blog\\\/\"},{\"@type\":\"ListItem\",\"position\":2,\"name\":\"Les violences \u00e0 l&rsquo;\u00e9cole : le SNUipp-FSU soul\u00e8ve des interrogations sur la pertinence des questionnaires post-voyages scolaires pour les enfants\"}]},{\"@type\":\"WebSite\",\"@id\":\"https:\\\/\\\/www.apres-lecole.fr\\\/Blog\\\/#website\",\"url\":\"https:\\\/\\\/www.apres-lecole.fr\\\/Blog\\\/\",\"name\":\"\",\"description\":\"M\u00e9dia g\u00e9n\u00e9raliste\",\"potentialAction\":[{\"@type\":\"SearchAction\",\"target\":{\"@type\":\"EntryPoint\",\"urlTemplate\":\"https:\\\/\\\/www.apres-lecole.fr\\\/Blog\\\/?s={search_term_string}\"},\"query-input\":{\"@type\":\"PropertyValueSpecification\",\"valueRequired\":true,\"valueName\":\"search_term_string\"}}],\"inLanguage\":\"fr-FR\"},{\"@type\":\"Person\",\"@id\":\"https:\\\/\\\/www.apres-lecole.fr\\\/Blog\\\/#\\\/schema\\\/person\\\/aeb50cd4b51fc69da155804bb5bb9fc4\",\"name\":\"Eva Martin\",\"image\":{\"@type\":\"ImageObject\",\"inLanguage\":\"fr-FR\",\"@id\":\"https:\\\/\\\/secure.gravatar.com\\\/avatar\\\/55c53222558b27a72015a64073a80edce4abd33369394b9bf2c5cd6c19d12682?s=96&d=mm&r=g\",\"url\":\"https:\\\/\\\/secure.gravatar.com\\\/avatar\\\/55c53222558b27a72015a64073a80edce4abd33369394b9bf2c5cd6c19d12682?s=96&d=mm&r=g\",\"contentUrl\":\"https:\\\/\\\/secure.gravatar.com\\\/avatar\\\/55c53222558b27a72015a64073a80edce4abd33369394b9bf2c5cd6c19d12682?s=96&d=mm&r=g\",\"caption\":\"Eva Martin\"},\"description\":\"Je parle de business et d'entrepreneuriat avec des conseils clairs, concrets et actionnables pour r\u00e9ussir\",\"sameAs\":[\"https:\\\/\\\/x.com\\\/Evaapresecole\"],\"url\":\"https:\\\/\\\/www.apres-lecole.fr\\\/Blog\\\/author\\\/evamartin\\\/\"}]}<\/script>\n<!-- \/ Yoast SEO plugin. -->","yoast_head_json":{"title":"Le SNUipp-FSU remet en question les questionnaires sur la violence scolaire apr\u00e8s les voyages","description":"D\u00e9couvrez les pr\u00e9occupations du SNUipp-FSU concernant les questionnaires post-voyages scolaires et leur impact sur les enfants. Cette analyse soul\u00e8ve des interrogations cruciales sur la gestion des violences \u00e0 l'\u00e9cole et la pertinence de ces outils d'\u00e9valuation. Informez-vous sur les enjeux li\u00e9s \u00e0 la s\u00e9curit\u00e9 et au bien-\u00eatre des \u00e9l\u00e8ves.","robots":{"index":"index","follow":"follow","max-snippet":"max-snippet:-1","max-image-preview":"max-image-preview:large","max-video-preview":"max-video-preview:-1"},"canonical":"https:\/\/www.apres-lecole.fr\/Blog\/violences-ecole-interrogations-questionnaires\/","og_locale":"fr_FR","og_type":"article","og_title":"Le SNUipp-FSU remet en question les questionnaires sur la violence scolaire apr\u00e8s les voyages","og_description":"D\u00e9couvrez les pr\u00e9occupations du SNUipp-FSU concernant les questionnaires post-voyages scolaires et leur impact sur les enfants. Cette analyse soul\u00e8ve des interrogations cruciales sur la gestion des violences \u00e0 l'\u00e9cole et la pertinence de ces outils d'\u00e9valuation. Informez-vous sur les enjeux li\u00e9s \u00e0 la s\u00e9curit\u00e9 et au bien-\u00eatre des \u00e9l\u00e8ves.","og_url":"https:\/\/www.apres-lecole.fr\/Blog\/violences-ecole-interrogations-questionnaires\/","article_published_time":"2025-04-23T07:07:52+00:00","og_image":[{"width":1344,"height":768,"url":"https:\/\/www.apres-lecole.fr\/Blog\/wp-content\/uploads\/2025\/04\/Les-violences-a-lecole-le-SNUipp-FSU-souleve-des-interrogations-sur-la-pertinence-des-questionnaires-post-voyages-scolaires-pour-les-enfants.jpg","type":"image\/jpeg"}],"author":"Eva Martin","twitter_card":"summary_large_image","twitter_creator":"@Evaapresecole","twitter_misc":{"\u00c9crit par":"Eva Martin","Dur\u00e9e de lecture estim\u00e9e":"6 minutes"},"schema":{"@context":"https:\/\/schema.org","@graph":[{"@type":"Article","@id":"https:\/\/www.apres-lecole.fr\/Blog\/violences-ecole-interrogations-questionnaires\/#article","isPartOf":{"@id":"https:\/\/www.apres-lecole.fr\/Blog\/violences-ecole-interrogations-questionnaires\/"},"author":{"name":"Eva Martin","@id":"https:\/\/www.apres-lecole.fr\/Blog\/#\/schema\/person\/aeb50cd4b51fc69da155804bb5bb9fc4"},"headline":"Les violences \u00e0 l&rsquo;\u00e9cole : le SNUipp-FSU soul\u00e8ve des interrogations sur la pertinence des questionnaires post-voyages scolaires pour les enfants","datePublished":"2025-04-23T07:07:52+00:00","mainEntityOfPage":{"@id":"https:\/\/www.apres-lecole.fr\/Blog\/violences-ecole-interrogations-questionnaires\/"},"wordCount":1208,"commentCount":0,"image":{"@id":"https:\/\/www.apres-lecole.fr\/Blog\/violences-ecole-interrogations-questionnaires\/#primaryimage"},"thumbnailUrl":"https:\/\/www.apres-lecole.fr\/Blog\/wp-content\/uploads\/2025\/04\/Les-violences-a-lecole-le-SNUipp-FSU-souleve-des-interrogations-sur-la-pertinence-des-questionnaires-post-voyages-scolaires-pour-les-enfants.jpg","keywords":["interrogations","questionnaires scolaires","snuipp-fsu","violences scolaires","voyages scolaires"],"articleSection":["Actualit\u00e9s"],"inLanguage":"fr-FR","potentialAction":[{"@type":"CommentAction","name":"Comment","target":["https:\/\/www.apres-lecole.fr\/Blog\/violences-ecole-interrogations-questionnaires\/#respond"]}]},{"@type":"WebPage","@id":"https:\/\/www.apres-lecole.fr\/Blog\/violences-ecole-interrogations-questionnaires\/","url":"https:\/\/www.apres-lecole.fr\/Blog\/violences-ecole-interrogations-questionnaires\/","name":"Le SNUipp-FSU remet en question les questionnaires sur la violence scolaire apr\u00e8s les voyages","isPartOf":{"@id":"https:\/\/www.apres-lecole.fr\/Blog\/#website"},"primaryImageOfPage":{"@id":"https:\/\/www.apres-lecole.fr\/Blog\/violences-ecole-interrogations-questionnaires\/#primaryimage"},"image":{"@id":"https:\/\/www.apres-lecole.fr\/Blog\/violences-ecole-interrogations-questionnaires\/#primaryimage"},"thumbnailUrl":"https:\/\/www.apres-lecole.fr\/Blog\/wp-content\/uploads\/2025\/04\/Les-violences-a-lecole-le-SNUipp-FSU-souleve-des-interrogations-sur-la-pertinence-des-questionnaires-post-voyages-scolaires-pour-les-enfants.jpg","datePublished":"2025-04-23T07:07:52+00:00","author":{"@id":"https:\/\/www.apres-lecole.fr\/Blog\/#\/schema\/person\/aeb50cd4b51fc69da155804bb5bb9fc4"},"description":"D\u00e9couvrez les pr\u00e9occupations du SNUipp-FSU concernant les questionnaires post-voyages scolaires et leur impact sur les enfants. Cette analyse soul\u00e8ve des interrogations cruciales sur la gestion des violences \u00e0 l'\u00e9cole et la pertinence de ces outils d'\u00e9valuation. Informez-vous sur les enjeux li\u00e9s \u00e0 la s\u00e9curit\u00e9 et au bien-\u00eatre des \u00e9l\u00e8ves.","breadcrumb":{"@id":"https:\/\/www.apres-lecole.fr\/Blog\/violences-ecole-interrogations-questionnaires\/#breadcrumb"},"inLanguage":"fr-FR","potentialAction":[{"@type":"ReadAction","target":["https:\/\/www.apres-lecole.fr\/Blog\/violences-ecole-interrogations-questionnaires\/"]}]},{"@type":"ImageObject","inLanguage":"fr-FR","@id":"https:\/\/www.apres-lecole.fr\/Blog\/violences-ecole-interrogations-questionnaires\/#primaryimage","url":"https:\/\/www.apres-lecole.fr\/Blog\/wp-content\/uploads\/2025\/04\/Les-violences-a-lecole-le-SNUipp-FSU-souleve-des-interrogations-sur-la-pertinence-des-questionnaires-post-voyages-scolaires-pour-les-enfants.jpg","contentUrl":"https:\/\/www.apres-lecole.fr\/Blog\/wp-content\/uploads\/2025\/04\/Les-violences-a-lecole-le-SNUipp-FSU-souleve-des-interrogations-sur-la-pertinence-des-questionnaires-post-voyages-scolaires-pour-les-enfants.jpg","width":1344,"height":768,"caption":"dans cet article, le snuipp-fsu aborde les violences \u00e0 l'\u00e9cole et questionne la pertinence des questionnaires post-voyages scolaires pour les enfants. une r\u00e9flexion essentielle sur le bien-\u00eatre des \u00e9l\u00e8ves et l'efficacit\u00e9 des mesures mises en place."},{"@type":"BreadcrumbList","@id":"https:\/\/www.apres-lecole.fr\/Blog\/violences-ecole-interrogations-questionnaires\/#breadcrumb","itemListElement":[{"@type":"ListItem","position":1,"name":"Home","item":"https:\/\/www.apres-lecole.fr\/Blog\/"},{"@type":"ListItem","position":2,"name":"Les violences \u00e0 l&rsquo;\u00e9cole : le SNUipp-FSU soul\u00e8ve des interrogations sur la pertinence des questionnaires post-voyages scolaires pour les enfants"}]},{"@type":"WebSite","@id":"https:\/\/www.apres-lecole.fr\/Blog\/#website","url":"https:\/\/www.apres-lecole.fr\/Blog\/","name":"","description":"M\u00e9dia g\u00e9n\u00e9raliste","potentialAction":[{"@type":"SearchAction","target":{"@type":"EntryPoint","urlTemplate":"https:\/\/www.apres-lecole.fr\/Blog\/?s={search_term_string}"},"query-input":{"@type":"PropertyValueSpecification","valueRequired":true,"valueName":"search_term_string"}}],"inLanguage":"fr-FR"},{"@type":"Person","@id":"https:\/\/www.apres-lecole.fr\/Blog\/#\/schema\/person\/aeb50cd4b51fc69da155804bb5bb9fc4","name":"Eva Martin","image":{"@type":"ImageObject","inLanguage":"fr-FR","@id":"https:\/\/secure.gravatar.com\/avatar\/55c53222558b27a72015a64073a80edce4abd33369394b9bf2c5cd6c19d12682?s=96&d=mm&r=g","url":"https:\/\/secure.gravatar.com\/avatar\/55c53222558b27a72015a64073a80edce4abd33369394b9bf2c5cd6c19d12682?s=96&d=mm&r=g","contentUrl":"https:\/\/secure.gravatar.com\/avatar\/55c53222558b27a72015a64073a80edce4abd33369394b9bf2c5cd6c19d12682?s=96&d=mm&r=g","caption":"Eva Martin"},"description":"Je parle de business et d'entrepreneuriat avec des conseils clairs, concrets et actionnables pour r\u00e9ussir","sameAs":["https:\/\/x.com\/Evaapresecole"],"url":"https:\/\/www.apres-lecole.fr\/Blog\/author\/evamartin\/"}]}},"views":12,"_links":{"self":[{"href":"https:\/\/www.apres-lecole.fr\/Blog\/wp-json\/wp\/v2\/posts\/1882","targetHints":{"allow":["GET"]}}],"collection":[{"href":"https:\/\/www.apres-lecole.fr\/Blog\/wp-json\/wp\/v2\/posts"}],"about":[{"href":"https:\/\/www.apres-lecole.fr\/Blog\/wp-json\/wp\/v2\/types\/post"}],"author":[{"embeddable":true,"href":"https:\/\/www.apres-lecole.fr\/Blog\/wp-json\/wp\/v2\/users\/9"}],"replies":[{"embeddable":true,"href":"https:\/\/www.apres-lecole.fr\/Blog\/wp-json\/wp\/v2\/comments?post=1882"}],"version-history":[{"count":0,"href":"https:\/\/www.apres-lecole.fr\/Blog\/wp-json\/wp\/v2\/posts\/1882\/revisions"}],"wp:featuredmedia":[{"embeddable":true,"href":"https:\/\/www.apres-lecole.fr\/Blog\/wp-json\/wp\/v2\/media\/1881"}],"wp:attachment":[{"href":"https:\/\/www.apres-lecole.fr\/Blog\/wp-json\/wp\/v2\/media?parent=1882"}],"wp:term":[{"taxonomy":"category","embeddable":true,"href":"https:\/\/www.apres-lecole.fr\/Blog\/wp-json\/wp\/v2\/categories?post=1882"},{"taxonomy":"post_tag","embeddable":true,"href":"https:\/\/www.apres-lecole.fr\/Blog\/wp-json\/wp\/v2\/tags?post=1882"}],"curies":[{"name":"wp","href":"https:\/\/api.w.org\/{rel}","templated":true}]}}