{"id":1880,"date":"2025-04-22T22:23:56","date_gmt":"2025-04-22T22:23:56","guid":{"rendered":"https:\/\/www.apres-lecole.fr\/Blog\/accident-auto-ecole-reims\/"},"modified":"2025-04-22T22:23:56","modified_gmt":"2025-04-22T22:23:56","slug":"accident-auto-ecole-reims","status":"publish","type":"post","link":"https:\/\/www.apres-lecole.fr\/Blog\/accident-auto-ecole-reims\/","title":{"rendered":"Une auto-\u00e9cole victime d&rsquo;un accident : retour sur les incidents survenus \u00e0 Reims"},"content":{"rendered":"\n\n<div class=\"kk-star-ratings kksr-auto kksr-align-left kksr-valign-top\"\n    data-payload='{&quot;align&quot;:&quot;left&quot;,&quot;id&quot;:&quot;1880&quot;,&quot;slug&quot;:&quot;default&quot;,&quot;valign&quot;:&quot;top&quot;,&quot;ignore&quot;:&quot;&quot;,&quot;reference&quot;:&quot;auto&quot;,&quot;class&quot;:&quot;&quot;,&quot;count&quot;:&quot;0&quot;,&quot;legendonly&quot;:&quot;&quot;,&quot;readonly&quot;:&quot;&quot;,&quot;score&quot;:&quot;0&quot;,&quot;starsonly&quot;:&quot;&quot;,&quot;best&quot;:&quot;5&quot;,&quot;gap&quot;:&quot;5&quot;,&quot;greet&quot;:&quot;Rate this post&quot;,&quot;legend&quot;:&quot;0\\\/5 - (0 vote)&quot;,&quot;size&quot;:&quot;24&quot;,&quot;title&quot;:&quot;Une auto-\u00e9cole victime d\\u0026#039;un accident : retour sur les incidents survenus \u00e0 Reims&quot;,&quot;width&quot;:&quot;0&quot;,&quot;_legend&quot;:&quot;{score}\\\/{best} - ({count} {votes})&quot;,&quot;font_factor&quot;:&quot;1.25&quot;}'>\n            \n<div class=\"kksr-stars\">\n    \n<div class=\"kksr-stars-inactive\">\n            <div class=\"kksr-star\" data-star=\"1\" style=\"padding-right: 5px\">\n            \n\n<div class=\"kksr-icon\" style=\"width: 24px; height: 24px;\"><\/div>\n        <\/div>\n            <div class=\"kksr-star\" data-star=\"2\" style=\"padding-right: 5px\">\n            \n\n<div class=\"kksr-icon\" style=\"width: 24px; height: 24px;\"><\/div>\n        <\/div>\n            <div class=\"kksr-star\" data-star=\"3\" style=\"padding-right: 5px\">\n            \n\n<div class=\"kksr-icon\" style=\"width: 24px; height: 24px;\"><\/div>\n        <\/div>\n            <div class=\"kksr-star\" data-star=\"4\" style=\"padding-right: 5px\">\n            \n\n<div class=\"kksr-icon\" style=\"width: 24px; height: 24px;\"><\/div>\n        <\/div>\n            <div class=\"kksr-star\" data-star=\"5\" style=\"padding-right: 5px\">\n            \n\n<div class=\"kksr-icon\" style=\"width: 24px; height: 24px;\"><\/div>\n        <\/div>\n    <\/div>\n    \n<div class=\"kksr-stars-active\" style=\"width: 0px;\">\n            <div class=\"kksr-star\" style=\"padding-right: 5px\">\n            \n\n<div class=\"kksr-icon\" style=\"width: 24px; height: 24px;\"><\/div>\n        <\/div>\n            <div class=\"kksr-star\" style=\"padding-right: 5px\">\n            \n\n<div class=\"kksr-icon\" style=\"width: 24px; height: 24px;\"><\/div>\n        <\/div>\n            <div class=\"kksr-star\" style=\"padding-right: 5px\">\n            \n\n<div class=\"kksr-icon\" style=\"width: 24px; height: 24px;\"><\/div>\n        <\/div>\n            <div class=\"kksr-star\" style=\"padding-right: 5px\">\n            \n\n<div class=\"kksr-icon\" style=\"width: 24px; height: 24px;\"><\/div>\n        <\/div>\n            <div class=\"kksr-star\" style=\"padding-right: 5px\">\n            \n\n<div class=\"kksr-icon\" style=\"width: 24px; height: 24px;\"><\/div>\n        <\/div>\n    <\/div>\n<\/div>\n                \n\n<div class=\"kksr-legend\" style=\"font-size: 19.2px;\">\n            <span class=\"kksr-muted\">Rate this post<\/span>\n    <\/div>\n    <\/div>\n<p>Les r\u00e9centes nouvelles en provenance de Reims ont suscit\u00e9 la solidarit\u00e9 et l&rsquo;interrogation autour des accidents impliquant des auto-\u00e9coles. Les incidents qui se sont multipli\u00e9s ont mis en lumi\u00e8re la pr\u00e9carit\u00e9 des situations rencontr\u00e9es par les \u00e9l\u00e8ves et les moniteurs durant les le\u00e7ons de conduite. Comment garantir la s\u00e9curit\u00e9 routi\u00e8re tout en poursuivant ces formations essentielles ? Cet article revient sur ces \u00e9v\u00e9nements marquants et sur les enjeux de la <strong>safety routi\u00e8re<\/strong> dans le cadre des auto-\u00e9coles \u00e0 Reims.<\/p>\n\n<h2 class=\"wp-block-heading\">Les incidents r\u00e9cents et leur impact sur la communaut\u00e9<\/h2>\n\n<p>Les routes de Reims ne sont pas seulement fr\u00e9quent\u00e9es par les automobilistes chevronn\u00e9s. Chaque ann\u00e9e, des milliers d&rsquo;\u00e9l\u00e8ves se lancent dans l&rsquo;apprentissage de la conduite au sein des diff\u00e9rentes auto-\u00e9coles de la ville. Cependant, une s\u00e9rie d&rsquo;accidents r\u00e9cents a mis en question la mani\u00e8re dont ces \u00e9v\u00e9nements sont g\u00e9r\u00e9s, dans une dynamique que l&rsquo;on ne souhaiterait jamais voir se reproduire.<\/p>\n\n<p>Les incidents ne sont pas sans cons\u00e9quence. En effet, ils soul\u00e8vent des pr\u00e9occupations majeures sur la <strong>safety routi\u00e8re<\/strong> et les protocoles adopt\u00e9s par les <strong>auto-\u00e9coles de Reims<\/strong>. Enqu\u00eate, discussions autour de la r\u00e9glementation, et implication des responsables \u00e9ducatifs se multiplient. Les t\u00e9moignages de proches d&rsquo;\u00e9l\u00e8ves ayant v\u00e9cu des situations dramatiques rendent ce sujet encore plus poignant.<\/p>\n\n<h3 class=\"wp-block-heading\">Les accidents qui choquent<\/h3>\n\n<p>Quels types d&rsquo;accidents ont eu lieu ? D&rsquo;apr\u00e8s les r\u00e9cits disponibles, il semblerait que la plupart des incidents impliquent des conducteurs novices ou des situations impr\u00e9visibles. Un \u00e9l\u00e8ve en formation a \u00e9t\u00e9 impliqu\u00e9 dans un accident de la route alors que son moniteur essayait de corriger une man\u0153uvre.<\/p>\n\n<ul class=\"wp-block-list\"><li>\ud83d\udd34 Collisions avec d&rsquo;autres v\u00e9hicules<\/li><li>\u26a0\ufe0f Accidents provoqu\u00e9s par des conducteurs imprudents<\/li><li>\ud83d\udea7 D\u00e9faillances m\u00e9caniques pendant les le\u00e7ons<\/li><\/ul>\n\n<p>Ces situations illustrent l&rsquo;importance de la <strong>pr\u00e9vention des accidents<\/strong>. Il est imp\u00e9ratif que les <strong>auto-\u00e9coles \u00e0 Reims<\/strong> adoptent des mesures proactives pour \u00e9viter de tels drames. Que ce soit par une \u00e9valuation rigoureuse des v\u00e9hicules ou par une instruction renforc\u00e9e des enseignants, de nombreuses possibilit\u00e9s s\u2019offrent aux \u00e9tablissements pour am\u00e9liorer leur offre.<\/p>\n\n<h3 class=\"wp-block-heading\">La r\u00e9action des autorit\u00e9s et des parents<\/h3>\n\n<p>La col\u00e8re et l&rsquo;incompr\u00e9hension se sont rapidement propag\u00e9es parmi les parents d&rsquo;\u00e9l\u00e8ves victimes. Des r\u00e9unions ont \u00e9t\u00e9 organis\u00e9es dans la ville pour r\u00e9pondre aux inqui\u00e9tudes et proposer des solutions adapt\u00e9es. L&rsquo;objectif : renforcer la <strong>formation \u00e9ducative \u00e0 Reims<\/strong> sur la <strong>conduite s\u00e9curis\u00e9e<\/strong> et rassurer les parents quant \u00e0 la s\u00e9curit\u00e9 de leurs enfants.<\/p>\n\n<p>\u00c0 c\u00f4t\u00e9 de cela, les autorit\u00e9s locales, dont le service de <strong>safety routi\u00e8re 51<\/strong>, ont pris des mesures afin de renforcer la r\u00e9glementation. Des campagnes de sensibilisation \u00e0 la s\u00e9curit\u00e9 ont \u00e9t\u00e9 lanc\u00e9es pour rappeler les risques encourus par les jeunes conducteurs. La responsabilit\u00e9 des auto-\u00e9coles est aussi scrut\u00e9e de pr\u00e8s, car elles doivent assurer une instruction de qualit\u00e9 tout en minimisant les risques.<\/p>\n\n<figure class=\"wp-block-table\"><table>\n<thead>\n<tr>\n<th>Type d&rsquo;accident<\/th>\n<th>Cons\u00e9quences<\/th>\n<th>Mesures prises<\/th>\n<\/tr>\n<\/thead>\n<tbody>\n<tr>\n<td>Collision avec un autre v\u00e9hicule<\/td>\n<td>\u00c9valuations m\u00e9dicales pour les victimes<\/td>\n<td>Renforcement du suivi psychologique<\/td>\n<\/tr>\n<tr>\n<td>Accidents dus \u00e0 un mauvais \u00e9tat du v\u00e9hicule<\/td>\n<td>R\u00e9parations fr\u00e9quentes<\/td>\n<td>Contr\u00f4le renforc\u00e9 des v\u00e9hicules<\/td>\n<\/tr>\n<tr>\n<td>Accident li\u00e9 \u00e0 un comportement imprudent<\/td>\n<td>R\u00e9percussions sur l&rsquo;assureur<\/td>\n<td>Formations additionnelles en s\u00e9curit\u00e9<\/td>\n<\/tr>\n<\/tbody>\n<\/table><\/figure>\n\n<p>Ces actions sont essentielles pour instaurer un climat de confiance et rassurer davantage de familles sur les valeurs de s\u00e9curit\u00e9 au sein des <strong>auto-\u00e9coles de Reims<\/strong>. La route doit \u00eatre un lieu d\u2019apprentissage, mais \u00e9galement un espace de confiance.<\/p>\n\n<h2 class=\"wp-block-heading\">Les enjeux de la conduite s\u00e9curis\u00e9e dans l&rsquo;enseignement<\/h2>\n\n<p>En mati\u00e8re de conduite, l&rsquo;id\u00e9e est de former de futurs camionneurs, motards et automobilistes, tout en pr\u00e9venant les comportements \u00e0 risque. Les <strong>auto-\u00e9coles de Reims<\/strong> ont un r\u00f4le crucial \u00e0 jouer. La formation doit donc devenir plus qu&rsquo;un simple passage de permis ; elle doit offrir une v\u00e9ritable culture de la <strong>s\u00e9curit\u00e9 routi\u00e8re<\/strong>.<\/p>\n\n<p>Il est essentiel de se concentrer sur des strat\u00e9gies d&rsquo;apprentissage innovantes et engageantes, qui permettent de sensibiliser les \u00e9l\u00e8ves \u00e0 l&rsquo;importance de la prudence sur la route. Les approches p\u00e9dagogiques doivent int\u00e9grer des simulations d&rsquo;accidents, des mises en sc\u00e8ne de situations \u00e0 risque et des discussions ouvertes sur des th\u00e8mes vari\u00e9s.<\/p>\n\n<ul class=\"wp-block-list\"><li>\ud83d\udea6 Importance de l&rsquo;\u00e9ducation \u00e0 la conduite<\/li><li>\ud83d\udcda Approches p\u00e9dagogiques modernes<\/li><li>\ud83d\udca1 Sensibilisation aux dangers de la route<\/li><\/ul>\n\n<p>De plus, la cr\u00e9ation de normes adapt\u00e9es \u00e0 l&rsquo;\u00e9ducation routi\u00e8re peut permettre aux enseignants, ainsi qu&rsquo;aux \u00e9l\u00e8ves, de mieux appr\u00e9hender les diff\u00e9rentes situations qu&rsquo;ils pourraient rencontrer. Une bonne veille de la part des responsables d&rsquo;<strong>\u00e9coles de conduite responsables<\/strong> peut \u00e9galement favoriser la cr\u00e9ation d\u2019un environnement d\u2019apprentissage en toute s\u00e9curit\u00e9.<\/p>\n\n<h3 class=\"wp-block-heading\">Les m\u00e9thodes d&rsquo;enseignement adapt\u00e9es aux jeunes conducteurs<\/h3>\n\n<p>L&rsquo;un des enjeux majeurs lors des le\u00e7ons de conduite est d&rsquo;impliquer les \u00e9l\u00e8ves dans une d\u00e9marche active. Cela passe par l&rsquo;utilisation de m\u00e9thodes innovantes et interactives :<\/p>\n\n<ol class=\"wp-block-list\"><li>\ud83d\udc69\u200d\ud83c\udfeb Cours th\u00e9oriques interactifs<\/li><li>\ud83d\ude97 Simulations de conduite r\u00e9alistes<\/li><li>\ud83d\udee1\ufe0f Discussions sur l&rsquo;impact des comportements au volant<\/li><\/ol>\n\n<p>L&rsquo;ing\u00e9niosit\u00e9 va au-del\u00e0 de simples le\u00e7ons de conduite. En int\u00e9grant des \u00e9l\u00e9ments musicaux ou humoristiques, les <strong>auto-\u00e9coles de Reims<\/strong> peuvent contribuer \u00e0 cr\u00e9er une atmosph\u00e8re conviviale qui favorise l&rsquo;apprentissage. Les \u00e9l\u00e8ves plus d\u00e9tendus sont souvent plus r\u00e9ceptifs aux conseils de s\u00e9curit\u00e9.<\/p>\n\n<figure class=\"wp-block-table\"><table>\n<thead>\n<tr>\n<th>M\u00e9thode d&rsquo;enseignement<\/th>\n<th>Avantages<\/th>\n<th>Inconv\u00e9nients potentiels<\/th>\n<\/tr>\n<\/thead>\n<tbody>\n<tr>\n<td>Simulations virtuelles<\/td>\n<td>Apprentissage immersif<\/td>\n<td>Manque de contact r\u00e9el avec la route<\/td>\n<\/tr>\n<tr>\n<td>Cours ludiques<\/td>\n<td>Encouragement \u00e0 l&rsquo;engagement<\/td>\n<td>Peut \u00eatre per\u00e7u comme trop informel<\/td>\n<\/tr>\n<tr>\n<td>Formations en groupe<\/td>\n<td>D\u00e9bat d&rsquo;id\u00e9es<\/td>\n<td>Risque de dispersion de l&rsquo;attention<\/td>\n<\/tr>\n<\/tbody>\n<\/table><\/figure>\n\n<p>La r\u00e9flexion autour de ces m\u00e9thodes d&rsquo;enseignement reste cruciale pour garantir l&rsquo;efficacit\u00e9 de la formation des jeunes conducteurs. <strong>Reims Conduite<\/strong>, \u00e0 travers ses \u00e9tablissements, doit continuer \u00e0 innover pour cr\u00e9er un parcours \u00e9ducatif efficace et, surtout, s\u00e9curisant.<\/p>\n\n<h2 class=\"wp-block-heading\">Les bonnes pratiques pour pr\u00e9venir les accidents en auto-\u00e9cole<\/h2>\n\n<p>La pr\u00e9vention des accidents doit \u00eatre au c\u0153ur de l&rsquo;enseignement de la conduite. Les <strong>auto-\u00e9coles de Reims<\/strong> sont appel\u00e9es \u00e0 \u00e9tablir des protocoles instaur\u00e9s pour r\u00e9duire les risques sur la route. Mais quelles sont les meilleures pratiques \u00e0 suivre dans ce cadre ?<\/p>\n\n<p>Dans un contexte o\u00f9 les accidents de la route continuent de repr\u00e9senter un ph\u00e9nom\u00e8ne pr\u00e9occupant, l&rsquo;observance de pratiques exemplaires s&rsquo;av\u00e8re indispensable. Voici les recommandations principales :<\/p>\n\n<ul class=\"wp-block-list\"><li>\u2705 V\u00e9rifier r\u00e9guli\u00e8rement l&rsquo;\u00e9tat des v\u00e9hicules<\/li><li>\u2705 Assurer un suivi psychologique pour les \u00e9l\u00e8ves<\/li><li>\u2705 Sensibiliser les \u00e9l\u00e8ves aux comportements \u00e0 risque<\/li><\/ul>\n\n<p>Chaque structure peut d\u00e9velopper ses propres strat\u00e9gies, mais il est crucial qu&rsquo;elles soient adapt\u00e9es \u00e0 la r\u00e9alit\u00e9 du terrain. En veille constante, les formateurs peuvent contribuer \u00e0 la <strong>pr\u00e9vention des accidents<\/strong> avec des initiatives vari\u00e9es.<\/p>\n\n<figure class=\"wp-block-table\"><table>\n<thead>\n<tr>\n<th>Bonnes pratiques<\/th>\n<th>Impact sur la s\u00e9curit\u00e9<\/th>\n<th>Observations<\/th>\n<\/tr>\n<\/thead>\n<tbody>\n<tr>\n<td>Contr\u00f4les r\u00e9guliers des v\u00e9hicules<\/td>\n<td>R\u00e9duction des pannes techniques<\/td>\n<td>N\u00e9cessite des ressources investissement<\/td>\n<\/tr>\n<tr>\n<td>Formations continues des moniteurs<\/td>\n<td>Adaptation aux changements r\u00e9glementaires<\/td>\n<td>Favorise l&rsquo;expertise des formateurs<\/td>\n<\/tr>\n<tr>\n<td>\u00c9valuations des \u00e9l\u00e8ves en milieu r\u00e9el<\/td>\n<td>Pr\u00e9paration \u00e0 l&rsquo;autonomie<\/td>\n<td>Exige une supervision accrue<\/td>\n<\/tr>\n<\/tbody>\n<\/table><\/figure>\n\n<p>Il est inacceptable qu&rsquo;un \u00e9l\u00e8ve payant pour une <strong>formation \u00e9ducative \u00e0 Reims<\/strong> puisse ressortir d&rsquo;une auto-\u00e9cole sans avoir acquis des bases solides sur la s\u00e9curit\u00e9 routi\u00e8re. L&rsquo;objectif de ces formations doit rester la formation de conducteurs responsables et vigilants.<\/p>\n\n<h2 class=\"wp-block-heading\">FAQ<\/h2>\n\n<h3 class=\"wp-block-heading\">Quels sont les principaux enjeux de la s\u00e9curit\u00e9 routi\u00e8re pour les \u00e9l\u00e8ves ?<\/h3>\n\n<p>Les principaux enjeux r\u00e9sident dans la formation ad\u00e9quate, la sensibilisation aux risques et la r\u00e9activit\u00e9 face \u00e0 diverses situations rencontr\u00e9es sur la route.<\/p>\n\n<h3 class=\"wp-block-heading\">Comment les auto-\u00e9coles peuvent-elles am\u00e9liorer la s\u00e9curit\u00e9 ?<\/h3>\n\n<p>En instaurant des v\u00e9rifications r\u00e9guli\u00e8res de strat\u00e9gies, en adaptant leurs m\u00e9thodes d&rsquo;enseignement et en sensibilisant les \u00e9l\u00e8ves aux comportements \u00e0 risque.<\/p>\n\n<h3 class=\"wp-block-heading\">Quelle est la responsabilit\u00e9 des auto-\u00e9coles en cas d&rsquo;accident ?<\/h3>\n\n<p>Les auto-\u00e9coles doivent s&rsquo;assurer d&rsquo;une formation de qualit\u00e9, prendre en charge le mat\u00e9riel utilis\u00e9 et, le cas \u00e9ch\u00e9ant, assumer la responsabilit\u00e9 des actes de leurs moniteurs.<\/p>\n\n<h3 class=\"wp-block-heading\">Que faire en cas d&rsquo;accident durant une le\u00e7on de conduite ?<\/h3>\n\n<p>Il est recommand\u00e9 de se faire \u00e9valuer m\u00e9dicalement, d&rsquo;informer les autorit\u00e9s, et de contacter votre assureur rapidement.<\/p>\n\n<h3 class=\"wp-block-heading\">Les \u00e9l\u00e8ves peuvent-ils \u00eatre tenus responsables d&rsquo;un accident ?<\/h3>\n\n<p>En fonction des circonstances, les \u00e9l\u00e8ves peuvent parfois \u00eatre reconnus responsables, mais ceci est g\u00e9n\u00e9ralement \u00e9valu\u00e9 au cas par cas.<\/p>\n\n","protected":false},"excerpt":{"rendered":"<p>Les r\u00e9centes nouvelles en provenance de Reims ont suscit\u00e9 la solidarit\u00e9 et l&rsquo;interrogation autour des accidents impliquant des auto-\u00e9coles. Les incidents qui se sont multipli\u00e9s ont mis en lumi\u00e8re la pr\u00e9carit\u00e9 des situations rencontr\u00e9es par les \u00e9l\u00e8ves et les moniteurs durant les le\u00e7ons de conduite. Comment garantir la s\u00e9curit\u00e9 routi\u00e8re tout en poursuivant ces formations &#8230; <a title=\"Une auto-\u00e9cole victime d&rsquo;un accident : retour sur les incidents survenus \u00e0 Reims\" class=\"read-more\" href=\"https:\/\/www.apres-lecole.fr\/Blog\/accident-auto-ecole-reims\/\" aria-label=\"En savoir plus sur Une auto-\u00e9cole victime d&rsquo;un accident : retour sur les incidents survenus \u00e0 Reims\">Lire plus<\/a><\/p>\n","protected":false},"author":9,"featured_media":1879,"comment_status":"open","ping_status":"open","sticky":false,"template":"","format":"standard","meta":{"footnotes":""},"categories":[342],"tags":[700,699,702,701,703],"class_list":["post-1880","post","type-post","status-publish","format-standard","has-post-thumbnail","hentry","category-actualites","tag-accident","tag-auto-ecole","tag-incidents","tag-reims","tag-securite-routiere"],"yoast_head":"<!-- This site is optimized with the Yoast SEO plugin v27.5 - https:\/\/yoast.com\/product\/yoast-seo-wordpress\/ -->\n<title>Une auto-\u00e9cole \u00e0 Reims : retour sur un incident inattendu<\/title>\n<meta name=\"description\" content=\"D\u00e9couvrez les d\u00e9tails d&#039;un tragique accident survenu dans une auto-\u00e9cole \u00e0 Reims. Cet article fait le point sur les incidents r\u00e9cents, leurs cons\u00e9quences et les t\u00e9moignages des victimes et des t\u00e9moins. Informez-vous sur la s\u00e9curit\u00e9 routi\u00e8re et les mesures prises suite \u00e0 ces \u00e9v\u00e9nements dramatiques.\" \/>\n<meta name=\"robots\" content=\"index, follow, max-snippet:-1, max-image-preview:large, max-video-preview:-1\" \/>\n<link rel=\"canonical\" href=\"https:\/\/www.apres-lecole.fr\/Blog\/accident-auto-ecole-reims\/\" \/>\n<meta property=\"og:locale\" content=\"fr_FR\" \/>\n<meta property=\"og:type\" content=\"article\" \/>\n<meta property=\"og:title\" content=\"Une auto-\u00e9cole \u00e0 Reims : retour sur un incident inattendu\" \/>\n<meta property=\"og:description\" content=\"D\u00e9couvrez les d\u00e9tails d&#039;un tragique accident survenu dans une auto-\u00e9cole \u00e0 Reims. Cet article fait le point sur les incidents r\u00e9cents, leurs cons\u00e9quences et les t\u00e9moignages des victimes et des t\u00e9moins. Informez-vous sur la s\u00e9curit\u00e9 routi\u00e8re et les mesures prises suite \u00e0 ces \u00e9v\u00e9nements dramatiques.\" \/>\n<meta property=\"og:url\" content=\"https:\/\/www.apres-lecole.fr\/Blog\/accident-auto-ecole-reims\/\" \/>\n<meta property=\"article:published_time\" content=\"2025-04-22T22:23:56+00:00\" \/>\n<meta property=\"og:image\" content=\"https:\/\/www.apres-lecole.fr\/Blog\/wp-content\/uploads\/2025\/04\/Une-auto-ecole-victime-dun-accident-retour-sur-les-incidents-survenus-a-Reims.jpg\" \/>\n\t<meta property=\"og:image:width\" content=\"1344\" \/>\n\t<meta property=\"og:image:height\" content=\"768\" \/>\n\t<meta property=\"og:image:type\" content=\"image\/jpeg\" \/>\n<meta name=\"author\" content=\"Eva Martin\" \/>\n<meta name=\"twitter:card\" content=\"summary_large_image\" \/>\n<meta name=\"twitter:creator\" content=\"@Evaapresecole\" \/>\n<meta name=\"twitter:label1\" content=\"\u00c9crit par\" \/>\n\t<meta name=\"twitter:data1\" content=\"Eva Martin\" \/>\n\t<meta name=\"twitter:label2\" content=\"Dur\u00e9e de lecture estim\u00e9e\" \/>\n\t<meta name=\"twitter:data2\" content=\"7 minutes\" \/>\n<script type=\"application\/ld+json\" class=\"yoast-schema-graph\">{\"@context\":\"https:\\\/\\\/schema.org\",\"@graph\":[{\"@type\":\"Article\",\"@id\":\"https:\\\/\\\/www.apres-lecole.fr\\\/Blog\\\/accident-auto-ecole-reims\\\/#article\",\"isPartOf\":{\"@id\":\"https:\\\/\\\/www.apres-lecole.fr\\\/Blog\\\/accident-auto-ecole-reims\\\/\"},\"author\":{\"name\":\"Eva Martin\",\"@id\":\"https:\\\/\\\/www.apres-lecole.fr\\\/Blog\\\/#\\\/schema\\\/person\\\/aeb50cd4b51fc69da155804bb5bb9fc4\"},\"headline\":\"Une auto-\u00e9cole victime d&rsquo;un accident : retour sur les incidents survenus \u00e0 Reims\",\"datePublished\":\"2025-04-22T22:23:56+00:00\",\"mainEntityOfPage\":{\"@id\":\"https:\\\/\\\/www.apres-lecole.fr\\\/Blog\\\/accident-auto-ecole-reims\\\/\"},\"wordCount\":1489,\"commentCount\":0,\"image\":{\"@id\":\"https:\\\/\\\/www.apres-lecole.fr\\\/Blog\\\/accident-auto-ecole-reims\\\/#primaryimage\"},\"thumbnailUrl\":\"https:\\\/\\\/www.apres-lecole.fr\\\/Blog\\\/wp-content\\\/uploads\\\/2025\\\/04\\\/Une-auto-ecole-victime-dun-accident-retour-sur-les-incidents-survenus-a-Reims.jpg\",\"keywords\":[\"accident\",\"auto-\u00e9cole\",\"incidents\",\"reims\",\"s\u00e9curit\u00e9 routi\u00e8re\"],\"articleSection\":[\"Actualit\u00e9s\"],\"inLanguage\":\"fr-FR\",\"potentialAction\":[{\"@type\":\"CommentAction\",\"name\":\"Comment\",\"target\":[\"https:\\\/\\\/www.apres-lecole.fr\\\/Blog\\\/accident-auto-ecole-reims\\\/#respond\"]}]},{\"@type\":\"WebPage\",\"@id\":\"https:\\\/\\\/www.apres-lecole.fr\\\/Blog\\\/accident-auto-ecole-reims\\\/\",\"url\":\"https:\\\/\\\/www.apres-lecole.fr\\\/Blog\\\/accident-auto-ecole-reims\\\/\",\"name\":\"Une auto-\u00e9cole \u00e0 Reims : retour sur un incident inattendu\",\"isPartOf\":{\"@id\":\"https:\\\/\\\/www.apres-lecole.fr\\\/Blog\\\/#website\"},\"primaryImageOfPage\":{\"@id\":\"https:\\\/\\\/www.apres-lecole.fr\\\/Blog\\\/accident-auto-ecole-reims\\\/#primaryimage\"},\"image\":{\"@id\":\"https:\\\/\\\/www.apres-lecole.fr\\\/Blog\\\/accident-auto-ecole-reims\\\/#primaryimage\"},\"thumbnailUrl\":\"https:\\\/\\\/www.apres-lecole.fr\\\/Blog\\\/wp-content\\\/uploads\\\/2025\\\/04\\\/Une-auto-ecole-victime-dun-accident-retour-sur-les-incidents-survenus-a-Reims.jpg\",\"datePublished\":\"2025-04-22T22:23:56+00:00\",\"author\":{\"@id\":\"https:\\\/\\\/www.apres-lecole.fr\\\/Blog\\\/#\\\/schema\\\/person\\\/aeb50cd4b51fc69da155804bb5bb9fc4\"},\"description\":\"D\u00e9couvrez les d\u00e9tails d'un tragique accident survenu dans une auto-\u00e9cole \u00e0 Reims. Cet article fait le point sur les incidents r\u00e9cents, leurs cons\u00e9quences et les t\u00e9moignages des victimes et des t\u00e9moins. Informez-vous sur la s\u00e9curit\u00e9 routi\u00e8re et les mesures prises suite \u00e0 ces \u00e9v\u00e9nements dramatiques.\",\"breadcrumb\":{\"@id\":\"https:\\\/\\\/www.apres-lecole.fr\\\/Blog\\\/accident-auto-ecole-reims\\\/#breadcrumb\"},\"inLanguage\":\"fr-FR\",\"potentialAction\":[{\"@type\":\"ReadAction\",\"target\":[\"https:\\\/\\\/www.apres-lecole.fr\\\/Blog\\\/accident-auto-ecole-reims\\\/\"]}]},{\"@type\":\"ImageObject\",\"inLanguage\":\"fr-FR\",\"@id\":\"https:\\\/\\\/www.apres-lecole.fr\\\/Blog\\\/accident-auto-ecole-reims\\\/#primaryimage\",\"url\":\"https:\\\/\\\/www.apres-lecole.fr\\\/Blog\\\/wp-content\\\/uploads\\\/2025\\\/04\\\/Une-auto-ecole-victime-dun-accident-retour-sur-les-incidents-survenus-a-Reims.jpg\",\"contentUrl\":\"https:\\\/\\\/www.apres-lecole.fr\\\/Blog\\\/wp-content\\\/uploads\\\/2025\\\/04\\\/Une-auto-ecole-victime-dun-accident-retour-sur-les-incidents-survenus-a-Reims.jpg\",\"width\":1344,\"height\":768,\"caption\":\"d\u00e9couvrez les d\u00e9tails des incidents tragiques survenus \u00e0 reims impliquant une auto-\u00e9cole. retour sur les circonstances de l'accident et ses cons\u00e9quences pour les \u00e9l\u00e8ves et l'\u00e9tablissement.\"},{\"@type\":\"BreadcrumbList\",\"@id\":\"https:\\\/\\\/www.apres-lecole.fr\\\/Blog\\\/accident-auto-ecole-reims\\\/#breadcrumb\",\"itemListElement\":[{\"@type\":\"ListItem\",\"position\":1,\"name\":\"Home\",\"item\":\"https:\\\/\\\/www.apres-lecole.fr\\\/Blog\\\/\"},{\"@type\":\"ListItem\",\"position\":2,\"name\":\"Une auto-\u00e9cole victime d&rsquo;un accident : retour sur les incidents survenus \u00e0 Reims\"}]},{\"@type\":\"WebSite\",\"@id\":\"https:\\\/\\\/www.apres-lecole.fr\\\/Blog\\\/#website\",\"url\":\"https:\\\/\\\/www.apres-lecole.fr\\\/Blog\\\/\",\"name\":\"\",\"description\":\"M\u00e9dia g\u00e9n\u00e9raliste\",\"potentialAction\":[{\"@type\":\"SearchAction\",\"target\":{\"@type\":\"EntryPoint\",\"urlTemplate\":\"https:\\\/\\\/www.apres-lecole.fr\\\/Blog\\\/?s={search_term_string}\"},\"query-input\":{\"@type\":\"PropertyValueSpecification\",\"valueRequired\":true,\"valueName\":\"search_term_string\"}}],\"inLanguage\":\"fr-FR\"},{\"@type\":\"Person\",\"@id\":\"https:\\\/\\\/www.apres-lecole.fr\\\/Blog\\\/#\\\/schema\\\/person\\\/aeb50cd4b51fc69da155804bb5bb9fc4\",\"name\":\"Eva Martin\",\"image\":{\"@type\":\"ImageObject\",\"inLanguage\":\"fr-FR\",\"@id\":\"https:\\\/\\\/secure.gravatar.com\\\/avatar\\\/55c53222558b27a72015a64073a80edce4abd33369394b9bf2c5cd6c19d12682?s=96&d=mm&r=g\",\"url\":\"https:\\\/\\\/secure.gravatar.com\\\/avatar\\\/55c53222558b27a72015a64073a80edce4abd33369394b9bf2c5cd6c19d12682?s=96&d=mm&r=g\",\"contentUrl\":\"https:\\\/\\\/secure.gravatar.com\\\/avatar\\\/55c53222558b27a72015a64073a80edce4abd33369394b9bf2c5cd6c19d12682?s=96&d=mm&r=g\",\"caption\":\"Eva Martin\"},\"description\":\"Je parle de business et d'entrepreneuriat avec des conseils clairs, concrets et actionnables pour r\u00e9ussir\",\"sameAs\":[\"https:\\\/\\\/x.com\\\/Evaapresecole\"],\"url\":\"https:\\\/\\\/www.apres-lecole.fr\\\/Blog\\\/author\\\/evamartin\\\/\"}]}<\/script>\n<!-- \/ Yoast SEO plugin. -->","yoast_head_json":{"title":"Une auto-\u00e9cole \u00e0 Reims : retour sur un incident inattendu","description":"D\u00e9couvrez les d\u00e9tails d'un tragique accident survenu dans une auto-\u00e9cole \u00e0 Reims. Cet article fait le point sur les incidents r\u00e9cents, leurs cons\u00e9quences et les t\u00e9moignages des victimes et des t\u00e9moins. Informez-vous sur la s\u00e9curit\u00e9 routi\u00e8re et les mesures prises suite \u00e0 ces \u00e9v\u00e9nements dramatiques.","robots":{"index":"index","follow":"follow","max-snippet":"max-snippet:-1","max-image-preview":"max-image-preview:large","max-video-preview":"max-video-preview:-1"},"canonical":"https:\/\/www.apres-lecole.fr\/Blog\/accident-auto-ecole-reims\/","og_locale":"fr_FR","og_type":"article","og_title":"Une auto-\u00e9cole \u00e0 Reims : retour sur un incident inattendu","og_description":"D\u00e9couvrez les d\u00e9tails d'un tragique accident survenu dans une auto-\u00e9cole \u00e0 Reims. Cet article fait le point sur les incidents r\u00e9cents, leurs cons\u00e9quences et les t\u00e9moignages des victimes et des t\u00e9moins. Informez-vous sur la s\u00e9curit\u00e9 routi\u00e8re et les mesures prises suite \u00e0 ces \u00e9v\u00e9nements dramatiques.","og_url":"https:\/\/www.apres-lecole.fr\/Blog\/accident-auto-ecole-reims\/","article_published_time":"2025-04-22T22:23:56+00:00","og_image":[{"width":1344,"height":768,"url":"https:\/\/www.apres-lecole.fr\/Blog\/wp-content\/uploads\/2025\/04\/Une-auto-ecole-victime-dun-accident-retour-sur-les-incidents-survenus-a-Reims.jpg","type":"image\/jpeg"}],"author":"Eva Martin","twitter_card":"summary_large_image","twitter_creator":"@Evaapresecole","twitter_misc":{"\u00c9crit par":"Eva Martin","Dur\u00e9e de lecture estim\u00e9e":"7 minutes"},"schema":{"@context":"https:\/\/schema.org","@graph":[{"@type":"Article","@id":"https:\/\/www.apres-lecole.fr\/Blog\/accident-auto-ecole-reims\/#article","isPartOf":{"@id":"https:\/\/www.apres-lecole.fr\/Blog\/accident-auto-ecole-reims\/"},"author":{"name":"Eva Martin","@id":"https:\/\/www.apres-lecole.fr\/Blog\/#\/schema\/person\/aeb50cd4b51fc69da155804bb5bb9fc4"},"headline":"Une auto-\u00e9cole victime d&rsquo;un accident : retour sur les incidents survenus \u00e0 Reims","datePublished":"2025-04-22T22:23:56+00:00","mainEntityOfPage":{"@id":"https:\/\/www.apres-lecole.fr\/Blog\/accident-auto-ecole-reims\/"},"wordCount":1489,"commentCount":0,"image":{"@id":"https:\/\/www.apres-lecole.fr\/Blog\/accident-auto-ecole-reims\/#primaryimage"},"thumbnailUrl":"https:\/\/www.apres-lecole.fr\/Blog\/wp-content\/uploads\/2025\/04\/Une-auto-ecole-victime-dun-accident-retour-sur-les-incidents-survenus-a-Reims.jpg","keywords":["accident","auto-\u00e9cole","incidents","reims","s\u00e9curit\u00e9 routi\u00e8re"],"articleSection":["Actualit\u00e9s"],"inLanguage":"fr-FR","potentialAction":[{"@type":"CommentAction","name":"Comment","target":["https:\/\/www.apres-lecole.fr\/Blog\/accident-auto-ecole-reims\/#respond"]}]},{"@type":"WebPage","@id":"https:\/\/www.apres-lecole.fr\/Blog\/accident-auto-ecole-reims\/","url":"https:\/\/www.apres-lecole.fr\/Blog\/accident-auto-ecole-reims\/","name":"Une auto-\u00e9cole \u00e0 Reims : retour sur un incident inattendu","isPartOf":{"@id":"https:\/\/www.apres-lecole.fr\/Blog\/#website"},"primaryImageOfPage":{"@id":"https:\/\/www.apres-lecole.fr\/Blog\/accident-auto-ecole-reims\/#primaryimage"},"image":{"@id":"https:\/\/www.apres-lecole.fr\/Blog\/accident-auto-ecole-reims\/#primaryimage"},"thumbnailUrl":"https:\/\/www.apres-lecole.fr\/Blog\/wp-content\/uploads\/2025\/04\/Une-auto-ecole-victime-dun-accident-retour-sur-les-incidents-survenus-a-Reims.jpg","datePublished":"2025-04-22T22:23:56+00:00","author":{"@id":"https:\/\/www.apres-lecole.fr\/Blog\/#\/schema\/person\/aeb50cd4b51fc69da155804bb5bb9fc4"},"description":"D\u00e9couvrez les d\u00e9tails d'un tragique accident survenu dans une auto-\u00e9cole \u00e0 Reims. Cet article fait le point sur les incidents r\u00e9cents, leurs cons\u00e9quences et les t\u00e9moignages des victimes et des t\u00e9moins. Informez-vous sur la s\u00e9curit\u00e9 routi\u00e8re et les mesures prises suite \u00e0 ces \u00e9v\u00e9nements dramatiques.","breadcrumb":{"@id":"https:\/\/www.apres-lecole.fr\/Blog\/accident-auto-ecole-reims\/#breadcrumb"},"inLanguage":"fr-FR","potentialAction":[{"@type":"ReadAction","target":["https:\/\/www.apres-lecole.fr\/Blog\/accident-auto-ecole-reims\/"]}]},{"@type":"ImageObject","inLanguage":"fr-FR","@id":"https:\/\/www.apres-lecole.fr\/Blog\/accident-auto-ecole-reims\/#primaryimage","url":"https:\/\/www.apres-lecole.fr\/Blog\/wp-content\/uploads\/2025\/04\/Une-auto-ecole-victime-dun-accident-retour-sur-les-incidents-survenus-a-Reims.jpg","contentUrl":"https:\/\/www.apres-lecole.fr\/Blog\/wp-content\/uploads\/2025\/04\/Une-auto-ecole-victime-dun-accident-retour-sur-les-incidents-survenus-a-Reims.jpg","width":1344,"height":768,"caption":"d\u00e9couvrez les d\u00e9tails des incidents tragiques survenus \u00e0 reims impliquant une auto-\u00e9cole. retour sur les circonstances de l'accident et ses cons\u00e9quences pour les \u00e9l\u00e8ves et l'\u00e9tablissement."},{"@type":"BreadcrumbList","@id":"https:\/\/www.apres-lecole.fr\/Blog\/accident-auto-ecole-reims\/#breadcrumb","itemListElement":[{"@type":"ListItem","position":1,"name":"Home","item":"https:\/\/www.apres-lecole.fr\/Blog\/"},{"@type":"ListItem","position":2,"name":"Une auto-\u00e9cole victime d&rsquo;un accident : retour sur les incidents survenus \u00e0 Reims"}]},{"@type":"WebSite","@id":"https:\/\/www.apres-lecole.fr\/Blog\/#website","url":"https:\/\/www.apres-lecole.fr\/Blog\/","name":"","description":"M\u00e9dia g\u00e9n\u00e9raliste","potentialAction":[{"@type":"SearchAction","target":{"@type":"EntryPoint","urlTemplate":"https:\/\/www.apres-lecole.fr\/Blog\/?s={search_term_string}"},"query-input":{"@type":"PropertyValueSpecification","valueRequired":true,"valueName":"search_term_string"}}],"inLanguage":"fr-FR"},{"@type":"Person","@id":"https:\/\/www.apres-lecole.fr\/Blog\/#\/schema\/person\/aeb50cd4b51fc69da155804bb5bb9fc4","name":"Eva Martin","image":{"@type":"ImageObject","inLanguage":"fr-FR","@id":"https:\/\/secure.gravatar.com\/avatar\/55c53222558b27a72015a64073a80edce4abd33369394b9bf2c5cd6c19d12682?s=96&d=mm&r=g","url":"https:\/\/secure.gravatar.com\/avatar\/55c53222558b27a72015a64073a80edce4abd33369394b9bf2c5cd6c19d12682?s=96&d=mm&r=g","contentUrl":"https:\/\/secure.gravatar.com\/avatar\/55c53222558b27a72015a64073a80edce4abd33369394b9bf2c5cd6c19d12682?s=96&d=mm&r=g","caption":"Eva Martin"},"description":"Je parle de business et d'entrepreneuriat avec des conseils clairs, concrets et actionnables pour r\u00e9ussir","sameAs":["https:\/\/x.com\/Evaapresecole"],"url":"https:\/\/www.apres-lecole.fr\/Blog\/author\/evamartin\/"}]}},"views":54,"_links":{"self":[{"href":"https:\/\/www.apres-lecole.fr\/Blog\/wp-json\/wp\/v2\/posts\/1880","targetHints":{"allow":["GET"]}}],"collection":[{"href":"https:\/\/www.apres-lecole.fr\/Blog\/wp-json\/wp\/v2\/posts"}],"about":[{"href":"https:\/\/www.apres-lecole.fr\/Blog\/wp-json\/wp\/v2\/types\/post"}],"author":[{"embeddable":true,"href":"https:\/\/www.apres-lecole.fr\/Blog\/wp-json\/wp\/v2\/users\/9"}],"replies":[{"embeddable":true,"href":"https:\/\/www.apres-lecole.fr\/Blog\/wp-json\/wp\/v2\/comments?post=1880"}],"version-history":[{"count":0,"href":"https:\/\/www.apres-lecole.fr\/Blog\/wp-json\/wp\/v2\/posts\/1880\/revisions"}],"wp:featuredmedia":[{"embeddable":true,"href":"https:\/\/www.apres-lecole.fr\/Blog\/wp-json\/wp\/v2\/media\/1879"}],"wp:attachment":[{"href":"https:\/\/www.apres-lecole.fr\/Blog\/wp-json\/wp\/v2\/media?parent=1880"}],"wp:term":[{"taxonomy":"category","embeddable":true,"href":"https:\/\/www.apres-lecole.fr\/Blog\/wp-json\/wp\/v2\/categories?post=1880"},{"taxonomy":"post_tag","embeddable":true,"href":"https:\/\/www.apres-lecole.fr\/Blog\/wp-json\/wp\/v2\/tags?post=1880"}],"curies":[{"name":"wp","href":"https:\/\/api.w.org\/{rel}","templated":true}]}}