{"id":1870,"date":"2025-04-20T21:07:34","date_gmt":"2025-04-20T21:07:34","guid":{"rendered":"https:\/\/www.apres-lecole.fr\/Blog\/mere-amende-journee-ecole\/"},"modified":"2025-04-20T21:07:34","modified_gmt":"2025-04-20T21:07:34","slug":"mere-amende-journee-ecole","status":"publish","type":"post","link":"https:\/\/www.apres-lecole.fr\/Blog\/mere-amende-journee-ecole\/","title":{"rendered":"Une m\u00e8re condamn\u00e9e \u00e0 400 euros d&rsquo;amende pour avoir fait rater une journ\u00e9e d&rsquo;\u00e9cole \u00e0 ses enfants"},"content":{"rendered":"\n\n<div class=\"kk-star-ratings kksr-auto kksr-align-left kksr-valign-top\"\n    data-payload='{&quot;align&quot;:&quot;left&quot;,&quot;id&quot;:&quot;1870&quot;,&quot;slug&quot;:&quot;default&quot;,&quot;valign&quot;:&quot;top&quot;,&quot;ignore&quot;:&quot;&quot;,&quot;reference&quot;:&quot;auto&quot;,&quot;class&quot;:&quot;&quot;,&quot;count&quot;:&quot;0&quot;,&quot;legendonly&quot;:&quot;&quot;,&quot;readonly&quot;:&quot;&quot;,&quot;score&quot;:&quot;0&quot;,&quot;starsonly&quot;:&quot;&quot;,&quot;best&quot;:&quot;5&quot;,&quot;gap&quot;:&quot;5&quot;,&quot;greet&quot;:&quot;Rate this post&quot;,&quot;legend&quot;:&quot;0\\\/5 - (0 vote)&quot;,&quot;size&quot;:&quot;24&quot;,&quot;title&quot;:&quot;Une m\u00e8re condamn\u00e9e \u00e0 400 euros d\\u0026#039;amende pour avoir fait rater une journ\u00e9e d\\u0026#039;\u00e9cole \u00e0 ses enfants&quot;,&quot;width&quot;:&quot;0&quot;,&quot;_legend&quot;:&quot;{score}\\\/{best} - ({count} {votes})&quot;,&quot;font_factor&quot;:&quot;1.25&quot;}'>\n            \n<div class=\"kksr-stars\">\n    \n<div class=\"kksr-stars-inactive\">\n            <div class=\"kksr-star\" data-star=\"1\" style=\"padding-right: 5px\">\n            \n\n<div class=\"kksr-icon\" style=\"width: 24px; height: 24px;\"><\/div>\n        <\/div>\n            <div class=\"kksr-star\" data-star=\"2\" style=\"padding-right: 5px\">\n            \n\n<div class=\"kksr-icon\" style=\"width: 24px; height: 24px;\"><\/div>\n        <\/div>\n            <div class=\"kksr-star\" data-star=\"3\" style=\"padding-right: 5px\">\n            \n\n<div class=\"kksr-icon\" style=\"width: 24px; height: 24px;\"><\/div>\n        <\/div>\n            <div class=\"kksr-star\" data-star=\"4\" style=\"padding-right: 5px\">\n            \n\n<div class=\"kksr-icon\" style=\"width: 24px; height: 24px;\"><\/div>\n        <\/div>\n            <div class=\"kksr-star\" data-star=\"5\" style=\"padding-right: 5px\">\n            \n\n<div class=\"kksr-icon\" style=\"width: 24px; height: 24px;\"><\/div>\n        <\/div>\n    <\/div>\n    \n<div class=\"kksr-stars-active\" style=\"width: 0px;\">\n            <div class=\"kksr-star\" style=\"padding-right: 5px\">\n            \n\n<div class=\"kksr-icon\" style=\"width: 24px; height: 24px;\"><\/div>\n        <\/div>\n            <div class=\"kksr-star\" style=\"padding-right: 5px\">\n            \n\n<div class=\"kksr-icon\" style=\"width: 24px; height: 24px;\"><\/div>\n        <\/div>\n            <div class=\"kksr-star\" style=\"padding-right: 5px\">\n            \n\n<div class=\"kksr-icon\" style=\"width: 24px; height: 24px;\"><\/div>\n        <\/div>\n            <div class=\"kksr-star\" style=\"padding-right: 5px\">\n            \n\n<div class=\"kksr-icon\" style=\"width: 24px; height: 24px;\"><\/div>\n        <\/div>\n            <div class=\"kksr-star\" style=\"padding-right: 5px\">\n            \n\n<div class=\"kksr-icon\" style=\"width: 24px; height: 24px;\"><\/div>\n        <\/div>\n    <\/div>\n<\/div>\n                \n\n<div class=\"kksr-legend\" style=\"font-size: 19.2px;\">\n            <span class=\"kksr-muted\">Rate this post<\/span>\n    <\/div>\n    <\/div>\n<p>Une m\u00e8re de famille, vivante dans le canton des Grisons en Suisse, a r\u00e9cemment fait l\u2019objet d\u2019un jugement qui a beaucoup fait parler de lui. Cette m\u00e8re, d\u00e9sireuse d\u2019emmener ses enfants en voyage quelques jours avant le d\u00e9but officiel des vacances scolaires, a \u00e9t\u00e9 sanctionn\u00e9e par une amende de 400 euros. Ce cas soul\u00e8ve des questions plus larges autour de l\u2019\u00e9ducation, de la responsabilit\u00e9 parentale et des lois en vigueur.<\/p>\n\n<ul class=\"wp-block-list\"><li>Contexte de l&rsquo;amende<\/li><li>R\u00e9actions de la m\u00e8re et de la communaut\u00e9<\/li><li>Comparaison avec d&rsquo;autres pays<\/li><li>Contexte l\u00e9gislatif sur l&rsquo;\u00e9ducation<\/li><li>Responsabilit\u00e9 parentale et \u00e9ducative<\/li><\/ul>\n\n<h2 class=\"wp-block-heading\">Contexte de l&rsquo;amende impos\u00e9e<\/h2>\n\n<p>Dans le cas d&rsquo;Amina Ghulam, tout a commenc\u00e9 un matin d&rsquo;\u00e9t\u00e9 en juillet 2024, lorsque ses enfants ont manqu\u00e9 le dernier jour d&rsquo;\u00e9cole avant les vacances. La d\u00e9cision d&rsquo;anticiper les cong\u00e9s n\u2019\u00e9tait pas simplement un caprice, mais une mani\u00e8re pour elle de passer du temps de qualit\u00e9 avec ses enfants apr\u00e8s une p\u00e9riode \u00e9prouvante marqu\u00e9e par un divorce. \u00ab\u00a0Je n&rsquo;aurais jamais pens\u00e9 que cela aurait des cons\u00e9quences\u00a0\u00bb, avoue-t-elle. La sanction initiale a \u00e9t\u00e9 un v\u00e9ritable choc, puisque la famille a \u00e9t\u00e9 condamn\u00e9e \u00e0 une amende de 2 000 francs suisses, soit environ 2 000 euros. \u00c9quivalent \u00e0 500 francs par enfant, cette d\u00e9cision fait \u00e9cho \u00e0 une r\u00e8gle bien stricte dans le syst\u00e8me \u00e9ducatif suisse, o\u00f9 le dernier jour de classe est syst\u00e9matiquement une journ\u00e9e d&rsquo;\u00e9cole obligatoire.<\/p>\n\n<p>Les \u00e9coles en Suisse appliquent cette r\u00e8gle pour s&rsquo;assurer que les \u00e9l\u00e8ves soient pr\u00e9sents jusqu&rsquo;\u00e0 la fin de l&rsquo;ann\u00e9e scolaire. L&rsquo;id\u00e9e est de maintenir une discipline \u00e9ducative. En France \u00e9galement, l&rsquo;\u00e9cole est obligatoire de 3 \u00e0 16 ans, et toute absence sans justification peut conduire \u00e0 des sanctions. Ce parall\u00e8le entre les deux syst\u00e8mes attire l&rsquo;attention sur la protection du droit \u00e0 l&rsquo;\u00e9ducation des enfants, qui est fondamental dans les soci\u00e9t\u00e9s modernes. Cependant, cela soul\u00e8ve une question : jusqu&rsquo;o\u00f9 va l&rsquo;autorit\u00e9 des \u00e9coles sur les choix familiaux ?<\/p>\n\n<h3 class=\"wp-block-heading\">Les choix de la m\u00e8re et leur justification<\/h3>\n\n<p>La m\u00e8re, Amina, a plaid\u00e9 sa cause, expliquant que cette escapade \u00e9tait une r\u00e9ponse \u00e0 des moments difficiles pour ses enfants. Elle a souhait\u00e9 leur offrir une exp\u00e9rience unique, un moment de bonheur dans un contexte difficile. \u00ab\u00a0Nous avions besoin d&rsquo;une pause,\u00a0\u00bb insiste-t-elle. Ce genre de sentiment est assez commun parmi les parents apr\u00e8s des moments de crise. Un voyage, m\u00eame court, peut faire toute la diff\u00e9rence pour le moral d&rsquo;une famille.<\/p>\n\n<p>Dans ce conflit entre la vie familiale et les r\u00e8gles de l\u2019\u00e9ducation, Amina s&rsquo;est retrouv\u00e9e \u00e0 devoir justifier ses actions et ses choix parentaux devant la justice. Apr\u00e8s une premi\u00e8re d\u00e9cision qui a mis un montant \u00e9lev\u00e9 d\u2019amende sur ses \u00e9paules, elle a bien vite compris que la lutte n&rsquo;\u00e9tait pas termin\u00e9e. Ce qui aurait pu \u00eatre un drame s&rsquo;est finalement transform\u00e9 en une opportunit\u00e9 de sensibilisation sur les difficult\u00e9s rencontr\u00e9es par de nombreux parents.<\/p>\n\n<ul class=\"wp-block-list\"><li>Contexte familial difficile \ud83e\udd1d<\/li><li>Voyage comme outil de ressourcement \ud83c\udfd6\ufe0f<\/li><li>Importance de l\u2019\u00e9ducation et de la pr\u00e9sence scolaire \ud83c\udf93<\/li><\/ul>\n\n<h3 class=\"wp-block-heading\">Les cons\u00e9quences sur l\u2019\u00e9ducation des enfants<\/h3>\n\n<p>Le jugement a aussi soulev\u00e9 des questions sur les effets de ces d\u00e9cisions sur la scolarit\u00e9 des enfants. Le stress \u00e9motionnel peut avoir un impact significatif sur la concentration scolaire et les performances des \u00e9l\u00e8ves. Une journ\u00e9e manqu\u00e9e dans ce contexte peut sembler anodine, mais elle refl\u00e8te souvent des situations plus complexes. Les \u00e9tablissements scolaires n&rsquo;\u00e9valuent pas uniquement la pr\u00e9sence, mais aussi le bien-\u00eatre des \u00e9l\u00e8ves, ce qui soul\u00e8ve des pr\u00e9occupations quant \u00e0 cette rigidit\u00e9 dans les r\u00e8glements.<\/p>\n\n<figure class=\"wp-block-table\"><table>\n<thead>\n<tr>\n<th>Motif d&rsquo;absence<\/th>\n<th>Cons\u00e9quence l\u00e9gale<\/th>\n<th>Amende potentielle<\/th>\n<\/tr>\n<\/thead>\n<tbody>\n<tr>\n<td>Absence encourag\u00e9e par les parents<\/td>\n<td>Amende pour absence injustifi\u00e9e<\/td>\n<td>750 euros<\/td>\n<\/tr>\n<tr>\n<td>Absence pour raison m\u00e9dicale<\/td>\n<td>Aucune sanction<\/td>\n<td>N\/A<\/td>\n<\/tr>\n<tr>\n<td>Absence non justifi\u00e9e<\/td>\n<td>Amende par l&rsquo;\u00e9cole<\/td>\n<td>Environ 500 euros par enfant<\/td>\n<\/tr>\n<\/tbody>\n<\/table><\/figure>\n\n<h2 class=\"wp-block-heading\">R\u00e9actions de la m\u00e8re et de la communaut\u00e9<\/h2>\n\n<p>Les r\u00e9actions face \u00e0 cette d\u00e9cision de justice ont \u00e9t\u00e9 vari\u00e9es. Amina s&rsquo;est vite senti incomprise. \u00ab\u00a0C&rsquo;est compl\u00e8tement exag\u00e9r\u00e9\u00a0\u00bb, a-t-elle d\u00e9clar\u00e9, exprimant son indignation face \u00e0 une telle sanction. Elle ne s&rsquo;attendait pas \u00e0 encaisser une amende de cette ampleur pour avoir voulu profiter d\u2019un moment de vacances avec ses enfants. Elle a vite su qu\u2019elle devait se battre pour faire entendre sa voix. Ce combat ne se limite pas simplement \u00e0 sa situation personnelle, mais traduit un besoin plus profond de repenser le cadre l\u00e9gislatif qui entoure la responsabilit\u00e9 parentale.<\/p>\n\n<p>Dans la communaut\u00e9, certains parents soutiennent Amina, voyant en elle une h\u00e9ro\u00efne qui d\u00e9fend un droit parental fondamental : celui de choisir comment passer du temps avec ses enfants. D&rsquo;autres estiment que les d\u00e9cisions des \u00e9coles doivent \u00eatre respect\u00e9es et que les parents doivent agir en conformit\u00e9 avec ces r\u00e8gles. Ce d\u00e9bat r\u00e9sonne plus largement, et il interroge la place de l&rsquo;\u00e9cole et des parents dans l&rsquo;\u00e9ducation des enfants. Ces discussions peuvent \u00e9galement \u00eatre un excellent moteur pour la communaut\u00e9 \u00e9ducative, qui peut en tirer des le\u00e7ons.<\/p>\n\n<h3 class=\"wp-block-heading\">L\u2019\u00e9cho m\u00e9diatique autour de l\u2019affaire<\/h3>\n\n<p>Les m\u00e9dias suisses ont rapidement relay\u00e9 cette histoire, mettant en lumi\u00e8re les rouages de la justice face aux choix parentaux. Amina Ghulam devient ainsi une figure embl\u00e9matique des conflits entre la loi et la vie familiale. L\u2019histoire, bien que sp\u00e9cifique, trouve \u00e9cho dans de nombreuses familles qui jonglent entre obligations scolaires et besoins affectifs. Cette affaire met alors le doigt sur un paradoxe : comment s&rsquo;assurer que l&rsquo;\u00e9ducation soit la priorit\u00e9, tout en respectant le besoin des enfants d&rsquo;avoir des moments de r\u00e9pit.<\/p>\n\n<ul class=\"wp-block-list\"><li>Un cas m\u00e9diatis\u00e9 qui attire l&rsquo;attention \ud83d\udcf0<\/li><li>D\u00e9bat entre droits parentaux et r\u00e8gles scolaires \u2696\ufe0f<\/li><li>Implication de la communaut\u00e9 \u00e9ducative \ud83d\udc68\u200d\ud83c\udfeb<\/li><\/ul>\n\n<h2 class=\"wp-block-heading\">Comparaison avec d&rsquo;autres pays sur les absences scolaires<\/h2>\n\n<p>La situation d\u2019Amina Ghulam chez elle soul\u00e8ve une question universelle sur la gestion des absences scolaires. En France, par exemple, le cadre l\u00e9gal stipule que les \u00e9coles doivent \u00eatre inform\u00e9es imm\u00e9diatement des raisons de toute absence d&rsquo;un \u00e9l\u00e8ve. L\u2019\u00e9ducation \u00e9tant obligatoire, des sanctions sont \u00e9galement pr\u00e9vues pour les parents qui ne respecteraient pas la loi. En cas d&rsquo;absence r\u00e9p\u00e9t\u00e9e, les cons\u00e9quences juridiques peuvent \u00eatre s\u00e9v\u00e8res, allant jusqu&rsquo;\u00e0 des amendes et, dans les cas extr\u00eames, des peines de prison.<\/p>\n\n<p>D\u2019autres pays adoptent des approches diff\u00e9rentes, avec des r\u00e9glementations plus souples concernant les vacances scolaires. Par exemple, dans certains \u00c9tats des \u00c9tats-Unis, les familles peuvent prendre des vacances en dehors des p\u00e9riodes scolaires d\u00e9finies sans entra\u00eene des r\u00e9percussions financi\u00e8res significatives. Cette diff\u00e9rence de traitement peut s&rsquo;expliquer par la culture \u00e9ducative propre \u00e0 chaque pays. Alors que certains syst\u00e8mes valorisent la pr\u00e9sence et la discipline, d&rsquo;autres privil\u00e9gient une approche plus flexible, ax\u00e9e sur le bien-\u00eatre de l\u2019enfant.<\/p>\n\n<h3 class=\"wp-block-heading\">Les diff\u00e9rences culturelles face aux absences scolaires<\/h3>\n\n<p>Examinons de plus pr\u00e8s ces distinctions. La culture \u00e9ducative influence comment chaque pays per\u00e7oit l&rsquo;absence scolaire. Les pays nordiques, par exemple, sont souvent cit\u00e9s en exemple pour leur approche flexible et respectueuse des enfants et de leurs rythmes de vie. Dans ces pays, les vacances familiales sont encourag\u00e9es, et les \u00e9coles int\u00e8grent m\u00eame des d\u00e9lais pour permettre aux familles de voyager ensemble.<\/p>\n\n<figure class=\"wp-block-table\"><table>\n<thead>\n<tr>\n<th>Pays<\/th>\n<th>Approche des absences scolaires<\/th>\n<th>Cons\u00e9quences pour les parents<\/th>\n<\/tr>\n<\/thead>\n<tbody>\n<tr>\n<td>Suisse<\/td>\n<td>Strictement encadr\u00e9e, absence souvent sanctionn\u00e9e<\/td>\n<td>Amendes financi\u00e8res en cas d&rsquo;absence injustifi\u00e9e<\/td>\n<\/tr>\n<tr>\n<td>France<\/td>\n<td>Obligatoire, mais parfois plus souple sur les vacations<\/td>\n<td>Amendes, avertissements l\u00e9gaux<\/td>\n<\/tr>\n<tr>\n<td>USA<\/td>\n<td>Flexible, vacances sans trop de contraintes<\/td>\n<td>Peu ou pas de cons\u00e9quences l\u00e9gales<\/td>\n<\/tr>\n<\/tbody>\n<\/table><\/figure>\n\n<h2 class=\"wp-block-heading\">Responsabilit\u00e9 parentale et son impact \u00e9ducatif<\/h2>\n\n<p>Au-del\u00e0 des amendes et des d\u00e9bats, la question essentielle est celle de la responsabilit\u00e9 parentale. La prise en charge de l\u2019\u00e9ducation des enfants ne se limite pas \u00e0 s&rsquo;assurer qu&rsquo;ils soient pr\u00e9sents en classe, mais implique \u00e9galement une \u00e9coute active de leurs besoins. Comment les parents peuvent-ils \u00e9quilibrer cet imp\u00e9ratif \u00e9ducatif avec le d\u00e9sir d\u2019offrir des moments privil\u00e9gi\u00e9s en famille ? C&rsquo;est un d\u00e9fi auquel beaucoup font face. La responsabilit\u00e9 parentale, alors, pourrait \u00eatre consid\u00e9r\u00e9e sous un nouvel angle. Est-il temps de revoir les lois et les mentalit\u00e9s qui entourent ce sujet complexe ?<\/p>\n\n<p>Amina Ghulam repr\u00e9sente ainsi une voix pour beaucoup de familles qui ressentent cette pression. C&rsquo;est en ayant le courage d&rsquo;agir que les parents peuvent faire bouger les choses. Toutefois, le risque d\u2019amendes doit \u00e9galement \u00eatre pris en compte : quelle serait la r\u00e9action d&rsquo;un parent face \u00e0 des sanctions excessives pour avoir voulu faire le bien pour ses enfants ? Ce sont des dilemmes qui r\u00e9sonnent tant dans les discussions parents qu&rsquo;aupr\u00e8s des \u00e9tablissements scolaires.<\/p>\n\n<h3 class=\"wp-block-heading\">L&rsquo;avenir de l&rsquo;autorit\u00e9 des parents face aux d\u00e9cisions \u00e9ducatives<\/h3>\n\n<p>A terme, le d\u00e9bat autour de l&rsquo;autorit\u00e9 scolaire et de la responsabilit\u00e9 des parents pourrait mener \u00e0 un nouveau cadre l\u00e9gislatif. La collaboration entre les parents et les \u00e9tablissements est essentielle pour construire un syst\u00e8me \u00e9ducatif hybride, qui respecte \u00e0 la fois l&rsquo;autorit\u00e9 et l\u2019intuition parentale. Pour illustrer cela, l\u2019exemple des pays qui r\u00e9ussissent \u00e0 combiner rigidit\u00e9 acad\u00e9mique et permissivit\u00e9 parentale pourrait inspirer d&rsquo;autres nations.<\/p>\n\n<ul class=\"wp-block-list\"><li>Responsabilit\u00e9 partag\u00e9e entre parents et \u00e9ducateurs \ud83e\udd1d<\/li><li>Circuits de dialogue entre \u00e9tablissements et familles \ud83d\udcec<\/li><li>Veille juridique pour prot\u00e9ger les droits \u00e9ducatifs \u2696\ufe0f<\/li><\/ul>\n\n<h2 class=\"wp-block-heading\">FAQ<\/h2>\n\n<p><strong>Quel est le montant de l&rsquo;amende impos\u00e9e \u00e0 Amina Ghulam ?<\/strong> L&rsquo;amende initiale \u00e9tait de 2 000 francs suisses (environ 2 000 euros), mais a \u00e9t\u00e9 r\u00e9duite \u00e0 400 francs suisses (432 euros) apr\u00e8s contestation.<\/p>\n\n<p><strong>Pourquoi l&rsquo;\u00e9cole a-t-elle sanctionn\u00e9 cette m\u00e8re pour l&rsquo;absence de ses enfants ?<\/strong> Les \u00e9coles suisses interdisent g\u00e9n\u00e9ralement les absences le dernier jour de l&rsquo;ann\u00e9e scolaire, et consid\u00e8rent cela comme une absence injustifi\u00e9e, entra\u00eenant des sanctions financi\u00e8res.<\/p>\n\n<p><strong>Quelles sont les cons\u00e9quences des absences injustifi\u00e9es en France ?<\/strong> Les parents risquent des amendes pouvant atteindre 750 euros et, dans les cas d&rsquo;absences r\u00e9p\u00e9t\u00e9es, des peines de prison.<\/p>\n\n<p><strong>Comment la situation est-elle per\u00e7ue dans d&rsquo;autres pays ?<\/strong> Les syst\u00e8mes \u00e9ducatifs des autres pays, comme les \u00c9tats-Unis, adoptent souvent une approche plus flexible concernant les absences, sans cons\u00e9quences l\u00e9gales strictes.<\/p>\n\n<p><strong>Pourquoi est-il important de discuter de ce cas ?<\/strong> La situation soul\u00e8ve des r\u00e9flexions sur la responsabilit\u00e9 parentale, l&rsquo;autorit\u00e9 des institutions \u00e9ducatives, et le bien-\u00eatre des enfants dans le cadre scolaire.<\/p>\n\n","protected":false},"excerpt":{"rendered":"<p>Une m\u00e8re de famille, vivante dans le canton des Grisons en Suisse, a r\u00e9cemment fait l\u2019objet d\u2019un jugement qui a beaucoup fait parler de lui. Cette m\u00e8re, d\u00e9sireuse d\u2019emmener ses enfants en voyage quelques jours avant le d\u00e9but officiel des vacances scolaires, a \u00e9t\u00e9 sanctionn\u00e9e par une amende de 400 euros. Ce cas soul\u00e8ve des &#8230; <a title=\"Une m\u00e8re condamn\u00e9e \u00e0 400 euros d&rsquo;amende pour avoir fait rater une journ\u00e9e d&rsquo;\u00e9cole \u00e0 ses enfants\" class=\"read-more\" href=\"https:\/\/www.apres-lecole.fr\/Blog\/mere-amende-journee-ecole\/\" aria-label=\"En savoir plus sur Une m\u00e8re condamn\u00e9e \u00e0 400 euros d&rsquo;amende pour avoir fait rater une journ\u00e9e d&rsquo;\u00e9cole \u00e0 ses enfants\">Lire plus<\/a><\/p>\n","protected":false},"author":9,"featured_media":1869,"comment_status":"open","ping_status":"open","sticky":false,"template":"","format":"standard","meta":{"footnotes":""},"categories":[342],"tags":[688,687,412,669,686],"class_list":["post-1870","post","type-post","status-publish","format-standard","has-post-thumbnail","hentry","category-actualites","tag-absence-scolaire","tag-amende","tag-education","tag-enfants","tag-mere-condamnee"],"yoast_head":"<!-- This site is optimized with the Yoast SEO plugin v27.5 - https:\/\/yoast.com\/product\/yoast-seo-wordpress\/ -->\n<title>Une amende pour l&#039;\u00e9ducation : quand la maternit\u00e9 co\u00fbte cher<\/title>\n<meta name=\"description\" content=\"D\u00e9couvrez l&#039;histoire \u00e9tonnante d&#039;une m\u00e8re condamn\u00e9e \u00e0 une amende de 400 euros pour avoir permis \u00e0 ses enfants de manquer une journ\u00e9e d&#039;\u00e9cole. Explorez les enjeux juridiques et \u00e9ducatifs autour de cette d\u00e9cision, ainsi que les r\u00e9actions suscit\u00e9es par ce jugement. Un sujet qui soul\u00e8ve des questions sur la responsabilit\u00e9 parentale et le droit \u00e0 l&#039;\u00e9ducation.\" \/>\n<meta name=\"robots\" content=\"index, follow, max-snippet:-1, max-image-preview:large, max-video-preview:-1\" \/>\n<link rel=\"canonical\" href=\"https:\/\/www.apres-lecole.fr\/Blog\/mere-amende-journee-ecole\/\" \/>\n<meta property=\"og:locale\" content=\"fr_FR\" \/>\n<meta property=\"og:type\" content=\"article\" \/>\n<meta property=\"og:title\" content=\"Une amende pour l&#039;\u00e9ducation : quand la maternit\u00e9 co\u00fbte cher\" \/>\n<meta property=\"og:description\" content=\"D\u00e9couvrez l&#039;histoire \u00e9tonnante d&#039;une m\u00e8re condamn\u00e9e \u00e0 une amende de 400 euros pour avoir permis \u00e0 ses enfants de manquer une journ\u00e9e d&#039;\u00e9cole. Explorez les enjeux juridiques et \u00e9ducatifs autour de cette d\u00e9cision, ainsi que les r\u00e9actions suscit\u00e9es par ce jugement. Un sujet qui soul\u00e8ve des questions sur la responsabilit\u00e9 parentale et le droit \u00e0 l&#039;\u00e9ducation.\" \/>\n<meta property=\"og:url\" content=\"https:\/\/www.apres-lecole.fr\/Blog\/mere-amende-journee-ecole\/\" \/>\n<meta property=\"article:published_time\" content=\"2025-04-20T21:07:34+00:00\" \/>\n<meta property=\"og:image\" content=\"https:\/\/www.apres-lecole.fr\/Blog\/wp-content\/uploads\/2025\/04\/Une-mere-condamnee-a-400-euros-damende-pour-avoir-fait-rater-une-journee-decole-a-ses-enfants.jpg\" \/>\n\t<meta property=\"og:image:width\" content=\"1344\" \/>\n\t<meta property=\"og:image:height\" content=\"768\" \/>\n\t<meta property=\"og:image:type\" content=\"image\/jpeg\" \/>\n<meta name=\"author\" content=\"Eva Martin\" \/>\n<meta name=\"twitter:card\" content=\"summary_large_image\" \/>\n<meta name=\"twitter:creator\" content=\"@Evaapresecole\" \/>\n<meta name=\"twitter:label1\" content=\"\u00c9crit par\" \/>\n\t<meta name=\"twitter:data1\" content=\"Eva Martin\" \/>\n\t<meta name=\"twitter:label2\" content=\"Dur\u00e9e de lecture estim\u00e9e\" \/>\n\t<meta name=\"twitter:data2\" content=\"9 minutes\" \/>\n<script type=\"application\/ld+json\" class=\"yoast-schema-graph\">{\"@context\":\"https:\\\/\\\/schema.org\",\"@graph\":[{\"@type\":\"Article\",\"@id\":\"https:\\\/\\\/www.apres-lecole.fr\\\/Blog\\\/mere-amende-journee-ecole\\\/#article\",\"isPartOf\":{\"@id\":\"https:\\\/\\\/www.apres-lecole.fr\\\/Blog\\\/mere-amende-journee-ecole\\\/\"},\"author\":{\"name\":\"Eva Martin\",\"@id\":\"https:\\\/\\\/www.apres-lecole.fr\\\/Blog\\\/#\\\/schema\\\/person\\\/aeb50cd4b51fc69da155804bb5bb9fc4\"},\"headline\":\"Une m\u00e8re condamn\u00e9e \u00e0 400 euros d&rsquo;amende pour avoir fait rater une journ\u00e9e d&rsquo;\u00e9cole \u00e0 ses enfants\",\"datePublished\":\"2025-04-20T21:07:34+00:00\",\"mainEntityOfPage\":{\"@id\":\"https:\\\/\\\/www.apres-lecole.fr\\\/Blog\\\/mere-amende-journee-ecole\\\/\"},\"wordCount\":1840,\"commentCount\":0,\"image\":{\"@id\":\"https:\\\/\\\/www.apres-lecole.fr\\\/Blog\\\/mere-amende-journee-ecole\\\/#primaryimage\"},\"thumbnailUrl\":\"https:\\\/\\\/www.apres-lecole.fr\\\/Blog\\\/wp-content\\\/uploads\\\/2025\\\/04\\\/Une-mere-condamnee-a-400-euros-damende-pour-avoir-fait-rater-une-journee-decole-a-ses-enfants.jpg\",\"keywords\":[\"absence scolaire\",\"amende\",\"\u00e9ducation\",\"enfants\",\"m\u00e8re condamn\u00e9e\"],\"articleSection\":[\"Actualit\u00e9s\"],\"inLanguage\":\"fr-FR\",\"potentialAction\":[{\"@type\":\"CommentAction\",\"name\":\"Comment\",\"target\":[\"https:\\\/\\\/www.apres-lecole.fr\\\/Blog\\\/mere-amende-journee-ecole\\\/#respond\"]}]},{\"@type\":\"WebPage\",\"@id\":\"https:\\\/\\\/www.apres-lecole.fr\\\/Blog\\\/mere-amende-journee-ecole\\\/\",\"url\":\"https:\\\/\\\/www.apres-lecole.fr\\\/Blog\\\/mere-amende-journee-ecole\\\/\",\"name\":\"Une amende pour l'\u00e9ducation : quand la maternit\u00e9 co\u00fbte cher\",\"isPartOf\":{\"@id\":\"https:\\\/\\\/www.apres-lecole.fr\\\/Blog\\\/#website\"},\"primaryImageOfPage\":{\"@id\":\"https:\\\/\\\/www.apres-lecole.fr\\\/Blog\\\/mere-amende-journee-ecole\\\/#primaryimage\"},\"image\":{\"@id\":\"https:\\\/\\\/www.apres-lecole.fr\\\/Blog\\\/mere-amende-journee-ecole\\\/#primaryimage\"},\"thumbnailUrl\":\"https:\\\/\\\/www.apres-lecole.fr\\\/Blog\\\/wp-content\\\/uploads\\\/2025\\\/04\\\/Une-mere-condamnee-a-400-euros-damende-pour-avoir-fait-rater-une-journee-decole-a-ses-enfants.jpg\",\"datePublished\":\"2025-04-20T21:07:34+00:00\",\"author\":{\"@id\":\"https:\\\/\\\/www.apres-lecole.fr\\\/Blog\\\/#\\\/schema\\\/person\\\/aeb50cd4b51fc69da155804bb5bb9fc4\"},\"description\":\"D\u00e9couvrez l'histoire \u00e9tonnante d'une m\u00e8re condamn\u00e9e \u00e0 une amende de 400 euros pour avoir permis \u00e0 ses enfants de manquer une journ\u00e9e d'\u00e9cole. Explorez les enjeux juridiques et \u00e9ducatifs autour de cette d\u00e9cision, ainsi que les r\u00e9actions suscit\u00e9es par ce jugement. Un sujet qui soul\u00e8ve des questions sur la responsabilit\u00e9 parentale et le droit \u00e0 l'\u00e9ducation.\",\"breadcrumb\":{\"@id\":\"https:\\\/\\\/www.apres-lecole.fr\\\/Blog\\\/mere-amende-journee-ecole\\\/#breadcrumb\"},\"inLanguage\":\"fr-FR\",\"potentialAction\":[{\"@type\":\"ReadAction\",\"target\":[\"https:\\\/\\\/www.apres-lecole.fr\\\/Blog\\\/mere-amende-journee-ecole\\\/\"]}]},{\"@type\":\"ImageObject\",\"inLanguage\":\"fr-FR\",\"@id\":\"https:\\\/\\\/www.apres-lecole.fr\\\/Blog\\\/mere-amende-journee-ecole\\\/#primaryimage\",\"url\":\"https:\\\/\\\/www.apres-lecole.fr\\\/Blog\\\/wp-content\\\/uploads\\\/2025\\\/04\\\/Une-mere-condamnee-a-400-euros-damende-pour-avoir-fait-rater-une-journee-decole-a-ses-enfants.jpg\",\"contentUrl\":\"https:\\\/\\\/www.apres-lecole.fr\\\/Blog\\\/wp-content\\\/uploads\\\/2025\\\/04\\\/Une-mere-condamnee-a-400-euros-damende-pour-avoir-fait-rater-une-journee-decole-a-ses-enfants.jpg\",\"width\":1344,\"height\":768,\"caption\":\"une m\u00e8re a \u00e9t\u00e9 condamn\u00e9e \u00e0 une amende de 400 euros pour avoir permis \u00e0 ses enfants de manquer une journ\u00e9e d'\u00e9cole. d\u00e9couvrez les d\u00e9tails de cette affaire qui soul\u00e8ve des questions sur les responsabilit\u00e9s parentales et l'impact de l'\u00e9ducation sur les enfants.\"},{\"@type\":\"BreadcrumbList\",\"@id\":\"https:\\\/\\\/www.apres-lecole.fr\\\/Blog\\\/mere-amende-journee-ecole\\\/#breadcrumb\",\"itemListElement\":[{\"@type\":\"ListItem\",\"position\":1,\"name\":\"Home\",\"item\":\"https:\\\/\\\/www.apres-lecole.fr\\\/Blog\\\/\"},{\"@type\":\"ListItem\",\"position\":2,\"name\":\"Une m\u00e8re condamn\u00e9e \u00e0 400 euros d&rsquo;amende pour avoir fait rater une journ\u00e9e d&rsquo;\u00e9cole \u00e0 ses enfants\"}]},{\"@type\":\"WebSite\",\"@id\":\"https:\\\/\\\/www.apres-lecole.fr\\\/Blog\\\/#website\",\"url\":\"https:\\\/\\\/www.apres-lecole.fr\\\/Blog\\\/\",\"name\":\"\",\"description\":\"M\u00e9dia g\u00e9n\u00e9raliste\",\"potentialAction\":[{\"@type\":\"SearchAction\",\"target\":{\"@type\":\"EntryPoint\",\"urlTemplate\":\"https:\\\/\\\/www.apres-lecole.fr\\\/Blog\\\/?s={search_term_string}\"},\"query-input\":{\"@type\":\"PropertyValueSpecification\",\"valueRequired\":true,\"valueName\":\"search_term_string\"}}],\"inLanguage\":\"fr-FR\"},{\"@type\":\"Person\",\"@id\":\"https:\\\/\\\/www.apres-lecole.fr\\\/Blog\\\/#\\\/schema\\\/person\\\/aeb50cd4b51fc69da155804bb5bb9fc4\",\"name\":\"Eva Martin\",\"image\":{\"@type\":\"ImageObject\",\"inLanguage\":\"fr-FR\",\"@id\":\"https:\\\/\\\/secure.gravatar.com\\\/avatar\\\/55c53222558b27a72015a64073a80edce4abd33369394b9bf2c5cd6c19d12682?s=96&d=mm&r=g\",\"url\":\"https:\\\/\\\/secure.gravatar.com\\\/avatar\\\/55c53222558b27a72015a64073a80edce4abd33369394b9bf2c5cd6c19d12682?s=96&d=mm&r=g\",\"contentUrl\":\"https:\\\/\\\/secure.gravatar.com\\\/avatar\\\/55c53222558b27a72015a64073a80edce4abd33369394b9bf2c5cd6c19d12682?s=96&d=mm&r=g\",\"caption\":\"Eva Martin\"},\"description\":\"Je parle de business et d'entrepreneuriat avec des conseils clairs, concrets et actionnables pour r\u00e9ussir\",\"sameAs\":[\"https:\\\/\\\/x.com\\\/Evaapresecole\"],\"url\":\"https:\\\/\\\/www.apres-lecole.fr\\\/Blog\\\/author\\\/evamartin\\\/\"}]}<\/script>\n<!-- \/ Yoast SEO plugin. -->","yoast_head_json":{"title":"Une amende pour l'\u00e9ducation : quand la maternit\u00e9 co\u00fbte cher","description":"D\u00e9couvrez l'histoire \u00e9tonnante d'une m\u00e8re condamn\u00e9e \u00e0 une amende de 400 euros pour avoir permis \u00e0 ses enfants de manquer une journ\u00e9e d'\u00e9cole. Explorez les enjeux juridiques et \u00e9ducatifs autour de cette d\u00e9cision, ainsi que les r\u00e9actions suscit\u00e9es par ce jugement. Un sujet qui soul\u00e8ve des questions sur la responsabilit\u00e9 parentale et le droit \u00e0 l'\u00e9ducation.","robots":{"index":"index","follow":"follow","max-snippet":"max-snippet:-1","max-image-preview":"max-image-preview:large","max-video-preview":"max-video-preview:-1"},"canonical":"https:\/\/www.apres-lecole.fr\/Blog\/mere-amende-journee-ecole\/","og_locale":"fr_FR","og_type":"article","og_title":"Une amende pour l'\u00e9ducation : quand la maternit\u00e9 co\u00fbte cher","og_description":"D\u00e9couvrez l'histoire \u00e9tonnante d'une m\u00e8re condamn\u00e9e \u00e0 une amende de 400 euros pour avoir permis \u00e0 ses enfants de manquer une journ\u00e9e d'\u00e9cole. Explorez les enjeux juridiques et \u00e9ducatifs autour de cette d\u00e9cision, ainsi que les r\u00e9actions suscit\u00e9es par ce jugement. Un sujet qui soul\u00e8ve des questions sur la responsabilit\u00e9 parentale et le droit \u00e0 l'\u00e9ducation.","og_url":"https:\/\/www.apres-lecole.fr\/Blog\/mere-amende-journee-ecole\/","article_published_time":"2025-04-20T21:07:34+00:00","og_image":[{"width":1344,"height":768,"url":"https:\/\/www.apres-lecole.fr\/Blog\/wp-content\/uploads\/2025\/04\/Une-mere-condamnee-a-400-euros-damende-pour-avoir-fait-rater-une-journee-decole-a-ses-enfants.jpg","type":"image\/jpeg"}],"author":"Eva Martin","twitter_card":"summary_large_image","twitter_creator":"@Evaapresecole","twitter_misc":{"\u00c9crit par":"Eva Martin","Dur\u00e9e de lecture estim\u00e9e":"9 minutes"},"schema":{"@context":"https:\/\/schema.org","@graph":[{"@type":"Article","@id":"https:\/\/www.apres-lecole.fr\/Blog\/mere-amende-journee-ecole\/#article","isPartOf":{"@id":"https:\/\/www.apres-lecole.fr\/Blog\/mere-amende-journee-ecole\/"},"author":{"name":"Eva Martin","@id":"https:\/\/www.apres-lecole.fr\/Blog\/#\/schema\/person\/aeb50cd4b51fc69da155804bb5bb9fc4"},"headline":"Une m\u00e8re condamn\u00e9e \u00e0 400 euros d&rsquo;amende pour avoir fait rater une journ\u00e9e d&rsquo;\u00e9cole \u00e0 ses enfants","datePublished":"2025-04-20T21:07:34+00:00","mainEntityOfPage":{"@id":"https:\/\/www.apres-lecole.fr\/Blog\/mere-amende-journee-ecole\/"},"wordCount":1840,"commentCount":0,"image":{"@id":"https:\/\/www.apres-lecole.fr\/Blog\/mere-amende-journee-ecole\/#primaryimage"},"thumbnailUrl":"https:\/\/www.apres-lecole.fr\/Blog\/wp-content\/uploads\/2025\/04\/Une-mere-condamnee-a-400-euros-damende-pour-avoir-fait-rater-une-journee-decole-a-ses-enfants.jpg","keywords":["absence scolaire","amende","\u00e9ducation","enfants","m\u00e8re condamn\u00e9e"],"articleSection":["Actualit\u00e9s"],"inLanguage":"fr-FR","potentialAction":[{"@type":"CommentAction","name":"Comment","target":["https:\/\/www.apres-lecole.fr\/Blog\/mere-amende-journee-ecole\/#respond"]}]},{"@type":"WebPage","@id":"https:\/\/www.apres-lecole.fr\/Blog\/mere-amende-journee-ecole\/","url":"https:\/\/www.apres-lecole.fr\/Blog\/mere-amende-journee-ecole\/","name":"Une amende pour l'\u00e9ducation : quand la maternit\u00e9 co\u00fbte cher","isPartOf":{"@id":"https:\/\/www.apres-lecole.fr\/Blog\/#website"},"primaryImageOfPage":{"@id":"https:\/\/www.apres-lecole.fr\/Blog\/mere-amende-journee-ecole\/#primaryimage"},"image":{"@id":"https:\/\/www.apres-lecole.fr\/Blog\/mere-amende-journee-ecole\/#primaryimage"},"thumbnailUrl":"https:\/\/www.apres-lecole.fr\/Blog\/wp-content\/uploads\/2025\/04\/Une-mere-condamnee-a-400-euros-damende-pour-avoir-fait-rater-une-journee-decole-a-ses-enfants.jpg","datePublished":"2025-04-20T21:07:34+00:00","author":{"@id":"https:\/\/www.apres-lecole.fr\/Blog\/#\/schema\/person\/aeb50cd4b51fc69da155804bb5bb9fc4"},"description":"D\u00e9couvrez l'histoire \u00e9tonnante d'une m\u00e8re condamn\u00e9e \u00e0 une amende de 400 euros pour avoir permis \u00e0 ses enfants de manquer une journ\u00e9e d'\u00e9cole. Explorez les enjeux juridiques et \u00e9ducatifs autour de cette d\u00e9cision, ainsi que les r\u00e9actions suscit\u00e9es par ce jugement. Un sujet qui soul\u00e8ve des questions sur la responsabilit\u00e9 parentale et le droit \u00e0 l'\u00e9ducation.","breadcrumb":{"@id":"https:\/\/www.apres-lecole.fr\/Blog\/mere-amende-journee-ecole\/#breadcrumb"},"inLanguage":"fr-FR","potentialAction":[{"@type":"ReadAction","target":["https:\/\/www.apres-lecole.fr\/Blog\/mere-amende-journee-ecole\/"]}]},{"@type":"ImageObject","inLanguage":"fr-FR","@id":"https:\/\/www.apres-lecole.fr\/Blog\/mere-amende-journee-ecole\/#primaryimage","url":"https:\/\/www.apres-lecole.fr\/Blog\/wp-content\/uploads\/2025\/04\/Une-mere-condamnee-a-400-euros-damende-pour-avoir-fait-rater-une-journee-decole-a-ses-enfants.jpg","contentUrl":"https:\/\/www.apres-lecole.fr\/Blog\/wp-content\/uploads\/2025\/04\/Une-mere-condamnee-a-400-euros-damende-pour-avoir-fait-rater-une-journee-decole-a-ses-enfants.jpg","width":1344,"height":768,"caption":"une m\u00e8re a \u00e9t\u00e9 condamn\u00e9e \u00e0 une amende de 400 euros pour avoir permis \u00e0 ses enfants de manquer une journ\u00e9e d'\u00e9cole. d\u00e9couvrez les d\u00e9tails de cette affaire qui soul\u00e8ve des questions sur les responsabilit\u00e9s parentales et l'impact de l'\u00e9ducation sur les enfants."},{"@type":"BreadcrumbList","@id":"https:\/\/www.apres-lecole.fr\/Blog\/mere-amende-journee-ecole\/#breadcrumb","itemListElement":[{"@type":"ListItem","position":1,"name":"Home","item":"https:\/\/www.apres-lecole.fr\/Blog\/"},{"@type":"ListItem","position":2,"name":"Une m\u00e8re condamn\u00e9e \u00e0 400 euros d&rsquo;amende pour avoir fait rater une journ\u00e9e d&rsquo;\u00e9cole \u00e0 ses enfants"}]},{"@type":"WebSite","@id":"https:\/\/www.apres-lecole.fr\/Blog\/#website","url":"https:\/\/www.apres-lecole.fr\/Blog\/","name":"","description":"M\u00e9dia g\u00e9n\u00e9raliste","potentialAction":[{"@type":"SearchAction","target":{"@type":"EntryPoint","urlTemplate":"https:\/\/www.apres-lecole.fr\/Blog\/?s={search_term_string}"},"query-input":{"@type":"PropertyValueSpecification","valueRequired":true,"valueName":"search_term_string"}}],"inLanguage":"fr-FR"},{"@type":"Person","@id":"https:\/\/www.apres-lecole.fr\/Blog\/#\/schema\/person\/aeb50cd4b51fc69da155804bb5bb9fc4","name":"Eva Martin","image":{"@type":"ImageObject","inLanguage":"fr-FR","@id":"https:\/\/secure.gravatar.com\/avatar\/55c53222558b27a72015a64073a80edce4abd33369394b9bf2c5cd6c19d12682?s=96&d=mm&r=g","url":"https:\/\/secure.gravatar.com\/avatar\/55c53222558b27a72015a64073a80edce4abd33369394b9bf2c5cd6c19d12682?s=96&d=mm&r=g","contentUrl":"https:\/\/secure.gravatar.com\/avatar\/55c53222558b27a72015a64073a80edce4abd33369394b9bf2c5cd6c19d12682?s=96&d=mm&r=g","caption":"Eva Martin"},"description":"Je parle de business et d'entrepreneuriat avec des conseils clairs, concrets et actionnables pour r\u00e9ussir","sameAs":["https:\/\/x.com\/Evaapresecole"],"url":"https:\/\/www.apres-lecole.fr\/Blog\/author\/evamartin\/"}]}},"views":36,"_links":{"self":[{"href":"https:\/\/www.apres-lecole.fr\/Blog\/wp-json\/wp\/v2\/posts\/1870","targetHints":{"allow":["GET"]}}],"collection":[{"href":"https:\/\/www.apres-lecole.fr\/Blog\/wp-json\/wp\/v2\/posts"}],"about":[{"href":"https:\/\/www.apres-lecole.fr\/Blog\/wp-json\/wp\/v2\/types\/post"}],"author":[{"embeddable":true,"href":"https:\/\/www.apres-lecole.fr\/Blog\/wp-json\/wp\/v2\/users\/9"}],"replies":[{"embeddable":true,"href":"https:\/\/www.apres-lecole.fr\/Blog\/wp-json\/wp\/v2\/comments?post=1870"}],"version-history":[{"count":0,"href":"https:\/\/www.apres-lecole.fr\/Blog\/wp-json\/wp\/v2\/posts\/1870\/revisions"}],"wp:featuredmedia":[{"embeddable":true,"href":"https:\/\/www.apres-lecole.fr\/Blog\/wp-json\/wp\/v2\/media\/1869"}],"wp:attachment":[{"href":"https:\/\/www.apres-lecole.fr\/Blog\/wp-json\/wp\/v2\/media?parent=1870"}],"wp:term":[{"taxonomy":"category","embeddable":true,"href":"https:\/\/www.apres-lecole.fr\/Blog\/wp-json\/wp\/v2\/categories?post=1870"},{"taxonomy":"post_tag","embeddable":true,"href":"https:\/\/www.apres-lecole.fr\/Blog\/wp-json\/wp\/v2\/tags?post=1870"}],"curies":[{"name":"wp","href":"https:\/\/api.w.org\/{rel}","templated":true}]}}