{"id":1868,"date":"2025-04-20T07:01:56","date_gmt":"2025-04-20T07:01:56","guid":{"rendered":"https:\/\/www.apres-lecole.fr\/Blog\/fermeture-ecole-commerce-poitiers\/"},"modified":"2025-04-20T07:01:56","modified_gmt":"2025-04-20T07:01:56","slug":"fermeture-ecole-commerce-poitiers","status":"publish","type":"post","link":"https:\/\/www.apres-lecole.fr\/Blog\/fermeture-ecole-commerce-poitiers\/","title":{"rendered":"La fermeture inattendue d&rsquo;une \u00e9cole de commerce priv\u00e9e \u00e0 Poitiers"},"content":{"rendered":"\n\n<div class=\"kk-star-ratings kksr-auto kksr-align-left kksr-valign-top\"\n    data-payload='{&quot;align&quot;:&quot;left&quot;,&quot;id&quot;:&quot;1868&quot;,&quot;slug&quot;:&quot;default&quot;,&quot;valign&quot;:&quot;top&quot;,&quot;ignore&quot;:&quot;&quot;,&quot;reference&quot;:&quot;auto&quot;,&quot;class&quot;:&quot;&quot;,&quot;count&quot;:&quot;0&quot;,&quot;legendonly&quot;:&quot;&quot;,&quot;readonly&quot;:&quot;&quot;,&quot;score&quot;:&quot;0&quot;,&quot;starsonly&quot;:&quot;&quot;,&quot;best&quot;:&quot;5&quot;,&quot;gap&quot;:&quot;5&quot;,&quot;greet&quot;:&quot;Rate this post&quot;,&quot;legend&quot;:&quot;0\\\/5 - (0 vote)&quot;,&quot;size&quot;:&quot;24&quot;,&quot;title&quot;:&quot;La fermeture inattendue d\\u0026#039;une \u00e9cole de commerce priv\u00e9e \u00e0 Poitiers&quot;,&quot;width&quot;:&quot;0&quot;,&quot;_legend&quot;:&quot;{score}\\\/{best} - ({count} {votes})&quot;,&quot;font_factor&quot;:&quot;1.25&quot;}'>\n            \n<div class=\"kksr-stars\">\n    \n<div class=\"kksr-stars-inactive\">\n            <div class=\"kksr-star\" data-star=\"1\" style=\"padding-right: 5px\">\n            \n\n<div class=\"kksr-icon\" style=\"width: 24px; height: 24px;\"><\/div>\n        <\/div>\n            <div class=\"kksr-star\" data-star=\"2\" style=\"padding-right: 5px\">\n            \n\n<div class=\"kksr-icon\" style=\"width: 24px; height: 24px;\"><\/div>\n        <\/div>\n            <div class=\"kksr-star\" data-star=\"3\" style=\"padding-right: 5px\">\n            \n\n<div class=\"kksr-icon\" style=\"width: 24px; height: 24px;\"><\/div>\n        <\/div>\n            <div class=\"kksr-star\" data-star=\"4\" style=\"padding-right: 5px\">\n            \n\n<div class=\"kksr-icon\" style=\"width: 24px; height: 24px;\"><\/div>\n        <\/div>\n            <div class=\"kksr-star\" data-star=\"5\" style=\"padding-right: 5px\">\n            \n\n<div class=\"kksr-icon\" style=\"width: 24px; height: 24px;\"><\/div>\n        <\/div>\n    <\/div>\n    \n<div class=\"kksr-stars-active\" style=\"width: 0px;\">\n            <div class=\"kksr-star\" style=\"padding-right: 5px\">\n            \n\n<div class=\"kksr-icon\" style=\"width: 24px; height: 24px;\"><\/div>\n        <\/div>\n            <div class=\"kksr-star\" style=\"padding-right: 5px\">\n            \n\n<div class=\"kksr-icon\" style=\"width: 24px; height: 24px;\"><\/div>\n        <\/div>\n            <div class=\"kksr-star\" style=\"padding-right: 5px\">\n            \n\n<div class=\"kksr-icon\" style=\"width: 24px; height: 24px;\"><\/div>\n        <\/div>\n            <div class=\"kksr-star\" style=\"padding-right: 5px\">\n            \n\n<div class=\"kksr-icon\" style=\"width: 24px; height: 24px;\"><\/div>\n        <\/div>\n            <div class=\"kksr-star\" style=\"padding-right: 5px\">\n            \n\n<div class=\"kksr-icon\" style=\"width: 24px; height: 24px;\"><\/div>\n        <\/div>\n    <\/div>\n<\/div>\n                \n\n<div class=\"kksr-legend\" style=\"font-size: 19.2px;\">\n            <span class=\"kksr-muted\">Rate this post<\/span>\n    <\/div>\n    <\/div>\n<p>La fermeture inattendue d&rsquo;une \u00e9cole de commerce priv\u00e9e \u00e0 Poitiers a suscit\u00e9 une onde de choc parmi les \u00e9tudiants et les acteurs de l&rsquo;\u00e9ducation. Alors que le march\u00e9 de l&rsquo;\u00e9ducation \u00e9volue, cette d\u00e9cision soul\u00e8ve de nombreuses questions sur l&rsquo;avenir des formations professionnelles dans la r\u00e9gion. Que se passe-t-il lorsqu&rsquo;une institution, qui a form\u00e9 des g\u00e9n\u00e9rations de futurs managers, tire d\u00e9finitivement sa r\u00e9v\u00e9rence ? Les r\u00e9percussions \u00e9conomiques et humaines d\u00e9passent largement le cadre de la simple fermeture d&rsquo;un \u00e9tablissement. D\u00e9couvrons ensemble les enjeux qui se cachent derri\u00e8re cet \u00e9v\u00e9nement marquant.<\/p>\n\n<h2 class=\"wp-block-heading\">Un coup dur pour l&rsquo;\u00e9ducation \u00e0 Poitiers<\/h2>\n\n<p>La d\u00e9cision de fermer une \u00e9cole de commerce, qui jusque-l\u00e0 offrait des formations vari\u00e9es et un accompagnement \u00e9tudiant soign\u00e9, n&rsquo;est jamais ais\u00e9e. Cette annonce a provoqu\u00e9 de vives r\u00e9actions dans la ville de Poitiers, o\u00f9 l&rsquo;investissement en \u00e9ducation est un sujet crucial. Nombreux sont ceux qui ont exprim\u00e9 leur m\u00e9contentement et leur tristesse face \u00e0 la perspective d&rsquo;une r\u00e9gion priv\u00e9e de cette offre \u00e9ducative. <\/p>\n\n<p>Cette \u00e9cole, qui se sp\u00e9cialiser en management, commerce et alternative, avait su s&rsquo;imposer sur le march\u00e9 \u00e9ducatif. Cependant, en constatant que le nombre d&rsquo;inscriptions avait chut\u00e9 au fil des ann\u00e9es, quand l&rsquo;\u00e9cole ne comptait plus que 8% de ses effectifs en termes d&rsquo;\u00e9tudiants, la direction a d\u00fb prendre cette d\u00e9cision difficile. Il s&rsquo;agit l\u00e0 d&rsquo;un exemple flagrant de l&rsquo;\u00e9volution des attentes des \u00e9tudiants et du march\u00e9 de l&rsquo;\u00e9ducation en g\u00e9n\u00e9ral.<\/p>\n\n<h3 class=\"wp-block-heading\">Les implications de la fermeture<\/h3>\n\n<p>Les cons\u00e9quences d\u2019une fermeture d&rsquo;\u00e9cole ne se limitent pas \u00e0 la simple fermeture des portes de l&rsquo;\u00e9tablissement. Plusieurs axes m\u00e9ritent d&rsquo;\u00eatre examin\u00e9s, non seulement du point de vue des \u00e9tudiants, mais aussi sur celui des professeurs, des employ\u00e9s, et m\u00eame des entreprises locales.<\/p>\n\n<ul class=\"wp-block-list\"><li>\ud83d\udcc9 <strong>Impact sur les \u00e9tudiants :<\/strong> Pour les \u00e9tudiants actuellement inscrits, le besoin d\u2019une reconversion rapide est in\u00e9luctable. Beaucoup d&rsquo;entre eux devront trouver d&rsquo;autres \u00e9tablissements comme alternatives.<\/li><li>\ud83d\ude4d\u200d\u2642\ufe0f <strong>Sort des enseignants :<\/strong> Les professeurs et le personnel administratif se retrouvent sans emploi, ce qui repr\u00e9sente une perte suppl\u00e9mentaire pour le tissu local. Que vont-ils devenir ?<\/li><li>\ud83d\udcbc <strong>R\u00e9percussions \u00e9conomiques :<\/strong> Moins d&rsquo;\u00e9tudiants signifie une baisse des activit\u00e9s qui entourent l&rsquo;\u00e9cole, comme les logements \u00e9tudiants et autres services. La fermeture impacte donc l&rsquo;\u00e9conomie locale.<\/li><\/ul>\n\n<p>Aujourd&rsquo;hui, le march\u00e9 de l&rsquo;\u00e9ducation est en proie \u00e0 des mutations acc\u00e9l\u00e9r\u00e9es, poussant les institutions \u00e0 se r\u00e9inventer. Toutefois, cette restructuration, bien que n\u00e9cessaire, laisse des traces dans le paysage \u00e9ducatif. Les \u00e9coles doivent d\u00e9sormais redoubler d&rsquo;efforts pour offrir un enseignement attractif et adapt\u00e9 aux nouvelles attentes.<\/p>\n\n<h2 class=\"wp-block-heading\">Alternatives \u00e0 l&rsquo;\u00c9cole de commerce ferm\u00e9e<\/h2>\n\n<p>Face \u00e0 la fermeture d&rsquo;une entit\u00e9 \u00e9ducative, se posent des questions li\u00e9es \u00e0 la recherche d&rsquo;alternatives. Quels choix restent aux \u00e9tudiants en qu\u00eate de formation professionnelle ? La r\u00e9ponse r\u00e9side dans la diversit\u00e9 des dispositifs mis en place par d&rsquo;autres \u00e9tablissements de la r\u00e9gion.<\/p>\n\n<p>Il est r\u00e9confortant de noter que plusieurs \u00e9coles et universit\u00e9s de la r\u00e9gion se tiennent pr\u00eates \u00e0 accueillir ces \u00e9tudiants en qu\u00eate de nouveaux horizons. Les opportunit\u00e9s d&rsquo;int\u00e9grer des cursus en alternance se multiplient, apportant ainsi un pr\u00e9cieux accompagnement pour faciliter la transition.<\/p>\n\n<h3 class=\"wp-block-heading\">Ne pas perdre espoir : quelles options ?<\/h3>\n\n<p>Voici une liste non exhaustive d&rsquo;alternatives qui peuvent s\u00e9duire les futurs \u00e9tudiants :<\/p>\n\n<ul class=\"wp-block-list\"><li>\ud83c\udfeb <strong>IES Business School<\/strong> : Ouvrant ses portes en septembre 2023, cette \u00e9cole a la volont\u00e9 d&rsquo;enrichir le paysage \u00e9ducatif poitevin.<\/li><li>\ud83c\udf93 <strong>Formation par alternance<\/strong> : De plus en plus d&rsquo;\u00e9tablissements proposent des dipl\u00f4mes en alternance, permettant ainsi une insertion rapide dans le monde du travail.<\/li><li>\ud83c\udf0d <strong>D\u00e9marches \u00e0 l&rsquo;international<\/strong> : Certaines universit\u00e9s offrent la possibilit\u00e9 de stages ou d&rsquo;\u00e9tudes \u00e0 l&rsquo;\u00e9tranger, favorisant une ouverture culturelle et professionnelle.<\/li><\/ul>\n\n<p>Cela dit, il est crucial que les \u00e9tudiants fassent preuve d&rsquo;initiative et de proactivit\u00e9 pour explorer ces options. Se renseigner, comparer les diff\u00e9rentes formations et les retours d&rsquo;anciens \u00e9l\u00e8ves est essentiel pour faire le bon choix et ne pas perdre de pr\u00e9cieuses ann\u00e9es d&rsquo;\u00e9tudes.<\/p>\n\n<h2 class=\"wp-block-heading\">Le r\u00f4le des entreprises dans l&rsquo;accompagnement des futurs dipl\u00f4m\u00e9s<\/h2>\n\n<p>Une autre dimension essentielle \u00e0 prendre en compte r\u00e9side dans l&rsquo;implication des entreprises. En effet, celles-ci jouent un r\u00f4le cl\u00e9 dans le processus d&rsquo;insertion professionnelle des \u00e9tudiants. La formation th\u00e9orique ne suffit pas; un v\u00e9ritable accompagnement \u00e9tudiant via le monde du travail est crucial pour garantir une op\u00e9rationnalit\u00e9 rapide.<\/p>\n\n<p>Les entreprises de la r\u00e9gion doivent maintenant faire un effort pour encourager et soutenir les nouvelles g\u00e9n\u00e9rations. Les collaborations avec des \u00e9coles, par le biais de stages ou d\u2019emplois en alternance, sont primordiales. Ainsi, les \u00e9tudiants n&rsquo;int\u00e8grent pas seulement des connaissances, mais acqui\u00e8rent \u00e9galement une exp\u00e9rience pr\u00e9cieuse, un v\u00e9ritable tremplin vers leur avenir professionnel.<\/p>\n\n<h3 class=\"wp-block-heading\">Comment les entreprises peuvent jouer un r\u00f4le positif ?<\/h3>\n\n<p>Voici plusieurs fa\u00e7ons d\u2019encourager cette dynamique :<\/p>\n\n<ul class=\"wp-block-list\"><li>\ud83e\udd1d <strong>Partenariats avec les \u00e9coles<\/strong> : Les entreprises peuvent \u00e9tablir des accords avec les \u00e9tablissements \u00e9ducatifs pour faciliter l&rsquo;insertion des \u00e9tudiants via des stages r\u00e9mun\u00e9r\u00e9s.<\/li><li>\ud83d\udde3 <strong>Mentorat<\/strong> : Des programmes de mentorat peuvent \u00eatre mis en place pour accompagner les \u00e9tudiants dans leur parcours professionnel et les aider \u00e0 naviguer le march\u00e9 du travail.<\/li><li>\ud83d\udcda <strong>Formations internes<\/strong> : Offrir des formations en entreprise permettrait de combler le foss\u00e9 entre l\u2019enseignement acad\u00e9mique et les comp\u00e9tences exig\u00e9es par le monde professionnel.<\/li><\/ul>\n\n<p>Les efforts conjugu\u00e9s des institutions \u00e9ducatives et des entreprises sont essentiels pour faire face \u00e0 cette fermeture inattendue et permettre aux \u00e9tudiants de s&rsquo;\u00e9panouir dans leur parcours de formation.<\/p>\n\n<h2 class=\"wp-block-heading\">L&rsquo;impact soci\u00e9tal de la fermeture sur la r\u00e9gion de Poitiers<\/h2>\n\n<p>La fermeture de cette \u00e9cole de commerce a non seulement des cons\u00e9quences sur les \u00e9tudiants, mais \u00e9galement un impact soci\u00e9tal global. Dans une ville comme Poitiers, o\u00f9 l&rsquo;\u00e9ducation est un enjeu crucial, cette annonce ne peut laisser indiff\u00e9rents les citoyens et \u00e9lus locaux.<\/p>\n\n<p>La dissolution de l&rsquo;\u00e9cole de commerce laisse un vide dans le paysage \u00e9ducatif, qui peut engendrer des sentiments de frustration et d&rsquo;inqui\u00e9tude parmi les jeunes sur leurs futures possibilit\u00e9s d&rsquo;\u00e9tudes. Ce ph\u00e9nom\u00e8ne peut provoquer une fuite des cerveaux, o\u00f9 les \u00e9tudiants pr\u00e9f\u00e9reront quitter leur r\u00e9gion pour rechercher des opportunit\u00e9s ailleurs, entra\u00eenant ainsi une baisse de dynamisme local.<\/p>\n\n<h3 class=\"wp-block-heading\">La perception de l&rsquo;\u00e9ducation dans la soci\u00e9t\u00e9<\/h3>\n\n<p>La fermeture d&rsquo;une \u00e9cole repr\u00e9sente une remise en question des valeurs attribu\u00e9es \u00e0 l&rsquo;\u00e9ducation dans un contexte o\u00f9 les dipl\u00f4mes deviennent d\u00e9cisifs pour l&rsquo;avenir professionnel des jeunes. Que pense-t-on r\u00e9ellement de l&rsquo;\u00e9ducation dans une ville qui perd une \u00e9cole ? Voici plusieurs \u00e9l\u00e9ments \u00e0 consid\u00e9rer :<\/p>\n\n<figure class=\"wp-block-table\"><table>\n<thead>\n<tr>\n<th>Aspect<\/th>\n<th>Cons\u00e9quence potentielle<\/th>\n<\/tr>\n<\/thead>\n<tbody>\n<tr>\n<td>\ud83d\udcc9 Diminution du nombre d&rsquo;\u00e9tudiants<\/td>\n<td>Perte de talents et d&rsquo;innovation<\/td>\n<\/tr>\n<tr>\n<td>\ud83d\udcb0 Impact \u00e9conomique local<\/td>\n<td>Faiblesse de l&rsquo;attrait pour de nouveaux investissements<\/td>\n<\/tr>\n<tr>\n<td>\ud83c\udf10 Isolation \u00e9ducative<\/td>\n<td>Difficult\u00e9 pour les jeunes \u00e0 s&rsquo;int\u00e9grer sur le march\u00e9 national<\/td>\n<\/tr>\n<\/tbody>\n<\/table><\/figure>\n\n<p>En somme, la fermeture de cette \u00e9cole de commerce \u00e0 Poitiers agit comme un catalyseur soulignant la n\u00e9cessit\u00e9 de renforcer l&rsquo;int\u00e9gration entre les diff\u00e9rents acteurs du march\u00e9 \u00e9ducatif. S&rsquo;il faut absolument rebondir apr\u00e8s ce moment difficile, une seule chose est certaine : l&rsquo;\u00e9ducation reste la cl\u00e9 pour construire un avenir solide pour les g\u00e9n\u00e9rations futures.<\/p>\n\n<h2 class=\"wp-block-heading\">FAQ<\/h2>\n\n<p><strong>Quelle \u00e9cole de commerce a ferm\u00e9 \u00e0 Poitiers ?<\/strong><br> La fermeture concerne l&rsquo;\u00e9cole de commerce priv\u00e9e qui offrait des formations en management et commerce.<\/p>\n\n<p><strong>Quel impact a cette fermeture sur les \u00e9tudiants ?<\/strong><br> Les \u00e9tudiants devront trouver d&rsquo;autres \u00e9tablissements d&rsquo;enseignement, ce qui entra\u00eene souvent des d\u00e9fis d&rsquo;adaptation.<\/p>\n\n<p><strong>Y a-t-il des alternatives aux formations propos\u00e9es auparavant ?<\/strong><br> Oui, d&rsquo;autres \u00e9coles comme l&rsquo;IES Business School vont ouvrir et proposer des formations en alternance.<\/p>\n\n<p><strong>Quelles sont les cons\u00e9quences \u00e9conomiques de cette fermeture ?<\/strong><br> Cela peut entra\u00eener une r\u00e9duction des activit\u00e9s locales li\u00e9es aux \u00e9tudiants et un impact sur la dynamisation \u00e9conomique de la r\u00e9gion.<\/p>\n\n<p><strong>Comment les entreprises peuvent-elles aider les \u00e9tudiants ?<\/strong><br> En cr\u00e9ant des partenariats avec des \u00e9tablissements \u00e9ducatifs et en offrant des stages ou formations.<\/p>\n\n","protected":false},"excerpt":{"rendered":"<p>La fermeture inattendue d&rsquo;une \u00e9cole de commerce priv\u00e9e \u00e0 Poitiers a suscit\u00e9 une onde de choc parmi les \u00e9tudiants et les acteurs de l&rsquo;\u00e9ducation. Alors que le march\u00e9 de l&rsquo;\u00e9ducation \u00e9volue, cette d\u00e9cision soul\u00e8ve de nombreuses questions sur l&rsquo;avenir des formations professionnelles dans la r\u00e9gion. Que se passe-t-il lorsqu&rsquo;une institution, qui a form\u00e9 des g\u00e9n\u00e9rations &#8230; <a title=\"La fermeture inattendue d&rsquo;une \u00e9cole de commerce priv\u00e9e \u00e0 Poitiers\" class=\"read-more\" href=\"https:\/\/www.apres-lecole.fr\/Blog\/fermeture-ecole-commerce-poitiers\/\" aria-label=\"En savoir plus sur La fermeture inattendue d&rsquo;une \u00e9cole de commerce priv\u00e9e \u00e0 Poitiers\">Lire plus<\/a><\/p>\n","protected":false},"author":9,"featured_media":1867,"comment_status":"open","ping_status":"open","sticky":false,"template":"","format":"standard","meta":{"footnotes":""},"categories":[342],"tags":[684,682,685,683,681],"class_list":["post-1868","post","type-post","status-publish","format-standard","has-post-thumbnail","hentry","category-actualites","tag-actualites-poitiers","tag-ecole-privee-poitiers","tag-ecoles-de-commerce","tag-education-superieure","tag-fermeture-ecole-commerce"],"yoast_head":"<!-- This site is optimized with the Yoast SEO plugin v27.5 - https:\/\/yoast.com\/product\/yoast-seo-wordpress\/ -->\n<title>La chute surprise d&#039;une \u00e9cole de commerce \u00e0 Poitiers<\/title>\n<meta name=\"description\" content=\"D\u00e9couvrez les raisons et les cons\u00e9quences de la fermeture inattendue d&#039;une \u00e9cole de commerce priv\u00e9e \u00e0 Poitiers. Cette situation soul\u00e8ve des questions sur l&#039;\u00e9ducation, l&#039;impact sur les \u00e9tudiants et l&#039;avenir des \u00e9tablissements priv\u00e9s. Restez inform\u00e9 des d\u00e9veloppements r\u00e9cents et des r\u00e9percussions sur la communaut\u00e9 \u00e9ducative.\" \/>\n<meta name=\"robots\" content=\"index, follow, max-snippet:-1, max-image-preview:large, max-video-preview:-1\" \/>\n<link rel=\"canonical\" href=\"https:\/\/www.apres-lecole.fr\/Blog\/fermeture-ecole-commerce-poitiers\/\" \/>\n<meta property=\"og:locale\" content=\"fr_FR\" \/>\n<meta property=\"og:type\" content=\"article\" \/>\n<meta property=\"og:title\" content=\"La chute surprise d&#039;une \u00e9cole de commerce \u00e0 Poitiers\" \/>\n<meta property=\"og:description\" content=\"D\u00e9couvrez les raisons et les cons\u00e9quences de la fermeture inattendue d&#039;une \u00e9cole de commerce priv\u00e9e \u00e0 Poitiers. Cette situation soul\u00e8ve des questions sur l&#039;\u00e9ducation, l&#039;impact sur les \u00e9tudiants et l&#039;avenir des \u00e9tablissements priv\u00e9s. Restez inform\u00e9 des d\u00e9veloppements r\u00e9cents et des r\u00e9percussions sur la communaut\u00e9 \u00e9ducative.\" \/>\n<meta property=\"og:url\" content=\"https:\/\/www.apres-lecole.fr\/Blog\/fermeture-ecole-commerce-poitiers\/\" \/>\n<meta property=\"article:published_time\" content=\"2025-04-20T07:01:56+00:00\" \/>\n<meta property=\"og:image\" content=\"https:\/\/www.apres-lecole.fr\/Blog\/wp-content\/uploads\/2025\/04\/La-fermeture-inattendue-dune-ecole-de-commerce-privee-a-Poitiers.jpg\" \/>\n\t<meta property=\"og:image:width\" content=\"1344\" \/>\n\t<meta property=\"og:image:height\" content=\"768\" \/>\n\t<meta property=\"og:image:type\" content=\"image\/jpeg\" \/>\n<meta name=\"author\" content=\"Eva Martin\" \/>\n<meta name=\"twitter:card\" content=\"summary_large_image\" \/>\n<meta name=\"twitter:creator\" content=\"@Evaapresecole\" \/>\n<meta name=\"twitter:label1\" content=\"\u00c9crit par\" \/>\n\t<meta name=\"twitter:data1\" content=\"Eva Martin\" \/>\n\t<meta name=\"twitter:label2\" content=\"Dur\u00e9e de lecture estim\u00e9e\" \/>\n\t<meta name=\"twitter:data2\" content=\"7 minutes\" \/>\n<script type=\"application\/ld+json\" class=\"yoast-schema-graph\">{\"@context\":\"https:\\\/\\\/schema.org\",\"@graph\":[{\"@type\":\"Article\",\"@id\":\"https:\\\/\\\/www.apres-lecole.fr\\\/Blog\\\/fermeture-ecole-commerce-poitiers\\\/#article\",\"isPartOf\":{\"@id\":\"https:\\\/\\\/www.apres-lecole.fr\\\/Blog\\\/fermeture-ecole-commerce-poitiers\\\/\"},\"author\":{\"name\":\"Eva Martin\",\"@id\":\"https:\\\/\\\/www.apres-lecole.fr\\\/Blog\\\/#\\\/schema\\\/person\\\/aeb50cd4b51fc69da155804bb5bb9fc4\"},\"headline\":\"La fermeture inattendue d&rsquo;une \u00e9cole de commerce priv\u00e9e \u00e0 Poitiers\",\"datePublished\":\"2025-04-20T07:01:56+00:00\",\"mainEntityOfPage\":{\"@id\":\"https:\\\/\\\/www.apres-lecole.fr\\\/Blog\\\/fermeture-ecole-commerce-poitiers\\\/\"},\"wordCount\":1409,\"commentCount\":0,\"image\":{\"@id\":\"https:\\\/\\\/www.apres-lecole.fr\\\/Blog\\\/fermeture-ecole-commerce-poitiers\\\/#primaryimage\"},\"thumbnailUrl\":\"https:\\\/\\\/www.apres-lecole.fr\\\/Blog\\\/wp-content\\\/uploads\\\/2025\\\/04\\\/La-fermeture-inattendue-dune-ecole-de-commerce-privee-a-Poitiers.jpg\",\"keywords\":[\"actualit\u00e9s poitiers\",\"\u00e9cole priv\u00e9e poitiers\",\"\u00e9coles de commerce\",\"\u00e9ducation sup\u00e9rieure\",\"fermeture \u00e9cole commerce\"],\"articleSection\":[\"Actualit\u00e9s\"],\"inLanguage\":\"fr-FR\",\"potentialAction\":[{\"@type\":\"CommentAction\",\"name\":\"Comment\",\"target\":[\"https:\\\/\\\/www.apres-lecole.fr\\\/Blog\\\/fermeture-ecole-commerce-poitiers\\\/#respond\"]}]},{\"@type\":\"WebPage\",\"@id\":\"https:\\\/\\\/www.apres-lecole.fr\\\/Blog\\\/fermeture-ecole-commerce-poitiers\\\/\",\"url\":\"https:\\\/\\\/www.apres-lecole.fr\\\/Blog\\\/fermeture-ecole-commerce-poitiers\\\/\",\"name\":\"La chute surprise d'une \u00e9cole de commerce \u00e0 Poitiers\",\"isPartOf\":{\"@id\":\"https:\\\/\\\/www.apres-lecole.fr\\\/Blog\\\/#website\"},\"primaryImageOfPage\":{\"@id\":\"https:\\\/\\\/www.apres-lecole.fr\\\/Blog\\\/fermeture-ecole-commerce-poitiers\\\/#primaryimage\"},\"image\":{\"@id\":\"https:\\\/\\\/www.apres-lecole.fr\\\/Blog\\\/fermeture-ecole-commerce-poitiers\\\/#primaryimage\"},\"thumbnailUrl\":\"https:\\\/\\\/www.apres-lecole.fr\\\/Blog\\\/wp-content\\\/uploads\\\/2025\\\/04\\\/La-fermeture-inattendue-dune-ecole-de-commerce-privee-a-Poitiers.jpg\",\"datePublished\":\"2025-04-20T07:01:56+00:00\",\"author\":{\"@id\":\"https:\\\/\\\/www.apres-lecole.fr\\\/Blog\\\/#\\\/schema\\\/person\\\/aeb50cd4b51fc69da155804bb5bb9fc4\"},\"description\":\"D\u00e9couvrez les raisons et les cons\u00e9quences de la fermeture inattendue d'une \u00e9cole de commerce priv\u00e9e \u00e0 Poitiers. Cette situation soul\u00e8ve des questions sur l'\u00e9ducation, l'impact sur les \u00e9tudiants et l'avenir des \u00e9tablissements priv\u00e9s. Restez inform\u00e9 des d\u00e9veloppements r\u00e9cents et des r\u00e9percussions sur la communaut\u00e9 \u00e9ducative.\",\"breadcrumb\":{\"@id\":\"https:\\\/\\\/www.apres-lecole.fr\\\/Blog\\\/fermeture-ecole-commerce-poitiers\\\/#breadcrumb\"},\"inLanguage\":\"fr-FR\",\"potentialAction\":[{\"@type\":\"ReadAction\",\"target\":[\"https:\\\/\\\/www.apres-lecole.fr\\\/Blog\\\/fermeture-ecole-commerce-poitiers\\\/\"]}]},{\"@type\":\"ImageObject\",\"inLanguage\":\"fr-FR\",\"@id\":\"https:\\\/\\\/www.apres-lecole.fr\\\/Blog\\\/fermeture-ecole-commerce-poitiers\\\/#primaryimage\",\"url\":\"https:\\\/\\\/www.apres-lecole.fr\\\/Blog\\\/wp-content\\\/uploads\\\/2025\\\/04\\\/La-fermeture-inattendue-dune-ecole-de-commerce-privee-a-Poitiers.jpg\",\"contentUrl\":\"https:\\\/\\\/www.apres-lecole.fr\\\/Blog\\\/wp-content\\\/uploads\\\/2025\\\/04\\\/La-fermeture-inattendue-dune-ecole-de-commerce-privee-a-Poitiers.jpg\",\"width\":1344,\"height\":768,\"caption\":\"d\u00e9couvrez les implications et les r\u00e9actions suscit\u00e9es par la fermeture inattendue d'une \u00e9cole de commerce priv\u00e9e \u00e0 poitiers. analyse des impacts sur les \u00e9tudiants, le personnel et l'environnement \u00e9ducatif local.\"},{\"@type\":\"BreadcrumbList\",\"@id\":\"https:\\\/\\\/www.apres-lecole.fr\\\/Blog\\\/fermeture-ecole-commerce-poitiers\\\/#breadcrumb\",\"itemListElement\":[{\"@type\":\"ListItem\",\"position\":1,\"name\":\"Home\",\"item\":\"https:\\\/\\\/www.apres-lecole.fr\\\/Blog\\\/\"},{\"@type\":\"ListItem\",\"position\":2,\"name\":\"La fermeture inattendue d&rsquo;une \u00e9cole de commerce priv\u00e9e \u00e0 Poitiers\"}]},{\"@type\":\"WebSite\",\"@id\":\"https:\\\/\\\/www.apres-lecole.fr\\\/Blog\\\/#website\",\"url\":\"https:\\\/\\\/www.apres-lecole.fr\\\/Blog\\\/\",\"name\":\"\",\"description\":\"M\u00e9dia g\u00e9n\u00e9raliste\",\"potentialAction\":[{\"@type\":\"SearchAction\",\"target\":{\"@type\":\"EntryPoint\",\"urlTemplate\":\"https:\\\/\\\/www.apres-lecole.fr\\\/Blog\\\/?s={search_term_string}\"},\"query-input\":{\"@type\":\"PropertyValueSpecification\",\"valueRequired\":true,\"valueName\":\"search_term_string\"}}],\"inLanguage\":\"fr-FR\"},{\"@type\":\"Person\",\"@id\":\"https:\\\/\\\/www.apres-lecole.fr\\\/Blog\\\/#\\\/schema\\\/person\\\/aeb50cd4b51fc69da155804bb5bb9fc4\",\"name\":\"Eva Martin\",\"image\":{\"@type\":\"ImageObject\",\"inLanguage\":\"fr-FR\",\"@id\":\"https:\\\/\\\/secure.gravatar.com\\\/avatar\\\/55c53222558b27a72015a64073a80edce4abd33369394b9bf2c5cd6c19d12682?s=96&d=mm&r=g\",\"url\":\"https:\\\/\\\/secure.gravatar.com\\\/avatar\\\/55c53222558b27a72015a64073a80edce4abd33369394b9bf2c5cd6c19d12682?s=96&d=mm&r=g\",\"contentUrl\":\"https:\\\/\\\/secure.gravatar.com\\\/avatar\\\/55c53222558b27a72015a64073a80edce4abd33369394b9bf2c5cd6c19d12682?s=96&d=mm&r=g\",\"caption\":\"Eva Martin\"},\"description\":\"Je parle de business et d'entrepreneuriat avec des conseils clairs, concrets et actionnables pour r\u00e9ussir\",\"sameAs\":[\"https:\\\/\\\/x.com\\\/Evaapresecole\"],\"url\":\"https:\\\/\\\/www.apres-lecole.fr\\\/Blog\\\/author\\\/evamartin\\\/\"}]}<\/script>\n<!-- \/ Yoast SEO plugin. -->","yoast_head_json":{"title":"La chute surprise d'une \u00e9cole de commerce \u00e0 Poitiers","description":"D\u00e9couvrez les raisons et les cons\u00e9quences de la fermeture inattendue d'une \u00e9cole de commerce priv\u00e9e \u00e0 Poitiers. Cette situation soul\u00e8ve des questions sur l'\u00e9ducation, l'impact sur les \u00e9tudiants et l'avenir des \u00e9tablissements priv\u00e9s. Restez inform\u00e9 des d\u00e9veloppements r\u00e9cents et des r\u00e9percussions sur la communaut\u00e9 \u00e9ducative.","robots":{"index":"index","follow":"follow","max-snippet":"max-snippet:-1","max-image-preview":"max-image-preview:large","max-video-preview":"max-video-preview:-1"},"canonical":"https:\/\/www.apres-lecole.fr\/Blog\/fermeture-ecole-commerce-poitiers\/","og_locale":"fr_FR","og_type":"article","og_title":"La chute surprise d'une \u00e9cole de commerce \u00e0 Poitiers","og_description":"D\u00e9couvrez les raisons et les cons\u00e9quences de la fermeture inattendue d'une \u00e9cole de commerce priv\u00e9e \u00e0 Poitiers. Cette situation soul\u00e8ve des questions sur l'\u00e9ducation, l'impact sur les \u00e9tudiants et l'avenir des \u00e9tablissements priv\u00e9s. Restez inform\u00e9 des d\u00e9veloppements r\u00e9cents et des r\u00e9percussions sur la communaut\u00e9 \u00e9ducative.","og_url":"https:\/\/www.apres-lecole.fr\/Blog\/fermeture-ecole-commerce-poitiers\/","article_published_time":"2025-04-20T07:01:56+00:00","og_image":[{"width":1344,"height":768,"url":"https:\/\/www.apres-lecole.fr\/Blog\/wp-content\/uploads\/2025\/04\/La-fermeture-inattendue-dune-ecole-de-commerce-privee-a-Poitiers.jpg","type":"image\/jpeg"}],"author":"Eva Martin","twitter_card":"summary_large_image","twitter_creator":"@Evaapresecole","twitter_misc":{"\u00c9crit par":"Eva Martin","Dur\u00e9e de lecture estim\u00e9e":"7 minutes"},"schema":{"@context":"https:\/\/schema.org","@graph":[{"@type":"Article","@id":"https:\/\/www.apres-lecole.fr\/Blog\/fermeture-ecole-commerce-poitiers\/#article","isPartOf":{"@id":"https:\/\/www.apres-lecole.fr\/Blog\/fermeture-ecole-commerce-poitiers\/"},"author":{"name":"Eva Martin","@id":"https:\/\/www.apres-lecole.fr\/Blog\/#\/schema\/person\/aeb50cd4b51fc69da155804bb5bb9fc4"},"headline":"La fermeture inattendue d&rsquo;une \u00e9cole de commerce priv\u00e9e \u00e0 Poitiers","datePublished":"2025-04-20T07:01:56+00:00","mainEntityOfPage":{"@id":"https:\/\/www.apres-lecole.fr\/Blog\/fermeture-ecole-commerce-poitiers\/"},"wordCount":1409,"commentCount":0,"image":{"@id":"https:\/\/www.apres-lecole.fr\/Blog\/fermeture-ecole-commerce-poitiers\/#primaryimage"},"thumbnailUrl":"https:\/\/www.apres-lecole.fr\/Blog\/wp-content\/uploads\/2025\/04\/La-fermeture-inattendue-dune-ecole-de-commerce-privee-a-Poitiers.jpg","keywords":["actualit\u00e9s poitiers","\u00e9cole priv\u00e9e poitiers","\u00e9coles de commerce","\u00e9ducation sup\u00e9rieure","fermeture \u00e9cole commerce"],"articleSection":["Actualit\u00e9s"],"inLanguage":"fr-FR","potentialAction":[{"@type":"CommentAction","name":"Comment","target":["https:\/\/www.apres-lecole.fr\/Blog\/fermeture-ecole-commerce-poitiers\/#respond"]}]},{"@type":"WebPage","@id":"https:\/\/www.apres-lecole.fr\/Blog\/fermeture-ecole-commerce-poitiers\/","url":"https:\/\/www.apres-lecole.fr\/Blog\/fermeture-ecole-commerce-poitiers\/","name":"La chute surprise d'une \u00e9cole de commerce \u00e0 Poitiers","isPartOf":{"@id":"https:\/\/www.apres-lecole.fr\/Blog\/#website"},"primaryImageOfPage":{"@id":"https:\/\/www.apres-lecole.fr\/Blog\/fermeture-ecole-commerce-poitiers\/#primaryimage"},"image":{"@id":"https:\/\/www.apres-lecole.fr\/Blog\/fermeture-ecole-commerce-poitiers\/#primaryimage"},"thumbnailUrl":"https:\/\/www.apres-lecole.fr\/Blog\/wp-content\/uploads\/2025\/04\/La-fermeture-inattendue-dune-ecole-de-commerce-privee-a-Poitiers.jpg","datePublished":"2025-04-20T07:01:56+00:00","author":{"@id":"https:\/\/www.apres-lecole.fr\/Blog\/#\/schema\/person\/aeb50cd4b51fc69da155804bb5bb9fc4"},"description":"D\u00e9couvrez les raisons et les cons\u00e9quences de la fermeture inattendue d'une \u00e9cole de commerce priv\u00e9e \u00e0 Poitiers. Cette situation soul\u00e8ve des questions sur l'\u00e9ducation, l'impact sur les \u00e9tudiants et l'avenir des \u00e9tablissements priv\u00e9s. Restez inform\u00e9 des d\u00e9veloppements r\u00e9cents et des r\u00e9percussions sur la communaut\u00e9 \u00e9ducative.","breadcrumb":{"@id":"https:\/\/www.apres-lecole.fr\/Blog\/fermeture-ecole-commerce-poitiers\/#breadcrumb"},"inLanguage":"fr-FR","potentialAction":[{"@type":"ReadAction","target":["https:\/\/www.apres-lecole.fr\/Blog\/fermeture-ecole-commerce-poitiers\/"]}]},{"@type":"ImageObject","inLanguage":"fr-FR","@id":"https:\/\/www.apres-lecole.fr\/Blog\/fermeture-ecole-commerce-poitiers\/#primaryimage","url":"https:\/\/www.apres-lecole.fr\/Blog\/wp-content\/uploads\/2025\/04\/La-fermeture-inattendue-dune-ecole-de-commerce-privee-a-Poitiers.jpg","contentUrl":"https:\/\/www.apres-lecole.fr\/Blog\/wp-content\/uploads\/2025\/04\/La-fermeture-inattendue-dune-ecole-de-commerce-privee-a-Poitiers.jpg","width":1344,"height":768,"caption":"d\u00e9couvrez les implications et les r\u00e9actions suscit\u00e9es par la fermeture inattendue d'une \u00e9cole de commerce priv\u00e9e \u00e0 poitiers. analyse des impacts sur les \u00e9tudiants, le personnel et l'environnement \u00e9ducatif local."},{"@type":"BreadcrumbList","@id":"https:\/\/www.apres-lecole.fr\/Blog\/fermeture-ecole-commerce-poitiers\/#breadcrumb","itemListElement":[{"@type":"ListItem","position":1,"name":"Home","item":"https:\/\/www.apres-lecole.fr\/Blog\/"},{"@type":"ListItem","position":2,"name":"La fermeture inattendue d&rsquo;une \u00e9cole de commerce priv\u00e9e \u00e0 Poitiers"}]},{"@type":"WebSite","@id":"https:\/\/www.apres-lecole.fr\/Blog\/#website","url":"https:\/\/www.apres-lecole.fr\/Blog\/","name":"","description":"M\u00e9dia g\u00e9n\u00e9raliste","potentialAction":[{"@type":"SearchAction","target":{"@type":"EntryPoint","urlTemplate":"https:\/\/www.apres-lecole.fr\/Blog\/?s={search_term_string}"},"query-input":{"@type":"PropertyValueSpecification","valueRequired":true,"valueName":"search_term_string"}}],"inLanguage":"fr-FR"},{"@type":"Person","@id":"https:\/\/www.apres-lecole.fr\/Blog\/#\/schema\/person\/aeb50cd4b51fc69da155804bb5bb9fc4","name":"Eva Martin","image":{"@type":"ImageObject","inLanguage":"fr-FR","@id":"https:\/\/secure.gravatar.com\/avatar\/55c53222558b27a72015a64073a80edce4abd33369394b9bf2c5cd6c19d12682?s=96&d=mm&r=g","url":"https:\/\/secure.gravatar.com\/avatar\/55c53222558b27a72015a64073a80edce4abd33369394b9bf2c5cd6c19d12682?s=96&d=mm&r=g","contentUrl":"https:\/\/secure.gravatar.com\/avatar\/55c53222558b27a72015a64073a80edce4abd33369394b9bf2c5cd6c19d12682?s=96&d=mm&r=g","caption":"Eva Martin"},"description":"Je parle de business et d'entrepreneuriat avec des conseils clairs, concrets et actionnables pour r\u00e9ussir","sameAs":["https:\/\/x.com\/Evaapresecole"],"url":"https:\/\/www.apres-lecole.fr\/Blog\/author\/evamartin\/"}]}},"views":141,"_links":{"self":[{"href":"https:\/\/www.apres-lecole.fr\/Blog\/wp-json\/wp\/v2\/posts\/1868","targetHints":{"allow":["GET"]}}],"collection":[{"href":"https:\/\/www.apres-lecole.fr\/Blog\/wp-json\/wp\/v2\/posts"}],"about":[{"href":"https:\/\/www.apres-lecole.fr\/Blog\/wp-json\/wp\/v2\/types\/post"}],"author":[{"embeddable":true,"href":"https:\/\/www.apres-lecole.fr\/Blog\/wp-json\/wp\/v2\/users\/9"}],"replies":[{"embeddable":true,"href":"https:\/\/www.apres-lecole.fr\/Blog\/wp-json\/wp\/v2\/comments?post=1868"}],"version-history":[{"count":0,"href":"https:\/\/www.apres-lecole.fr\/Blog\/wp-json\/wp\/v2\/posts\/1868\/revisions"}],"wp:featuredmedia":[{"embeddable":true,"href":"https:\/\/www.apres-lecole.fr\/Blog\/wp-json\/wp\/v2\/media\/1867"}],"wp:attachment":[{"href":"https:\/\/www.apres-lecole.fr\/Blog\/wp-json\/wp\/v2\/media?parent=1868"}],"wp:term":[{"taxonomy":"category","embeddable":true,"href":"https:\/\/www.apres-lecole.fr\/Blog\/wp-json\/wp\/v2\/categories?post=1868"},{"taxonomy":"post_tag","embeddable":true,"href":"https:\/\/www.apres-lecole.fr\/Blog\/wp-json\/wp\/v2\/tags?post=1868"}],"curies":[{"name":"wp","href":"https:\/\/api.w.org\/{rel}","templated":true}]}}