{"id":1866,"date":"2025-04-19T21:19:30","date_gmt":"2025-04-19T21:19:30","guid":{"rendered":"https:\/\/www.apres-lecole.fr\/Blog\/sauveterre-rouergue-ecole\/"},"modified":"2025-04-19T21:19:30","modified_gmt":"2025-04-19T21:19:30","slug":"sauveterre-rouergue-ecole","status":"publish","type":"post","link":"https:\/\/www.apres-lecole.fr\/Blog\/sauveterre-rouergue-ecole\/","title":{"rendered":"L&rsquo;\u00e9cole communale de Sauveterre-de-Rouergue accueille ses premiers \u00e9l\u00e8ves"},"content":{"rendered":"\n\n<div class=\"kk-star-ratings kksr-auto kksr-align-left kksr-valign-top\"\n    data-payload='{&quot;align&quot;:&quot;left&quot;,&quot;id&quot;:&quot;1866&quot;,&quot;slug&quot;:&quot;default&quot;,&quot;valign&quot;:&quot;top&quot;,&quot;ignore&quot;:&quot;&quot;,&quot;reference&quot;:&quot;auto&quot;,&quot;class&quot;:&quot;&quot;,&quot;count&quot;:&quot;0&quot;,&quot;legendonly&quot;:&quot;&quot;,&quot;readonly&quot;:&quot;&quot;,&quot;score&quot;:&quot;0&quot;,&quot;starsonly&quot;:&quot;&quot;,&quot;best&quot;:&quot;5&quot;,&quot;gap&quot;:&quot;5&quot;,&quot;greet&quot;:&quot;Rate this post&quot;,&quot;legend&quot;:&quot;0\\\/5 - (0 vote)&quot;,&quot;size&quot;:&quot;24&quot;,&quot;title&quot;:&quot;L\\u0026#039;\u00e9cole communale de Sauveterre-de-Rouergue accueille ses premiers \u00e9l\u00e8ves&quot;,&quot;width&quot;:&quot;0&quot;,&quot;_legend&quot;:&quot;{score}\\\/{best} - ({count} {votes})&quot;,&quot;font_factor&quot;:&quot;1.25&quot;}'>\n            \n<div class=\"kksr-stars\">\n    \n<div class=\"kksr-stars-inactive\">\n            <div class=\"kksr-star\" data-star=\"1\" style=\"padding-right: 5px\">\n            \n\n<div class=\"kksr-icon\" style=\"width: 24px; height: 24px;\"><\/div>\n        <\/div>\n            <div class=\"kksr-star\" data-star=\"2\" style=\"padding-right: 5px\">\n            \n\n<div class=\"kksr-icon\" style=\"width: 24px; height: 24px;\"><\/div>\n        <\/div>\n            <div class=\"kksr-star\" data-star=\"3\" style=\"padding-right: 5px\">\n            \n\n<div class=\"kksr-icon\" style=\"width: 24px; height: 24px;\"><\/div>\n        <\/div>\n            <div class=\"kksr-star\" data-star=\"4\" style=\"padding-right: 5px\">\n            \n\n<div class=\"kksr-icon\" style=\"width: 24px; height: 24px;\"><\/div>\n        <\/div>\n            <div class=\"kksr-star\" data-star=\"5\" style=\"padding-right: 5px\">\n            \n\n<div class=\"kksr-icon\" style=\"width: 24px; height: 24px;\"><\/div>\n        <\/div>\n    <\/div>\n    \n<div class=\"kksr-stars-active\" style=\"width: 0px;\">\n            <div class=\"kksr-star\" style=\"padding-right: 5px\">\n            \n\n<div class=\"kksr-icon\" style=\"width: 24px; height: 24px;\"><\/div>\n        <\/div>\n            <div class=\"kksr-star\" style=\"padding-right: 5px\">\n            \n\n<div class=\"kksr-icon\" style=\"width: 24px; height: 24px;\"><\/div>\n        <\/div>\n            <div class=\"kksr-star\" style=\"padding-right: 5px\">\n            \n\n<div class=\"kksr-icon\" style=\"width: 24px; height: 24px;\"><\/div>\n        <\/div>\n            <div class=\"kksr-star\" style=\"padding-right: 5px\">\n            \n\n<div class=\"kksr-icon\" style=\"width: 24px; height: 24px;\"><\/div>\n        <\/div>\n            <div class=\"kksr-star\" style=\"padding-right: 5px\">\n            \n\n<div class=\"kksr-icon\" style=\"width: 24px; height: 24px;\"><\/div>\n        <\/div>\n    <\/div>\n<\/div>\n                \n\n<div class=\"kksr-legend\" style=\"font-size: 19.2px;\">\n            <span class=\"kksr-muted\">Rate this post<\/span>\n    <\/div>\n    <\/div>\n<p>Dans un petit coin paisible du d\u00e9partement de l&rsquo;Aveyron, une nouvelle aventure \u00e9ducative prend forme : l&rsquo;\u00e9cole communale de Sauveterre-de-Rouergue vient d&rsquo;accueillir ses premiers \u00e9l\u00e8ves. C&rsquo;est un moment fort pour toute la commune, qui voit l&rsquo;\u00e9ducation publique rena\u00eetre sous une forme dynamique, int\u00e9gr\u00e9e et ouverte sur le monde. Au c\u0153ur de cet \u00e9tablissement, une \u00e9quipe \u00e9ducative d\u00e9vou\u00e9e, des \u00e9l\u00e8ves curieux et des parents motiv\u00e9s s&rsquo;allient pour cr\u00e9er une ambiance unique, propice \u00e0 l&rsquo;\u00e9panouissement des enfants.<\/p>\n\n<h2 class=\"wp-block-heading\">Une \u00e9cole \u00e0 l&rsquo;\u00e9coute des besoins \u00e9ducatifs<\/h2>\n\n<p>\u00c9tablie dans un cadre verdoyant et calme, l&rsquo;\u00e9cole communale promet d\u2019\u00eatre un lieu d\u2019apprentissage stimulant et s\u00e9curis\u00e9. Sous la direction de Marion Boutet, une dynamique directrice, ce projet est le fruit d&rsquo;un travail collaboratif entre la collectivit\u00e9 locale et les associations \u00e9ducatives qui soutiennent l&rsquo;initiative. Cette \u00e9cole ne se contente pas d&rsquo;accueillir des \u00e9l\u00e8ves, elle d\u00e9sire \u00e9galement offrir une <strong>programmation \u00e9ducative<\/strong> adapt\u00e9e, prenant en compte les besoins sp\u00e9cifiques de chaque enfant.<\/p>\n\n<h3 class=\"wp-block-heading\">Une \u00e9quipe p\u00e9dagogique engag\u00e9e<\/h3>\n\n<p>Au sein de l\u2019\u00e9cole, il y a une structure d\u00e9di\u00e9e au bien-\u00eatre et \u00e0 l\u2019\u00e9panouissement scolaire des enfants. L\u2019\u00e9quipe est compos\u00e9e de deux profils principaux : une professeure des \u00e9coles \u00e0 mi-temps, Cindy Rey, et une Atsem, Marie-Claude Ricard, qui assure un soutien pr\u00e9cieux. Leur mission est simple mais fondamentale : favoriser l\u2019apprentissage dans de bonnes conditions, o\u00f9 chaque enfant peut s\u2019exprimer et progresser selon son rythme.<\/p>\n\n<p>Pour assurer un apprentissage optimal, l\u2019\u00e9tablissement met \u00e9galement \u00e0 disposition du <strong>mat\u00e9riel scolaire<\/strong> de qualit\u00e9. Des ressources p\u00e9dagogiques innovantes sont int\u00e9gr\u00e9es dans les cours, afin de familiariser les enfants avec les nouvelles technologies, notamment l\u2019utilisation d\u2019ordinateurs et d\u2019outils num\u00e9riques. Cela pr\u00e9pare les \u00e9l\u00e8ves \u00e0 devenir des citoyens \u00e9clair\u00e9s dans un monde de plus en plus digitalis\u00e9. Une d\u00e9marche essentielle \u00e0 l&rsquo;\u00e8re de l&rsquo;information.<\/p>\n\n<h3 class=\"wp-block-heading\">Un effectif ajust\u00e9 pour un accompagnement personnalis\u00e9<\/h3>\n\n<p>Avec un effectif total de 21 \u00e9l\u00e8ves, l&rsquo;\u00e9cole communale de Sauveterre-de-Rouergue a la chance d\u2019offrir un suivi personnalis\u00e9 \u00e0 chaque enfant. Ce format r\u00e9duit permet des interactions fr\u00e9quentes entre l\u2019enseignant et les \u00e9l\u00e8ves, cr\u00e9ant ainsi un environnement d\u2019apprentissage id\u00e9al. Les \u00e9l\u00e8ves se sentent \u00e9cout\u00e9s et valoris\u00e9s, ce qui est crucial pour leur d\u00e9veloppement personnel et acad\u00e9mique.<\/p>\n\n<p><div>\n    <strong>Avantages d&rsquo;un effectif r\u00e9duit :<\/strong>\n<ul>\n<li>\ud83d\udc76 Suivi individualis\u00e9 pour chaque \u00e9l\u00e8ve<\/li>\n<li>\ud83c\udf31 Favorise un climat de classe harmonieux<\/li>\n<li>\ud83d\udcc8 Am\u00e9lioration des r\u00e9sultats scolaires<\/li>\n<li>\ud83e\udd1d Renforcement des interactions sociales<\/li>\n<\/ul>\n<\/div><\/p>\n\n<h2 class=\"wp-block-heading\">Des activit\u00e9s p\u00e9riscolaires enrichissantes<\/h2>\n\n<p>Au-del\u00e0 des cours traditionnels, l&rsquo;\u00e9cole communale se distingue par sa volont\u00e9 d\u2019enrichir la vie scolaire avec des <strong>activit\u00e9s p\u00e9riscolaires<\/strong> vari\u00e9es. Gr\u00e2ce \u00e0 l&rsquo;engagement de l&rsquo;Association des Parents d&rsquo;\u00c9l\u00e8ves (APE), les enfants peuvent profiter d&rsquo;animations et de sorties \u00e9ducatives qui \u00e9largissent leurs horizons.<\/p>\n\n<h3 class=\"wp-block-heading\">Des projets culturels et sportifs<\/h3>\n\n<p>Les projets font partie int\u00e9grante de la vision \u00e9ducative de l&rsquo;\u00e9cole. Par exemple, d\u00e8s son ouverture, l&rsquo;\u00e9cole pr\u00e9voit un cycle de natation \u00e0 la piscine de Rieupeyroux, permettant aux enfants d\u2019apprendre \u00e0 nager d\u00e8s leur plus jeune \u00e2ge. De plus, les \u00e9l\u00e8ves auront \u00e9galement la possibilit\u00e9 de visiter des institutions culturelles, comme le mus\u00e9e Soulages, un v\u00e9ritable tr\u00e9sor d&rsquo;art et de culture pour les jeunes esprits.<\/p>\n\n<p>Mais ce n&rsquo;est pas tout ! Voici un aper\u00e7u des diff\u00e9rentes sorties programm\u00e9es :<\/p>\n\n<figure class=\"wp-block-table\"><table>\n<thead>\n<tr>\n<th>Activit\u00e9 <strong>\ud83d\udcc5<\/strong><\/th>\n<th>Description <strong>\ud83d\udcd6<\/strong><\/th>\n<th>Public <strong>\ud83d\udc66\ud83d\udc67<\/strong><\/th>\n<\/tr>\n<\/thead>\n<tbody>\n<tr>\n<td>Visite de la ferme buissonni\u00e8re de Jouels<\/td>\n<td>D\u00e9couverte de la nature et des animaux<\/td>\n<td>Petits (maternelle)<\/td>\n<\/tr>\n<tr>\n<td>Mus\u00e9e Soulages \u00e0 Rodez<\/td>\n<td>Immersion dans l&rsquo;art contemporain<\/td>\n<td>Grands et moyens<\/td>\n<\/tr>\n<tr>\n<td>Rassemblement occitan \u00e0 Flavin<\/td>\n<td>C\u00e9l\u00e9bration de la culture et des traditions<\/td>\n<td>Tous<\/td>\n<\/tr>\n<\/tbody>\n<\/table><\/figure>\n\n<h2 class=\"wp-block-heading\">Un soutien constant de la collectivit\u00e9 locale<\/h2>\n\n<p>La cr\u00e9ation de cette \u00e9cole et son d\u00e9veloppement ne seraient pas possibles sans le soutien ind\u00e9fectible de la collectivit\u00e9 locale. Cette coop\u00e9ration se traduit par un transport scolaire facilit\u00e9 et par la mise \u00e0 disposition de moyens financiers pour l&rsquo;achat de <strong>mat\u00e9riel scolaire<\/strong> ad\u00e9quat. Il s\u2019agit d\u2019une belle illustration de ce que peut donner un travail concert\u00e9 en faveur de l&rsquo;<strong>\u00e9ducation publique<\/strong>.<\/p>\n\n<h3 class=\"wp-block-heading\">Les partenariats avec les associations \u00e9ducatives<\/h3>\n\n<p>Les associations \u00e9ducatives jouent un r\u00f4le cl\u00e9 dans l&rsquo;enrichissement de l&rsquo;exp\u00e9rience scolaire. Elles permettent de cr\u00e9er des liens entre les \u00e9l\u00e8ves, mais aussi entre les parents et les enseignants. Des \u00e9v\u00e9nements r\u00e9guliers sont organis\u00e9s pour renforcer cette communaut\u00e9. Les premi\u00e8res r\u00e9unions des parents ont d\u00e9j\u00e0 eu lieu, t\u00e9moignant d\u2019un engouement fort envers la nouvelle \u00e9cole.<\/p>\n\n<p>Voici quelques exemples d&rsquo;initiatives men\u00e9es par ces associations :<\/p>\n\n<ul class=\"wp-block-list\"><li>\ud83c\udf89 Organisation de f\u00eates scolaires et d&rsquo;\u00e9v\u00e9nements culturels<\/li><li>\ud83d\udcda Ateliers pour sensibiliser les parents aux enjeux de l&rsquo;\u00e9ducation<\/li><li>\u26bd Activit\u00e9s sportives pour d\u00e9velopper l&rsquo;esprit d&rsquo;\u00e9quipe des enfants<\/li><\/ul>\n\n<h2 class=\"wp-block-heading\">Un avenir prometteur pour l&rsquo;\u00e9cole communale<\/h2>\n\n<p>Franchir les portes de cette \u00e9cole communale est le d\u00e9but d&rsquo;une belle histoire. Les valeurs d\u2019\u00e9change, d\u2019entraide et de curiosit\u00e9 sont au c\u0153ur de cette initiative. Avec un effectif r\u00e9duit, une \u00e9quipe p\u00e9dagogique investie et une collectivit\u00e9 locale active, une atmosph\u00e8re de confiance s\u2019installe peu \u00e0 peu.<\/p>\n\n<h3 class=\"wp-block-heading\">Une vision \u00e9ducative moderne<\/h3>\n\n<p>Cette aventure scolaire s\u2019inscrit dans une vision \u00e9ducative moderne, qui va au-del\u00e0 des simples apprentissages acad\u00e9miques. Ici, l\u2019accent est mis sur le d\u00e9veloppement personnel des enfants. Ils sont encourag\u00e9s \u00e0 d\u00e9couvrir leurs passions, \u00e0 s&rsquo;exprimer et \u00e0 d\u00e9velopper leurs talents. Quel bonheur de grandir dans un environnement aussi soutenant !<\/p>\n\n<p>De plus, les \u00e9l\u00e8ves apprennent non seulement \u00e0 vivre ensemble, mais aussi \u00e0 se respecter mutuellement. Des valeurs telles que l\u2019\u00e9galit\u00e9, le respect des diff\u00e9rences et l\u2019ouverture d\u2019esprit sont enseign\u00e9es, \u00e0 travers des activit\u00e9s, des jeux et des projets communs.<\/p>\n\n<h2 class=\"wp-block-heading\">FAQ<\/h2>\n\n<ul class=\"wp-block-list\"><li><strong>Comment inscrire mon enfant \u00e0 l&rsquo;\u00e9cole communale de Sauveterre-de-Rouergue ?<\/strong><br>Il suffit de contacter la directrice ou de visiter le site de l&rsquo;\u00e9cole pour conna\u00eetre les modalit\u00e9s d&rsquo;inscription.<\/li><li><strong>Quels sont les horaires de l&rsquo;\u00e9cole ?<\/strong><br>Les horaires sont con\u00e7us pour s&rsquo;adapter aux besoins des familles. Ils sont communiqu\u00e9s lors de l&rsquo;inscription.<\/li><li><strong>Y a-t-il des activit\u00e9s p\u00e9riscolaires propos\u00e9es ?<\/strong><br>Oui, l&rsquo;\u00e9cole propose divers ateliers et sorties tout au long de l&rsquo;ann\u00e9e pour enrichir l&rsquo;exp\u00e9rience scolaire.<\/li><li><strong>Comment sont choisis les projets \u00e9ducatifs ?<\/strong><br>Les projets sont \u00e9labor\u00e9s en fonction des int\u00e9r\u00eats des \u00e9l\u00e8ves et avec la participation active des parents et des associations \u00e9ducatives.<\/li><li><strong>Quelles sont les prochaines activit\u00e9s \u00e0 venir ?<\/strong><br>Des sorties culturelles et des activit\u00e9s de d\u00e9couverte sont programm\u00e9es pour le troisi\u00e8me trimestre. La participation des \u00e9l\u00e8ves et des familles est encourag\u00e9e.<\/li><\/ul>\n\n","protected":false},"excerpt":{"rendered":"<p>Dans un petit coin paisible du d\u00e9partement de l&rsquo;Aveyron, une nouvelle aventure \u00e9ducative prend forme : l&rsquo;\u00e9cole communale de Sauveterre-de-Rouergue vient d&rsquo;accueillir ses premiers \u00e9l\u00e8ves. C&rsquo;est un moment fort pour toute la commune, qui voit l&rsquo;\u00e9ducation publique rena\u00eetre sous une forme dynamique, int\u00e9gr\u00e9e et ouverte sur le monde. Au c\u0153ur de cet \u00e9tablissement, une \u00e9quipe &#8230; <a title=\"L&rsquo;\u00e9cole communale de Sauveterre-de-Rouergue accueille ses premiers \u00e9l\u00e8ves\" class=\"read-more\" href=\"https:\/\/www.apres-lecole.fr\/Blog\/sauveterre-rouergue-ecole\/\" aria-label=\"En savoir plus sur L&rsquo;\u00e9cole communale de Sauveterre-de-Rouergue accueille ses premiers \u00e9l\u00e8ves\">Lire plus<\/a><\/p>\n","protected":false},"author":9,"featured_media":1865,"comment_status":"open","ping_status":"open","sticky":false,"template":"","format":"standard","meta":{"footnotes":""},"categories":[342],"tags":[678,412,679,677,680],"class_list":["post-1866","post","type-post","status-publish","format-standard","has-post-thumbnail","hentry","category-actualites","tag-ecole-communale","tag-education","tag-premiers-eleves","tag-sauveterre-de-rouergue","tag-scolarite"],"yoast_head":"<!-- This site is optimized with the Yoast SEO plugin v27.5 - https:\/\/yoast.com\/product\/yoast-seo-wordpress\/ -->\n<title>L&#039;\u00e9cole de Sauveterre-de-Rouergue ouvre ses portes aux jeunes<\/title>\n<meta name=\"description\" content=\"D\u00e9couvrez comment l&#039;\u00e9cole communale de Sauveterre-de-Rouergue ouvre ses portes pour accueillir ses premiers \u00e9l\u00e8ves. Une nouvelle \u00e9tape pour l&#039;\u00e9ducation locale, promettant des enseignements de qualit\u00e9 et un environnement enrichissant pour les enfants. Rejoignez-nous dans cette aventure \u00e9ducative d\u00e8s le d\u00e9but !\" \/>\n<meta name=\"robots\" content=\"index, follow, max-snippet:-1, max-image-preview:large, max-video-preview:-1\" \/>\n<link rel=\"canonical\" href=\"https:\/\/www.apres-lecole.fr\/Blog\/sauveterre-rouergue-ecole\/\" \/>\n<meta property=\"og:locale\" content=\"fr_FR\" \/>\n<meta property=\"og:type\" content=\"article\" \/>\n<meta property=\"og:title\" content=\"L&#039;\u00e9cole de Sauveterre-de-Rouergue ouvre ses portes aux jeunes\" \/>\n<meta property=\"og:description\" content=\"D\u00e9couvrez comment l&#039;\u00e9cole communale de Sauveterre-de-Rouergue ouvre ses portes pour accueillir ses premiers \u00e9l\u00e8ves. Une nouvelle \u00e9tape pour l&#039;\u00e9ducation locale, promettant des enseignements de qualit\u00e9 et un environnement enrichissant pour les enfants. Rejoignez-nous dans cette aventure \u00e9ducative d\u00e8s le d\u00e9but !\" \/>\n<meta property=\"og:url\" content=\"https:\/\/www.apres-lecole.fr\/Blog\/sauveterre-rouergue-ecole\/\" \/>\n<meta property=\"article:published_time\" content=\"2025-04-19T21:19:30+00:00\" \/>\n<meta property=\"og:image\" content=\"https:\/\/www.apres-lecole.fr\/Blog\/wp-content\/uploads\/2025\/04\/Lecole-communale-de-Sauveterre-de-Rouergue-accueille-ses-premiers-eleves.jpg\" \/>\n\t<meta property=\"og:image:width\" content=\"1344\" \/>\n\t<meta property=\"og:image:height\" content=\"768\" \/>\n\t<meta property=\"og:image:type\" content=\"image\/jpeg\" \/>\n<meta name=\"author\" content=\"Eva Martin\" \/>\n<meta name=\"twitter:card\" content=\"summary_large_image\" \/>\n<meta name=\"twitter:creator\" content=\"@Evaapresecole\" \/>\n<meta name=\"twitter:label1\" content=\"\u00c9crit par\" \/>\n\t<meta name=\"twitter:data1\" content=\"Eva Martin\" \/>\n\t<meta name=\"twitter:label2\" content=\"Dur\u00e9e de lecture estim\u00e9e\" \/>\n\t<meta name=\"twitter:data2\" content=\"6 minutes\" \/>\n<script type=\"application\/ld+json\" class=\"yoast-schema-graph\">{\"@context\":\"https:\\\/\\\/schema.org\",\"@graph\":[{\"@type\":\"Article\",\"@id\":\"https:\\\/\\\/www.apres-lecole.fr\\\/Blog\\\/sauveterre-rouergue-ecole\\\/#article\",\"isPartOf\":{\"@id\":\"https:\\\/\\\/www.apres-lecole.fr\\\/Blog\\\/sauveterre-rouergue-ecole\\\/\"},\"author\":{\"name\":\"Eva Martin\",\"@id\":\"https:\\\/\\\/www.apres-lecole.fr\\\/Blog\\\/#\\\/schema\\\/person\\\/aeb50cd4b51fc69da155804bb5bb9fc4\"},\"headline\":\"L&rsquo;\u00e9cole communale de Sauveterre-de-Rouergue accueille ses premiers \u00e9l\u00e8ves\",\"datePublished\":\"2025-04-19T21:19:30+00:00\",\"mainEntityOfPage\":{\"@id\":\"https:\\\/\\\/www.apres-lecole.fr\\\/Blog\\\/sauveterre-rouergue-ecole\\\/\"},\"wordCount\":1164,\"commentCount\":0,\"image\":{\"@id\":\"https:\\\/\\\/www.apres-lecole.fr\\\/Blog\\\/sauveterre-rouergue-ecole\\\/#primaryimage\"},\"thumbnailUrl\":\"https:\\\/\\\/www.apres-lecole.fr\\\/Blog\\\/wp-content\\\/uploads\\\/2025\\\/04\\\/Lecole-communale-de-Sauveterre-de-Rouergue-accueille-ses-premiers-eleves.jpg\",\"keywords\":[\"\u00e9cole communale\",\"\u00e9ducation\",\"premiers \u00e9l\u00e8ves\",\"sauveterre-de-rouergue\",\"scolarit\u00e9\"],\"articleSection\":[\"Actualit\u00e9s\"],\"inLanguage\":\"fr-FR\",\"potentialAction\":[{\"@type\":\"CommentAction\",\"name\":\"Comment\",\"target\":[\"https:\\\/\\\/www.apres-lecole.fr\\\/Blog\\\/sauveterre-rouergue-ecole\\\/#respond\"]}]},{\"@type\":\"WebPage\",\"@id\":\"https:\\\/\\\/www.apres-lecole.fr\\\/Blog\\\/sauveterre-rouergue-ecole\\\/\",\"url\":\"https:\\\/\\\/www.apres-lecole.fr\\\/Blog\\\/sauveterre-rouergue-ecole\\\/\",\"name\":\"L'\u00e9cole de Sauveterre-de-Rouergue ouvre ses portes aux jeunes\",\"isPartOf\":{\"@id\":\"https:\\\/\\\/www.apres-lecole.fr\\\/Blog\\\/#website\"},\"primaryImageOfPage\":{\"@id\":\"https:\\\/\\\/www.apres-lecole.fr\\\/Blog\\\/sauveterre-rouergue-ecole\\\/#primaryimage\"},\"image\":{\"@id\":\"https:\\\/\\\/www.apres-lecole.fr\\\/Blog\\\/sauveterre-rouergue-ecole\\\/#primaryimage\"},\"thumbnailUrl\":\"https:\\\/\\\/www.apres-lecole.fr\\\/Blog\\\/wp-content\\\/uploads\\\/2025\\\/04\\\/Lecole-communale-de-Sauveterre-de-Rouergue-accueille-ses-premiers-eleves.jpg\",\"datePublished\":\"2025-04-19T21:19:30+00:00\",\"author\":{\"@id\":\"https:\\\/\\\/www.apres-lecole.fr\\\/Blog\\\/#\\\/schema\\\/person\\\/aeb50cd4b51fc69da155804bb5bb9fc4\"},\"description\":\"D\u00e9couvrez comment l'\u00e9cole communale de Sauveterre-de-Rouergue ouvre ses portes pour accueillir ses premiers \u00e9l\u00e8ves. Une nouvelle \u00e9tape pour l'\u00e9ducation locale, promettant des enseignements de qualit\u00e9 et un environnement enrichissant pour les enfants. Rejoignez-nous dans cette aventure \u00e9ducative d\u00e8s le d\u00e9but !\",\"breadcrumb\":{\"@id\":\"https:\\\/\\\/www.apres-lecole.fr\\\/Blog\\\/sauveterre-rouergue-ecole\\\/#breadcrumb\"},\"inLanguage\":\"fr-FR\",\"potentialAction\":[{\"@type\":\"ReadAction\",\"target\":[\"https:\\\/\\\/www.apres-lecole.fr\\\/Blog\\\/sauveterre-rouergue-ecole\\\/\"]}]},{\"@type\":\"ImageObject\",\"inLanguage\":\"fr-FR\",\"@id\":\"https:\\\/\\\/www.apres-lecole.fr\\\/Blog\\\/sauveterre-rouergue-ecole\\\/#primaryimage\",\"url\":\"https:\\\/\\\/www.apres-lecole.fr\\\/Blog\\\/wp-content\\\/uploads\\\/2025\\\/04\\\/Lecole-communale-de-Sauveterre-de-Rouergue-accueille-ses-premiers-eleves.jpg\",\"contentUrl\":\"https:\\\/\\\/www.apres-lecole.fr\\\/Blog\\\/wp-content\\\/uploads\\\/2025\\\/04\\\/Lecole-communale-de-Sauveterre-de-Rouergue-accueille-ses-premiers-eleves.jpg\",\"width\":1344,\"height\":768,\"caption\":\"d\u00e9couvrez l'ouverture de l'\u00e9cole communale de sauveterre-de-rouergue, qui accueille pour la premi\u00e8re fois ses \u00e9l\u00e8ves. un lieu d'apprentissage stimulant au c\u0153ur de la commune, o\u00f9 chaque enfant peut s'\u00e9panouir et grandir dans un environnement convivial et \u00e9ducatif.\"},{\"@type\":\"BreadcrumbList\",\"@id\":\"https:\\\/\\\/www.apres-lecole.fr\\\/Blog\\\/sauveterre-rouergue-ecole\\\/#breadcrumb\",\"itemListElement\":[{\"@type\":\"ListItem\",\"position\":1,\"name\":\"Home\",\"item\":\"https:\\\/\\\/www.apres-lecole.fr\\\/Blog\\\/\"},{\"@type\":\"ListItem\",\"position\":2,\"name\":\"L&rsquo;\u00e9cole communale de Sauveterre-de-Rouergue accueille ses premiers \u00e9l\u00e8ves\"}]},{\"@type\":\"WebSite\",\"@id\":\"https:\\\/\\\/www.apres-lecole.fr\\\/Blog\\\/#website\",\"url\":\"https:\\\/\\\/www.apres-lecole.fr\\\/Blog\\\/\",\"name\":\"\",\"description\":\"M\u00e9dia g\u00e9n\u00e9raliste\",\"potentialAction\":[{\"@type\":\"SearchAction\",\"target\":{\"@type\":\"EntryPoint\",\"urlTemplate\":\"https:\\\/\\\/www.apres-lecole.fr\\\/Blog\\\/?s={search_term_string}\"},\"query-input\":{\"@type\":\"PropertyValueSpecification\",\"valueRequired\":true,\"valueName\":\"search_term_string\"}}],\"inLanguage\":\"fr-FR\"},{\"@type\":\"Person\",\"@id\":\"https:\\\/\\\/www.apres-lecole.fr\\\/Blog\\\/#\\\/schema\\\/person\\\/aeb50cd4b51fc69da155804bb5bb9fc4\",\"name\":\"Eva Martin\",\"image\":{\"@type\":\"ImageObject\",\"inLanguage\":\"fr-FR\",\"@id\":\"https:\\\/\\\/secure.gravatar.com\\\/avatar\\\/55c53222558b27a72015a64073a80edce4abd33369394b9bf2c5cd6c19d12682?s=96&d=mm&r=g\",\"url\":\"https:\\\/\\\/secure.gravatar.com\\\/avatar\\\/55c53222558b27a72015a64073a80edce4abd33369394b9bf2c5cd6c19d12682?s=96&d=mm&r=g\",\"contentUrl\":\"https:\\\/\\\/secure.gravatar.com\\\/avatar\\\/55c53222558b27a72015a64073a80edce4abd33369394b9bf2c5cd6c19d12682?s=96&d=mm&r=g\",\"caption\":\"Eva Martin\"},\"description\":\"Je parle de business et d'entrepreneuriat avec des conseils clairs, concrets et actionnables pour r\u00e9ussir\",\"sameAs\":[\"https:\\\/\\\/x.com\\\/Evaapresecole\"],\"url\":\"https:\\\/\\\/www.apres-lecole.fr\\\/Blog\\\/author\\\/evamartin\\\/\"}]}<\/script>\n<!-- \/ Yoast SEO plugin. -->","yoast_head_json":{"title":"L'\u00e9cole de Sauveterre-de-Rouergue ouvre ses portes aux jeunes","description":"D\u00e9couvrez comment l'\u00e9cole communale de Sauveterre-de-Rouergue ouvre ses portes pour accueillir ses premiers \u00e9l\u00e8ves. Une nouvelle \u00e9tape pour l'\u00e9ducation locale, promettant des enseignements de qualit\u00e9 et un environnement enrichissant pour les enfants. Rejoignez-nous dans cette aventure \u00e9ducative d\u00e8s le d\u00e9but !","robots":{"index":"index","follow":"follow","max-snippet":"max-snippet:-1","max-image-preview":"max-image-preview:large","max-video-preview":"max-video-preview:-1"},"canonical":"https:\/\/www.apres-lecole.fr\/Blog\/sauveterre-rouergue-ecole\/","og_locale":"fr_FR","og_type":"article","og_title":"L'\u00e9cole de Sauveterre-de-Rouergue ouvre ses portes aux jeunes","og_description":"D\u00e9couvrez comment l'\u00e9cole communale de Sauveterre-de-Rouergue ouvre ses portes pour accueillir ses premiers \u00e9l\u00e8ves. Une nouvelle \u00e9tape pour l'\u00e9ducation locale, promettant des enseignements de qualit\u00e9 et un environnement enrichissant pour les enfants. Rejoignez-nous dans cette aventure \u00e9ducative d\u00e8s le d\u00e9but !","og_url":"https:\/\/www.apres-lecole.fr\/Blog\/sauveterre-rouergue-ecole\/","article_published_time":"2025-04-19T21:19:30+00:00","og_image":[{"width":1344,"height":768,"url":"https:\/\/www.apres-lecole.fr\/Blog\/wp-content\/uploads\/2025\/04\/Lecole-communale-de-Sauveterre-de-Rouergue-accueille-ses-premiers-eleves.jpg","type":"image\/jpeg"}],"author":"Eva Martin","twitter_card":"summary_large_image","twitter_creator":"@Evaapresecole","twitter_misc":{"\u00c9crit par":"Eva Martin","Dur\u00e9e de lecture estim\u00e9e":"6 minutes"},"schema":{"@context":"https:\/\/schema.org","@graph":[{"@type":"Article","@id":"https:\/\/www.apres-lecole.fr\/Blog\/sauveterre-rouergue-ecole\/#article","isPartOf":{"@id":"https:\/\/www.apres-lecole.fr\/Blog\/sauveterre-rouergue-ecole\/"},"author":{"name":"Eva Martin","@id":"https:\/\/www.apres-lecole.fr\/Blog\/#\/schema\/person\/aeb50cd4b51fc69da155804bb5bb9fc4"},"headline":"L&rsquo;\u00e9cole communale de Sauveterre-de-Rouergue accueille ses premiers \u00e9l\u00e8ves","datePublished":"2025-04-19T21:19:30+00:00","mainEntityOfPage":{"@id":"https:\/\/www.apres-lecole.fr\/Blog\/sauveterre-rouergue-ecole\/"},"wordCount":1164,"commentCount":0,"image":{"@id":"https:\/\/www.apres-lecole.fr\/Blog\/sauveterre-rouergue-ecole\/#primaryimage"},"thumbnailUrl":"https:\/\/www.apres-lecole.fr\/Blog\/wp-content\/uploads\/2025\/04\/Lecole-communale-de-Sauveterre-de-Rouergue-accueille-ses-premiers-eleves.jpg","keywords":["\u00e9cole communale","\u00e9ducation","premiers \u00e9l\u00e8ves","sauveterre-de-rouergue","scolarit\u00e9"],"articleSection":["Actualit\u00e9s"],"inLanguage":"fr-FR","potentialAction":[{"@type":"CommentAction","name":"Comment","target":["https:\/\/www.apres-lecole.fr\/Blog\/sauveterre-rouergue-ecole\/#respond"]}]},{"@type":"WebPage","@id":"https:\/\/www.apres-lecole.fr\/Blog\/sauveterre-rouergue-ecole\/","url":"https:\/\/www.apres-lecole.fr\/Blog\/sauveterre-rouergue-ecole\/","name":"L'\u00e9cole de Sauveterre-de-Rouergue ouvre ses portes aux jeunes","isPartOf":{"@id":"https:\/\/www.apres-lecole.fr\/Blog\/#website"},"primaryImageOfPage":{"@id":"https:\/\/www.apres-lecole.fr\/Blog\/sauveterre-rouergue-ecole\/#primaryimage"},"image":{"@id":"https:\/\/www.apres-lecole.fr\/Blog\/sauveterre-rouergue-ecole\/#primaryimage"},"thumbnailUrl":"https:\/\/www.apres-lecole.fr\/Blog\/wp-content\/uploads\/2025\/04\/Lecole-communale-de-Sauveterre-de-Rouergue-accueille-ses-premiers-eleves.jpg","datePublished":"2025-04-19T21:19:30+00:00","author":{"@id":"https:\/\/www.apres-lecole.fr\/Blog\/#\/schema\/person\/aeb50cd4b51fc69da155804bb5bb9fc4"},"description":"D\u00e9couvrez comment l'\u00e9cole communale de Sauveterre-de-Rouergue ouvre ses portes pour accueillir ses premiers \u00e9l\u00e8ves. Une nouvelle \u00e9tape pour l'\u00e9ducation locale, promettant des enseignements de qualit\u00e9 et un environnement enrichissant pour les enfants. Rejoignez-nous dans cette aventure \u00e9ducative d\u00e8s le d\u00e9but !","breadcrumb":{"@id":"https:\/\/www.apres-lecole.fr\/Blog\/sauveterre-rouergue-ecole\/#breadcrumb"},"inLanguage":"fr-FR","potentialAction":[{"@type":"ReadAction","target":["https:\/\/www.apres-lecole.fr\/Blog\/sauveterre-rouergue-ecole\/"]}]},{"@type":"ImageObject","inLanguage":"fr-FR","@id":"https:\/\/www.apres-lecole.fr\/Blog\/sauveterre-rouergue-ecole\/#primaryimage","url":"https:\/\/www.apres-lecole.fr\/Blog\/wp-content\/uploads\/2025\/04\/Lecole-communale-de-Sauveterre-de-Rouergue-accueille-ses-premiers-eleves.jpg","contentUrl":"https:\/\/www.apres-lecole.fr\/Blog\/wp-content\/uploads\/2025\/04\/Lecole-communale-de-Sauveterre-de-Rouergue-accueille-ses-premiers-eleves.jpg","width":1344,"height":768,"caption":"d\u00e9couvrez l'ouverture de l'\u00e9cole communale de sauveterre-de-rouergue, qui accueille pour la premi\u00e8re fois ses \u00e9l\u00e8ves. un lieu d'apprentissage stimulant au c\u0153ur de la commune, o\u00f9 chaque enfant peut s'\u00e9panouir et grandir dans un environnement convivial et \u00e9ducatif."},{"@type":"BreadcrumbList","@id":"https:\/\/www.apres-lecole.fr\/Blog\/sauveterre-rouergue-ecole\/#breadcrumb","itemListElement":[{"@type":"ListItem","position":1,"name":"Home","item":"https:\/\/www.apres-lecole.fr\/Blog\/"},{"@type":"ListItem","position":2,"name":"L&rsquo;\u00e9cole communale de Sauveterre-de-Rouergue accueille ses premiers \u00e9l\u00e8ves"}]},{"@type":"WebSite","@id":"https:\/\/www.apres-lecole.fr\/Blog\/#website","url":"https:\/\/www.apres-lecole.fr\/Blog\/","name":"","description":"M\u00e9dia g\u00e9n\u00e9raliste","potentialAction":[{"@type":"SearchAction","target":{"@type":"EntryPoint","urlTemplate":"https:\/\/www.apres-lecole.fr\/Blog\/?s={search_term_string}"},"query-input":{"@type":"PropertyValueSpecification","valueRequired":true,"valueName":"search_term_string"}}],"inLanguage":"fr-FR"},{"@type":"Person","@id":"https:\/\/www.apres-lecole.fr\/Blog\/#\/schema\/person\/aeb50cd4b51fc69da155804bb5bb9fc4","name":"Eva Martin","image":{"@type":"ImageObject","inLanguage":"fr-FR","@id":"https:\/\/secure.gravatar.com\/avatar\/55c53222558b27a72015a64073a80edce4abd33369394b9bf2c5cd6c19d12682?s=96&d=mm&r=g","url":"https:\/\/secure.gravatar.com\/avatar\/55c53222558b27a72015a64073a80edce4abd33369394b9bf2c5cd6c19d12682?s=96&d=mm&r=g","contentUrl":"https:\/\/secure.gravatar.com\/avatar\/55c53222558b27a72015a64073a80edce4abd33369394b9bf2c5cd6c19d12682?s=96&d=mm&r=g","caption":"Eva Martin"},"description":"Je parle de business et d'entrepreneuriat avec des conseils clairs, concrets et actionnables pour r\u00e9ussir","sameAs":["https:\/\/x.com\/Evaapresecole"],"url":"https:\/\/www.apres-lecole.fr\/Blog\/author\/evamartin\/"}]}},"views":33,"_links":{"self":[{"href":"https:\/\/www.apres-lecole.fr\/Blog\/wp-json\/wp\/v2\/posts\/1866","targetHints":{"allow":["GET"]}}],"collection":[{"href":"https:\/\/www.apres-lecole.fr\/Blog\/wp-json\/wp\/v2\/posts"}],"about":[{"href":"https:\/\/www.apres-lecole.fr\/Blog\/wp-json\/wp\/v2\/types\/post"}],"author":[{"embeddable":true,"href":"https:\/\/www.apres-lecole.fr\/Blog\/wp-json\/wp\/v2\/users\/9"}],"replies":[{"embeddable":true,"href":"https:\/\/www.apres-lecole.fr\/Blog\/wp-json\/wp\/v2\/comments?post=1866"}],"version-history":[{"count":0,"href":"https:\/\/www.apres-lecole.fr\/Blog\/wp-json\/wp\/v2\/posts\/1866\/revisions"}],"wp:featuredmedia":[{"embeddable":true,"href":"https:\/\/www.apres-lecole.fr\/Blog\/wp-json\/wp\/v2\/media\/1865"}],"wp:attachment":[{"href":"https:\/\/www.apres-lecole.fr\/Blog\/wp-json\/wp\/v2\/media?parent=1866"}],"wp:term":[{"taxonomy":"category","embeddable":true,"href":"https:\/\/www.apres-lecole.fr\/Blog\/wp-json\/wp\/v2\/categories?post=1866"},{"taxonomy":"post_tag","embeddable":true,"href":"https:\/\/www.apres-lecole.fr\/Blog\/wp-json\/wp\/v2\/tags?post=1866"}],"curies":[{"name":"wp","href":"https:\/\/api.w.org\/{rel}","templated":true}]}}