{"id":1864,"date":"2025-04-19T06:53:17","date_gmt":"2025-04-19T06:53:17","guid":{"rendered":"https:\/\/www.apres-lecole.fr\/Blog\/ecole-vingt-eleves-creancey\/"},"modified":"2025-04-19T06:53:17","modified_gmt":"2025-04-19T06:53:17","slug":"ecole-vingt-eleves-creancey","status":"publish","type":"post","link":"https:\/\/www.apres-lecole.fr\/Blog\/ecole-vingt-eleves-creancey\/","title":{"rendered":"Cr\u00e9ancey : une \u00e9cole \u00e0 seulement vingt \u00e9l\u00e8ves, la commune prend des initiatives"},"content":{"rendered":"\n\n<div class=\"kk-star-ratings kksr-auto kksr-align-left kksr-valign-top\"\n    data-payload='{&quot;align&quot;:&quot;left&quot;,&quot;id&quot;:&quot;1864&quot;,&quot;slug&quot;:&quot;default&quot;,&quot;valign&quot;:&quot;top&quot;,&quot;ignore&quot;:&quot;&quot;,&quot;reference&quot;:&quot;auto&quot;,&quot;class&quot;:&quot;&quot;,&quot;count&quot;:&quot;0&quot;,&quot;legendonly&quot;:&quot;&quot;,&quot;readonly&quot;:&quot;&quot;,&quot;score&quot;:&quot;0&quot;,&quot;starsonly&quot;:&quot;&quot;,&quot;best&quot;:&quot;5&quot;,&quot;gap&quot;:&quot;5&quot;,&quot;greet&quot;:&quot;Rate this post&quot;,&quot;legend&quot;:&quot;0\\\/5 - (0 vote)&quot;,&quot;size&quot;:&quot;24&quot;,&quot;title&quot;:&quot;Cr\u00e9ancey : une \u00e9cole \u00e0 seulement vingt \u00e9l\u00e8ves, la commune prend des initiatives&quot;,&quot;width&quot;:&quot;0&quot;,&quot;_legend&quot;:&quot;{score}\\\/{best} - ({count} {votes})&quot;,&quot;font_factor&quot;:&quot;1.25&quot;}'>\n            \n<div class=\"kksr-stars\">\n    \n<div class=\"kksr-stars-inactive\">\n            <div class=\"kksr-star\" data-star=\"1\" style=\"padding-right: 5px\">\n            \n\n<div class=\"kksr-icon\" style=\"width: 24px; height: 24px;\"><\/div>\n        <\/div>\n            <div class=\"kksr-star\" data-star=\"2\" style=\"padding-right: 5px\">\n            \n\n<div class=\"kksr-icon\" style=\"width: 24px; height: 24px;\"><\/div>\n        <\/div>\n            <div class=\"kksr-star\" data-star=\"3\" style=\"padding-right: 5px\">\n            \n\n<div class=\"kksr-icon\" style=\"width: 24px; height: 24px;\"><\/div>\n        <\/div>\n            <div class=\"kksr-star\" data-star=\"4\" style=\"padding-right: 5px\">\n            \n\n<div class=\"kksr-icon\" style=\"width: 24px; height: 24px;\"><\/div>\n        <\/div>\n            <div class=\"kksr-star\" data-star=\"5\" style=\"padding-right: 5px\">\n            \n\n<div class=\"kksr-icon\" style=\"width: 24px; height: 24px;\"><\/div>\n        <\/div>\n    <\/div>\n    \n<div class=\"kksr-stars-active\" style=\"width: 0px;\">\n            <div class=\"kksr-star\" style=\"padding-right: 5px\">\n            \n\n<div class=\"kksr-icon\" style=\"width: 24px; height: 24px;\"><\/div>\n        <\/div>\n            <div class=\"kksr-star\" style=\"padding-right: 5px\">\n            \n\n<div class=\"kksr-icon\" style=\"width: 24px; height: 24px;\"><\/div>\n        <\/div>\n            <div class=\"kksr-star\" style=\"padding-right: 5px\">\n            \n\n<div class=\"kksr-icon\" style=\"width: 24px; height: 24px;\"><\/div>\n        <\/div>\n            <div class=\"kksr-star\" style=\"padding-right: 5px\">\n            \n\n<div class=\"kksr-icon\" style=\"width: 24px; height: 24px;\"><\/div>\n        <\/div>\n            <div class=\"kksr-star\" style=\"padding-right: 5px\">\n            \n\n<div class=\"kksr-icon\" style=\"width: 24px; height: 24px;\"><\/div>\n        <\/div>\n    <\/div>\n<\/div>\n                \n\n<div class=\"kksr-legend\" style=\"font-size: 19.2px;\">\n            <span class=\"kksr-muted\">Rate this post<\/span>\n    <\/div>\n    <\/div>\n<p>Au c\u0153ur de la Bourgogne-Franche-Comt\u00e9, une petite \u00e9cole bat son plein malgr\u00e9 des effectifs en d\u00e9clin. L&rsquo;\u00e9cole de Cr\u00e9ancey, qui n&rsquo;accueillera que 20 \u00e9l\u00e8ves \u00e0 la rentr\u00e9e 2025, fait face \u00e0 un d\u00e9fi de taille : comment maintenir une <strong>communaut\u00e9 \u00e9ducative Cr\u00e9ancey<\/strong> dynamique et innovante dans un environnement rural ? La commune, n&rsquo;abandonnant pas ses aigles, a d\u00e9cid\u00e9 de prendre les choses en main pour pr\u00e9server le pr\u00e9cieux lieu d\u2019apprentissage. D\u00e9couvrez comment cette petite \u00e9cole, au potentiel inexploit\u00e9, devient le th\u00e9\u00e2tre d&rsquo;initiatives \u00e9ducatives innovantes.<\/p>\n\n<ul class=\"wp-block-list\"><li>La r\u00e9alit\u00e9 d&rsquo;une petite \u00e9cole<\/li><li>Les petites \u00e9coles : des solutions innovantes<\/li><li>Partenariats pour l&rsquo;\u00e9ducation : Sivos de Commarin<\/li><li>Initiatives \u00e9ducatives \u00e0 Cr\u00e9ancey<\/li><li>Perspectives futures pour l&rsquo;\u00e9ducation durable<\/li><\/ul>\n\n<h2 class=\"wp-block-heading\">La r\u00e9alit\u00e9 d&rsquo;une petite \u00e9cole<\/h2>\n\n<p>La situation de l&rsquo;\u00e9cole de Cr\u00e9ancey m\u00e9rite une attention particuli\u00e8re. Alors qu&rsquo;une baisse d&rsquo;effectifs est souvent synonyme de fermetures d&rsquo;\u00e9tablissements, ce petit coin de France se veut un exemple de r\u00e9silience. Actuellement, le site accueille 25 \u00e9l\u00e8ves, mais ce chiffre est en chute libre. Pour la rentr\u00e9e prochaine, seulement 20 \u00e9l\u00e8ves sont attendus, entra\u00eenant la suppression d&rsquo;une classe. Terrible ? Que nenni ! Cela pourrait aussi \u00eatre l&rsquo;occasion d\u2019une r\u00e9forme bien pens\u00e9e.<\/p>\n\n<p>Le ph\u00e9nom\u00e8ne de la d\u00e9scolarisation progressive est, h\u00e9las, courant dans nos campagnes. Les enjeux d\u00e9mographiques p\u00e8sent lourds. Toutefois, des solutions existent et, \u00e0 Cr\u00e9ancey, le vent du changement souffle avec force. La maire, <strong>Charline Desbois<\/strong>, ne distingue pas cette diminution comme un obstacle, mais comme une opportunit\u00e9 \u00e0 saisir. En s&rsquo;engageant \u00e0 maintenir une <strong>\u00e9cole \u00e9l\u00e9mentaire publique<\/strong> vibrante gr\u00e2ce \u00e0 diverses <strong>initiatives \u00e9ducatives Cr\u00e9ancey<\/strong>, elle aspire \u00e0 donner un souffle nouveau \u00e0 cet \u00e9tablissement rempli de potentiel.<\/p>\n\n<p>Les petits effectifs apportent leur lot d\u2019avantages et d&rsquo;inconv\u00e9nients. Au sein de ce cadre scolaire, l&rsquo;enseignement peut \u00eatre plus <strong>personnalis\u00e9<\/strong>. Les enseignants ont la chance de vraiment conna\u00eetre chaque enfant, d\u2019identifier ses force et faiblesses. D\u2019ailleurs, plusieurs \u00e9tudes montrent que ce type d\u2019\u00e9ducation favorise un <strong>\u00e9veil des talents<\/strong> exceptionnel chez les \u00e9l\u00e8ves. Imaginez une classe o\u00f9 chaque \u00e9l\u00e8ve peut s\u2019\u00e9panouir sans la pression des grands effectifs. C\u2019est tout l&rsquo;enjeu de la <strong>scolarit\u00e9 \u00e9quilibr\u00e9e<\/strong> \u00e0 Cr\u00e9ancey.<\/p>\n\n<h3 class=\"wp-block-heading\">Les petites \u00e9coles : des solutions innovantes<\/h3>\n\n<p>Les petites \u00e9coles, telles que celle de Cr\u00e9ancey, sont souvent per\u00e7ues comme des mod\u00e8les de transformation. Leurs enjeux sont teint\u00e9s de bienveillance communautaire et d\u2019\u00e9ducativit\u00e9. De nombreuses \u00e9tudes analysent les d\u00e9fis et les solutions apport\u00e9es par ces petits \u00e9tablissement d\u2019enseignement. Parmi celles-ci, la question du <strong>collaboration locale<\/strong> s&rsquo;impose. Les petites \u00e9coles doivent souvent s\u2019associer \u00e0 d\u2019autres communes ou institutions pour surmonter les difficult\u00e9s, comme le d\u00e9m\u00e9nagement ou la r\u00e9duction des places.<\/p>\n\n<p>Dans le cadre de la commune de Cr\u00e9ancey, le nouveau partenariat avec le <strong>Syndicat Intercommunal \u00e0 Vocation Scolaire<\/strong> de Commarin en t\u00e9moigne. En int\u00e9grant les \u00e9l\u00e8ves de Cr\u00e9ancey au Sivos de Commarin, la commune souhaite maintenir un lieu d\u2019enseignement \u00e0 Cr\u00e9ancey, mais avec une approche harmonis\u00e9e, ce qui pourrait servir de mod\u00e8le pour d&rsquo;autres \u00e9coles rurales en difficult\u00e9s. Quelles sont, selon toi, les dimensions essentielles d\u2019une <strong>\u00e9ducation durable Cr\u00e9ancey<\/strong> en milieu rural ?<\/p>\n\n<ul class=\"wp-block-list\"><li>Une expertise locale dans un cadre convivial \ud83c\udf33<\/li><li>Une synergie entre communes pour une meilleure gestion \ud83d\udcaa<\/li><li>Une r\u00e9flexion sur l&rsquo;avenir de l&rsquo;\u00e9cole en milieu rural \ud83c\udfeb<\/li><\/ul>\n\n<figure class=\"wp-block-table\"><table>\n<thead>\n<tr>\n<th>\u00c9tat actuel<\/th>\n<th>Rentr\u00e9e 2025<\/th>\n<th>Objectif de maintien<\/th>\n<\/tr>\n<\/thead>\n<tbody>\n<tr>\n<td>25 \u00e9l\u00e8ves<\/td>\n<td>20 \u00e9l\u00e8ves<\/td>\n<td>Mise en place de classes au Sivos<\/td>\n<\/tr>\n<tr>\n<td>Deux classes<\/td>\n<td>Une classe unique<\/td>\n<td>Regroupement p\u00e9dagogique<\/td>\n<\/tr>\n<tr>\n<td>Partenariat seul<\/td>\n<td>Partenariat Sivos Commarin<\/td>\n<td>Meilleure r\u00e9partition des effectifs<\/td>\n<\/tr>\n<\/tbody>\n<\/table><\/figure>\n\n<h2 class=\"wp-block-heading\">Partenariats pour l&rsquo;\u00e9ducation : Sivos de Commarin<\/h2>\n\n<p>Le Sivos de Commarin tourne les pages d\u2019un nouveau chapitre \u00e9ducatif. Avec l\u2019int\u00e9gration des \u00e9l\u00e8ves de Cr\u00e9ancey, une toute nouvelle dynamique se construit. La mairie de Cr\u00e9ancey et celle de Vandenesse-en-Auxois, par la voix de leurs maires respectifs, ont pris cette d\u00e9cision pour assurer le maintien d\u2019un service \u00e9ducatif de qualit\u00e9 aux enfants de la r\u00e9gion.<\/p>\n\n<p>Cette collaboration prometteuse repr\u00e9sente aussi une v\u00e9ritable r\u00e9ponse \u00e0 la question de l&rsquo;<strong>enseignement personnalis\u00e9<\/strong>. Avec l&rsquo;arriv\u00e9e de nouveaux \u00e9l\u00e8ves, le Sivos de Commarin va pouvoir renforcer ses effectifs. Les classes seront probablement r\u00e9organis\u00e9es sur plusieurs sites, permettant ainsi une meilleure r\u00e9partition des \u00e9l\u00e8ves, tout en maintenant un environnement d\u2019apprentissage id\u00e9al.<\/p>\n\n<h3 class=\"wp-block-heading\">Un avenir pour les classes rurales<\/h3>\n\n<p>La mise en place de cinq classes sur les diff\u00e9rents sites est un d\u00e9fi, mais il permet aussi une belle opportunit\u00e9. Les enfants de Cr\u00e9ancey auront acc\u00e8s \u00e0 des infrastructures modernes et \u00e0 un richesses de p\u00e9dagogies vari\u00e9es, favorisant leur enthousiasme et motivation. Les parents seront rassur\u00e9s gr\u00e2ce \u00e0 la possibilit\u00e9 de visites de ces \u00e9tablissements avant la rentr\u00e9e, une d\u00e9marche essentielle pour maintenir la s\u00e9r\u00e9nit\u00e9 dans le quotidien familial.<\/p>\n\n<ul class=\"wp-block-list\"><li>R\u00e9cup\u00e9ration optimale des classes \ud83d\udcda<\/li><li>Environnement d&rsquo;apprentissage interactif \ud83d\ude4c<\/li><li>Visites pr\u00e9-rentr\u00e9e pour rassurer les familles \ud83d\udc68\u200d\ud83d\udc69\u200d\ud83d\udc67\u200d\ud83d\udc66<\/li><\/ul>\n\n<p>En mati\u00e8re de transports, le Sivos s&rsquo;engage \u00e9galement \u00e0 fournir un service de ramassage scolaire pour tous les enfants, renfor\u00e7ant ainsi l\u2019accessibilit\u00e9 pour les plus jeunes. Des ajustements seront faits pour que les horaires de garderie et de cantine co\u00efncident avec les besoins des familles, offrant une r\u00e9ponse concr\u00e8te \u00e0 l\u2019ambivalence des horaires de la vie moderne. Cela refl\u00e8te l\u2019importance d\u2019\u00eatre \u00e0 l\u2019\u00e9coute des besoins des parents dans la qu\u00eate permanente d&rsquo;une <strong>scolarit\u00e9 \u00e9quilibr\u00e9e<\/strong>.<\/p>\n\n<h2 class=\"wp-block-heading\">Initiatives \u00e9ducatives \u00e0 Cr\u00e9ancey<\/h2>\n\n<p>Les initiatives \u00e9ducatives \u00e0 Cr\u00e9ancey ne se limitent pas uniquement \u00e0 ce partenariat. La commune se projette \u00e9galement vers l&rsquo;avenir avec des propositions novatrices, comme la cr\u00e9ation d\u2019une <strong>Maison d\u2019assistantes maternelles<\/strong> en compl\u00e9ment de la cr\u00e8che de Pouilly-en-Auxois. Ce projet vise \u00e0 offrir une couverture \u00e9ducative sans interruption aux enfants de 0 \u00e0 10 ans, permettant d&rsquo;atteindre un maximum d&rsquo;individus et de renforcer l&rsquo;attrait du territoire.<\/p>\n\n<p>En outre, la municipalit\u00e9 n\u2019h\u00e9site pas \u00e0 penser \u00e0 l&rsquo;avenir en prenant en compte le probl\u00e8me de <strong>natalit\u00e9<\/strong> qui touche aussi les zones rurales. \u00c0 travers des initiatives collectives, son objectif est d\u2019attirer davantage de familles, de soutenir le d\u00e9veloppement social et d&rsquo;assurer une <strong>\u00e9ducation durable Cr\u00e9ancey<\/strong>. C\u2019est un d\u00e9licat \u00e9quilibre \u00e0 trouver, notamment lorsqu\u2019il faut convaincre les parents des bienfaits d\u2019un cadre scolaire parfois jug\u00e9 \u00ab isol\u00e9 \u00bb.<\/p>\n\n<ul class=\"wp-block-list\"><li>Cr\u00e9ation de structures d&rsquo;accueil pour jeunes \ud83c\udfe0<\/li><li>Encouragement \u00e0 la natalit\u00e9 par la qualit\u00e9 de vie \ud83c\udf31<\/li><li>Rapprocher la communaut\u00e9 \u00e9ducative de l&rsquo;\u00e9cole \ud83c\udf93<\/li><\/ul>\n\n<figure class=\"wp-block-table\"><table>\n<thead>\n<tr>\n<th>Initiative<\/th>\n<th>Objectif<\/th>\n<th>Impact sur la communaut\u00e9<\/th>\n<\/tr>\n<\/thead>\n<tbody>\n<tr>\n<td>Maison d\u2019assistantes maternelles<\/td>\n<td>Accueillir les enfants de 0 \u00e0 10 ans<\/td>\n<td>Conserver la dynamique familiale<\/td>\n<\/tr>\n<tr>\n<td>Am\u00e9lioration des transports scolaires<\/td>\n<td>Faciliter l&rsquo;acc\u00e8s aux \u00e9coles<\/td>\n<td>Soutien aux familles en milieu rural<\/td>\n<\/tr>\n<tr>\n<td>Collaboration avec le Sivos<\/td>\n<td>Renforcer l&rsquo;\u00e9ducation<\/td>\n<td>Cr\u00e9er des synergies inter-communes<\/td>\n<\/tr>\n<\/tbody>\n<\/table><\/figure>\n\n<h2 class=\"wp-block-heading\">Perspectives futures pour l&rsquo;\u00e9ducation durable<\/h2>\n\n<p>Le regard port\u00e9 vers l&rsquo;avenir est plein d&rsquo;espoir et les actions entreprises \u00e0 Cr\u00e9ancey en sont la preuve. L&rsquo;id\u00e9e de maintenir l&rsquo;\u00e9cole n&rsquo;est pas simplement une question de chiffres, mais un engagement collectif \u00e0 conserver un lieu d\u2019enseignement accueillant et chaleureux. Les enfants devenant des citoyens de demain ont besoin d\u2019un cadre favorable pour se d\u00e9velopper, tant sur le plan acad\u00e9mique que personnel.<\/p>\n\n<p>Les initiatives \u00e9ducatives du territoire, alli\u00e9es \u00e0 un dialogue constant avec les parents et les enfants, forment l&rsquo;armature d&rsquo;une <strong>petite \u00e9cole innovante<\/strong>. Dans une \u00e9poque o\u00f9 l\u2019on parle d\u2019\u00e9ducation durable, il est crucial de cr\u00e9er un environnement propice \u00e0 l\u2019apprentissage, tout en int\u00e9grant les ressources locales et en pr\u00e9servant le patrimoine culturel.<\/p>\n\n<ul class=\"wp-block-list\"><li>Favoriser le dialogue entre acteurs \u00e9ducatifs \ud83e\udd1d<\/li><li>Engagement des parents pour le bien des enfants \ud83c\udfe1<\/li><li>\u00c9ducation inclusives et engageante pour tous \ud83d\ude80<\/li><\/ul>\n\n<p>\u00c0 travers tous ces initiatives, c&rsquo;est une conscience collective qui se forme. La mise en avant d\u2019une <strong>\u00e9ducation durable \u00e0 Cr\u00e9ancey<\/strong> est ainsi un appel vibrant \u00e0 tous les acteurs de l&rsquo;\u00e9ducation et des familles \u00e0 s&rsquo;engager pour un avenir meilleur, solidaire et innovant. La route est peut-\u00eatre sem\u00e9e d&#8217;emb\u00fbches, mais chaque pas fait vers une \u00e9ducation de qualit\u00e9 est un pas vers un meilleur avenir.<\/p>\n\n<h2 class=\"wp-block-heading\">FAQ<\/h2>\n\n<h3 class=\"wp-block-heading\">Quel sera le nombre d&rsquo;\u00e9l\u00e8ves \u00e0 l&rsquo;\u00e9cole de Cr\u00e9ancey en 2025 ?<\/h3>\n\n<p>En 2025, l&rsquo;\u00e9cole de Cr\u00e9ancey accueillera 20 \u00e9l\u00e8ves, apr\u00e8s une baisse des effectifs.<\/p>\n\n<h3 class=\"wp-block-heading\">Quelles solutions sont mises en place pour maintenir l&rsquo;\u00e9cole ouverte ?<\/h3>\n\n<p>La commune a d\u00e9cid\u00e9 de collaborer avec le Sivos de Commarin pour int\u00e9grer les \u00e9l\u00e8ves et maintenir une structure \u00e9ducative.<\/p>\n\n<h3 class=\"wp-block-heading\">Comment les transports scolaires seront-ils g\u00e9r\u00e9s ?<\/h3>\n\n<p>Le Sivos assurera le transport scolaire pour tous les \u00e9l\u00e8ves, y compris ceux de maternelle.<\/p>\n\n<h3 class=\"wp-block-heading\">Y a-t-il des structures d&rsquo;accueil pour les plus jeunes ?<\/h3>\n\n<p>Un projet de cr\u00e9ation d&rsquo;une Maison d\u2019assistantes maternelles est en cours pour accueillir les enfants de 0 \u00e0 10 ans.<\/p>\n\n<h3 class=\"wp-block-heading\">Quel est l&rsquo;objectif de ces initiatives ?<\/h3>\n\n<p>L&rsquo;objectif est de maintenir l&rsquo;attractivit\u00e9 du territoire et d&rsquo;assurer un cadre \u00e9ducatif de qualit\u00e9 pour les familles.<\/p>\n\n","protected":false},"excerpt":{"rendered":"<p>Au c\u0153ur de la Bourgogne-Franche-Comt\u00e9, une petite \u00e9cole bat son plein malgr\u00e9 des effectifs en d\u00e9clin. L&rsquo;\u00e9cole de Cr\u00e9ancey, qui n&rsquo;accueillera que 20 \u00e9l\u00e8ves \u00e0 la rentr\u00e9e 2025, fait face \u00e0 un d\u00e9fi de taille : comment maintenir une communaut\u00e9 \u00e9ducative Cr\u00e9ancey dynamique et innovante dans un environnement rural ? La commune, n&rsquo;abandonnant pas ses &#8230; <a title=\"Cr\u00e9ancey : une \u00e9cole \u00e0 seulement vingt \u00e9l\u00e8ves, la commune prend des initiatives\" class=\"read-more\" href=\"https:\/\/www.apres-lecole.fr\/Blog\/ecole-vingt-eleves-creancey\/\" aria-label=\"En savoir plus sur Cr\u00e9ancey : une \u00e9cole \u00e0 seulement vingt \u00e9l\u00e8ves, la commune prend des initiatives\">Lire plus<\/a><\/p>\n","protected":false},"author":9,"featured_media":1863,"comment_status":"open","ping_status":"open","sticky":false,"template":"","format":"standard","meta":{"footnotes":""},"categories":[342],"tags":[675,673,410,676,674],"class_list":["post-1864","post","type-post","status-publish","format-standard","has-post-thumbnail","hentry","category-actualites","tag-commune","tag-creancey","tag-ecole","tag-initiatives","tag-vingt-eleves"],"yoast_head":"<!-- This site is optimized with the Yoast SEO plugin v27.5 - https:\/\/yoast.com\/product\/yoast-seo-wordpress\/ -->\n<title>Cr\u00e9ancey : une \u00e9cole sur le fil, innovations pour l&#039;avenir<\/title>\n<meta name=\"description\" content=\"D\u00e9couvrez Cr\u00e9ancey, une \u00e9cole qui accueille seulement vingt \u00e9l\u00e8ves. La commune innove et prend des initiatives uniques pour garantir une \u00e9ducation de qualit\u00e9 tout en pr\u00e9servant un cadre convivial et personnalis\u00e9. Explorez comment cette petite \u00e9cole se d\u00e9marque par son engagement en faveur d&#039;une p\u00e9dagogie adapt\u00e9e et d&#039;un environnement propice \u00e0 l&#039;apprentissage.\" \/>\n<meta name=\"robots\" content=\"index, follow, max-snippet:-1, max-image-preview:large, max-video-preview:-1\" \/>\n<link rel=\"canonical\" href=\"https:\/\/www.apres-lecole.fr\/Blog\/ecole-vingt-eleves-creancey\/\" \/>\n<meta property=\"og:locale\" content=\"fr_FR\" \/>\n<meta property=\"og:type\" content=\"article\" \/>\n<meta property=\"og:title\" content=\"Cr\u00e9ancey : une \u00e9cole sur le fil, innovations pour l&#039;avenir\" \/>\n<meta property=\"og:description\" content=\"D\u00e9couvrez Cr\u00e9ancey, une \u00e9cole qui accueille seulement vingt \u00e9l\u00e8ves. La commune innove et prend des initiatives uniques pour garantir une \u00e9ducation de qualit\u00e9 tout en pr\u00e9servant un cadre convivial et personnalis\u00e9. Explorez comment cette petite \u00e9cole se d\u00e9marque par son engagement en faveur d&#039;une p\u00e9dagogie adapt\u00e9e et d&#039;un environnement propice \u00e0 l&#039;apprentissage.\" \/>\n<meta property=\"og:url\" content=\"https:\/\/www.apres-lecole.fr\/Blog\/ecole-vingt-eleves-creancey\/\" \/>\n<meta property=\"article:published_time\" content=\"2025-04-19T06:53:17+00:00\" \/>\n<meta property=\"og:image\" content=\"https:\/\/www.apres-lecole.fr\/Blog\/wp-content\/uploads\/2025\/04\/Creancey-une-ecole-a-seulement-vingt-eleves-la-commune-prend-des-initiatives.jpg\" \/>\n\t<meta property=\"og:image:width\" content=\"1344\" \/>\n\t<meta property=\"og:image:height\" content=\"768\" \/>\n\t<meta property=\"og:image:type\" content=\"image\/jpeg\" \/>\n<meta name=\"author\" content=\"Eva Martin\" \/>\n<meta name=\"twitter:card\" content=\"summary_large_image\" \/>\n<meta name=\"twitter:creator\" content=\"@Evaapresecole\" \/>\n<meta name=\"twitter:label1\" content=\"\u00c9crit par\" \/>\n\t<meta name=\"twitter:data1\" content=\"Eva Martin\" \/>\n\t<meta name=\"twitter:label2\" content=\"Dur\u00e9e de lecture estim\u00e9e\" \/>\n\t<meta name=\"twitter:data2\" content=\"7 minutes\" \/>\n<script type=\"application\/ld+json\" class=\"yoast-schema-graph\">{\"@context\":\"https:\\\/\\\/schema.org\",\"@graph\":[{\"@type\":\"Article\",\"@id\":\"https:\\\/\\\/www.apres-lecole.fr\\\/Blog\\\/ecole-vingt-eleves-creancey\\\/#article\",\"isPartOf\":{\"@id\":\"https:\\\/\\\/www.apres-lecole.fr\\\/Blog\\\/ecole-vingt-eleves-creancey\\\/\"},\"author\":{\"name\":\"Eva Martin\",\"@id\":\"https:\\\/\\\/www.apres-lecole.fr\\\/Blog\\\/#\\\/schema\\\/person\\\/aeb50cd4b51fc69da155804bb5bb9fc4\"},\"headline\":\"Cr\u00e9ancey : une \u00e9cole \u00e0 seulement vingt \u00e9l\u00e8ves, la commune prend des initiatives\",\"datePublished\":\"2025-04-19T06:53:17+00:00\",\"mainEntityOfPage\":{\"@id\":\"https:\\\/\\\/www.apres-lecole.fr\\\/Blog\\\/ecole-vingt-eleves-creancey\\\/\"},\"wordCount\":1553,\"commentCount\":0,\"image\":{\"@id\":\"https:\\\/\\\/www.apres-lecole.fr\\\/Blog\\\/ecole-vingt-eleves-creancey\\\/#primaryimage\"},\"thumbnailUrl\":\"https:\\\/\\\/www.apres-lecole.fr\\\/Blog\\\/wp-content\\\/uploads\\\/2025\\\/04\\\/Creancey-une-ecole-a-seulement-vingt-eleves-la-commune-prend-des-initiatives.jpg\",\"keywords\":[\"commune\",\"cr\u00e9ancey\",\"\u00e9cole\",\"initiatives\",\"vingt \u00e9l\u00e8ves\"],\"articleSection\":[\"Actualit\u00e9s\"],\"inLanguage\":\"fr-FR\",\"potentialAction\":[{\"@type\":\"CommentAction\",\"name\":\"Comment\",\"target\":[\"https:\\\/\\\/www.apres-lecole.fr\\\/Blog\\\/ecole-vingt-eleves-creancey\\\/#respond\"]}]},{\"@type\":\"WebPage\",\"@id\":\"https:\\\/\\\/www.apres-lecole.fr\\\/Blog\\\/ecole-vingt-eleves-creancey\\\/\",\"url\":\"https:\\\/\\\/www.apres-lecole.fr\\\/Blog\\\/ecole-vingt-eleves-creancey\\\/\",\"name\":\"Cr\u00e9ancey : une \u00e9cole sur le fil, innovations pour l'avenir\",\"isPartOf\":{\"@id\":\"https:\\\/\\\/www.apres-lecole.fr\\\/Blog\\\/#website\"},\"primaryImageOfPage\":{\"@id\":\"https:\\\/\\\/www.apres-lecole.fr\\\/Blog\\\/ecole-vingt-eleves-creancey\\\/#primaryimage\"},\"image\":{\"@id\":\"https:\\\/\\\/www.apres-lecole.fr\\\/Blog\\\/ecole-vingt-eleves-creancey\\\/#primaryimage\"},\"thumbnailUrl\":\"https:\\\/\\\/www.apres-lecole.fr\\\/Blog\\\/wp-content\\\/uploads\\\/2025\\\/04\\\/Creancey-une-ecole-a-seulement-vingt-eleves-la-commune-prend-des-initiatives.jpg\",\"datePublished\":\"2025-04-19T06:53:17+00:00\",\"author\":{\"@id\":\"https:\\\/\\\/www.apres-lecole.fr\\\/Blog\\\/#\\\/schema\\\/person\\\/aeb50cd4b51fc69da155804bb5bb9fc4\"},\"description\":\"D\u00e9couvrez Cr\u00e9ancey, une \u00e9cole qui accueille seulement vingt \u00e9l\u00e8ves. La commune innove et prend des initiatives uniques pour garantir une \u00e9ducation de qualit\u00e9 tout en pr\u00e9servant un cadre convivial et personnalis\u00e9. Explorez comment cette petite \u00e9cole se d\u00e9marque par son engagement en faveur d'une p\u00e9dagogie adapt\u00e9e et d'un environnement propice \u00e0 l'apprentissage.\",\"breadcrumb\":{\"@id\":\"https:\\\/\\\/www.apres-lecole.fr\\\/Blog\\\/ecole-vingt-eleves-creancey\\\/#breadcrumb\"},\"inLanguage\":\"fr-FR\",\"potentialAction\":[{\"@type\":\"ReadAction\",\"target\":[\"https:\\\/\\\/www.apres-lecole.fr\\\/Blog\\\/ecole-vingt-eleves-creancey\\\/\"]}]},{\"@type\":\"ImageObject\",\"inLanguage\":\"fr-FR\",\"@id\":\"https:\\\/\\\/www.apres-lecole.fr\\\/Blog\\\/ecole-vingt-eleves-creancey\\\/#primaryimage\",\"url\":\"https:\\\/\\\/www.apres-lecole.fr\\\/Blog\\\/wp-content\\\/uploads\\\/2025\\\/04\\\/Creancey-une-ecole-a-seulement-vingt-eleves-la-commune-prend-des-initiatives.jpg\",\"contentUrl\":\"https:\\\/\\\/www.apres-lecole.fr\\\/Blog\\\/wp-content\\\/uploads\\\/2025\\\/04\\\/Creancey-une-ecole-a-seulement-vingt-eleves-la-commune-prend-des-initiatives.jpg\",\"width\":1344,\"height\":768,\"caption\":\"d\u00e9couvrez l'\u00e9cole de cr\u00e9ancey, o\u00f9 une attention personnalis\u00e9e est port\u00e9e \u00e0 chaque \u00e9l\u00e8ve gr\u00e2ce \u00e0 une classe de seulement vingt \u00e9l\u00e8ves. la commune s'engage \u00e0 prendre des initiatives pour favoriser un environnement d'apprentissage optimal et soutenir le d\u00e9veloppement \u00e9ducatif local.\"},{\"@type\":\"BreadcrumbList\",\"@id\":\"https:\\\/\\\/www.apres-lecole.fr\\\/Blog\\\/ecole-vingt-eleves-creancey\\\/#breadcrumb\",\"itemListElement\":[{\"@type\":\"ListItem\",\"position\":1,\"name\":\"Home\",\"item\":\"https:\\\/\\\/www.apres-lecole.fr\\\/Blog\\\/\"},{\"@type\":\"ListItem\",\"position\":2,\"name\":\"Cr\u00e9ancey : une \u00e9cole \u00e0 seulement vingt \u00e9l\u00e8ves, la commune prend des initiatives\"}]},{\"@type\":\"WebSite\",\"@id\":\"https:\\\/\\\/www.apres-lecole.fr\\\/Blog\\\/#website\",\"url\":\"https:\\\/\\\/www.apres-lecole.fr\\\/Blog\\\/\",\"name\":\"\",\"description\":\"M\u00e9dia g\u00e9n\u00e9raliste\",\"potentialAction\":[{\"@type\":\"SearchAction\",\"target\":{\"@type\":\"EntryPoint\",\"urlTemplate\":\"https:\\\/\\\/www.apres-lecole.fr\\\/Blog\\\/?s={search_term_string}\"},\"query-input\":{\"@type\":\"PropertyValueSpecification\",\"valueRequired\":true,\"valueName\":\"search_term_string\"}}],\"inLanguage\":\"fr-FR\"},{\"@type\":\"Person\",\"@id\":\"https:\\\/\\\/www.apres-lecole.fr\\\/Blog\\\/#\\\/schema\\\/person\\\/aeb50cd4b51fc69da155804bb5bb9fc4\",\"name\":\"Eva Martin\",\"image\":{\"@type\":\"ImageObject\",\"inLanguage\":\"fr-FR\",\"@id\":\"https:\\\/\\\/secure.gravatar.com\\\/avatar\\\/55c53222558b27a72015a64073a80edce4abd33369394b9bf2c5cd6c19d12682?s=96&d=mm&r=g\",\"url\":\"https:\\\/\\\/secure.gravatar.com\\\/avatar\\\/55c53222558b27a72015a64073a80edce4abd33369394b9bf2c5cd6c19d12682?s=96&d=mm&r=g\",\"contentUrl\":\"https:\\\/\\\/secure.gravatar.com\\\/avatar\\\/55c53222558b27a72015a64073a80edce4abd33369394b9bf2c5cd6c19d12682?s=96&d=mm&r=g\",\"caption\":\"Eva Martin\"},\"description\":\"Je parle de business et d'entrepreneuriat avec des conseils clairs, concrets et actionnables pour r\u00e9ussir\",\"sameAs\":[\"https:\\\/\\\/x.com\\\/Evaapresecole\"],\"url\":\"https:\\\/\\\/www.apres-lecole.fr\\\/Blog\\\/author\\\/evamartin\\\/\"}]}<\/script>\n<!-- \/ Yoast SEO plugin. -->","yoast_head_json":{"title":"Cr\u00e9ancey : une \u00e9cole sur le fil, innovations pour l'avenir","description":"D\u00e9couvrez Cr\u00e9ancey, une \u00e9cole qui accueille seulement vingt \u00e9l\u00e8ves. La commune innove et prend des initiatives uniques pour garantir une \u00e9ducation de qualit\u00e9 tout en pr\u00e9servant un cadre convivial et personnalis\u00e9. Explorez comment cette petite \u00e9cole se d\u00e9marque par son engagement en faveur d'une p\u00e9dagogie adapt\u00e9e et d'un environnement propice \u00e0 l'apprentissage.","robots":{"index":"index","follow":"follow","max-snippet":"max-snippet:-1","max-image-preview":"max-image-preview:large","max-video-preview":"max-video-preview:-1"},"canonical":"https:\/\/www.apres-lecole.fr\/Blog\/ecole-vingt-eleves-creancey\/","og_locale":"fr_FR","og_type":"article","og_title":"Cr\u00e9ancey : une \u00e9cole sur le fil, innovations pour l'avenir","og_description":"D\u00e9couvrez Cr\u00e9ancey, une \u00e9cole qui accueille seulement vingt \u00e9l\u00e8ves. La commune innove et prend des initiatives uniques pour garantir une \u00e9ducation de qualit\u00e9 tout en pr\u00e9servant un cadre convivial et personnalis\u00e9. Explorez comment cette petite \u00e9cole se d\u00e9marque par son engagement en faveur d'une p\u00e9dagogie adapt\u00e9e et d'un environnement propice \u00e0 l'apprentissage.","og_url":"https:\/\/www.apres-lecole.fr\/Blog\/ecole-vingt-eleves-creancey\/","article_published_time":"2025-04-19T06:53:17+00:00","og_image":[{"width":1344,"height":768,"url":"https:\/\/www.apres-lecole.fr\/Blog\/wp-content\/uploads\/2025\/04\/Creancey-une-ecole-a-seulement-vingt-eleves-la-commune-prend-des-initiatives.jpg","type":"image\/jpeg"}],"author":"Eva Martin","twitter_card":"summary_large_image","twitter_creator":"@Evaapresecole","twitter_misc":{"\u00c9crit par":"Eva Martin","Dur\u00e9e de lecture estim\u00e9e":"7 minutes"},"schema":{"@context":"https:\/\/schema.org","@graph":[{"@type":"Article","@id":"https:\/\/www.apres-lecole.fr\/Blog\/ecole-vingt-eleves-creancey\/#article","isPartOf":{"@id":"https:\/\/www.apres-lecole.fr\/Blog\/ecole-vingt-eleves-creancey\/"},"author":{"name":"Eva Martin","@id":"https:\/\/www.apres-lecole.fr\/Blog\/#\/schema\/person\/aeb50cd4b51fc69da155804bb5bb9fc4"},"headline":"Cr\u00e9ancey : une \u00e9cole \u00e0 seulement vingt \u00e9l\u00e8ves, la commune prend des initiatives","datePublished":"2025-04-19T06:53:17+00:00","mainEntityOfPage":{"@id":"https:\/\/www.apres-lecole.fr\/Blog\/ecole-vingt-eleves-creancey\/"},"wordCount":1553,"commentCount":0,"image":{"@id":"https:\/\/www.apres-lecole.fr\/Blog\/ecole-vingt-eleves-creancey\/#primaryimage"},"thumbnailUrl":"https:\/\/www.apres-lecole.fr\/Blog\/wp-content\/uploads\/2025\/04\/Creancey-une-ecole-a-seulement-vingt-eleves-la-commune-prend-des-initiatives.jpg","keywords":["commune","cr\u00e9ancey","\u00e9cole","initiatives","vingt \u00e9l\u00e8ves"],"articleSection":["Actualit\u00e9s"],"inLanguage":"fr-FR","potentialAction":[{"@type":"CommentAction","name":"Comment","target":["https:\/\/www.apres-lecole.fr\/Blog\/ecole-vingt-eleves-creancey\/#respond"]}]},{"@type":"WebPage","@id":"https:\/\/www.apres-lecole.fr\/Blog\/ecole-vingt-eleves-creancey\/","url":"https:\/\/www.apres-lecole.fr\/Blog\/ecole-vingt-eleves-creancey\/","name":"Cr\u00e9ancey : une \u00e9cole sur le fil, innovations pour l'avenir","isPartOf":{"@id":"https:\/\/www.apres-lecole.fr\/Blog\/#website"},"primaryImageOfPage":{"@id":"https:\/\/www.apres-lecole.fr\/Blog\/ecole-vingt-eleves-creancey\/#primaryimage"},"image":{"@id":"https:\/\/www.apres-lecole.fr\/Blog\/ecole-vingt-eleves-creancey\/#primaryimage"},"thumbnailUrl":"https:\/\/www.apres-lecole.fr\/Blog\/wp-content\/uploads\/2025\/04\/Creancey-une-ecole-a-seulement-vingt-eleves-la-commune-prend-des-initiatives.jpg","datePublished":"2025-04-19T06:53:17+00:00","author":{"@id":"https:\/\/www.apres-lecole.fr\/Blog\/#\/schema\/person\/aeb50cd4b51fc69da155804bb5bb9fc4"},"description":"D\u00e9couvrez Cr\u00e9ancey, une \u00e9cole qui accueille seulement vingt \u00e9l\u00e8ves. La commune innove et prend des initiatives uniques pour garantir une \u00e9ducation de qualit\u00e9 tout en pr\u00e9servant un cadre convivial et personnalis\u00e9. Explorez comment cette petite \u00e9cole se d\u00e9marque par son engagement en faveur d'une p\u00e9dagogie adapt\u00e9e et d'un environnement propice \u00e0 l'apprentissage.","breadcrumb":{"@id":"https:\/\/www.apres-lecole.fr\/Blog\/ecole-vingt-eleves-creancey\/#breadcrumb"},"inLanguage":"fr-FR","potentialAction":[{"@type":"ReadAction","target":["https:\/\/www.apres-lecole.fr\/Blog\/ecole-vingt-eleves-creancey\/"]}]},{"@type":"ImageObject","inLanguage":"fr-FR","@id":"https:\/\/www.apres-lecole.fr\/Blog\/ecole-vingt-eleves-creancey\/#primaryimage","url":"https:\/\/www.apres-lecole.fr\/Blog\/wp-content\/uploads\/2025\/04\/Creancey-une-ecole-a-seulement-vingt-eleves-la-commune-prend-des-initiatives.jpg","contentUrl":"https:\/\/www.apres-lecole.fr\/Blog\/wp-content\/uploads\/2025\/04\/Creancey-une-ecole-a-seulement-vingt-eleves-la-commune-prend-des-initiatives.jpg","width":1344,"height":768,"caption":"d\u00e9couvrez l'\u00e9cole de cr\u00e9ancey, o\u00f9 une attention personnalis\u00e9e est port\u00e9e \u00e0 chaque \u00e9l\u00e8ve gr\u00e2ce \u00e0 une classe de seulement vingt \u00e9l\u00e8ves. la commune s'engage \u00e0 prendre des initiatives pour favoriser un environnement d'apprentissage optimal et soutenir le d\u00e9veloppement \u00e9ducatif local."},{"@type":"BreadcrumbList","@id":"https:\/\/www.apres-lecole.fr\/Blog\/ecole-vingt-eleves-creancey\/#breadcrumb","itemListElement":[{"@type":"ListItem","position":1,"name":"Home","item":"https:\/\/www.apres-lecole.fr\/Blog\/"},{"@type":"ListItem","position":2,"name":"Cr\u00e9ancey : une \u00e9cole \u00e0 seulement vingt \u00e9l\u00e8ves, la commune prend des initiatives"}]},{"@type":"WebSite","@id":"https:\/\/www.apres-lecole.fr\/Blog\/#website","url":"https:\/\/www.apres-lecole.fr\/Blog\/","name":"","description":"M\u00e9dia g\u00e9n\u00e9raliste","potentialAction":[{"@type":"SearchAction","target":{"@type":"EntryPoint","urlTemplate":"https:\/\/www.apres-lecole.fr\/Blog\/?s={search_term_string}"},"query-input":{"@type":"PropertyValueSpecification","valueRequired":true,"valueName":"search_term_string"}}],"inLanguage":"fr-FR"},{"@type":"Person","@id":"https:\/\/www.apres-lecole.fr\/Blog\/#\/schema\/person\/aeb50cd4b51fc69da155804bb5bb9fc4","name":"Eva Martin","image":{"@type":"ImageObject","inLanguage":"fr-FR","@id":"https:\/\/secure.gravatar.com\/avatar\/55c53222558b27a72015a64073a80edce4abd33369394b9bf2c5cd6c19d12682?s=96&d=mm&r=g","url":"https:\/\/secure.gravatar.com\/avatar\/55c53222558b27a72015a64073a80edce4abd33369394b9bf2c5cd6c19d12682?s=96&d=mm&r=g","contentUrl":"https:\/\/secure.gravatar.com\/avatar\/55c53222558b27a72015a64073a80edce4abd33369394b9bf2c5cd6c19d12682?s=96&d=mm&r=g","caption":"Eva Martin"},"description":"Je parle de business et d'entrepreneuriat avec des conseils clairs, concrets et actionnables pour r\u00e9ussir","sameAs":["https:\/\/x.com\/Evaapresecole"],"url":"https:\/\/www.apres-lecole.fr\/Blog\/author\/evamartin\/"}]}},"views":10,"_links":{"self":[{"href":"https:\/\/www.apres-lecole.fr\/Blog\/wp-json\/wp\/v2\/posts\/1864","targetHints":{"allow":["GET"]}}],"collection":[{"href":"https:\/\/www.apres-lecole.fr\/Blog\/wp-json\/wp\/v2\/posts"}],"about":[{"href":"https:\/\/www.apres-lecole.fr\/Blog\/wp-json\/wp\/v2\/types\/post"}],"author":[{"embeddable":true,"href":"https:\/\/www.apres-lecole.fr\/Blog\/wp-json\/wp\/v2\/users\/9"}],"replies":[{"embeddable":true,"href":"https:\/\/www.apres-lecole.fr\/Blog\/wp-json\/wp\/v2\/comments?post=1864"}],"version-history":[{"count":0,"href":"https:\/\/www.apres-lecole.fr\/Blog\/wp-json\/wp\/v2\/posts\/1864\/revisions"}],"wp:featuredmedia":[{"embeddable":true,"href":"https:\/\/www.apres-lecole.fr\/Blog\/wp-json\/wp\/v2\/media\/1863"}],"wp:attachment":[{"href":"https:\/\/www.apres-lecole.fr\/Blog\/wp-json\/wp\/v2\/media?parent=1864"}],"wp:term":[{"taxonomy":"category","embeddable":true,"href":"https:\/\/www.apres-lecole.fr\/Blog\/wp-json\/wp\/v2\/categories?post=1864"},{"taxonomy":"post_tag","embeddable":true,"href":"https:\/\/www.apres-lecole.fr\/Blog\/wp-json\/wp\/v2\/tags?post=1864"}],"curies":[{"name":"wp","href":"https:\/\/api.w.org\/{rel}","templated":true}]}}