{"id":1862,"date":"2025-04-18T21:28:29","date_gmt":"2025-04-18T21:28:29","guid":{"rendered":"https:\/\/www.apres-lecole.fr\/Blog\/impact-confiance-ecole-eleves\/"},"modified":"2025-04-18T21:28:29","modified_gmt":"2025-04-18T21:28:29","slug":"impact-confiance-ecole-eleves","status":"publish","type":"post","link":"https:\/\/www.apres-lecole.fr\/Blog\/impact-confiance-ecole-eleves\/","title":{"rendered":"L&rsquo;impact de l&rsquo;\u00e9cole sur le d\u00e9veloppement de la confiance en soi chez les \u00e9l\u00e8ves"},"content":{"rendered":"\n\n<div class=\"kk-star-ratings kksr-auto kksr-align-left kksr-valign-top\"\n    data-payload='{&quot;align&quot;:&quot;left&quot;,&quot;id&quot;:&quot;1862&quot;,&quot;slug&quot;:&quot;default&quot;,&quot;valign&quot;:&quot;top&quot;,&quot;ignore&quot;:&quot;&quot;,&quot;reference&quot;:&quot;auto&quot;,&quot;class&quot;:&quot;&quot;,&quot;count&quot;:&quot;0&quot;,&quot;legendonly&quot;:&quot;&quot;,&quot;readonly&quot;:&quot;&quot;,&quot;score&quot;:&quot;0&quot;,&quot;starsonly&quot;:&quot;&quot;,&quot;best&quot;:&quot;5&quot;,&quot;gap&quot;:&quot;5&quot;,&quot;greet&quot;:&quot;Rate this post&quot;,&quot;legend&quot;:&quot;0\\\/5 - (0 vote)&quot;,&quot;size&quot;:&quot;24&quot;,&quot;title&quot;:&quot;L\\u0026#039;impact de l\\u0026#039;\u00e9cole sur le d\u00e9veloppement de la confiance en soi chez les \u00e9l\u00e8ves&quot;,&quot;width&quot;:&quot;0&quot;,&quot;_legend&quot;:&quot;{score}\\\/{best} - ({count} {votes})&quot;,&quot;font_factor&quot;:&quot;1.25&quot;}'>\n            \n<div class=\"kksr-stars\">\n    \n<div class=\"kksr-stars-inactive\">\n            <div class=\"kksr-star\" data-star=\"1\" style=\"padding-right: 5px\">\n            \n\n<div class=\"kksr-icon\" style=\"width: 24px; height: 24px;\"><\/div>\n        <\/div>\n            <div class=\"kksr-star\" data-star=\"2\" style=\"padding-right: 5px\">\n            \n\n<div class=\"kksr-icon\" style=\"width: 24px; height: 24px;\"><\/div>\n        <\/div>\n            <div class=\"kksr-star\" data-star=\"3\" style=\"padding-right: 5px\">\n            \n\n<div class=\"kksr-icon\" style=\"width: 24px; height: 24px;\"><\/div>\n        <\/div>\n            <div class=\"kksr-star\" data-star=\"4\" style=\"padding-right: 5px\">\n            \n\n<div class=\"kksr-icon\" style=\"width: 24px; height: 24px;\"><\/div>\n        <\/div>\n            <div class=\"kksr-star\" data-star=\"5\" style=\"padding-right: 5px\">\n            \n\n<div class=\"kksr-icon\" style=\"width: 24px; height: 24px;\"><\/div>\n        <\/div>\n    <\/div>\n    \n<div class=\"kksr-stars-active\" style=\"width: 0px;\">\n            <div class=\"kksr-star\" style=\"padding-right: 5px\">\n            \n\n<div class=\"kksr-icon\" style=\"width: 24px; height: 24px;\"><\/div>\n        <\/div>\n            <div class=\"kksr-star\" style=\"padding-right: 5px\">\n            \n\n<div class=\"kksr-icon\" style=\"width: 24px; height: 24px;\"><\/div>\n        <\/div>\n            <div class=\"kksr-star\" style=\"padding-right: 5px\">\n            \n\n<div class=\"kksr-icon\" style=\"width: 24px; height: 24px;\"><\/div>\n        <\/div>\n            <div class=\"kksr-star\" style=\"padding-right: 5px\">\n            \n\n<div class=\"kksr-icon\" style=\"width: 24px; height: 24px;\"><\/div>\n        <\/div>\n            <div class=\"kksr-star\" style=\"padding-right: 5px\">\n            \n\n<div class=\"kksr-icon\" style=\"width: 24px; height: 24px;\"><\/div>\n        <\/div>\n    <\/div>\n<\/div>\n                \n\n<div class=\"kksr-legend\" style=\"font-size: 19.2px;\">\n            <span class=\"kksr-muted\">Rate this post<\/span>\n    <\/div>\n    <\/div>\n<p>Avec l&rsquo;\u00e9ducation qui occupe une place centrale dans notre soci\u00e9t\u00e9, il devient essentiel de comprendre comment <strong>l&rsquo;\u00e9cole<\/strong> influence nos \u00e9l\u00e8ves, non seulement sur le plan intellectuel, mais \u00e9galement sur celui de leur <strong>confiance en soi<\/strong>. Bien au-del\u00e0 des mati\u00e8res acad\u00e9miques, l&rsquo;\u00e9tablissement scolaire joue un r\u00f4le fondamental dans la construction de l&rsquo;<strong>estime de soi<\/strong>, r\u00e9v\u00e9lant des dimensions cruciales pour le d\u00e9veloppement personnel des jeunes. Au travers d&rsquo;exemples concrets et d&rsquo;initiatives p\u00e9dagogiques, d\u00e9couvrons comment l&rsquo;\u00e9cole, \u00e0 travers ses pratiques, peut \u00eatre le tremplin vers une <strong>confiance en soi \u00e9panouissante<\/strong> pour tous.<\/p>\n\n<ul class=\"wp-block-list\"><li>Les fondements de la confiance en soi \u00e0 l&rsquo;\u00e9cole<\/li><li>R\u00f4le des enseignants dans le d\u00e9veloppement de l&rsquo;estime de soi<\/li><li>Activit\u00e9s et pratiques favorisant la confiance des \u00e9l\u00e8ves<\/li><li>Les d\u00e9fis \u00e0 relever dans le syst\u00e8me \u00e9ducatif moderne<\/li><li>Perspectives et solutions pour une \u00e9cole plus confiante<\/li><\/ul>\n\n<h2 class=\"wp-block-heading\">Les fondements de la confiance en soi \u00e0 l&rsquo;\u00e9cole<\/h2>\n\n<p>Au c\u0153ur du <strong>d\u00e9veloppement \u00e9ducatif<\/strong>, la <strong>confiance en soi<\/strong> \u00e9merge comme un \u00e9l\u00e9ment essentiel permettant aux \u00e9l\u00e8ves d&rsquo;\u00e9voluer en milieu scolaire. Lorsqu&rsquo;un jeune se sent valoris\u00e9 et respect\u00e9, son aptitude \u00e0 apprendre et \u00e0 s&rsquo;engager dans des activit\u00e9s augmente consid\u00e9rablement. Plusieurs facteurs contribuent \u00e0 la construction de cette confiance, notamment l&rsquo;environnement scolaire, le soutien des pairs, ainsi que l&rsquo;approche des enseignants.<\/p>\n\n<p>Les <strong>\u00c9coles de Confiance<\/strong> mettent en avant l&rsquo;importance de cr\u00e9er un milieu propice o\u00f9 l&rsquo;\u00e9chec est per\u00e7u comme une \u00e9tape d&rsquo;apprentissage et non comme une honte. Des \u00e9tudes montrent qu&rsquo;entre 2020 et 2025, la dynamique scolaire a \u00e9volu\u00e9 pour int\u00e9grer des programmes ax\u00e9s sur le <strong>savoir-\u00eatre<\/strong> et non seulement sur les <strong>savoirs acad\u00e9miques<\/strong>. Cette d\u00e9marche contribue \u00e0 construire une culture positive autour de la <strong>confiance en soi<\/strong> des \u00e9l\u00e8ves, car elle valorise leurs capacit\u00e9s \u00e0 relever des d\u00e9fis.<\/p>\n\n<figure class=\"wp-block-table\"><table>\n<thead>\n<tr>\n<th>Facteurs influents<\/th>\n<th>Impact sur la confiance en soi<\/th>\n<\/tr>\n<\/thead>\n<tbody>\n<tr>\n<td>Environnement scolaire<\/td>\n<td>Favorise un climat d&rsquo;\u00e9coute et de respect.<\/td>\n<\/tr>\n<tr>\n<td>Soutien des pairs<\/td>\n<td>Renforce l&rsquo;engagement et le sentiment d&rsquo;appartenance.<\/td>\n<\/tr>\n<tr>\n<td>Approche des enseignants<\/td>\n<td>Encourage les \u00e9l\u00e8ves \u00e0 exprimer leurs id\u00e9es sans peur.<\/td>\n<\/tr>\n<\/tbody>\n<\/table><\/figure>\n\n<p>En parall\u00e8le, les <strong>initiatives p\u00e9dagogiques<\/strong> telles que l&rsquo;inclusion de programmes de sensibilisation \u00e0 l&rsquo;<strong>estime de soi<\/strong> et \u00e0 la gestion des \u00e9motions jouent un r\u00f4le crucial. En permettant aux \u00e9l\u00e8ves de participer \u00e0 des discussions sur leurs exp\u00e9riences personnelles, ils apprennent \u00e0 se consid\u00e9rer non seulement comme des \u00e9tudiants, mais aussi comme des individus ayant des forces et des faiblesses uniques.<\/p>\n\n<p>Les <strong>jeux de r\u00f4le<\/strong> et les activit\u00e9s artistiques sont \u00e9galement des excellents outils p\u00e9dagogiques, car ils permettent aux \u00e9l\u00e8ves d\u2019explorer leur cr\u00e9ativit\u00e9 et leur potentiel. En d\u00e9veloppant des projets collaboratifs, les enfants apprennent \u00e0 travailler en \u00e9quipe, s&rsquo;acceptant et se soutenant mutuellement. Ainsi, l&rsquo;\u00e9cole devient un v\u00e9ritable lieu de <strong>grandir en confiance<\/strong>.<\/p>\n\n<h2 class=\"wp-block-heading\">R\u00f4le des enseignants dans le d\u00e9veloppement de l&rsquo;estime de soi<\/h2>\n\n<p>Les <strong>enseignants<\/strong> occupent une place centrale dans la construction de la confiance des \u00e9l\u00e8ves. Leur attitude, leurs m\u00e9thodes d&rsquo;enseignement et leur capacit\u00e9 \u00e0 cr\u00e9er un environnement scolaire positif influencent directement l&rsquo;estime que les \u00e9l\u00e8ves ont d&rsquo;eux-m\u00eames. Par exemple, Magali Maill\u00e9, professeure de sciences de la vie et de la Terre dans un lyc\u00e9e de Seine-et-Marne, utilise des <strong>cartes de forces de caract\u00e8re<\/strong>, permettant aux \u00e9l\u00e8ves de d\u00e9couvrir des qualit\u00e9s cach\u00e9es. Cette pratique illustre \u00e0 quel point les enseignants peuvent jouer un r\u00f4le cl\u00e9 dans l&rsquo;\u00e9panouissement personnel de leurs \u00e9l\u00e8ves.<\/p>\n\n<p>L&rsquo;encouragement \u00e0 prendre la parole en classe, sans crainte des retours n\u00e9gatifs, est une approche p\u00e9dagogique fortement recommand\u00e9e. En effet, les \u00e9l\u00e8ves qui se sentent libres de s&rsquo;exprimer sont souvent plus enclins \u00e0 <strong>se d\u00e9passer<\/strong> et \u00e0 prendre des risques lors de leur apprentissage. Ainsi, les enseignants doivent adopter une posture bienveillante et constructive, surtout lors des moments d&rsquo;erreurs. Un \u00e9l\u00e8ve qui ne craint pas de se tromper est un \u00e9l\u00e8ve qui ose investir davantage dans ses apprentissages.<\/p>\n\n<ul class=\"wp-block-list\"><li>Techniques pour renforcer l&rsquo;estime de soi :<\/li><li>Encourager les questions et les contributions des \u00e9l\u00e8ves \ud83e\udd14<\/li><li>Souligner les progr\u00e8s, m\u00eame minimes \ud83d\udcc8<\/li><li>Utiliser des \u00e9valuations formatives et constructives \ud83d\udcdd<\/li><li>Appliquer un principe d&rsquo;\u00e9coute active \ud83d\udc42<\/li><\/ul>\n\n<p>Pour illustrer cela, un programme \u00e9ducatif pilote, <strong>l&rsquo;Acad\u00e9mie de l&rsquo;Autoestima<\/strong>, a \u00e9t\u00e9 mis en place dans plusieurs \u00e9coles en France. Les r\u00e9sultats montrent que les \u00e9l\u00e8ves de ces \u00e9tablissements affichent des taux d&rsquo;absent\u00e9isme et de d\u00e9pression r\u00e9duits. La cl\u00e9 de ce succ\u00e8s r\u00e9side dans la formation des enseignants, qui apprennent \u00e0 int\u00e9grer l&#8217;empathie et le soutien \u00e9motionnel dans leurs pratiques quotidiennes.<\/p>\n\n<figure class=\"wp-block-table\"><table>\n<thead>\n<tr>\n<th>Pratiques des enseignants<\/th>\n<th>Impact sur l&rsquo;\u00e9l\u00e8ve<\/th>\n<\/tr>\n<\/thead>\n<tbody>\n<tr>\n<td>Favoriser l&rsquo;autonomie<\/td>\n<td>Renforce la confiance en sa capacit\u00e9 \u00e0 agir.<\/td>\n<\/tr>\n<tr>\n<td>Encourager le partage d&rsquo;id\u00e9es<\/td>\n<td>Valorise les comp\u00e9tences uniques de chaque \u00e9l\u00e8ve.<\/td>\n<\/tr>\n<tr>\n<td>Organiser des feedbacks positifs<\/td>\n<td>Stimule le d\u00e9sir de progresser et d&rsquo;apprendre.<\/td>\n<\/tr>\n<\/tbody>\n<\/table><\/figure>\n\n<h2 class=\"wp-block-heading\">Activit\u00e9s et pratiques favorisant la confiance des \u00e9l\u00e8ves<\/h2>\n\n<p>Il existe une multitude d&rsquo;activit\u00e9s qui peuvent contribuer \u00e0 renforcer la <strong>confiance en soi<\/strong> des \u00e9l\u00e8ves. Les <strong>clubs scolaires<\/strong>, par exemple, sont des espaces o\u00f9 les jeunes peuvent explorer des passions communes et travailler ensemble sur des projets. Que ce soit \u00e0 travers le th\u00e9\u00e2tre, le journalisme ou la musique, ces exp\u00e9riences leur permettent de d\u00e9couvrir leurs talents et d&rsquo;\u00eatre valoris\u00e9s pour ce qu&rsquo;ils apportent.<\/p>\n\n<p>Les <strong>projets communautaires<\/strong> et les sorties scolaires peuvent \u00e9galement avoir un impact positif. Ces exp\u00e9riences les poussent \u00e0 se challenger, \u00e0 exp\u00e9rimenter des r\u00f4les diff\u00e9rents en dehors des classes et \u00e0 d\u00e9velopper une compr\u00e9hension plus profonde de leur place dans le monde. En 2025, de nombreuses <strong>\u00e9coles positives<\/strong> ont int\u00e9gr\u00e9 ces projets \u00e0 leur curriculum, d\u00e9montrant que l&rsquo;apprentissage peut se faire de mani\u00e8re dynamique, engageante et intrins\u00e8quement motivante.<\/p>\n\n<ul class=\"wp-block-list\"><li>Exemples d&rsquo;activit\u00e9s b\u00e9n\u00e9fiques pour la confiance en soi :<\/li><li>Participation \u00e0 des spectacles et des repr\u00e9sentations th\u00e9\u00e2trales \ud83c\udfad<\/li><li>Engagement dans des projets de b\u00e9n\u00e9volat \ud83e\udd1d<\/li><li>Ateliers de gestion des \u00e9motions \ud83c\udf08<\/li><li>Programmes sportifs collectifs \ud83c\udfc5<\/li><\/ul>\n\n<p>De plus, des technologies \u00e9ducatives \u00e9mergentes, comme les applications de jeux collaboratifs, sont en train de r\u00e9volutionner la mani\u00e8re dont les \u00e9l\u00e8ves interagissent entre eux. Ces outils num\u00e9riques favorisent le travail d\u2019\u00e9quipe et valorisent l\u2019apprentissage en groupe, renfor\u00e7ant ainsi leur <strong>confiance<\/strong> via des succ\u00e8s partag\u00e9s.<\/p>\n\n<figure class=\"wp-block-table\"><table>\n<thead>\n<tr>\n<th>Type d&rsquo;activit\u00e9<\/th>\n<th>Objectif p\u00e9dagogique<\/th>\n<th>Impact sur la confiance<\/th>\n<\/tr>\n<\/thead>\n<tbody>\n<tr>\n<td>Atelier cr\u00e9atif<\/td>\n<td>D\u00e9velopper l&rsquo;expression artistique<\/td>\n<td>Favorise l&rsquo;acceptation de soi et des autres.<\/td>\n<\/tr>\n<tr>\n<td>Sport collectif<\/td>\n<td>Favoriser le travail d&rsquo;\u00e9quipe<\/td>\n<td>Renforce la solidarit\u00e9 et l&rsquo;estime de soi.<\/td>\n<\/tr>\n<tr>\n<td>Activit\u00e9s de d\u00e9bat<\/td>\n<td>D\u00e9velopper l&rsquo;argumentation<\/td>\n<td>Favorise l&rsquo;affirmation de soi.<\/td>\n<\/tr>\n<\/tbody>\n<\/table><\/figure>\n\n<h2 class=\"wp-block-heading\">Les d\u00e9fis \u00e0 relever dans le syst\u00e8me \u00e9ducatif moderne<\/h2>\n\n<p>Malgr\u00e9 ces efforts remarquables, certains d\u00e9fis subsistent. L&rsquo;un des principaux obstacles \u00e0 la <strong>confiance<\/strong> des \u00e9l\u00e8ves r\u00e9side dans la <strong>pression acad\u00e9mique<\/strong>. Souvent, les \u00e9l\u00e8ves ressentent un immense stress pour r\u00e9ussir et obtenir des notes \u00e9lev\u00e9es, ce qui peut entra\u00eener de l&rsquo;anxi\u00e9t\u00e9 et une d\u00e9valuation de leurs propres comp\u00e9tences. En 2025, cette tendance semble persister, principalement dans les \u00e9tablissements o\u00f9 l&rsquo;\u00e9valuation normative domine.<\/p>\n\n<p>Les <strong>infrastructures scolaires<\/strong> peuvent \u00e9galement poser probl\u00e8me. Certaines \u00e9coles manquent de ressources, ce qui limite leur capacit\u00e9 \u00e0 mettre en \u0153uvre des programmes d\u2019\u00e9panouissement personnel. De plus, les in\u00e9galit\u00e9s sociales jouent un r\u00f4le pr\u00e9pond\u00e9rant : les \u00e9l\u00e8ves issus de milieux d\u00e9favoris\u00e9s peuvent avoir plus de difficult\u00e9s \u00e0 d\u00e9velopper leur estime de soi dans un environnement qui ne les soutient pas.<\/p>\n\n<ul class=\"wp-block-list\"><li>D\u00e9fis \u00e0 surmonter :<\/li><li>Pression acad\u00e9mique excessive \ud83d\udcda<\/li><li>Manque de ressources p\u00e9dagogiques \ud83c\udfeb<\/li><li>In\u00e9galit\u00e9s sociales ayant un impact sur l&rsquo;estime de soi \ud83c\udf0d<\/li><li>Stigmatisation de l&rsquo;\u00e9chec scolaire \u274c<\/li><\/ul>\n\n<p>Pour que l&rsquo;\u00e9cole devienne une <strong>\u00e9cole de la r\u00e9ussite<\/strong>, il est essentiel d&rsquo;adopter des politiques favorisant un environnement dans lequel tous les \u00e9l\u00e8ves, quelle que soit leur situation, peuvent se sentir valoris\u00e9s et en confiance. Cela n\u00e9cessite une r\u00e9vision des m\u00e9thodes p\u00e9dagogiques, mais \u00e9galement une sensibilisation collective \u00e0 l&rsquo;importance du bien-\u00eatre des \u00e9l\u00e8ves.<\/p>\n\n<figure class=\"wp-block-table\"><table>\n<thead>\n<tr>\n<th>D\u00e9fis en \u00e9ducation<\/th>\n<th>Cons\u00e9quences sur la confiance<\/th>\n<\/tr>\n<\/thead>\n<tbody>\n<tr>\n<td>Pression des r\u00e9sultats acad\u00e9miques<\/td>\n<td>Peut entra\u00eener l&rsquo;anxi\u00e9t\u00e9 et la d\u00e9motivation.<\/td>\n<\/tr>\n<tr>\n<td>Insuffisance de ressources<\/td>\n<td>Limite l&rsquo;acc\u00e8s \u00e0 des programmes de soutien efficaces.<\/td>\n<\/tr>\n<tr>\n<td>Probl\u00e8mes d&rsquo;in\u00e9galit\u00e9 sociale<\/td>\n<td>Favorise la d\u00e9valorisation des comp\u00e9tences.<\/td>\n<\/tr>\n<\/tbody>\n<\/table><\/figure>\n\n<h2 class=\"wp-block-heading\">Perspectives et solutions pour une \u00e9cole plus confiante<\/h2>\n\n<p>Pour surmonter ces d\u00e9fis et \u00e9voluer vers une <strong>\u00e9ducation \u00e9panouissante<\/strong>, il est crucial d&rsquo;adopter des approches innovantes. Des concepts comme le <strong>D\u00e9velopp&rsquo;Ego<\/strong> s&rsquo;av\u00e8rent pr\u00e9cieux. En facilitant des environnements d&rsquo;apprentissage o\u00f9 chaque \u00e9l\u00e8ve peut s&rsquo;exprimer et se d\u00e9couvrir, ces initiatives mettent l&rsquo;accent sur l&rsquo;acceptation de soi et l&#8217;empathie envers les autres.<\/p>\n\n<p>Les <strong>partenariats entre \u00e9coles et communaut\u00e9s<\/strong> peuvent \u00e9galement renforcer la confiance des \u00e9l\u00e8ves. En impliquant les familles et les membres de la communaut\u00e9 dans des projets \u00e9ducatifs, on cr\u00e9e une dynamique synergique qui valorise le parcours de chaque \u00e9l\u00e8ve. Par exemple, organiser des \u00e9v\u00e9nements qui c\u00e9l\u00e8brent les r\u00e9ussites des \u00e9l\u00e8ves, qu&rsquo;elles soient acad\u00e9miques ou personnelles, est une excellente mani\u00e8re de rappeler aux jeunes leurs forces et leurs r\u00e9alisations.<\/p>\n\n<ul class=\"wp-block-list\"><li>Solutions \u00e0 envisager :<\/li><li>Incorporation de programmes sur l&rsquo;intelligence \u00e9motionnelle \ud83d\udca1<\/li><li>\u00c9ducation familiale impliquant les parents dans le parcours scolaire \ud83d\udc68\u200d\ud83d\udc69\u200d\ud83d\udc66<\/li><li>Ressources pour le d\u00e9veloppement des soft skills \ud83c\udf1f<\/li><li>Cr\u00e9ation de groupes de soutien entre \u00e9l\u00e8ves et enseignants \ud83e\udd1d<\/li><\/ul>\n\n<p>En somme, en cultivant une <strong>culture de confiance<\/strong> au sein des \u00e9tablissements scolaires, il est possible de pr\u00e9parer les \u00e9l\u00e8ves non seulement \u00e0 r\u00e9ussir dans leurs \u00e9tudes mais \u00e9galement \u00e0 devenir des citoyens confiants et engag\u00e9s. L&rsquo;avenir de l&rsquo;\u00e9ducation repose sur cette capacit\u00e9 \u00e0 accompagner les \u00e9l\u00e8ves dans leur d\u00e9veloppement personnel.<\/p>\n\n<figure class=\"wp-block-table\"><table>\n<thead>\n<tr>\n<th>Initiatives innovantes<\/th>\n<th>Impact sur l&rsquo;\u00e9l\u00e8ve<\/th>\n<\/tr>\n<\/thead>\n<tbody>\n<tr>\n<td>Programmes d&rsquo;intelligence \u00e9motionnelle<\/td>\n<td>Favorise l&rsquo;autonomie et la gestion des \u00e9motions.<\/td>\n<\/tr>\n<tr>\n<td>Partenariats avec la communaut\u00e9<\/td>\n<td>Renforce l&rsquo;appartenance et l&rsquo;engagement social.<\/td>\n<\/tr>\n<tr>\n<td>C\u00e9l\u00e9bration des r\u00e9ussites<\/td>\n<td>Contribue \u00e0 une image positive de soi.<\/td>\n<\/tr>\n<\/tbody>\n<\/table><\/figure>\n\n<h3 class=\"wp-block-heading\">FAQ<\/h3>\n\n<ul class=\"wp-block-list\"><li><strong>Quelles sont les principales pratiques pour renforcer la confiance en soi \u00e0 l&rsquo;\u00e9cole ?<\/strong><br>Les enseignants doivent encourager l&rsquo;expression libre, valoriser les r\u00e9ussites et promouvoir des environnements d&rsquo;apprentissage sans pression.<\/li><li><strong>Comment les activit\u00e9s extrascolaires influencent-elles l&rsquo;estime de soi ?<\/strong><br>Ces activit\u00e9s permettent aux \u00e9l\u00e8ves d&rsquo;explorer leurs passions, de d\u00e9velopper leurs talents et de recevoir un support social.<\/li><li><strong>Quel r\u00f4le joue l&rsquo;environnement scolaire dans le d\u00e9veloppement de la confiance en soi ?<\/strong><br>Un environnement positif et respectueux favorise la prise d&rsquo;initiative et renforce le sentiment de valeur personnelle.<\/li><li><strong>Comment aborder la pression acad\u00e9mique pour pr\u00e9server la confiance des \u00e9l\u00e8ves ?<\/strong><br>Il est essentiel de r\u00e9\u00e9valuer les syst\u00e8mes d&rsquo;\u00e9valuation et de valoriser le parcours d&rsquo;apprentissage plut\u00f4t que le seul r\u00e9sultat final.<\/li><li><strong>Quelles solutions peuvent \u00eatre mises en place pour aider les \u00e9l\u00e8ves en difficult\u00e9 ?<\/strong><br>Des programmes adapt\u00e9s, des partenariats communautaires et une approche individualis\u00e9e sont n\u00e9cessaires pour r\u00e9pondre aux besoins sp\u00e9cifiques.<\/li><\/ul>\n\n","protected":false},"excerpt":{"rendered":"<p>Avec l&rsquo;\u00e9ducation qui occupe une place centrale dans notre soci\u00e9t\u00e9, il devient essentiel de comprendre comment l&rsquo;\u00e9cole influence nos \u00e9l\u00e8ves, non seulement sur le plan intellectuel, mais \u00e9galement sur celui de leur confiance en soi. Bien au-del\u00e0 des mati\u00e8res acad\u00e9miques, l&rsquo;\u00e9tablissement scolaire joue un r\u00f4le fondamental dans la construction de l&rsquo;estime de soi, r\u00e9v\u00e9lant des &#8230; <a title=\"L&rsquo;impact de l&rsquo;\u00e9cole sur le d\u00e9veloppement de la confiance en soi chez les \u00e9l\u00e8ves\" class=\"read-more\" href=\"https:\/\/www.apres-lecole.fr\/Blog\/impact-confiance-ecole-eleves\/\" aria-label=\"En savoir plus sur L&rsquo;impact de l&rsquo;\u00e9cole sur le d\u00e9veloppement de la confiance en soi chez les \u00e9l\u00e8ves\">Lire plus<\/a><\/p>\n","protected":false},"author":9,"featured_media":1861,"comment_status":"open","ping_status":"open","sticky":false,"template":"","format":"standard","meta":{"footnotes":""},"categories":[342],"tags":[672,671,410,412,556],"class_list":["post-1862","post","type-post","status-publish","format-standard","has-post-thumbnail","hentry","category-actualites","tag-confiance-en-soi","tag-developpement-personnel","tag-ecole","tag-education","tag-eleves"],"yoast_head":"<!-- This site is optimized with the Yoast SEO plugin v27.5 - https:\/\/yoast.com\/product\/yoast-seo-wordpress\/ -->\n<title>L&#039;\u00e9cole, tremplin pour la confiance en soi des \u00e9l\u00e8ves<\/title>\n<meta name=\"description\" content=\"D\u00e9couvrez comment l&#039;\u00e9cole joue un r\u00f4le crucial dans le d\u00e9veloppement de la confiance en soi chez les \u00e9l\u00e8ves. Cet article explore les m\u00e9thodes \u00e9ducatives et les environnements scolaires favorables qui encouragent l&#039;estime de soi, les interactions sociales et la r\u00e9ussite personnelle, tout en soulignant l&#039;importance de l&#039;accompagnement des enseignants et des parents.\" \/>\n<meta name=\"robots\" content=\"index, follow, max-snippet:-1, max-image-preview:large, max-video-preview:-1\" \/>\n<link rel=\"canonical\" href=\"https:\/\/www.apres-lecole.fr\/Blog\/impact-confiance-ecole-eleves\/\" \/>\n<meta property=\"og:locale\" content=\"fr_FR\" \/>\n<meta property=\"og:type\" content=\"article\" \/>\n<meta property=\"og:title\" content=\"L&#039;\u00e9cole, tremplin pour la confiance en soi des \u00e9l\u00e8ves\" \/>\n<meta property=\"og:description\" content=\"D\u00e9couvrez comment l&#039;\u00e9cole joue un r\u00f4le crucial dans le d\u00e9veloppement de la confiance en soi chez les \u00e9l\u00e8ves. Cet article explore les m\u00e9thodes \u00e9ducatives et les environnements scolaires favorables qui encouragent l&#039;estime de soi, les interactions sociales et la r\u00e9ussite personnelle, tout en soulignant l&#039;importance de l&#039;accompagnement des enseignants et des parents.\" \/>\n<meta property=\"og:url\" content=\"https:\/\/www.apres-lecole.fr\/Blog\/impact-confiance-ecole-eleves\/\" \/>\n<meta property=\"article:published_time\" content=\"2025-04-18T21:28:29+00:00\" \/>\n<meta property=\"og:image\" content=\"https:\/\/www.apres-lecole.fr\/Blog\/wp-content\/uploads\/2025\/04\/Limpact-de-lecole-sur-le-developpement-de-la-confiance-en-soi-chez-les-eleves.jpg\" \/>\n\t<meta property=\"og:image:width\" content=\"1344\" \/>\n\t<meta property=\"og:image:height\" content=\"768\" \/>\n\t<meta property=\"og:image:type\" content=\"image\/jpeg\" \/>\n<meta name=\"author\" content=\"Eva Martin\" \/>\n<meta name=\"twitter:card\" content=\"summary_large_image\" \/>\n<meta name=\"twitter:creator\" content=\"@Evaapresecole\" \/>\n<meta name=\"twitter:label1\" content=\"\u00c9crit par\" \/>\n\t<meta name=\"twitter:data1\" content=\"Eva Martin\" \/>\n\t<meta name=\"twitter:label2\" content=\"Dur\u00e9e de lecture estim\u00e9e\" \/>\n\t<meta name=\"twitter:data2\" content=\"9 minutes\" \/>\n<script type=\"application\/ld+json\" class=\"yoast-schema-graph\">{\"@context\":\"https:\\\/\\\/schema.org\",\"@graph\":[{\"@type\":\"Article\",\"@id\":\"https:\\\/\\\/www.apres-lecole.fr\\\/Blog\\\/impact-confiance-ecole-eleves\\\/#article\",\"isPartOf\":{\"@id\":\"https:\\\/\\\/www.apres-lecole.fr\\\/Blog\\\/impact-confiance-ecole-eleves\\\/\"},\"author\":{\"name\":\"Eva Martin\",\"@id\":\"https:\\\/\\\/www.apres-lecole.fr\\\/Blog\\\/#\\\/schema\\\/person\\\/aeb50cd4b51fc69da155804bb5bb9fc4\"},\"headline\":\"L&rsquo;impact de l&rsquo;\u00e9cole sur le d\u00e9veloppement de la confiance en soi chez les \u00e9l\u00e8ves\",\"datePublished\":\"2025-04-18T21:28:29+00:00\",\"mainEntityOfPage\":{\"@id\":\"https:\\\/\\\/www.apres-lecole.fr\\\/Blog\\\/impact-confiance-ecole-eleves\\\/\"},\"wordCount\":1923,\"commentCount\":0,\"image\":{\"@id\":\"https:\\\/\\\/www.apres-lecole.fr\\\/Blog\\\/impact-confiance-ecole-eleves\\\/#primaryimage\"},\"thumbnailUrl\":\"https:\\\/\\\/www.apres-lecole.fr\\\/Blog\\\/wp-content\\\/uploads\\\/2025\\\/04\\\/Limpact-de-lecole-sur-le-developpement-de-la-confiance-en-soi-chez-les-eleves.jpg\",\"keywords\":[\"confiance en soi\",\"d\u00e9veloppement personnel\",\"\u00e9cole\",\"\u00e9ducation\",\"\u00e9l\u00e8ves\"],\"articleSection\":[\"Actualit\u00e9s\"],\"inLanguage\":\"fr-FR\",\"potentialAction\":[{\"@type\":\"CommentAction\",\"name\":\"Comment\",\"target\":[\"https:\\\/\\\/www.apres-lecole.fr\\\/Blog\\\/impact-confiance-ecole-eleves\\\/#respond\"]}]},{\"@type\":\"WebPage\",\"@id\":\"https:\\\/\\\/www.apres-lecole.fr\\\/Blog\\\/impact-confiance-ecole-eleves\\\/\",\"url\":\"https:\\\/\\\/www.apres-lecole.fr\\\/Blog\\\/impact-confiance-ecole-eleves\\\/\",\"name\":\"L'\u00e9cole, tremplin pour la confiance en soi des \u00e9l\u00e8ves\",\"isPartOf\":{\"@id\":\"https:\\\/\\\/www.apres-lecole.fr\\\/Blog\\\/#website\"},\"primaryImageOfPage\":{\"@id\":\"https:\\\/\\\/www.apres-lecole.fr\\\/Blog\\\/impact-confiance-ecole-eleves\\\/#primaryimage\"},\"image\":{\"@id\":\"https:\\\/\\\/www.apres-lecole.fr\\\/Blog\\\/impact-confiance-ecole-eleves\\\/#primaryimage\"},\"thumbnailUrl\":\"https:\\\/\\\/www.apres-lecole.fr\\\/Blog\\\/wp-content\\\/uploads\\\/2025\\\/04\\\/Limpact-de-lecole-sur-le-developpement-de-la-confiance-en-soi-chez-les-eleves.jpg\",\"datePublished\":\"2025-04-18T21:28:29+00:00\",\"author\":{\"@id\":\"https:\\\/\\\/www.apres-lecole.fr\\\/Blog\\\/#\\\/schema\\\/person\\\/aeb50cd4b51fc69da155804bb5bb9fc4\"},\"description\":\"D\u00e9couvrez comment l'\u00e9cole joue un r\u00f4le crucial dans le d\u00e9veloppement de la confiance en soi chez les \u00e9l\u00e8ves. Cet article explore les m\u00e9thodes \u00e9ducatives et les environnements scolaires favorables qui encouragent l'estime de soi, les interactions sociales et la r\u00e9ussite personnelle, tout en soulignant l'importance de l'accompagnement des enseignants et des parents.\",\"breadcrumb\":{\"@id\":\"https:\\\/\\\/www.apres-lecole.fr\\\/Blog\\\/impact-confiance-ecole-eleves\\\/#breadcrumb\"},\"inLanguage\":\"fr-FR\",\"potentialAction\":[{\"@type\":\"ReadAction\",\"target\":[\"https:\\\/\\\/www.apres-lecole.fr\\\/Blog\\\/impact-confiance-ecole-eleves\\\/\"]}]},{\"@type\":\"ImageObject\",\"inLanguage\":\"fr-FR\",\"@id\":\"https:\\\/\\\/www.apres-lecole.fr\\\/Blog\\\/impact-confiance-ecole-eleves\\\/#primaryimage\",\"url\":\"https:\\\/\\\/www.apres-lecole.fr\\\/Blog\\\/wp-content\\\/uploads\\\/2025\\\/04\\\/Limpact-de-lecole-sur-le-developpement-de-la-confiance-en-soi-chez-les-eleves.jpg\",\"contentUrl\":\"https:\\\/\\\/www.apres-lecole.fr\\\/Blog\\\/wp-content\\\/uploads\\\/2025\\\/04\\\/Limpact-de-lecole-sur-le-developpement-de-la-confiance-en-soi-chez-les-eleves.jpg\",\"width\":1344,\"height\":768,\"caption\":\"d\u00e9couvrez comment l'\u00e9cole influence le d\u00e9veloppement de la confiance en soi chez les \u00e9l\u00e8ves. cette analyse met en lumi\u00e8re les facteurs scolaires, sociaux et \u00e9motionnels qui contribuent \u00e0 renforcer l'estime personnelle des jeunes, et propose des strat\u00e9gies pour am\u00e9liorer leur bien-\u00eatre et leur r\u00e9ussite acad\u00e9mique.\"},{\"@type\":\"BreadcrumbList\",\"@id\":\"https:\\\/\\\/www.apres-lecole.fr\\\/Blog\\\/impact-confiance-ecole-eleves\\\/#breadcrumb\",\"itemListElement\":[{\"@type\":\"ListItem\",\"position\":1,\"name\":\"Home\",\"item\":\"https:\\\/\\\/www.apres-lecole.fr\\\/Blog\\\/\"},{\"@type\":\"ListItem\",\"position\":2,\"name\":\"L&rsquo;impact de l&rsquo;\u00e9cole sur le d\u00e9veloppement de la confiance en soi chez les \u00e9l\u00e8ves\"}]},{\"@type\":\"WebSite\",\"@id\":\"https:\\\/\\\/www.apres-lecole.fr\\\/Blog\\\/#website\",\"url\":\"https:\\\/\\\/www.apres-lecole.fr\\\/Blog\\\/\",\"name\":\"\",\"description\":\"M\u00e9dia g\u00e9n\u00e9raliste\",\"potentialAction\":[{\"@type\":\"SearchAction\",\"target\":{\"@type\":\"EntryPoint\",\"urlTemplate\":\"https:\\\/\\\/www.apres-lecole.fr\\\/Blog\\\/?s={search_term_string}\"},\"query-input\":{\"@type\":\"PropertyValueSpecification\",\"valueRequired\":true,\"valueName\":\"search_term_string\"}}],\"inLanguage\":\"fr-FR\"},{\"@type\":\"Person\",\"@id\":\"https:\\\/\\\/www.apres-lecole.fr\\\/Blog\\\/#\\\/schema\\\/person\\\/aeb50cd4b51fc69da155804bb5bb9fc4\",\"name\":\"Eva Martin\",\"image\":{\"@type\":\"ImageObject\",\"inLanguage\":\"fr-FR\",\"@id\":\"https:\\\/\\\/secure.gravatar.com\\\/avatar\\\/55c53222558b27a72015a64073a80edce4abd33369394b9bf2c5cd6c19d12682?s=96&d=mm&r=g\",\"url\":\"https:\\\/\\\/secure.gravatar.com\\\/avatar\\\/55c53222558b27a72015a64073a80edce4abd33369394b9bf2c5cd6c19d12682?s=96&d=mm&r=g\",\"contentUrl\":\"https:\\\/\\\/secure.gravatar.com\\\/avatar\\\/55c53222558b27a72015a64073a80edce4abd33369394b9bf2c5cd6c19d12682?s=96&d=mm&r=g\",\"caption\":\"Eva Martin\"},\"description\":\"Je parle de business et d'entrepreneuriat avec des conseils clairs, concrets et actionnables pour r\u00e9ussir\",\"sameAs\":[\"https:\\\/\\\/x.com\\\/Evaapresecole\"],\"url\":\"https:\\\/\\\/www.apres-lecole.fr\\\/Blog\\\/author\\\/evamartin\\\/\"}]}<\/script>\n<!-- \/ Yoast SEO plugin. -->","yoast_head_json":{"title":"L'\u00e9cole, tremplin pour la confiance en soi des \u00e9l\u00e8ves","description":"D\u00e9couvrez comment l'\u00e9cole joue un r\u00f4le crucial dans le d\u00e9veloppement de la confiance en soi chez les \u00e9l\u00e8ves. Cet article explore les m\u00e9thodes \u00e9ducatives et les environnements scolaires favorables qui encouragent l'estime de soi, les interactions sociales et la r\u00e9ussite personnelle, tout en soulignant l'importance de l'accompagnement des enseignants et des parents.","robots":{"index":"index","follow":"follow","max-snippet":"max-snippet:-1","max-image-preview":"max-image-preview:large","max-video-preview":"max-video-preview:-1"},"canonical":"https:\/\/www.apres-lecole.fr\/Blog\/impact-confiance-ecole-eleves\/","og_locale":"fr_FR","og_type":"article","og_title":"L'\u00e9cole, tremplin pour la confiance en soi des \u00e9l\u00e8ves","og_description":"D\u00e9couvrez comment l'\u00e9cole joue un r\u00f4le crucial dans le d\u00e9veloppement de la confiance en soi chez les \u00e9l\u00e8ves. Cet article explore les m\u00e9thodes \u00e9ducatives et les environnements scolaires favorables qui encouragent l'estime de soi, les interactions sociales et la r\u00e9ussite personnelle, tout en soulignant l'importance de l'accompagnement des enseignants et des parents.","og_url":"https:\/\/www.apres-lecole.fr\/Blog\/impact-confiance-ecole-eleves\/","article_published_time":"2025-04-18T21:28:29+00:00","og_image":[{"width":1344,"height":768,"url":"https:\/\/www.apres-lecole.fr\/Blog\/wp-content\/uploads\/2025\/04\/Limpact-de-lecole-sur-le-developpement-de-la-confiance-en-soi-chez-les-eleves.jpg","type":"image\/jpeg"}],"author":"Eva Martin","twitter_card":"summary_large_image","twitter_creator":"@Evaapresecole","twitter_misc":{"\u00c9crit par":"Eva Martin","Dur\u00e9e de lecture estim\u00e9e":"9 minutes"},"schema":{"@context":"https:\/\/schema.org","@graph":[{"@type":"Article","@id":"https:\/\/www.apres-lecole.fr\/Blog\/impact-confiance-ecole-eleves\/#article","isPartOf":{"@id":"https:\/\/www.apres-lecole.fr\/Blog\/impact-confiance-ecole-eleves\/"},"author":{"name":"Eva Martin","@id":"https:\/\/www.apres-lecole.fr\/Blog\/#\/schema\/person\/aeb50cd4b51fc69da155804bb5bb9fc4"},"headline":"L&rsquo;impact de l&rsquo;\u00e9cole sur le d\u00e9veloppement de la confiance en soi chez les \u00e9l\u00e8ves","datePublished":"2025-04-18T21:28:29+00:00","mainEntityOfPage":{"@id":"https:\/\/www.apres-lecole.fr\/Blog\/impact-confiance-ecole-eleves\/"},"wordCount":1923,"commentCount":0,"image":{"@id":"https:\/\/www.apres-lecole.fr\/Blog\/impact-confiance-ecole-eleves\/#primaryimage"},"thumbnailUrl":"https:\/\/www.apres-lecole.fr\/Blog\/wp-content\/uploads\/2025\/04\/Limpact-de-lecole-sur-le-developpement-de-la-confiance-en-soi-chez-les-eleves.jpg","keywords":["confiance en soi","d\u00e9veloppement personnel","\u00e9cole","\u00e9ducation","\u00e9l\u00e8ves"],"articleSection":["Actualit\u00e9s"],"inLanguage":"fr-FR","potentialAction":[{"@type":"CommentAction","name":"Comment","target":["https:\/\/www.apres-lecole.fr\/Blog\/impact-confiance-ecole-eleves\/#respond"]}]},{"@type":"WebPage","@id":"https:\/\/www.apres-lecole.fr\/Blog\/impact-confiance-ecole-eleves\/","url":"https:\/\/www.apres-lecole.fr\/Blog\/impact-confiance-ecole-eleves\/","name":"L'\u00e9cole, tremplin pour la confiance en soi des \u00e9l\u00e8ves","isPartOf":{"@id":"https:\/\/www.apres-lecole.fr\/Blog\/#website"},"primaryImageOfPage":{"@id":"https:\/\/www.apres-lecole.fr\/Blog\/impact-confiance-ecole-eleves\/#primaryimage"},"image":{"@id":"https:\/\/www.apres-lecole.fr\/Blog\/impact-confiance-ecole-eleves\/#primaryimage"},"thumbnailUrl":"https:\/\/www.apres-lecole.fr\/Blog\/wp-content\/uploads\/2025\/04\/Limpact-de-lecole-sur-le-developpement-de-la-confiance-en-soi-chez-les-eleves.jpg","datePublished":"2025-04-18T21:28:29+00:00","author":{"@id":"https:\/\/www.apres-lecole.fr\/Blog\/#\/schema\/person\/aeb50cd4b51fc69da155804bb5bb9fc4"},"description":"D\u00e9couvrez comment l'\u00e9cole joue un r\u00f4le crucial dans le d\u00e9veloppement de la confiance en soi chez les \u00e9l\u00e8ves. Cet article explore les m\u00e9thodes \u00e9ducatives et les environnements scolaires favorables qui encouragent l'estime de soi, les interactions sociales et la r\u00e9ussite personnelle, tout en soulignant l'importance de l'accompagnement des enseignants et des parents.","breadcrumb":{"@id":"https:\/\/www.apres-lecole.fr\/Blog\/impact-confiance-ecole-eleves\/#breadcrumb"},"inLanguage":"fr-FR","potentialAction":[{"@type":"ReadAction","target":["https:\/\/www.apres-lecole.fr\/Blog\/impact-confiance-ecole-eleves\/"]}]},{"@type":"ImageObject","inLanguage":"fr-FR","@id":"https:\/\/www.apres-lecole.fr\/Blog\/impact-confiance-ecole-eleves\/#primaryimage","url":"https:\/\/www.apres-lecole.fr\/Blog\/wp-content\/uploads\/2025\/04\/Limpact-de-lecole-sur-le-developpement-de-la-confiance-en-soi-chez-les-eleves.jpg","contentUrl":"https:\/\/www.apres-lecole.fr\/Blog\/wp-content\/uploads\/2025\/04\/Limpact-de-lecole-sur-le-developpement-de-la-confiance-en-soi-chez-les-eleves.jpg","width":1344,"height":768,"caption":"d\u00e9couvrez comment l'\u00e9cole influence le d\u00e9veloppement de la confiance en soi chez les \u00e9l\u00e8ves. cette analyse met en lumi\u00e8re les facteurs scolaires, sociaux et \u00e9motionnels qui contribuent \u00e0 renforcer l'estime personnelle des jeunes, et propose des strat\u00e9gies pour am\u00e9liorer leur bien-\u00eatre et leur r\u00e9ussite acad\u00e9mique."},{"@type":"BreadcrumbList","@id":"https:\/\/www.apres-lecole.fr\/Blog\/impact-confiance-ecole-eleves\/#breadcrumb","itemListElement":[{"@type":"ListItem","position":1,"name":"Home","item":"https:\/\/www.apres-lecole.fr\/Blog\/"},{"@type":"ListItem","position":2,"name":"L&rsquo;impact de l&rsquo;\u00e9cole sur le d\u00e9veloppement de la confiance en soi chez les \u00e9l\u00e8ves"}]},{"@type":"WebSite","@id":"https:\/\/www.apres-lecole.fr\/Blog\/#website","url":"https:\/\/www.apres-lecole.fr\/Blog\/","name":"","description":"M\u00e9dia g\u00e9n\u00e9raliste","potentialAction":[{"@type":"SearchAction","target":{"@type":"EntryPoint","urlTemplate":"https:\/\/www.apres-lecole.fr\/Blog\/?s={search_term_string}"},"query-input":{"@type":"PropertyValueSpecification","valueRequired":true,"valueName":"search_term_string"}}],"inLanguage":"fr-FR"},{"@type":"Person","@id":"https:\/\/www.apres-lecole.fr\/Blog\/#\/schema\/person\/aeb50cd4b51fc69da155804bb5bb9fc4","name":"Eva Martin","image":{"@type":"ImageObject","inLanguage":"fr-FR","@id":"https:\/\/secure.gravatar.com\/avatar\/55c53222558b27a72015a64073a80edce4abd33369394b9bf2c5cd6c19d12682?s=96&d=mm&r=g","url":"https:\/\/secure.gravatar.com\/avatar\/55c53222558b27a72015a64073a80edce4abd33369394b9bf2c5cd6c19d12682?s=96&d=mm&r=g","contentUrl":"https:\/\/secure.gravatar.com\/avatar\/55c53222558b27a72015a64073a80edce4abd33369394b9bf2c5cd6c19d12682?s=96&d=mm&r=g","caption":"Eva Martin"},"description":"Je parle de business et d'entrepreneuriat avec des conseils clairs, concrets et actionnables pour r\u00e9ussir","sameAs":["https:\/\/x.com\/Evaapresecole"],"url":"https:\/\/www.apres-lecole.fr\/Blog\/author\/evamartin\/"}]}},"views":519,"_links":{"self":[{"href":"https:\/\/www.apres-lecole.fr\/Blog\/wp-json\/wp\/v2\/posts\/1862","targetHints":{"allow":["GET"]}}],"collection":[{"href":"https:\/\/www.apres-lecole.fr\/Blog\/wp-json\/wp\/v2\/posts"}],"about":[{"href":"https:\/\/www.apres-lecole.fr\/Blog\/wp-json\/wp\/v2\/types\/post"}],"author":[{"embeddable":true,"href":"https:\/\/www.apres-lecole.fr\/Blog\/wp-json\/wp\/v2\/users\/9"}],"replies":[{"embeddable":true,"href":"https:\/\/www.apres-lecole.fr\/Blog\/wp-json\/wp\/v2\/comments?post=1862"}],"version-history":[{"count":0,"href":"https:\/\/www.apres-lecole.fr\/Blog\/wp-json\/wp\/v2\/posts\/1862\/revisions"}],"wp:featuredmedia":[{"embeddable":true,"href":"https:\/\/www.apres-lecole.fr\/Blog\/wp-json\/wp\/v2\/media\/1861"}],"wp:attachment":[{"href":"https:\/\/www.apres-lecole.fr\/Blog\/wp-json\/wp\/v2\/media?parent=1862"}],"wp:term":[{"taxonomy":"category","embeddable":true,"href":"https:\/\/www.apres-lecole.fr\/Blog\/wp-json\/wp\/v2\/categories?post=1862"},{"taxonomy":"post_tag","embeddable":true,"href":"https:\/\/www.apres-lecole.fr\/Blog\/wp-json\/wp\/v2\/tags?post=1862"}],"curies":[{"name":"wp","href":"https:\/\/api.w.org\/{rel}","templated":true}]}}