{"id":1860,"date":"2025-04-18T08:08:08","date_gmt":"2025-04-18T08:08:08","guid":{"rendered":"https:\/\/www.apres-lecole.fr\/Blog\/projet-ecole-inclusive-penne\/"},"modified":"2025-04-18T08:08:08","modified_gmt":"2025-04-18T08:08:08","slug":"projet-ecole-inclusive-penne","status":"publish","type":"post","link":"https:\/\/www.apres-lecole.fr\/Blog\/projet-ecole-inclusive-penne\/","title":{"rendered":"\u00c0 Penne-d\u2019Agenais, un projet d\u2019\u00e9cole inclusive profite \u00e0 tous les enfants, pas seulement \u00e0 ceux en situation de handicap"},"content":{"rendered":"\n\n<div class=\"kk-star-ratings kksr-auto kksr-align-left kksr-valign-top\"\n    data-payload='{&quot;align&quot;:&quot;left&quot;,&quot;id&quot;:&quot;1860&quot;,&quot;slug&quot;:&quot;default&quot;,&quot;valign&quot;:&quot;top&quot;,&quot;ignore&quot;:&quot;&quot;,&quot;reference&quot;:&quot;auto&quot;,&quot;class&quot;:&quot;&quot;,&quot;count&quot;:&quot;0&quot;,&quot;legendonly&quot;:&quot;&quot;,&quot;readonly&quot;:&quot;&quot;,&quot;score&quot;:&quot;0&quot;,&quot;starsonly&quot;:&quot;&quot;,&quot;best&quot;:&quot;5&quot;,&quot;gap&quot;:&quot;5&quot;,&quot;greet&quot;:&quot;Rate this post&quot;,&quot;legend&quot;:&quot;0\\\/5 - (0 vote)&quot;,&quot;size&quot;:&quot;24&quot;,&quot;title&quot;:&quot;\u00c0 Penne-d\u2019Agenais, un projet d\u2019\u00e9cole inclusive profite \u00e0 tous les enfants, pas seulement \u00e0 ceux en situation de handicap&quot;,&quot;width&quot;:&quot;0&quot;,&quot;_legend&quot;:&quot;{score}\\\/{best} - ({count} {votes})&quot;,&quot;font_factor&quot;:&quot;1.25&quot;}'>\n            \n<div class=\"kksr-stars\">\n    \n<div class=\"kksr-stars-inactive\">\n            <div class=\"kksr-star\" data-star=\"1\" style=\"padding-right: 5px\">\n            \n\n<div class=\"kksr-icon\" style=\"width: 24px; height: 24px;\"><\/div>\n        <\/div>\n            <div class=\"kksr-star\" data-star=\"2\" style=\"padding-right: 5px\">\n            \n\n<div class=\"kksr-icon\" style=\"width: 24px; height: 24px;\"><\/div>\n        <\/div>\n            <div class=\"kksr-star\" data-star=\"3\" style=\"padding-right: 5px\">\n            \n\n<div class=\"kksr-icon\" style=\"width: 24px; height: 24px;\"><\/div>\n        <\/div>\n            <div class=\"kksr-star\" data-star=\"4\" style=\"padding-right: 5px\">\n            \n\n<div class=\"kksr-icon\" style=\"width: 24px; height: 24px;\"><\/div>\n        <\/div>\n            <div class=\"kksr-star\" data-star=\"5\" style=\"padding-right: 5px\">\n            \n\n<div class=\"kksr-icon\" style=\"width: 24px; height: 24px;\"><\/div>\n        <\/div>\n    <\/div>\n    \n<div class=\"kksr-stars-active\" style=\"width: 0px;\">\n            <div class=\"kksr-star\" style=\"padding-right: 5px\">\n            \n\n<div class=\"kksr-icon\" style=\"width: 24px; height: 24px;\"><\/div>\n        <\/div>\n            <div class=\"kksr-star\" style=\"padding-right: 5px\">\n            \n\n<div class=\"kksr-icon\" style=\"width: 24px; height: 24px;\"><\/div>\n        <\/div>\n            <div class=\"kksr-star\" style=\"padding-right: 5px\">\n            \n\n<div class=\"kksr-icon\" style=\"width: 24px; height: 24px;\"><\/div>\n        <\/div>\n            <div class=\"kksr-star\" style=\"padding-right: 5px\">\n            \n\n<div class=\"kksr-icon\" style=\"width: 24px; height: 24px;\"><\/div>\n        <\/div>\n            <div class=\"kksr-star\" style=\"padding-right: 5px\">\n            \n\n<div class=\"kksr-icon\" style=\"width: 24px; height: 24px;\"><\/div>\n        <\/div>\n    <\/div>\n<\/div>\n                \n\n<div class=\"kksr-legend\" style=\"font-size: 19.2px;\">\n            <span class=\"kksr-muted\">Rate this post<\/span>\n    <\/div>\n    <\/div>\n<p>Dans la charmante commune de Penne-d\u2019Agenais, un projet novateur en mati\u00e8re d\u2019\u00e9ducation inclusive a vu le jour. Ce dispositif ne se contente pas d\u2019\u00eatre un mod\u00e8le pour l\u2019accueil des enfants en situation de handicap ; il offre un cadre b\u00e9n\u00e9fique \u00e0 l\u2019ensemble des \u00e9l\u00e8ves, en red\u00e9finissant la mani\u00e8re dont l\u2019\u00e9ducation est per\u00e7ue et dispens\u00e9e. Gr\u00e2ce \u00e0 une collaboration efficace entre \u00e9coles, coll\u00e8ge et professionnels de sant\u00e9, un \u00e9lan positif souffle sur ces \u00e9tablissements. Ce syst\u00e8me, qui pourrait bien inspirer d\u2019autres communes, est \u00e0 la crois\u00e9e des chemins entre p\u00e9dagogie, inclusion et bien-\u00eatre scolaire.<\/p>\n\n<h2 class=\"wp-block-heading\">Les principes de l&rsquo;\u00e9ducation inclusive \u00e0 Penne-d\u2019Agenais<\/h2>\n\n<p>L\u2019\u00e9ducation inclusive repose sur l\u2019id\u00e9e fondamentale que chaque enfant m\u00e9rite une chance de r\u00e9ussir, quel que soit son parcours. \u00c0 Penne-d\u2019Agenais, cette vision a \u00e9t\u00e9 int\u00e9gr\u00e9e dans le projet Nefle : \u00ab Notre \u00e9cole, faisons-la ensemble \u00bb. Ce projet, lanc\u00e9 entre l\u2019\u00e9cole \u00e9l\u00e9mentaire Jean-Moulin et le coll\u00e8ge Damira-Asperti, place l\u2019individu au centre des pr\u00e9occupations \u00e9ducatives. Mais qu\u2019est-ce qui fait de cette initiative un exemple \u00e0 suivre ?<\/p>\n\n<h3 class=\"wp-block-heading\">Un soutien adapt\u00e9 pour chaque \u00e9l\u00e8ve<\/h3>\n\n<p>La premi\u00e8re pierre angulaire du projet r\u00e9side dans l\u2019intervention de divers professionnels de sant\u00e9. Ces experts ne se contentent pas d\u2019intervenir sur les \u00e9l\u00e8ves en situation de handicap ; ils apportent leur expertise \u00e0 tous les enfants \u00e9prouvant des difficult\u00e9s d&rsquo;adaptation. En clair, ce dispositif s\u2019adresse \u00e0 une diversit\u00e9 d\u2019\u00e9l\u00e8ves, quels que soient leurs besoins \u00e9ducatifs.<\/p>\n\n<ul class=\"wp-block-list\"><li>\ud83d\udc69\u200d\u2695\ufe0f Ergoth\u00e9rapeute pour les d\u00e9fis moteurs<\/li><li>\ud83d\udde3\ufe0f Orthophoniste pour les difficult\u00e9s de communication<\/li><li>\ud83e\udde0 Psychologue pour le soutien psychologique<\/li><\/ul>\n\n<p>Ce mod\u00e8le de prise en charge contribue \u00e0 un environnement d\u2019apprentissage harmonieux, car les enseignants peuvent se concentrer davantage sur l\u2019enseignement plut\u00f4t que de g\u00e9rer des probl\u00e8mes comportementaux. Le directeur de l\u2019\u00e9cole \u00e9l\u00e9mentaire, Thomas Jullien, t\u00e9moigne d&rsquo;un \u00ab avant-apr\u00e8s \u00bb remarquable, soulignant que l\u2019atmosph\u00e8re scolaire est devenue plus calme et propice \u00e0 l\u2019apprentissage.<\/p>\n\n<h3 class=\"wp-block-heading\">Collaboration entre enseignants et sp\u00e9cialistes<\/h3>\n\n<p>Les comp\u00e9tences des professionnels de sant\u00e9 sont intimement li\u00e9es aux pratiques p\u00e9dagogiques des enseignants. Cela ne se limite pas seulement \u00e0 une aide ponctuelle ; c\u2019est un v\u00e9ritable partenariat. Par exemple, les \u00e9ducatrices sp\u00e9cialis\u00e9es apportent des outils et des techniques qui peuvent \u00eatre int\u00e9gr\u00e9s directement dans les m\u00e9thodes d\u2019enseignement.<\/p>\n\n<p>Les retours d\u2019exp\u00e9rience sont on ne peut plus positifs. La principale du coll\u00e8ge, Nathalie Delrieu, souligne que l\u2019observation des classes par les \u00e9ducateurs aide \u00e0 mieux comprendre les comportements des \u00e9l\u00e8ves. En cons\u00e9quence, on assiste \u00e0 une am\u00e9lioration des relations interpersonnelles et \u00e0 un climat scolaire apais\u00e9, propice au d\u00e9veloppement de toutes les potentialit\u00e9s.<\/p>\n\n<h3 class=\"wp-block-heading\">Les b\u00e9n\u00e9fices au-del\u00e0 du handicap<\/h3>\n\n<p>Au-del\u00e0 des enfants en situation de handicap, il est fascinant de constater que le projet Nefle profite aussi \u00e0 des \u00e9l\u00e8ves qui n\u2019auraient peut-\u00eatre pas \u00e9t\u00e9 identifi\u00e9s comme ayant des besoins sp\u00e9cifiques. L\u2019interaction avec les sp\u00e9cialistes permet de r\u00e9v\u00e9ler des troubles d&rsquo;apprentissage non per\u00e7us auparavant. Par exemple, un \u00e9l\u00e8ve, calme et apparemment sans probl\u00e8mes, a ainsi \u00e9t\u00e9 diagnostiqu\u00e9 avec une <strong>dysgraphie s\u00e9v\u00e8re<\/strong>. Gr\u00e2ce \u00e0 des interventions rapides, il b\u00e9n\u00e9ficie maintenant d&rsquo;un ordinateur pour l&rsquo;aider dans ses t\u00e2ches scolaires.<\/p>\n\n<figure class=\"wp-block-table\"><table>\n<thead>\n<tr>\n<th>Type de besoin<\/th>\n<th>Sp\u00e9cialiste impliqu\u00e9<\/th>\n<th>Outils utilis\u00e9s<\/th>\n<\/tr>\n<\/thead>\n<tbody>\n<tr>\n<td>Difficult\u00e9s motrices<\/td>\n<td>Ergoth\u00e9rapeute<\/td>\n<td>Mat\u00e9riel adapt\u00e9<\/td>\n<\/tr>\n<tr>\n<td>Difficult\u00e9s de communication<\/td>\n<td>Orthophoniste<\/td>\n<td>Supports visuels<\/td>\n<\/tr>\n<tr>\n<td>D\u00e9fis \u00e9motionnels<\/td>\n<td>Psychologue<\/td>\n<td>Techniques de gestion du stress<\/td>\n<\/tr>\n<\/tbody>\n<\/table><\/figure>\n\n<p>Cette approche inclusive \u00e9veillera sans doute l\u2019int\u00e9r\u00eat d&rsquo;autres communes. Les \u00e9coles ne sont plus vues uniquement comme des lieux d\u2019apprentissage stricts, mais bien comme des environnements d&rsquo;\u00e9panouissement collectif.<\/p>\n\n<h2 class=\"wp-block-heading\">Le r\u00f4le des acteurs locaux dans le projet d&rsquo;inclusion<\/h2>\n\n<p>Les acteurs locaux, y compris le maire Arnaud Devilliers, jouent un r\u00f4le crucial dans la mise en \u0153uvre et la p\u00e9rennisation de ce projet d\u2019\u00e9cole inclusive. Le soutien institutionnel et financier est indispensable pour donner vie \u00e0 cette initiative, qui conjugue \u00e0 la fois l&rsquo;\u00e9ducation et le bien-\u00eatre des enfants. Mais comment ces acteurs se mobilisent-ils concr\u00e8tement ?<\/p>\n\n<h3 class=\"wp-block-heading\">Un partenariat fort avec les autorit\u00e9s sanitaires<\/h3>\n\n<p>La collaboration entre l\u2019<strong>Agence r\u00e9gionale de sant\u00e9<\/strong> (ARS), la CPAM et les \u00e9tablissements scolaires est embl\u00e9matique du soutien que re\u00e7oit le projet. Ce dernier repose sur des financements de l&rsquo;\u00c9tat, rendant possible le d\u00e9tachement d&rsquo;\u00e9ducatrices sp\u00e9cialis\u00e9es au sein des \u00e9coles. Cela assure non seulement la qualit\u00e9 des interventions, mais \u00e9galement leur r\u00e9gularit\u00e9.<\/p>\n\n<ul class=\"wp-block-list\"><li>\ud83e\udd1d Partenariat avec l&rsquo;ARS pour des financements<\/li><li>\ud83c\udfeb Implication des \u00e9coles et des enseignants<\/li><li>\ud83c\udf0d Collaboration avec d&rsquo;autres organismes comme <strong>Handi-Sup<\/strong> et <strong>Les Enfants de la Terre<\/strong><\/li><\/ul>\n\n<p>Ce type d\u2019initiatives montre bien que l&rsquo;\u00e9ducation inclusive n&rsquo;est pas une seule affaire d\u2019\u00e9cole. C\u2019est une responsabilit\u00e9 partag\u00e9e impliquant la communaut\u00e9 dans son ensemble. L\u2019ensemble des acteurs voit d\u00e9j\u00e0 les b\u00e9n\u00e9fices tangibles sur le terrain, favorisant ainsi un soutien continu.<\/p>\n\n<h3 class=\"wp-block-heading\">Les retours d&rsquo;exp\u00e9rience positifs des acteurs impliqu\u00e9s<\/h3>\n\n<p>Les retours d&rsquo;exp\u00e9rience des diff\u00e9rents acteurs, qu&rsquo;ils soient enseignants, \u00e9coliers ou responsables des \u00e9tablissements, t\u00e9moignent de l&rsquo;impact positif de l&rsquo;inclusion. Des enseignants rapportent avoir vu des \u00e9l\u00e8ves s&rsquo;\u00e9panouir dans ce nouvel environnement. Ils notent \u00e9galement une ambiance plus sereine, facilitant l\u2019apprentissage. Une situation qui, au d\u00e9part, semblait impossible, est d\u00e9sormais une r\u00e9alit\u00e9 dans ces \u00e9tablissements. Ces exp\u00e9riences nourrissent des r\u00e9flexions sur des pratiques encore \u00e0 perfectionner tout en consolidant un mod\u00e8le \u00e0 \u00e9tendre.<\/p>\n\n<figure class=\"wp-block-table\"><table>\n<thead>\n<tr>\n<th>Acteur<\/th>\n<th>Retour d&rsquo;exp\u00e9rience<\/th>\n<\/tr>\n<\/thead>\n<tbody>\n<tr>\n<td>Enseignant<\/td>\n<td>Am\u00e9lioration significative de l&rsquo;ambiance en classe<\/td>\n<\/tr>\n<tr>\n<td>\u00c9ducatrice sp\u00e9cialis\u00e9e<\/td>\n<td>Observations r\u00e9v\u00e9latrices sur le comportement des \u00e9l\u00e8ves<\/td>\n<\/tr>\n<tr>\n<td>Principal(e)<\/td>\n<td>La scolarit\u00e9 et le bien-\u00eatre des \u00e9l\u00e8ves se sont consid\u00e9rablement am\u00e9lior\u00e9s<\/td>\n<\/tr>\n<\/tbody>\n<\/table><\/figure>\n\n<p>Dans ces contextes, le projet prend toute son ampleur ; il devient un exemple \u00e0 suivre sur le chemin de l&rsquo;inclusion pour les enfants. Le mot \u00ab d\u00e9fi \u00bb perd son sens lorsque l\u2019on d\u00e9couvre les potentialit\u00e9s d\u2019un projet pens\u00e9 avec soin.<\/p>\n\n<h2 class=\"wp-block-heading\">Les enjeux pour l&rsquo;avenir de l&rsquo;\u00e9ducation \u00e0 Penne-d\u2019Agenais<\/h2>\n\n<p>Alors, que se passe-t-il sur le long terme pour le projet d&rsquo;\u00e9cole inclusive \u00e0 Penne-d\u2019Agenais ? Comment se projette-t-on dans l\u2019avenir ? Les enjeux sont consid\u00e9rables, tant pour la commune que pour les acteurs \u00e9ducatifs engag\u00e9s dans cette voie. Les d\u00e9cisions prises aujourd\u2019hui alt\u00e9reront la trajectoire \u00e9ducative des g\u00e9n\u00e9rations futures.<\/p>\n\n<h3 class=\"wp-block-heading\">Les d\u00e9fis \u00e0 relever pour p\u00e9renniser l\u2019\u00e9tablissement<\/h3>\n\n<p>Les acteurs impliqu\u00e9s dans le projet sont conscients des d\u00e9fis futurs. L\u2019un des enjeux majeurs r\u00e9side dans le financement continu de cette initiative. Le directeur g\u00e9n\u00e9ral de l\u2019ARS a d\u00e9j\u00e0 \u00e9voqu\u00e9 la n\u00e9cessit\u00e9 d\u2019assurer la continuit\u00e9 des financements, malgr\u00e9 un contexte budg\u00e9taire national de plus en plus difficile. Comment alors garantir la p\u00e9rennit\u00e9 d\u2019un projet aussi essentiel ?<\/p>\n\n<ul class=\"wp-block-list\"><li>\ud83c\udfe6 Assurer un budget stable<\/li><li>\ud83d\udcc8 Trouver d&rsquo;autres sponsors ou partenaires<\/li><li>\ud83d\udc65 Renforcer les relations avec les acteurs de terrain<\/li><\/ul>\n\n<p>Au-del\u00e0 des financements, l\u2019ampleur du projet invite \u00e9galement \u00e0 penser le cadre \u00e9ducatif. La formation continue des enseignants \u00e0 l\u2019\u00e9ducation inclusive sera essentielle pour maintenir ce cap. Les besoins \u00e9voluent, et les outils n\u00e9cessaires pour r\u00e9pondre \u00e0 ces besoins doivent \u00e9galement se moderniser.<\/p>\n\n<h3 class=\"wp-block-heading\">La valorisation de l&rsquo;\u00e9ducation inclusive au niveau national<\/h3>\n\n<p>Il est crucial d\u2019observer comment l&rsquo;exp\u00e9rience de Penne-d\u2019Agenais peut influencer d\u2019autres \u00e9tablissements en France. En effet, l\u2019\u00e9ducation inclusive devient une priorit\u00e9 dans les discours politiques, mais le passage \u00e0 l\u2019action reste encore balbutiant. Les r\u00e9sultats provenants de cette initiative pourraient contribuer \u00e0 faire \u00e9voluer les normes et \u00e0 int\u00e9grer davantage de m\u00e9thodes inclusives.<\/p>\n\n<figure class=\"wp-block-table\"><table>\n<thead>\n<tr>\n<th>Impact potentiel<\/th>\n<th>Observation<\/th>\n<\/tr>\n<\/thead>\n<tbody>\n<tr>\n<td>Constitution d&rsquo;un r\u00e9seau d&rsquo;\u00e9coles inclusives<\/td>\n<td>Partage d&rsquo;exp\u00e9riences et bonnes pratiques<\/td>\n<\/tr>\n<tr>\n<td>Reconnaissance des labels inclusifs<\/td>\n<td>Inclusivit\u00e9 au c\u0153ur des programmes de l&rsquo;\u00c9ducation Nationale<\/td>\n<\/tr>\n<tr>\n<td>Sensibilisation des familles et des communaut\u00e9s<\/td>\n<td>Plus de soutien et d&rsquo;engagement local<\/td>\n<\/tr>\n<\/tbody>\n<\/table><\/figure>\n\n<p>Ces retomb\u00e9es sugg\u00e8rent que Penne-d\u2019Agenais ne doit pas rester isol\u00e9e dans son exp\u00e9rience. \u00c0 l\u2019aube d&rsquo;une nouvelle \u00e8re, des projets similaires pourraient voir le jour, esp\u00e9rant que l\u2019inclusion devienne une r\u00e9alit\u00e9 dans chaque \u00e9cole de France.<\/p>\n\n<h2 class=\"wp-block-heading\">FAQ sur le projet d&rsquo;\u00e9cole inclusive \u00e0 Penne-d\u2019Agenais<\/h2>\n\n<p><strong>Quels sont les principaux objectifs du projet ?<\/strong><br>Le projet vise \u00e0 offrir un cadre d&rsquo;\u00e9ducation adapt\u00e9 \u00e0 tous les \u00e9l\u00e8ves, en int\u00e9grant des professionnels de sant\u00e9 pour accompagner ceux ayant des besoins \u00e9ducatifs particuliers.<\/p>\n\n<p><strong>Qui sont les acteurs impliqu\u00e9s dans ce projet ?<\/strong><br>Les acteurs comprennent les enseignants, des \u00e9ducatrices sp\u00e9cialis\u00e9es, des orthophonistes, des ergoth\u00e9rapeutes et les institutions locales comme l\u2019ARS.<\/p>\n\n<p><strong>Comment ce projet profite-t-il aux \u00e9l\u00e8ves non handicap\u00e9s ?<\/strong><br>Le projet permet de cr\u00e9er un environnement \u00e9ducatif inclusif et serein pour tous, offrant \u00e0 chaque \u00e9l\u00e8ve l\u2019opportunit\u00e9 de s&rsquo;\u00e9panouir.<\/p>\n\n<p><strong>Quel impact ce projet pourrait-il avoir sur l&rsquo;\u00e9ducation en France ?<\/strong><br>Il pourrait servir de mod\u00e8le pour d\u2019autres communes et encourager un mouvement vers une \u00e9ducation plus inclusive \u00e0 l\u2019\u00e9chelle nationale.<\/p>\n\n<p><strong>Comment le financement est-il assur\u00e9 ?<\/strong><br>Le financement provient de l&rsquo;\u00c9tat par le biais de l&rsquo;ARS et de partenariats avec des organismes locaux comme l\u2019Association les Papillons Blancs.<\/p>\n\n","protected":false},"excerpt":{"rendered":"<p>Dans la charmante commune de Penne-d\u2019Agenais, un projet novateur en mati\u00e8re d\u2019\u00e9ducation inclusive a vu le jour. Ce dispositif ne se contente pas d\u2019\u00eatre un mod\u00e8le pour l\u2019accueil des enfants en situation de handicap ; il offre un cadre b\u00e9n\u00e9fique \u00e0 l\u2019ensemble des \u00e9l\u00e8ves, en red\u00e9finissant la mani\u00e8re dont l\u2019\u00e9ducation est per\u00e7ue et dispens\u00e9e. Gr\u00e2ce &#8230; <a title=\"\u00c0 Penne-d\u2019Agenais, un projet d\u2019\u00e9cole inclusive profite \u00e0 tous les enfants, pas seulement \u00e0 ceux en situation de handicap\" class=\"read-more\" href=\"https:\/\/www.apres-lecole.fr\/Blog\/projet-ecole-inclusive-penne\/\" aria-label=\"En savoir plus sur \u00c0 Penne-d\u2019Agenais, un projet d\u2019\u00e9cole inclusive profite \u00e0 tous les enfants, pas seulement \u00e0 ceux en situation de handicap\">Lire plus<\/a><\/p>\n","protected":false},"author":9,"featured_media":1859,"comment_status":"open","ping_status":"open","sticky":false,"template":"","format":"standard","meta":{"footnotes":""},"categories":[342],"tags":[668,412,669,667,670],"class_list":["post-1860","post","type-post","status-publish","format-standard","has-post-thumbnail","hentry","category-actualites","tag-ecole-inclusive","tag-education","tag-enfants","tag-penne-dagenais","tag-situation-de-handicap"],"yoast_head":"<!-- This site is optimized with the Yoast SEO plugin v27.5 - https:\/\/yoast.com\/product\/yoast-seo-wordpress\/ -->\n<title>\u00c0 Penne-d\u2019Agenais, l&#039;\u00e9cole inclusive au service de tous les enfants<\/title>\n<meta name=\"description\" content=\"D\u00e9couvrez comment le projet d&#039;\u00e9cole inclusive \u00e0 Penne-d&#039;Agenais transforme l&#039;\u00e9ducation pour tous les enfants, en favorisant l&#039;int\u00e9gration et le respect des diff\u00e9rences. Un mod\u00e8le \u00e9ducatif qui b\u00e9n\u00e9ficie non seulement aux \u00e9l\u00e8ves en situation de handicap, mais aussi \u00e0 l&#039;ensemble de la communaut\u00e9 scolaire.\" \/>\n<meta name=\"robots\" content=\"index, follow, max-snippet:-1, max-image-preview:large, max-video-preview:-1\" \/>\n<link rel=\"canonical\" href=\"https:\/\/www.apres-lecole.fr\/Blog\/projet-ecole-inclusive-penne\/\" \/>\n<meta property=\"og:locale\" content=\"fr_FR\" \/>\n<meta property=\"og:type\" content=\"article\" \/>\n<meta property=\"og:title\" content=\"\u00c0 Penne-d\u2019Agenais, l&#039;\u00e9cole inclusive au service de tous les enfants\" \/>\n<meta property=\"og:description\" content=\"D\u00e9couvrez comment le projet d&#039;\u00e9cole inclusive \u00e0 Penne-d&#039;Agenais transforme l&#039;\u00e9ducation pour tous les enfants, en favorisant l&#039;int\u00e9gration et le respect des diff\u00e9rences. Un mod\u00e8le \u00e9ducatif qui b\u00e9n\u00e9ficie non seulement aux \u00e9l\u00e8ves en situation de handicap, mais aussi \u00e0 l&#039;ensemble de la communaut\u00e9 scolaire.\" \/>\n<meta property=\"og:url\" content=\"https:\/\/www.apres-lecole.fr\/Blog\/projet-ecole-inclusive-penne\/\" \/>\n<meta property=\"article:published_time\" content=\"2025-04-18T08:08:08+00:00\" \/>\n<meta property=\"og:image\" content=\"https:\/\/www.apres-lecole.fr\/Blog\/wp-content\/uploads\/2025\/04\/A-Penne-dAgenais-un-projet-decole-inclusive-profite-a-tous-les-enfants-pas-seulement-a-ceux-en-situation-de-handicap.jpg\" \/>\n\t<meta property=\"og:image:width\" content=\"1344\" \/>\n\t<meta property=\"og:image:height\" content=\"768\" \/>\n\t<meta property=\"og:image:type\" content=\"image\/jpeg\" \/>\n<meta name=\"author\" content=\"Eva Martin\" \/>\n<meta name=\"twitter:card\" content=\"summary_large_image\" \/>\n<meta name=\"twitter:creator\" content=\"@Evaapresecole\" \/>\n<meta name=\"twitter:label1\" content=\"\u00c9crit par\" \/>\n\t<meta name=\"twitter:data1\" content=\"Eva Martin\" \/>\n\t<meta name=\"twitter:label2\" content=\"Dur\u00e9e de lecture estim\u00e9e\" \/>\n\t<meta name=\"twitter:data2\" content=\"8 minutes\" \/>\n<script type=\"application\/ld+json\" class=\"yoast-schema-graph\">{\"@context\":\"https:\\\/\\\/schema.org\",\"@graph\":[{\"@type\":\"Article\",\"@id\":\"https:\\\/\\\/www.apres-lecole.fr\\\/Blog\\\/projet-ecole-inclusive-penne\\\/#article\",\"isPartOf\":{\"@id\":\"https:\\\/\\\/www.apres-lecole.fr\\\/Blog\\\/projet-ecole-inclusive-penne\\\/\"},\"author\":{\"name\":\"Eva Martin\",\"@id\":\"https:\\\/\\\/www.apres-lecole.fr\\\/Blog\\\/#\\\/schema\\\/person\\\/aeb50cd4b51fc69da155804bb5bb9fc4\"},\"headline\":\"\u00c0 Penne-d\u2019Agenais, un projet d\u2019\u00e9cole inclusive profite \u00e0 tous les enfants, pas seulement \u00e0 ceux en situation de handicap\",\"datePublished\":\"2025-04-18T08:08:08+00:00\",\"mainEntityOfPage\":{\"@id\":\"https:\\\/\\\/www.apres-lecole.fr\\\/Blog\\\/projet-ecole-inclusive-penne\\\/\"},\"wordCount\":1603,\"commentCount\":0,\"image\":{\"@id\":\"https:\\\/\\\/www.apres-lecole.fr\\\/Blog\\\/projet-ecole-inclusive-penne\\\/#primaryimage\"},\"thumbnailUrl\":\"https:\\\/\\\/www.apres-lecole.fr\\\/Blog\\\/wp-content\\\/uploads\\\/2025\\\/04\\\/A-Penne-dAgenais-un-projet-decole-inclusive-profite-a-tous-les-enfants-pas-seulement-a-ceux-en-situation-de-handicap.jpg\",\"keywords\":[\"\u00e9cole inclusive\",\"\u00e9ducation\",\"enfants\",\"penne-d\u2019agenais\",\"situation de handicap\"],\"articleSection\":[\"Actualit\u00e9s\"],\"inLanguage\":\"fr-FR\",\"potentialAction\":[{\"@type\":\"CommentAction\",\"name\":\"Comment\",\"target\":[\"https:\\\/\\\/www.apres-lecole.fr\\\/Blog\\\/projet-ecole-inclusive-penne\\\/#respond\"]}]},{\"@type\":\"WebPage\",\"@id\":\"https:\\\/\\\/www.apres-lecole.fr\\\/Blog\\\/projet-ecole-inclusive-penne\\\/\",\"url\":\"https:\\\/\\\/www.apres-lecole.fr\\\/Blog\\\/projet-ecole-inclusive-penne\\\/\",\"name\":\"\u00c0 Penne-d\u2019Agenais, l'\u00e9cole inclusive au service de tous les enfants\",\"isPartOf\":{\"@id\":\"https:\\\/\\\/www.apres-lecole.fr\\\/Blog\\\/#website\"},\"primaryImageOfPage\":{\"@id\":\"https:\\\/\\\/www.apres-lecole.fr\\\/Blog\\\/projet-ecole-inclusive-penne\\\/#primaryimage\"},\"image\":{\"@id\":\"https:\\\/\\\/www.apres-lecole.fr\\\/Blog\\\/projet-ecole-inclusive-penne\\\/#primaryimage\"},\"thumbnailUrl\":\"https:\\\/\\\/www.apres-lecole.fr\\\/Blog\\\/wp-content\\\/uploads\\\/2025\\\/04\\\/A-Penne-dAgenais-un-projet-decole-inclusive-profite-a-tous-les-enfants-pas-seulement-a-ceux-en-situation-de-handicap.jpg\",\"datePublished\":\"2025-04-18T08:08:08+00:00\",\"author\":{\"@id\":\"https:\\\/\\\/www.apres-lecole.fr\\\/Blog\\\/#\\\/schema\\\/person\\\/aeb50cd4b51fc69da155804bb5bb9fc4\"},\"description\":\"D\u00e9couvrez comment le projet d'\u00e9cole inclusive \u00e0 Penne-d'Agenais transforme l'\u00e9ducation pour tous les enfants, en favorisant l'int\u00e9gration et le respect des diff\u00e9rences. Un mod\u00e8le \u00e9ducatif qui b\u00e9n\u00e9ficie non seulement aux \u00e9l\u00e8ves en situation de handicap, mais aussi \u00e0 l'ensemble de la communaut\u00e9 scolaire.\",\"breadcrumb\":{\"@id\":\"https:\\\/\\\/www.apres-lecole.fr\\\/Blog\\\/projet-ecole-inclusive-penne\\\/#breadcrumb\"},\"inLanguage\":\"fr-FR\",\"potentialAction\":[{\"@type\":\"ReadAction\",\"target\":[\"https:\\\/\\\/www.apres-lecole.fr\\\/Blog\\\/projet-ecole-inclusive-penne\\\/\"]}]},{\"@type\":\"ImageObject\",\"inLanguage\":\"fr-FR\",\"@id\":\"https:\\\/\\\/www.apres-lecole.fr\\\/Blog\\\/projet-ecole-inclusive-penne\\\/#primaryimage\",\"url\":\"https:\\\/\\\/www.apres-lecole.fr\\\/Blog\\\/wp-content\\\/uploads\\\/2025\\\/04\\\/A-Penne-dAgenais-un-projet-decole-inclusive-profite-a-tous-les-enfants-pas-seulement-a-ceux-en-situation-de-handicap.jpg\",\"contentUrl\":\"https:\\\/\\\/www.apres-lecole.fr\\\/Blog\\\/wp-content\\\/uploads\\\/2025\\\/04\\\/A-Penne-dAgenais-un-projet-decole-inclusive-profite-a-tous-les-enfants-pas-seulement-a-ceux-en-situation-de-handicap.jpg\",\"width\":1344,\"height\":768,\"caption\":\"d\u00e9couvrez le projet novateur de l'\u00e9cole inclusive \u00e0 penne-d'agenais, qui offre un cadre d'apprentissage b\u00e9n\u00e9fique pour tous les enfants, favorisant l'\u00e9panouissement de chacun, y compris ceux en situation de handicap.\"},{\"@type\":\"BreadcrumbList\",\"@id\":\"https:\\\/\\\/www.apres-lecole.fr\\\/Blog\\\/projet-ecole-inclusive-penne\\\/#breadcrumb\",\"itemListElement\":[{\"@type\":\"ListItem\",\"position\":1,\"name\":\"Home\",\"item\":\"https:\\\/\\\/www.apres-lecole.fr\\\/Blog\\\/\"},{\"@type\":\"ListItem\",\"position\":2,\"name\":\"\u00c0 Penne-d\u2019Agenais, un projet d\u2019\u00e9cole inclusive profite \u00e0 tous les enfants, pas seulement \u00e0 ceux en situation de handicap\"}]},{\"@type\":\"WebSite\",\"@id\":\"https:\\\/\\\/www.apres-lecole.fr\\\/Blog\\\/#website\",\"url\":\"https:\\\/\\\/www.apres-lecole.fr\\\/Blog\\\/\",\"name\":\"\",\"description\":\"M\u00e9dia g\u00e9n\u00e9raliste\",\"potentialAction\":[{\"@type\":\"SearchAction\",\"target\":{\"@type\":\"EntryPoint\",\"urlTemplate\":\"https:\\\/\\\/www.apres-lecole.fr\\\/Blog\\\/?s={search_term_string}\"},\"query-input\":{\"@type\":\"PropertyValueSpecification\",\"valueRequired\":true,\"valueName\":\"search_term_string\"}}],\"inLanguage\":\"fr-FR\"},{\"@type\":\"Person\",\"@id\":\"https:\\\/\\\/www.apres-lecole.fr\\\/Blog\\\/#\\\/schema\\\/person\\\/aeb50cd4b51fc69da155804bb5bb9fc4\",\"name\":\"Eva Martin\",\"image\":{\"@type\":\"ImageObject\",\"inLanguage\":\"fr-FR\",\"@id\":\"https:\\\/\\\/secure.gravatar.com\\\/avatar\\\/55c53222558b27a72015a64073a80edce4abd33369394b9bf2c5cd6c19d12682?s=96&d=mm&r=g\",\"url\":\"https:\\\/\\\/secure.gravatar.com\\\/avatar\\\/55c53222558b27a72015a64073a80edce4abd33369394b9bf2c5cd6c19d12682?s=96&d=mm&r=g\",\"contentUrl\":\"https:\\\/\\\/secure.gravatar.com\\\/avatar\\\/55c53222558b27a72015a64073a80edce4abd33369394b9bf2c5cd6c19d12682?s=96&d=mm&r=g\",\"caption\":\"Eva Martin\"},\"description\":\"Je parle de business et d'entrepreneuriat avec des conseils clairs, concrets et actionnables pour r\u00e9ussir\",\"sameAs\":[\"https:\\\/\\\/x.com\\\/Evaapresecole\"],\"url\":\"https:\\\/\\\/www.apres-lecole.fr\\\/Blog\\\/author\\\/evamartin\\\/\"}]}<\/script>\n<!-- \/ Yoast SEO plugin. -->","yoast_head_json":{"title":"\u00c0 Penne-d\u2019Agenais, l'\u00e9cole inclusive au service de tous les enfants","description":"D\u00e9couvrez comment le projet d'\u00e9cole inclusive \u00e0 Penne-d'Agenais transforme l'\u00e9ducation pour tous les enfants, en favorisant l'int\u00e9gration et le respect des diff\u00e9rences. Un mod\u00e8le \u00e9ducatif qui b\u00e9n\u00e9ficie non seulement aux \u00e9l\u00e8ves en situation de handicap, mais aussi \u00e0 l'ensemble de la communaut\u00e9 scolaire.","robots":{"index":"index","follow":"follow","max-snippet":"max-snippet:-1","max-image-preview":"max-image-preview:large","max-video-preview":"max-video-preview:-1"},"canonical":"https:\/\/www.apres-lecole.fr\/Blog\/projet-ecole-inclusive-penne\/","og_locale":"fr_FR","og_type":"article","og_title":"\u00c0 Penne-d\u2019Agenais, l'\u00e9cole inclusive au service de tous les enfants","og_description":"D\u00e9couvrez comment le projet d'\u00e9cole inclusive \u00e0 Penne-d'Agenais transforme l'\u00e9ducation pour tous les enfants, en favorisant l'int\u00e9gration et le respect des diff\u00e9rences. Un mod\u00e8le \u00e9ducatif qui b\u00e9n\u00e9ficie non seulement aux \u00e9l\u00e8ves en situation de handicap, mais aussi \u00e0 l'ensemble de la communaut\u00e9 scolaire.","og_url":"https:\/\/www.apres-lecole.fr\/Blog\/projet-ecole-inclusive-penne\/","article_published_time":"2025-04-18T08:08:08+00:00","og_image":[{"width":1344,"height":768,"url":"https:\/\/www.apres-lecole.fr\/Blog\/wp-content\/uploads\/2025\/04\/A-Penne-dAgenais-un-projet-decole-inclusive-profite-a-tous-les-enfants-pas-seulement-a-ceux-en-situation-de-handicap.jpg","type":"image\/jpeg"}],"author":"Eva Martin","twitter_card":"summary_large_image","twitter_creator":"@Evaapresecole","twitter_misc":{"\u00c9crit par":"Eva Martin","Dur\u00e9e de lecture estim\u00e9e":"8 minutes"},"schema":{"@context":"https:\/\/schema.org","@graph":[{"@type":"Article","@id":"https:\/\/www.apres-lecole.fr\/Blog\/projet-ecole-inclusive-penne\/#article","isPartOf":{"@id":"https:\/\/www.apres-lecole.fr\/Blog\/projet-ecole-inclusive-penne\/"},"author":{"name":"Eva Martin","@id":"https:\/\/www.apres-lecole.fr\/Blog\/#\/schema\/person\/aeb50cd4b51fc69da155804bb5bb9fc4"},"headline":"\u00c0 Penne-d\u2019Agenais, un projet d\u2019\u00e9cole inclusive profite \u00e0 tous les enfants, pas seulement \u00e0 ceux en situation de handicap","datePublished":"2025-04-18T08:08:08+00:00","mainEntityOfPage":{"@id":"https:\/\/www.apres-lecole.fr\/Blog\/projet-ecole-inclusive-penne\/"},"wordCount":1603,"commentCount":0,"image":{"@id":"https:\/\/www.apres-lecole.fr\/Blog\/projet-ecole-inclusive-penne\/#primaryimage"},"thumbnailUrl":"https:\/\/www.apres-lecole.fr\/Blog\/wp-content\/uploads\/2025\/04\/A-Penne-dAgenais-un-projet-decole-inclusive-profite-a-tous-les-enfants-pas-seulement-a-ceux-en-situation-de-handicap.jpg","keywords":["\u00e9cole inclusive","\u00e9ducation","enfants","penne-d\u2019agenais","situation de handicap"],"articleSection":["Actualit\u00e9s"],"inLanguage":"fr-FR","potentialAction":[{"@type":"CommentAction","name":"Comment","target":["https:\/\/www.apres-lecole.fr\/Blog\/projet-ecole-inclusive-penne\/#respond"]}]},{"@type":"WebPage","@id":"https:\/\/www.apres-lecole.fr\/Blog\/projet-ecole-inclusive-penne\/","url":"https:\/\/www.apres-lecole.fr\/Blog\/projet-ecole-inclusive-penne\/","name":"\u00c0 Penne-d\u2019Agenais, l'\u00e9cole inclusive au service de tous les enfants","isPartOf":{"@id":"https:\/\/www.apres-lecole.fr\/Blog\/#website"},"primaryImageOfPage":{"@id":"https:\/\/www.apres-lecole.fr\/Blog\/projet-ecole-inclusive-penne\/#primaryimage"},"image":{"@id":"https:\/\/www.apres-lecole.fr\/Blog\/projet-ecole-inclusive-penne\/#primaryimage"},"thumbnailUrl":"https:\/\/www.apres-lecole.fr\/Blog\/wp-content\/uploads\/2025\/04\/A-Penne-dAgenais-un-projet-decole-inclusive-profite-a-tous-les-enfants-pas-seulement-a-ceux-en-situation-de-handicap.jpg","datePublished":"2025-04-18T08:08:08+00:00","author":{"@id":"https:\/\/www.apres-lecole.fr\/Blog\/#\/schema\/person\/aeb50cd4b51fc69da155804bb5bb9fc4"},"description":"D\u00e9couvrez comment le projet d'\u00e9cole inclusive \u00e0 Penne-d'Agenais transforme l'\u00e9ducation pour tous les enfants, en favorisant l'int\u00e9gration et le respect des diff\u00e9rences. Un mod\u00e8le \u00e9ducatif qui b\u00e9n\u00e9ficie non seulement aux \u00e9l\u00e8ves en situation de handicap, mais aussi \u00e0 l'ensemble de la communaut\u00e9 scolaire.","breadcrumb":{"@id":"https:\/\/www.apres-lecole.fr\/Blog\/projet-ecole-inclusive-penne\/#breadcrumb"},"inLanguage":"fr-FR","potentialAction":[{"@type":"ReadAction","target":["https:\/\/www.apres-lecole.fr\/Blog\/projet-ecole-inclusive-penne\/"]}]},{"@type":"ImageObject","inLanguage":"fr-FR","@id":"https:\/\/www.apres-lecole.fr\/Blog\/projet-ecole-inclusive-penne\/#primaryimage","url":"https:\/\/www.apres-lecole.fr\/Blog\/wp-content\/uploads\/2025\/04\/A-Penne-dAgenais-un-projet-decole-inclusive-profite-a-tous-les-enfants-pas-seulement-a-ceux-en-situation-de-handicap.jpg","contentUrl":"https:\/\/www.apres-lecole.fr\/Blog\/wp-content\/uploads\/2025\/04\/A-Penne-dAgenais-un-projet-decole-inclusive-profite-a-tous-les-enfants-pas-seulement-a-ceux-en-situation-de-handicap.jpg","width":1344,"height":768,"caption":"d\u00e9couvrez le projet novateur de l'\u00e9cole inclusive \u00e0 penne-d'agenais, qui offre un cadre d'apprentissage b\u00e9n\u00e9fique pour tous les enfants, favorisant l'\u00e9panouissement de chacun, y compris ceux en situation de handicap."},{"@type":"BreadcrumbList","@id":"https:\/\/www.apres-lecole.fr\/Blog\/projet-ecole-inclusive-penne\/#breadcrumb","itemListElement":[{"@type":"ListItem","position":1,"name":"Home","item":"https:\/\/www.apres-lecole.fr\/Blog\/"},{"@type":"ListItem","position":2,"name":"\u00c0 Penne-d\u2019Agenais, un projet d\u2019\u00e9cole inclusive profite \u00e0 tous les enfants, pas seulement \u00e0 ceux en situation de handicap"}]},{"@type":"WebSite","@id":"https:\/\/www.apres-lecole.fr\/Blog\/#website","url":"https:\/\/www.apres-lecole.fr\/Blog\/","name":"","description":"M\u00e9dia g\u00e9n\u00e9raliste","potentialAction":[{"@type":"SearchAction","target":{"@type":"EntryPoint","urlTemplate":"https:\/\/www.apres-lecole.fr\/Blog\/?s={search_term_string}"},"query-input":{"@type":"PropertyValueSpecification","valueRequired":true,"valueName":"search_term_string"}}],"inLanguage":"fr-FR"},{"@type":"Person","@id":"https:\/\/www.apres-lecole.fr\/Blog\/#\/schema\/person\/aeb50cd4b51fc69da155804bb5bb9fc4","name":"Eva Martin","image":{"@type":"ImageObject","inLanguage":"fr-FR","@id":"https:\/\/secure.gravatar.com\/avatar\/55c53222558b27a72015a64073a80edce4abd33369394b9bf2c5cd6c19d12682?s=96&d=mm&r=g","url":"https:\/\/secure.gravatar.com\/avatar\/55c53222558b27a72015a64073a80edce4abd33369394b9bf2c5cd6c19d12682?s=96&d=mm&r=g","contentUrl":"https:\/\/secure.gravatar.com\/avatar\/55c53222558b27a72015a64073a80edce4abd33369394b9bf2c5cd6c19d12682?s=96&d=mm&r=g","caption":"Eva Martin"},"description":"Je parle de business et d'entrepreneuriat avec des conseils clairs, concrets et actionnables pour r\u00e9ussir","sameAs":["https:\/\/x.com\/Evaapresecole"],"url":"https:\/\/www.apres-lecole.fr\/Blog\/author\/evamartin\/"}]}},"views":28,"_links":{"self":[{"href":"https:\/\/www.apres-lecole.fr\/Blog\/wp-json\/wp\/v2\/posts\/1860","targetHints":{"allow":["GET"]}}],"collection":[{"href":"https:\/\/www.apres-lecole.fr\/Blog\/wp-json\/wp\/v2\/posts"}],"about":[{"href":"https:\/\/www.apres-lecole.fr\/Blog\/wp-json\/wp\/v2\/types\/post"}],"author":[{"embeddable":true,"href":"https:\/\/www.apres-lecole.fr\/Blog\/wp-json\/wp\/v2\/users\/9"}],"replies":[{"embeddable":true,"href":"https:\/\/www.apres-lecole.fr\/Blog\/wp-json\/wp\/v2\/comments?post=1860"}],"version-history":[{"count":0,"href":"https:\/\/www.apres-lecole.fr\/Blog\/wp-json\/wp\/v2\/posts\/1860\/revisions"}],"wp:featuredmedia":[{"embeddable":true,"href":"https:\/\/www.apres-lecole.fr\/Blog\/wp-json\/wp\/v2\/media\/1859"}],"wp:attachment":[{"href":"https:\/\/www.apres-lecole.fr\/Blog\/wp-json\/wp\/v2\/media?parent=1860"}],"wp:term":[{"taxonomy":"category","embeddable":true,"href":"https:\/\/www.apres-lecole.fr\/Blog\/wp-json\/wp\/v2\/categories?post=1860"},{"taxonomy":"post_tag","embeddable":true,"href":"https:\/\/www.apres-lecole.fr\/Blog\/wp-json\/wp\/v2\/tags?post=1860"}],"curies":[{"name":"wp","href":"https:\/\/api.w.org\/{rel}","templated":true}]}}