{"id":1856,"date":"2025-04-17T07:15:12","date_gmt":"2025-04-17T07:15:12","guid":{"rendered":"https:\/\/www.apres-lecole.fr\/Blog\/expansion-ecole-sources\/"},"modified":"2025-04-17T07:15:12","modified_gmt":"2025-04-17T07:15:12","slug":"expansion-ecole-sources","status":"publish","type":"post","link":"https:\/\/www.apres-lecole.fr\/Blog\/expansion-ecole-sources\/","title":{"rendered":"Cranves-Sales : l&rsquo;expansion de l&rsquo;\u00e9cole des Sources progresse rapidement"},"content":{"rendered":"\n\n<div class=\"kk-star-ratings kksr-auto kksr-align-left kksr-valign-top\"\n    data-payload='{&quot;align&quot;:&quot;left&quot;,&quot;id&quot;:&quot;1856&quot;,&quot;slug&quot;:&quot;default&quot;,&quot;valign&quot;:&quot;top&quot;,&quot;ignore&quot;:&quot;&quot;,&quot;reference&quot;:&quot;auto&quot;,&quot;class&quot;:&quot;&quot;,&quot;count&quot;:&quot;0&quot;,&quot;legendonly&quot;:&quot;&quot;,&quot;readonly&quot;:&quot;&quot;,&quot;score&quot;:&quot;0&quot;,&quot;starsonly&quot;:&quot;&quot;,&quot;best&quot;:&quot;5&quot;,&quot;gap&quot;:&quot;5&quot;,&quot;greet&quot;:&quot;Rate this post&quot;,&quot;legend&quot;:&quot;0\\\/5 - (0 vote)&quot;,&quot;size&quot;:&quot;24&quot;,&quot;title&quot;:&quot;Cranves-Sales : l\\u0026#039;expansion de l\\u0026#039;\u00e9cole des Sources progresse rapidement&quot;,&quot;width&quot;:&quot;0&quot;,&quot;_legend&quot;:&quot;{score}\\\/{best} - ({count} {votes})&quot;,&quot;font_factor&quot;:&quot;1.25&quot;}'>\n            \n<div class=\"kksr-stars\">\n    \n<div class=\"kksr-stars-inactive\">\n            <div class=\"kksr-star\" data-star=\"1\" style=\"padding-right: 5px\">\n            \n\n<div class=\"kksr-icon\" style=\"width: 24px; height: 24px;\"><\/div>\n        <\/div>\n            <div class=\"kksr-star\" data-star=\"2\" style=\"padding-right: 5px\">\n            \n\n<div class=\"kksr-icon\" style=\"width: 24px; height: 24px;\"><\/div>\n        <\/div>\n            <div class=\"kksr-star\" data-star=\"3\" style=\"padding-right: 5px\">\n            \n\n<div class=\"kksr-icon\" style=\"width: 24px; height: 24px;\"><\/div>\n        <\/div>\n            <div class=\"kksr-star\" data-star=\"4\" style=\"padding-right: 5px\">\n            \n\n<div class=\"kksr-icon\" style=\"width: 24px; height: 24px;\"><\/div>\n        <\/div>\n            <div class=\"kksr-star\" data-star=\"5\" style=\"padding-right: 5px\">\n            \n\n<div class=\"kksr-icon\" style=\"width: 24px; height: 24px;\"><\/div>\n        <\/div>\n    <\/div>\n    \n<div class=\"kksr-stars-active\" style=\"width: 0px;\">\n            <div class=\"kksr-star\" style=\"padding-right: 5px\">\n            \n\n<div class=\"kksr-icon\" style=\"width: 24px; height: 24px;\"><\/div>\n        <\/div>\n            <div class=\"kksr-star\" style=\"padding-right: 5px\">\n            \n\n<div class=\"kksr-icon\" style=\"width: 24px; height: 24px;\"><\/div>\n        <\/div>\n            <div class=\"kksr-star\" style=\"padding-right: 5px\">\n            \n\n<div class=\"kksr-icon\" style=\"width: 24px; height: 24px;\"><\/div>\n        <\/div>\n            <div class=\"kksr-star\" style=\"padding-right: 5px\">\n            \n\n<div class=\"kksr-icon\" style=\"width: 24px; height: 24px;\"><\/div>\n        <\/div>\n            <div class=\"kksr-star\" style=\"padding-right: 5px\">\n            \n\n<div class=\"kksr-icon\" style=\"width: 24px; height: 24px;\"><\/div>\n        <\/div>\n    <\/div>\n<\/div>\n                \n\n<div class=\"kksr-legend\" style=\"font-size: 19.2px;\">\n            <span class=\"kksr-muted\">Rate this post<\/span>\n    <\/div>\n    <\/div>\n<p>La commune de Cranves-Sales est en pleine mutation, en particulier en mati\u00e8re d\u2019\u00e9ducation. L\u2019<strong>\u00e9cole des Sources<\/strong>, v\u00e9ritable pilier de la vie scolaire locale, voit son expansion se dessiner de mani\u00e8re prometteuse. Cette \u00e9volution, qui a d\u00e9but\u00e9 il y a plusieurs mois, s&rsquo;appr\u00eate \u00e0 transformer l&rsquo;environnement d\u2019apprentissage des petits \u00e9l\u00e8ves \u00e0 partir de septembre 2025. Les \u00e9lus, tout comme les parents, attendent avec impatience l\u2019ouverture de ces nouveaux espaces qui promettent une <strong>\u00e9ducation<\/strong> renouvel\u00e9e et enrichie.<\/p>\n\n<h2 class=\"wp-block-heading\">Cranves-Sales : un besoin croissant en infrastructure scolaire<\/h2>\n\n<p>Le village de Cranves-Sales, au fil des ann\u00e9es, a vu sa population augmenter. Avec l&rsquo;essor d\u00e9mographique, un nombre croissant d&rsquo;\u00e9l\u00e8ves s&rsquo;inscrit chaque ann\u00e9e \u00e0 l&rsquo;<strong>\u00e9cole des Sources<\/strong>. Ce contexte incite les autorit\u00e9s municipales \u00e0 planifier une <strong>expansion scolaire<\/strong> n\u00e9cessaire. Les d\u00e9cisions prises aujourd&rsquo;hui sont donc motiv\u00e9es par une vision \u00e0 long terme et une volont\u00e9 d&rsquo;am\u00e9liorer l\u2019<strong>apprentissage<\/strong>.<\/p>\n\n<p>Dans ce cadre, la municipalit\u00e9 a engag\u00e9e des travaux d\u2019envergure. La construction de nouvelles installations vise \u00e0 r\u00e9pondre aux besoins croissants d&rsquo;une communaut\u00e9 scolaire dynamique. Les projets d&rsquo;extension incluent la cr\u00e9ation de nouvelles classes, de locaux adapt\u00e9s et d&rsquo;espaces partag\u00e9s pour encourager la <strong>collaboration<\/strong> entre les \u00e9l\u00e8ves.<\/p>\n\n<ul class=\"wp-block-list\"><li>\u2705 Ajout de sept nouvelles classes \u00e9l\u00e9mentaires allant du CP au CM2.<\/li><li>\u2705 Une huiti\u00e8me classe sera \u00e9galement am\u00e9nag\u00e9e dans le b\u00e2timent existant.<\/li><li>\u2705 Espaces p\u00e9riscolaires modernis\u00e9s pour une meilleure gestion des activit\u00e9s.<\/li><\/ul>\n\n<p>Les \u00e9lus de la r\u00e9gion, dont Philippe Meunier, vice-pr\u00e9sident du conseil r\u00e9gional, ont r\u00e9cemment visit\u00e9 le chantier. Cette visite a permis de constater l&rsquo;avancement des travaux, mais aussi de valider les choix architecturaux qui font la part belle aux espaces verts et \u00e0 une int\u00e9gration harmonieuse avec l&rsquo;environnement naturel de Cranves-Sales.<\/p>\n\n<figure class=\"wp-block-table\"><table>\n<thead>\n<tr>\n<th>\u00c9l\u00e9ment<\/th>\n<th>\u00c9tat d&rsquo;avancement<\/th>\n<th>Commentaire<\/th>\n<\/tr>\n<\/thead>\n<tbody>\n<tr>\n<td>Nouvelles classes<\/td>\n<td>En construction<\/td>\n<td>Les emplacements sont d\u00e9finis, travaux en cours.<\/td>\n<\/tr>\n<tr>\n<td>Espaces p\u00e9riscolaires<\/td>\n<td>Planifi\u00e9s<\/td>\n<td>Conception en \u00e9valuation.<\/td>\n<\/tr>\n<tr>\n<td>Am\u00e9nagement ext\u00e9rieur<\/td>\n<td>Pr\u00e9vu<\/td>\n<td>Pour favoriser un cadre naturel.<\/td>\n<\/tr>\n<\/tbody>\n<\/table><\/figure>\n\n<h2 class=\"wp-block-heading\">L&rsquo;impact de l&rsquo;extension sur l&rsquo;\u00e9ducation des jeunes<\/h2>\n\n<p>Le projet d\u2019extension de l&rsquo;<strong>\u00e9cole des Sources<\/strong> ne vise pas uniquement \u00e0 augmenter le nombre de places disponibles. Il se concentre \u00e9galement sur la qualit\u00e9 de l&rsquo;enseignement et l&rsquo;innovation \u00e9ducative. Avec l&rsquo;arriv\u00e9e de nouveaux \u00e9l\u00e8ves, il sera crucial d&rsquo;adapter les pratiques p\u00e9dagogiques pour garantir une formation optimale.<\/p>\n\n<p>Un point essentiel de cette transformation concerne l\u2019int\u00e9gration de m\u00e9thodes p\u00e9dagogiques contemporaines. Des salles \u00e9quip\u00e9es de technologies modernes permettront un apprentissage interactif et multim\u00e9dia. Ainsi, les enseignants auront \u00e0 leur disposition des outils pertinents pour stimuler l\u2019int\u00e9r\u00eat des \u00e9l\u00e8ves.<\/p>\n\n<ul class=\"wp-block-list\"><li>\ud83c\udf93 Salles de classe d\u00e9di\u00e9es aux activit\u00e9s pratiques.<\/li><li>\ud83d\udda5\ufe0f Ressources num\u00e9riques en soutien p\u00e9dagogique.<\/li><li>\ud83d\udd04 Espaces modulables pour des activit\u00e9s vari\u00e9es.<\/li><\/ul>\n\n<p>Par ailleurs, le d\u00e9veloppement de l&rsquo;<strong>\u00e9cole des Sources<\/strong> invite \u00e0 la mise en place de projets collaboratifs. Il est strat\u00e9gique d&rsquo;impliquer \u00e9galement les parents et la communaut\u00e9 dans l\u2019\u00e9volution de l&rsquo;\u00e9tablissement, ce qui renforce les liens entre l&rsquo;\u00e9cole et son environnement.<\/p>\n\n<figure class=\"wp-block-table\"><table>\n<thead>\n<tr>\n<th>Aspect<\/th>\n<th>Objectif<\/th>\n<th>R\u00e9sultat attendu<\/th>\n<\/tr>\n<\/thead>\n<tbody>\n<tr>\n<td>P\u00e9dagogie active<\/td>\n<td>Encourager l&rsquo;autonomie des \u00e9l\u00e8ves<\/td>\n<td>Meilleures performances acad\u00e9miques<\/td>\n<\/tr>\n<tr>\n<td>Projets collaboratifs<\/td>\n<td>Mobiliser parents et communaut\u00e9<\/td>\n<td>Renforcement de la coh\u00e9sion sociale<\/td>\n<\/tr>\n<tr>\n<td>Technologies \u00e9ducatives<\/td>\n<td>Faciliter l&rsquo;acc\u00e8s au savoir<\/td>\n<td>Apprentissage ludique et efficace<\/td>\n<\/tr>\n<\/tbody>\n<\/table><\/figure>\n\n<h2 class=\"wp-block-heading\">Des d\u00e9fis \u00e0 relever pour la municipalit\u00e9<\/h2>\n\n<p>Bien que la vision soit prometteuse, l\u2019expansion de l&rsquo;<strong>\u00e9cole des Sources<\/strong> ne se fait pas sans d\u00e9fis. La gestion d\u2019un projet d&rsquo;une telle envergure implique de nombreux aspects \u00e0 prendre en compte. La cr\u00e9ation de nouvelles infrastructures n\u00e9cessite des investissements significatifs, tant sur le plan financier qu&rsquo;organisationnel.<\/p>\n\n<p>Les enjeux financiers sont cruciaux. Le co\u00fbt total des travaux s\u2019\u00e9l\u00e8ve \u00e0 environ 6,2 millions d&rsquo;euros. Ce montant comprend non seulement la construction mais aussi l&rsquo;\u00e9quipement des nouvelles salles. Il est essentiel que la mairie trouve des financements appropri\u00e9s tout en maintenant un \u00e9quilibre dans le budget municipal, afin de ne pas p\u00e9naliser d\u2019autres services.<\/p>\n\n<ul class=\"wp-block-list\"><li>\ud83d\udcb0 Suivi des budgets de construction.<\/li><li>\u2696\ufe0f Gestion des ressources pour tous les projets.<\/li><li>\ud83d\udcca \u00c9valuation r\u00e9guli\u00e8re des avanc\u00e9es du chantier.<\/li><\/ul>\n\n<p>Parall\u00e8lement, l&rsquo;int\u00e9gration des nouvelles classes au sein de l\u2019\u00e9cole existante devra se faire en douceur. Des mesures doivent \u00eatre mises en place pour assurer un accueil de qualit\u00e9 des nouveaux \u00e9l\u00e8ves et leur faciliter une adaptation harmonieuse dans leur nouvel environnement.<\/p>\n\n<figure class=\"wp-block-table\"><table>\n<thead>\n<tr>\n<th>D\u00e9fi<\/th>\n<th>Solution envisag\u00e9e<\/th>\n<th>\u00c9tat actuel<\/th>\n<\/tr>\n<\/thead>\n<tbody>\n<tr>\n<td>S\u00e9curiser le financement<\/td>\n<td>Subventions, partenariats<\/td>\n<td>En recherche active<\/td>\n<\/tr>\n<tr>\n<td>Int\u00e9gration des \u00e9l\u00e8ves<\/td>\n<td>Programmes d&rsquo;accueil<\/td>\n<td>Conceptualisation<\/td>\n<\/tr>\n<tr>\n<td>Formation du personnel<\/td>\n<td>Formations sp\u00e9cifiques<\/td>\n<td>Pr\u00e9paration en cours<\/td>\n<\/tr>\n<\/tbody>\n<\/table><\/figure>\n\n<h2 class=\"wp-block-heading\">Un projet ambitieux mais n\u00e9cessaire pour l&rsquo;avenir<\/h2>\n\n<p>En somme, l&rsquo;expansion de l&rsquo;<strong>\u00e9cole des Sources<\/strong> \u00e0 Cranves-Sales est une r\u00e9ponse adapt\u00e9e \u00e0 l\u2019\u00e9volution de la population jeunesse. Le projet dessine les contours d\u2019une <strong>\u00e9ducation<\/strong> de qualit\u00e9, propice \u00e0 l\u2019\u00e9panouissement des \u00e9l\u00e8ves. Gr\u00e2ce \u00e0 des infrastructures modernes et adapt\u00e9es, l&rsquo;\u00e9cole sera mieux arm\u00e9e pour affronter les d\u00e9fis du futur.<\/p>\n\n<p>Les \u00e9lus et les acteurs de la communaut\u00e9 scolaire ont une vision claire : offrir un cadre propice \u00e0 l&rsquo;apprentissage. L&rsquo;importance de la collaboration entre les divers acteurs sera primordiale pour p\u00e9renniser les efforts entrepris. Tout le monde a un r\u00f4le \u00e0 jouer, non seulement pour le bien-\u00eatre des enfants, mais aussi pour celle de la communaut\u00e9 dans son ensemble.<\/p>\n\n<ul class=\"wp-block-list\"><li>\ud83c\udf31 Engagement communautaire<\/li><li>\ud83c\udf0d Vision \u00e0 long terme pour l&rsquo;\u00e9ducation<\/li><li>\ud83d\ude4f Implication des parents et des \u00e9ducateurs<\/li><\/ul>\n\n<figure class=\"wp-block-table\"><table>\n<thead>\n<tr>\n<th>Vision<\/th>\n<th>Objectif<\/th>\n<th>Actions \u00e0 mettre en \u0153uvre<\/th>\n<\/tr>\n<\/thead>\n<tbody>\n<tr>\n<td>\u00c9ducation de qualit\u00e9<\/td>\n<td>Soutenir les \u00e9l\u00e8ves dans leur parcours<\/td>\n<td>Cours diversifi\u00e9s, soutien psychologique<\/td>\n<\/tr>\n<tr>\n<td>Infrastructures modernes<\/td>\n<td>Faciliter l&rsquo;apprentissage<\/td>\n<td>Am\u00e9nagements adapt\u00e9s, \u00e9quipements r\u00e9cents<\/td>\n<\/tr>\n<tr>\n<td>Ouverture vers le monde<\/td>\n<td>Int\u00e9gration de la technologie<\/td>\n<td>Outils num\u00e9riques, projets internationaux<\/td>\n<\/tr>\n<\/tbody>\n<\/table><\/figure>\n\n<h2 class=\"wp-block-heading\">FAQ<\/h2>\n\n<p><strong>Quels types de nouvelles infrastructures seront cr\u00e9\u00e9es ?<\/strong> Des classes \u00e9l\u00e9mentaires, des espaces p\u00e9riscolaires ainsi que des am\u00e9nagements ext\u00e9rieurs.<\/p>\n\n<p><strong>Quand l&rsquo;extension de l&rsquo;\u00e9cole des Sources sera-t-elle termin\u00e9e ?<\/strong> Les nouvelles installations devraient ouvrir leurs portes \u00e0 la rentr\u00e9e scolaire de septembre 2025.<\/p>\n\n<p><strong>Quel est le co\u00fbt total des travaux ?<\/strong> Le projet, incluant toutes les constructions et \u00e9quipements, est estim\u00e9 \u00e0 6,2 millions d&rsquo;euros.<\/p>\n\n<p><strong>Qui finance ce projet ?<\/strong> La municipalit\u00e9 recherche divers financements \u00e0 travers des subventions et des partenariats locaux.<\/p>\n\n<p><strong>Comment les parents peuvent-ils s&rsquo;impliquer dans le projet ?<\/strong> Par le biais d&rsquo;associations de parents d&rsquo;\u00e9l\u00e8ves et des s\u00e9ances d&rsquo;information organis\u00e9es par l&rsquo;\u00e9cole.<\/p>\n\n","protected":false},"excerpt":{"rendered":"<p>La commune de Cranves-Sales est en pleine mutation, en particulier en mati\u00e8re d\u2019\u00e9ducation. L\u2019\u00e9cole des Sources, v\u00e9ritable pilier de la vie scolaire locale, voit son expansion se dessiner de mani\u00e8re prometteuse. Cette \u00e9volution, qui a d\u00e9but\u00e9 il y a plusieurs mois, s&rsquo;appr\u00eate \u00e0 transformer l&rsquo;environnement d\u2019apprentissage des petits \u00e9l\u00e8ves \u00e0 partir de septembre 2025. Les &#8230; <a title=\"Cranves-Sales : l&rsquo;expansion de l&rsquo;\u00e9cole des Sources progresse rapidement\" class=\"read-more\" href=\"https:\/\/www.apres-lecole.fr\/Blog\/expansion-ecole-sources\/\" aria-label=\"En savoir plus sur Cranves-Sales : l&rsquo;expansion de l&rsquo;\u00e9cole des Sources progresse rapidement\">Lire plus<\/a><\/p>\n","protected":false},"author":9,"featured_media":1855,"comment_status":"open","ping_status":"open","sticky":false,"template":"","format":"standard","meta":{"footnotes":""},"categories":[342],"tags":[660,661,412,662,663],"class_list":["post-1856","post","type-post","status-publish","format-standard","has-post-thumbnail","hentry","category-actualites","tag-cranves-sales","tag-ecole-des-sources","tag-education","tag-expansion","tag-progres"],"yoast_head":"<!-- This site is optimized with the Yoast SEO plugin v27.5 - https:\/\/yoast.com\/product\/yoast-seo-wordpress\/ -->\n<title>Cranves-Sales : la dynamique de l&#039;\u00e9cole des Sources s&#039;acc\u00e9l\u00e8re<\/title>\n<meta name=\"description\" content=\"D\u00e9couvrez l&#039;\u00e9volution rapide de l&#039;\u00e9cole des Sources \u00e0 Cranves-Sales. Apprenez comment cette institution innovante se d\u00e9veloppe pour r\u00e9pondre aux besoins croissants des \u00e9l\u00e8ves et des familles, tout en int\u00e9grant des m\u00e9thodes p\u00e9dagogiques modernes. Suivez les actualit\u00e9s de cette expansion pour rester inform\u00e9 des derni\u00e8res avanc\u00e9es \u00e9ducatives dans la r\u00e9gion.\" \/>\n<meta name=\"robots\" content=\"index, follow, max-snippet:-1, max-image-preview:large, max-video-preview:-1\" \/>\n<link rel=\"canonical\" href=\"https:\/\/www.apres-lecole.fr\/Blog\/expansion-ecole-sources\/\" \/>\n<meta property=\"og:locale\" content=\"fr_FR\" \/>\n<meta property=\"og:type\" content=\"article\" \/>\n<meta property=\"og:title\" content=\"Cranves-Sales : la dynamique de l&#039;\u00e9cole des Sources s&#039;acc\u00e9l\u00e8re\" \/>\n<meta property=\"og:description\" content=\"D\u00e9couvrez l&#039;\u00e9volution rapide de l&#039;\u00e9cole des Sources \u00e0 Cranves-Sales. Apprenez comment cette institution innovante se d\u00e9veloppe pour r\u00e9pondre aux besoins croissants des \u00e9l\u00e8ves et des familles, tout en int\u00e9grant des m\u00e9thodes p\u00e9dagogiques modernes. Suivez les actualit\u00e9s de cette expansion pour rester inform\u00e9 des derni\u00e8res avanc\u00e9es \u00e9ducatives dans la r\u00e9gion.\" \/>\n<meta property=\"og:url\" content=\"https:\/\/www.apres-lecole.fr\/Blog\/expansion-ecole-sources\/\" \/>\n<meta property=\"article:published_time\" content=\"2025-04-17T07:15:12+00:00\" \/>\n<meta property=\"og:image\" content=\"https:\/\/www.apres-lecole.fr\/Blog\/wp-content\/uploads\/2025\/04\/Cranves-Sales-lexpansion-de-lecole-des-Sources-progresse-rapidement.jpg\" \/>\n\t<meta property=\"og:image:width\" content=\"1344\" \/>\n\t<meta property=\"og:image:height\" content=\"768\" \/>\n\t<meta property=\"og:image:type\" content=\"image\/jpeg\" \/>\n<meta name=\"author\" content=\"Eva Martin\" \/>\n<meta name=\"twitter:card\" content=\"summary_large_image\" \/>\n<meta name=\"twitter:creator\" content=\"@Evaapresecole\" \/>\n<meta name=\"twitter:label1\" content=\"\u00c9crit par\" \/>\n\t<meta name=\"twitter:data1\" content=\"Eva Martin\" \/>\n\t<meta name=\"twitter:label2\" content=\"Dur\u00e9e de lecture estim\u00e9e\" \/>\n\t<meta name=\"twitter:data2\" content=\"5 minutes\" \/>\n<script type=\"application\/ld+json\" class=\"yoast-schema-graph\">{\"@context\":\"https:\\\/\\\/schema.org\",\"@graph\":[{\"@type\":\"Article\",\"@id\":\"https:\\\/\\\/www.apres-lecole.fr\\\/Blog\\\/expansion-ecole-sources\\\/#article\",\"isPartOf\":{\"@id\":\"https:\\\/\\\/www.apres-lecole.fr\\\/Blog\\\/expansion-ecole-sources\\\/\"},\"author\":{\"name\":\"Eva Martin\",\"@id\":\"https:\\\/\\\/www.apres-lecole.fr\\\/Blog\\\/#\\\/schema\\\/person\\\/aeb50cd4b51fc69da155804bb5bb9fc4\"},\"headline\":\"Cranves-Sales : l&rsquo;expansion de l&rsquo;\u00e9cole des Sources progresse rapidement\",\"datePublished\":\"2025-04-17T07:15:12+00:00\",\"mainEntityOfPage\":{\"@id\":\"https:\\\/\\\/www.apres-lecole.fr\\\/Blog\\\/expansion-ecole-sources\\\/\"},\"wordCount\":1117,\"commentCount\":0,\"image\":{\"@id\":\"https:\\\/\\\/www.apres-lecole.fr\\\/Blog\\\/expansion-ecole-sources\\\/#primaryimage\"},\"thumbnailUrl\":\"https:\\\/\\\/www.apres-lecole.fr\\\/Blog\\\/wp-content\\\/uploads\\\/2025\\\/04\\\/Cranves-Sales-lexpansion-de-lecole-des-Sources-progresse-rapidement.jpg\",\"keywords\":[\"cranves-sales\",\"\u00e9cole des sources\",\"\u00e9ducation\",\"expansion\",\"progr\u00e8s\"],\"articleSection\":[\"Actualit\u00e9s\"],\"inLanguage\":\"fr-FR\",\"potentialAction\":[{\"@type\":\"CommentAction\",\"name\":\"Comment\",\"target\":[\"https:\\\/\\\/www.apres-lecole.fr\\\/Blog\\\/expansion-ecole-sources\\\/#respond\"]}]},{\"@type\":\"WebPage\",\"@id\":\"https:\\\/\\\/www.apres-lecole.fr\\\/Blog\\\/expansion-ecole-sources\\\/\",\"url\":\"https:\\\/\\\/www.apres-lecole.fr\\\/Blog\\\/expansion-ecole-sources\\\/\",\"name\":\"Cranves-Sales : la dynamique de l'\u00e9cole des Sources s'acc\u00e9l\u00e8re\",\"isPartOf\":{\"@id\":\"https:\\\/\\\/www.apres-lecole.fr\\\/Blog\\\/#website\"},\"primaryImageOfPage\":{\"@id\":\"https:\\\/\\\/www.apres-lecole.fr\\\/Blog\\\/expansion-ecole-sources\\\/#primaryimage\"},\"image\":{\"@id\":\"https:\\\/\\\/www.apres-lecole.fr\\\/Blog\\\/expansion-ecole-sources\\\/#primaryimage\"},\"thumbnailUrl\":\"https:\\\/\\\/www.apres-lecole.fr\\\/Blog\\\/wp-content\\\/uploads\\\/2025\\\/04\\\/Cranves-Sales-lexpansion-de-lecole-des-Sources-progresse-rapidement.jpg\",\"datePublished\":\"2025-04-17T07:15:12+00:00\",\"author\":{\"@id\":\"https:\\\/\\\/www.apres-lecole.fr\\\/Blog\\\/#\\\/schema\\\/person\\\/aeb50cd4b51fc69da155804bb5bb9fc4\"},\"description\":\"D\u00e9couvrez l'\u00e9volution rapide de l'\u00e9cole des Sources \u00e0 Cranves-Sales. Apprenez comment cette institution innovante se d\u00e9veloppe pour r\u00e9pondre aux besoins croissants des \u00e9l\u00e8ves et des familles, tout en int\u00e9grant des m\u00e9thodes p\u00e9dagogiques modernes. Suivez les actualit\u00e9s de cette expansion pour rester inform\u00e9 des derni\u00e8res avanc\u00e9es \u00e9ducatives dans la r\u00e9gion.\",\"breadcrumb\":{\"@id\":\"https:\\\/\\\/www.apres-lecole.fr\\\/Blog\\\/expansion-ecole-sources\\\/#breadcrumb\"},\"inLanguage\":\"fr-FR\",\"potentialAction\":[{\"@type\":\"ReadAction\",\"target\":[\"https:\\\/\\\/www.apres-lecole.fr\\\/Blog\\\/expansion-ecole-sources\\\/\"]}]},{\"@type\":\"ImageObject\",\"inLanguage\":\"fr-FR\",\"@id\":\"https:\\\/\\\/www.apres-lecole.fr\\\/Blog\\\/expansion-ecole-sources\\\/#primaryimage\",\"url\":\"https:\\\/\\\/www.apres-lecole.fr\\\/Blog\\\/wp-content\\\/uploads\\\/2025\\\/04\\\/Cranves-Sales-lexpansion-de-lecole-des-Sources-progresse-rapidement.jpg\",\"contentUrl\":\"https:\\\/\\\/www.apres-lecole.fr\\\/Blog\\\/wp-content\\\/uploads\\\/2025\\\/04\\\/Cranves-Sales-lexpansion-de-lecole-des-Sources-progresse-rapidement.jpg\",\"width\":1344,\"height\":768,\"caption\":\"d\u00e9couvrez les derni\u00e8res avanc\u00e9es concernant l'expansion de l'\u00e9cole des sources \u00e0 cranves-sales. suivez les \u00e9tapes de cette \u00e9volution qui vise \u00e0 am\u00e9liorer l'\u00e9ducation et le cadre d'apprentissage pour les \u00e9l\u00e8ves, tout en s'int\u00e9grant harmonieusement dans la communaut\u00e9.\"},{\"@type\":\"BreadcrumbList\",\"@id\":\"https:\\\/\\\/www.apres-lecole.fr\\\/Blog\\\/expansion-ecole-sources\\\/#breadcrumb\",\"itemListElement\":[{\"@type\":\"ListItem\",\"position\":1,\"name\":\"Home\",\"item\":\"https:\\\/\\\/www.apres-lecole.fr\\\/Blog\\\/\"},{\"@type\":\"ListItem\",\"position\":2,\"name\":\"Cranves-Sales : l&rsquo;expansion de l&rsquo;\u00e9cole des Sources progresse rapidement\"}]},{\"@type\":\"WebSite\",\"@id\":\"https:\\\/\\\/www.apres-lecole.fr\\\/Blog\\\/#website\",\"url\":\"https:\\\/\\\/www.apres-lecole.fr\\\/Blog\\\/\",\"name\":\"\",\"description\":\"M\u00e9dia g\u00e9n\u00e9raliste\",\"potentialAction\":[{\"@type\":\"SearchAction\",\"target\":{\"@type\":\"EntryPoint\",\"urlTemplate\":\"https:\\\/\\\/www.apres-lecole.fr\\\/Blog\\\/?s={search_term_string}\"},\"query-input\":{\"@type\":\"PropertyValueSpecification\",\"valueRequired\":true,\"valueName\":\"search_term_string\"}}],\"inLanguage\":\"fr-FR\"},{\"@type\":\"Person\",\"@id\":\"https:\\\/\\\/www.apres-lecole.fr\\\/Blog\\\/#\\\/schema\\\/person\\\/aeb50cd4b51fc69da155804bb5bb9fc4\",\"name\":\"Eva Martin\",\"image\":{\"@type\":\"ImageObject\",\"inLanguage\":\"fr-FR\",\"@id\":\"https:\\\/\\\/secure.gravatar.com\\\/avatar\\\/55c53222558b27a72015a64073a80edce4abd33369394b9bf2c5cd6c19d12682?s=96&d=mm&r=g\",\"url\":\"https:\\\/\\\/secure.gravatar.com\\\/avatar\\\/55c53222558b27a72015a64073a80edce4abd33369394b9bf2c5cd6c19d12682?s=96&d=mm&r=g\",\"contentUrl\":\"https:\\\/\\\/secure.gravatar.com\\\/avatar\\\/55c53222558b27a72015a64073a80edce4abd33369394b9bf2c5cd6c19d12682?s=96&d=mm&r=g\",\"caption\":\"Eva Martin\"},\"description\":\"Je parle de business et d'entrepreneuriat avec des conseils clairs, concrets et actionnables pour r\u00e9ussir\",\"sameAs\":[\"https:\\\/\\\/x.com\\\/Evaapresecole\"],\"url\":\"https:\\\/\\\/www.apres-lecole.fr\\\/Blog\\\/author\\\/evamartin\\\/\"}]}<\/script>\n<!-- \/ Yoast SEO plugin. -->","yoast_head_json":{"title":"Cranves-Sales : la dynamique de l'\u00e9cole des Sources s'acc\u00e9l\u00e8re","description":"D\u00e9couvrez l'\u00e9volution rapide de l'\u00e9cole des Sources \u00e0 Cranves-Sales. Apprenez comment cette institution innovante se d\u00e9veloppe pour r\u00e9pondre aux besoins croissants des \u00e9l\u00e8ves et des familles, tout en int\u00e9grant des m\u00e9thodes p\u00e9dagogiques modernes. Suivez les actualit\u00e9s de cette expansion pour rester inform\u00e9 des derni\u00e8res avanc\u00e9es \u00e9ducatives dans la r\u00e9gion.","robots":{"index":"index","follow":"follow","max-snippet":"max-snippet:-1","max-image-preview":"max-image-preview:large","max-video-preview":"max-video-preview:-1"},"canonical":"https:\/\/www.apres-lecole.fr\/Blog\/expansion-ecole-sources\/","og_locale":"fr_FR","og_type":"article","og_title":"Cranves-Sales : la dynamique de l'\u00e9cole des Sources s'acc\u00e9l\u00e8re","og_description":"D\u00e9couvrez l'\u00e9volution rapide de l'\u00e9cole des Sources \u00e0 Cranves-Sales. Apprenez comment cette institution innovante se d\u00e9veloppe pour r\u00e9pondre aux besoins croissants des \u00e9l\u00e8ves et des familles, tout en int\u00e9grant des m\u00e9thodes p\u00e9dagogiques modernes. Suivez les actualit\u00e9s de cette expansion pour rester inform\u00e9 des derni\u00e8res avanc\u00e9es \u00e9ducatives dans la r\u00e9gion.","og_url":"https:\/\/www.apres-lecole.fr\/Blog\/expansion-ecole-sources\/","article_published_time":"2025-04-17T07:15:12+00:00","og_image":[{"width":1344,"height":768,"url":"https:\/\/www.apres-lecole.fr\/Blog\/wp-content\/uploads\/2025\/04\/Cranves-Sales-lexpansion-de-lecole-des-Sources-progresse-rapidement.jpg","type":"image\/jpeg"}],"author":"Eva Martin","twitter_card":"summary_large_image","twitter_creator":"@Evaapresecole","twitter_misc":{"\u00c9crit par":"Eva Martin","Dur\u00e9e de lecture estim\u00e9e":"5 minutes"},"schema":{"@context":"https:\/\/schema.org","@graph":[{"@type":"Article","@id":"https:\/\/www.apres-lecole.fr\/Blog\/expansion-ecole-sources\/#article","isPartOf":{"@id":"https:\/\/www.apres-lecole.fr\/Blog\/expansion-ecole-sources\/"},"author":{"name":"Eva Martin","@id":"https:\/\/www.apres-lecole.fr\/Blog\/#\/schema\/person\/aeb50cd4b51fc69da155804bb5bb9fc4"},"headline":"Cranves-Sales : l&rsquo;expansion de l&rsquo;\u00e9cole des Sources progresse rapidement","datePublished":"2025-04-17T07:15:12+00:00","mainEntityOfPage":{"@id":"https:\/\/www.apres-lecole.fr\/Blog\/expansion-ecole-sources\/"},"wordCount":1117,"commentCount":0,"image":{"@id":"https:\/\/www.apres-lecole.fr\/Blog\/expansion-ecole-sources\/#primaryimage"},"thumbnailUrl":"https:\/\/www.apres-lecole.fr\/Blog\/wp-content\/uploads\/2025\/04\/Cranves-Sales-lexpansion-de-lecole-des-Sources-progresse-rapidement.jpg","keywords":["cranves-sales","\u00e9cole des sources","\u00e9ducation","expansion","progr\u00e8s"],"articleSection":["Actualit\u00e9s"],"inLanguage":"fr-FR","potentialAction":[{"@type":"CommentAction","name":"Comment","target":["https:\/\/www.apres-lecole.fr\/Blog\/expansion-ecole-sources\/#respond"]}]},{"@type":"WebPage","@id":"https:\/\/www.apres-lecole.fr\/Blog\/expansion-ecole-sources\/","url":"https:\/\/www.apres-lecole.fr\/Blog\/expansion-ecole-sources\/","name":"Cranves-Sales : la dynamique de l'\u00e9cole des Sources s'acc\u00e9l\u00e8re","isPartOf":{"@id":"https:\/\/www.apres-lecole.fr\/Blog\/#website"},"primaryImageOfPage":{"@id":"https:\/\/www.apres-lecole.fr\/Blog\/expansion-ecole-sources\/#primaryimage"},"image":{"@id":"https:\/\/www.apres-lecole.fr\/Blog\/expansion-ecole-sources\/#primaryimage"},"thumbnailUrl":"https:\/\/www.apres-lecole.fr\/Blog\/wp-content\/uploads\/2025\/04\/Cranves-Sales-lexpansion-de-lecole-des-Sources-progresse-rapidement.jpg","datePublished":"2025-04-17T07:15:12+00:00","author":{"@id":"https:\/\/www.apres-lecole.fr\/Blog\/#\/schema\/person\/aeb50cd4b51fc69da155804bb5bb9fc4"},"description":"D\u00e9couvrez l'\u00e9volution rapide de l'\u00e9cole des Sources \u00e0 Cranves-Sales. Apprenez comment cette institution innovante se d\u00e9veloppe pour r\u00e9pondre aux besoins croissants des \u00e9l\u00e8ves et des familles, tout en int\u00e9grant des m\u00e9thodes p\u00e9dagogiques modernes. Suivez les actualit\u00e9s de cette expansion pour rester inform\u00e9 des derni\u00e8res avanc\u00e9es \u00e9ducatives dans la r\u00e9gion.","breadcrumb":{"@id":"https:\/\/www.apres-lecole.fr\/Blog\/expansion-ecole-sources\/#breadcrumb"},"inLanguage":"fr-FR","potentialAction":[{"@type":"ReadAction","target":["https:\/\/www.apres-lecole.fr\/Blog\/expansion-ecole-sources\/"]}]},{"@type":"ImageObject","inLanguage":"fr-FR","@id":"https:\/\/www.apres-lecole.fr\/Blog\/expansion-ecole-sources\/#primaryimage","url":"https:\/\/www.apres-lecole.fr\/Blog\/wp-content\/uploads\/2025\/04\/Cranves-Sales-lexpansion-de-lecole-des-Sources-progresse-rapidement.jpg","contentUrl":"https:\/\/www.apres-lecole.fr\/Blog\/wp-content\/uploads\/2025\/04\/Cranves-Sales-lexpansion-de-lecole-des-Sources-progresse-rapidement.jpg","width":1344,"height":768,"caption":"d\u00e9couvrez les derni\u00e8res avanc\u00e9es concernant l'expansion de l'\u00e9cole des sources \u00e0 cranves-sales. suivez les \u00e9tapes de cette \u00e9volution qui vise \u00e0 am\u00e9liorer l'\u00e9ducation et le cadre d'apprentissage pour les \u00e9l\u00e8ves, tout en s'int\u00e9grant harmonieusement dans la communaut\u00e9."},{"@type":"BreadcrumbList","@id":"https:\/\/www.apres-lecole.fr\/Blog\/expansion-ecole-sources\/#breadcrumb","itemListElement":[{"@type":"ListItem","position":1,"name":"Home","item":"https:\/\/www.apres-lecole.fr\/Blog\/"},{"@type":"ListItem","position":2,"name":"Cranves-Sales : l&rsquo;expansion de l&rsquo;\u00e9cole des Sources progresse rapidement"}]},{"@type":"WebSite","@id":"https:\/\/www.apres-lecole.fr\/Blog\/#website","url":"https:\/\/www.apres-lecole.fr\/Blog\/","name":"","description":"M\u00e9dia g\u00e9n\u00e9raliste","potentialAction":[{"@type":"SearchAction","target":{"@type":"EntryPoint","urlTemplate":"https:\/\/www.apres-lecole.fr\/Blog\/?s={search_term_string}"},"query-input":{"@type":"PropertyValueSpecification","valueRequired":true,"valueName":"search_term_string"}}],"inLanguage":"fr-FR"},{"@type":"Person","@id":"https:\/\/www.apres-lecole.fr\/Blog\/#\/schema\/person\/aeb50cd4b51fc69da155804bb5bb9fc4","name":"Eva Martin","image":{"@type":"ImageObject","inLanguage":"fr-FR","@id":"https:\/\/secure.gravatar.com\/avatar\/55c53222558b27a72015a64073a80edce4abd33369394b9bf2c5cd6c19d12682?s=96&d=mm&r=g","url":"https:\/\/secure.gravatar.com\/avatar\/55c53222558b27a72015a64073a80edce4abd33369394b9bf2c5cd6c19d12682?s=96&d=mm&r=g","contentUrl":"https:\/\/secure.gravatar.com\/avatar\/55c53222558b27a72015a64073a80edce4abd33369394b9bf2c5cd6c19d12682?s=96&d=mm&r=g","caption":"Eva Martin"},"description":"Je parle de business et d'entrepreneuriat avec des conseils clairs, concrets et actionnables pour r\u00e9ussir","sameAs":["https:\/\/x.com\/Evaapresecole"],"url":"https:\/\/www.apres-lecole.fr\/Blog\/author\/evamartin\/"}]}},"views":35,"_links":{"self":[{"href":"https:\/\/www.apres-lecole.fr\/Blog\/wp-json\/wp\/v2\/posts\/1856","targetHints":{"allow":["GET"]}}],"collection":[{"href":"https:\/\/www.apres-lecole.fr\/Blog\/wp-json\/wp\/v2\/posts"}],"about":[{"href":"https:\/\/www.apres-lecole.fr\/Blog\/wp-json\/wp\/v2\/types\/post"}],"author":[{"embeddable":true,"href":"https:\/\/www.apres-lecole.fr\/Blog\/wp-json\/wp\/v2\/users\/9"}],"replies":[{"embeddable":true,"href":"https:\/\/www.apres-lecole.fr\/Blog\/wp-json\/wp\/v2\/comments?post=1856"}],"version-history":[{"count":0,"href":"https:\/\/www.apres-lecole.fr\/Blog\/wp-json\/wp\/v2\/posts\/1856\/revisions"}],"wp:featuredmedia":[{"embeddable":true,"href":"https:\/\/www.apres-lecole.fr\/Blog\/wp-json\/wp\/v2\/media\/1855"}],"wp:attachment":[{"href":"https:\/\/www.apres-lecole.fr\/Blog\/wp-json\/wp\/v2\/media?parent=1856"}],"wp:term":[{"taxonomy":"category","embeddable":true,"href":"https:\/\/www.apres-lecole.fr\/Blog\/wp-json\/wp\/v2\/categories?post=1856"},{"taxonomy":"post_tag","embeddable":true,"href":"https:\/\/www.apres-lecole.fr\/Blog\/wp-json\/wp\/v2\/tags?post=1856"}],"curies":[{"name":"wp","href":"https:\/\/api.w.org\/{rel}","templated":true}]}}