{"id":1852,"date":"2025-04-16T07:36:24","date_gmt":"2025-04-16T07:36:24","guid":{"rendered":"https:\/\/www.apres-lecole.fr\/Blog\/pierre-edouard-sterin-ange-gardien\/"},"modified":"2025-04-16T07:36:24","modified_gmt":"2025-04-16T07:36:24","slug":"pierre-edouard-sterin-ange-gardien","status":"publish","type":"post","link":"https:\/\/www.apres-lecole.fr\/Blog\/pierre-edouard-sterin-ange-gardien\/","title":{"rendered":"Pierre-\u00c9douard St\u00e9rin, nouvel ange gardien de l&rsquo;\u00e9cole priv\u00e9e traditionaliste"},"content":{"rendered":"\n\n<div class=\"kk-star-ratings kksr-auto kksr-align-left kksr-valign-top\"\n    data-payload='{&quot;align&quot;:&quot;left&quot;,&quot;id&quot;:&quot;1852&quot;,&quot;slug&quot;:&quot;default&quot;,&quot;valign&quot;:&quot;top&quot;,&quot;ignore&quot;:&quot;&quot;,&quot;reference&quot;:&quot;auto&quot;,&quot;class&quot;:&quot;&quot;,&quot;count&quot;:&quot;0&quot;,&quot;legendonly&quot;:&quot;&quot;,&quot;readonly&quot;:&quot;&quot;,&quot;score&quot;:&quot;0&quot;,&quot;starsonly&quot;:&quot;&quot;,&quot;best&quot;:&quot;5&quot;,&quot;gap&quot;:&quot;5&quot;,&quot;greet&quot;:&quot;Rate this post&quot;,&quot;legend&quot;:&quot;0\\\/5 - (0 vote)&quot;,&quot;size&quot;:&quot;24&quot;,&quot;title&quot;:&quot;Pierre-\u00c9douard St\u00e9rin, nouvel ange gardien de l\\u0026#039;\u00e9cole priv\u00e9e traditionaliste&quot;,&quot;width&quot;:&quot;0&quot;,&quot;_legend&quot;:&quot;{score}\\\/{best} - ({count} {votes})&quot;,&quot;font_factor&quot;:&quot;1.25&quot;}'>\n            \n<div class=\"kksr-stars\">\n    \n<div class=\"kksr-stars-inactive\">\n            <div class=\"kksr-star\" data-star=\"1\" style=\"padding-right: 5px\">\n            \n\n<div class=\"kksr-icon\" style=\"width: 24px; height: 24px;\"><\/div>\n        <\/div>\n            <div class=\"kksr-star\" data-star=\"2\" style=\"padding-right: 5px\">\n            \n\n<div class=\"kksr-icon\" style=\"width: 24px; height: 24px;\"><\/div>\n        <\/div>\n            <div class=\"kksr-star\" data-star=\"3\" style=\"padding-right: 5px\">\n            \n\n<div class=\"kksr-icon\" style=\"width: 24px; height: 24px;\"><\/div>\n        <\/div>\n            <div class=\"kksr-star\" data-star=\"4\" style=\"padding-right: 5px\">\n            \n\n<div class=\"kksr-icon\" style=\"width: 24px; height: 24px;\"><\/div>\n        <\/div>\n            <div class=\"kksr-star\" data-star=\"5\" style=\"padding-right: 5px\">\n            \n\n<div class=\"kksr-icon\" style=\"width: 24px; height: 24px;\"><\/div>\n        <\/div>\n    <\/div>\n    \n<div class=\"kksr-stars-active\" style=\"width: 0px;\">\n            <div class=\"kksr-star\" style=\"padding-right: 5px\">\n            \n\n<div class=\"kksr-icon\" style=\"width: 24px; height: 24px;\"><\/div>\n        <\/div>\n            <div class=\"kksr-star\" style=\"padding-right: 5px\">\n            \n\n<div class=\"kksr-icon\" style=\"width: 24px; height: 24px;\"><\/div>\n        <\/div>\n            <div class=\"kksr-star\" style=\"padding-right: 5px\">\n            \n\n<div class=\"kksr-icon\" style=\"width: 24px; height: 24px;\"><\/div>\n        <\/div>\n            <div class=\"kksr-star\" style=\"padding-right: 5px\">\n            \n\n<div class=\"kksr-icon\" style=\"width: 24px; height: 24px;\"><\/div>\n        <\/div>\n            <div class=\"kksr-star\" style=\"padding-right: 5px\">\n            \n\n<div class=\"kksr-icon\" style=\"width: 24px; height: 24px;\"><\/div>\n        <\/div>\n    <\/div>\n<\/div>\n                \n\n<div class=\"kksr-legend\" style=\"font-size: 19.2px;\">\n            <span class=\"kksr-muted\">Rate this post<\/span>\n    <\/div>\n    <\/div>\n<p>\u00c0 la crois\u00e9e des chemins entre tradition et modernit\u00e9, le projet \u00e9ducatif port\u00e9 par Pierre-\u00c9douard St\u00e9rin fait couler beaucoup d&rsquo;encre et suscite des d\u00e9bats passionn\u00e9s. \u00c0 l&rsquo;horizon de 2025, la cr\u00e9ation de l&rsquo;Acad\u00e9mie Saint-Louis, un internat catholique priv\u00e9 non-mixte, se profile avec des ambitions audacieuses. Entre la valorisation des savoirs et l&rsquo;importance du patrimoine \u00e9ducatif, cet \u00e9tablissement s&rsquo;inscrit dans une volont\u00e9 de r\u00e9habiliter une <strong>\u00e9ducation classique<\/strong> en phase avec les valeurs traditionnelles. Ce projet, loin d&rsquo;\u00eatre anodin, soul\u00e8ve des interrogations sur les enjeux contemporains de l&rsquo;enseignement. En explorant les dimensions de ce projet, on d\u00e9couvre comment il compte transformer le paysage \u00e9ducatif fran\u00e7ais.<\/p>\n\n<h2 class=\"wp-block-heading\">Pierre-\u00c9douard St\u00e9rin : un acteur cl\u00e9 de l&rsquo;\u00e9cole traditionnelle<\/h2>\n\n<p>Pierre-\u00c9douard St\u00e9rin, milliardaire reconnu pour ses engagements dans des initiatives traditionnelles et conservatrices, s&rsquo;affirme comme un <strong>ange gardien<\/strong> de l&rsquo;\u00e9cole priv\u00e9e. Son parcours et ses convictions en faveur d&rsquo;une <strong>\u00e9cole traditionnelle<\/strong> donnent un \u00e9clairage fascinant sur ses motivations. Mais qui est v\u00e9ritablement cet homme dont le nom r\u00e9sonne dans les couloirs des institutions \u00e9ducatives ?<\/p>\n\n<h3 class=\"wp-block-heading\">Un parcours marqu\u00e9 par l&rsquo;engagement \u00e9ducatif<\/h3>\n\n<p>St\u00e9rin n&rsquo;est pas qu&rsquo;un homme d&rsquo;affaires. Avec une carri\u00e8re \u00e9maill\u00e9e d&rsquo;initiatives destin\u00e9es \u00e0 promouvoir des valeurs familiales et \u00e9ducatives, il a su se faire un nom dans le milieu. Selon ses propres mots, son ambition est claire : \u00ab\u00a0la p\u00e9dagogie doit se r\u00e9inventer tout en restant fid\u00e8le \u00e0 nos racines\u00a0\u00bb.<\/p>\n\n<p>Passionn\u00e9 par l&rsquo;enseignement, cet entrepreneur a investi dans diff\u00e9rents projets visant \u00e0 restaurer les valeurs fondamentales de l&rsquo;\u00e9ducation. Parmi ses r\u00e9alisations notables, on retrouve des institutions qui privil\u00e9gient un savoir-faire \u00e9ducatif bas\u00e9 sur la transmission des connaissances et le respect de la culture. \u00c0 travers cette d\u00e9marche, St\u00e9rin souhaite offrir un cadre d&rsquo;enseignement authentique \u00e0 la jeunesse.<\/p>\n\n<ul class=\"wp-block-list\"><li>\ud83d\udcda Promotion des savoirs traditionnels<\/li><li>\ud83c\udf1f Valorisation des \u00e9ducateurs<\/li><li>\ud83c\udfdb\ufe0f Respect du patrimoine \u00e9ducatif<\/li><\/ul>\n\n<h3 class=\"wp-block-heading\">Le projet de l&rsquo;Acad\u00e9mie Saint-Louis<\/h3>\n\n<p>Au c\u0153ur de cette vision se dresse l&rsquo;Acad\u00e9mie Saint-Louis, un projet audacieux pr\u00e9vu pour ouvrir au cours de l&rsquo;ann\u00e9e scolaire 2025. Situ\u00e9e en Sologne, cette \u00e9cole priv\u00e9e non-mixte se veut un havre de paix pour les \u00e9l\u00e8ves en qu\u00eate d&rsquo;une \u00e9ducation classique. L&rsquo;objectif est de former des jeunes p\u00e9tris de valeurs tout en leur offrant les outils n\u00e9cessaires pour r\u00e9ussir dans un monde en constante \u00e9volution.<\/p>\n\n<p>Cette <strong>\u00e9cole priv\u00e9e<\/strong> promet une approche novatrice, reliant tradition et modernit\u00e9. En int\u00e9grant un programme rigoureux qui privil\u00e9giera les enseignements classiques tels que la litt\u00e9rature, les sciences et l&rsquo;histoire, l&rsquo;\u00e9tablissement ambitionne de cr\u00e9er un environnement propice \u00e0 l&rsquo;\u00e9panouissement intellectuel des \u00e9l\u00e8ves.<\/p>\n\n<figure class=\"wp-block-table\"><table>\n<thead>\n<tr>\n<th>Domaine<\/th>\n<th>Objectifs<\/th>\n<th>Activit\u00e9s propos\u00e9es<\/th>\n<\/tr>\n<\/thead>\n<tbody>\n<tr>\n<td>\u00c9ducation<\/td>\n<td>R\u00e9habilitation du savoir classique<\/td>\n<td>Cours de litt\u00e9rature, histoire, math\u00e9matiques<\/td>\n<\/tr>\n<tr>\n<td>Culture<\/td>\n<td>Valorisation des arts et savoir-faire traditionnels<\/td>\n<td>Ateliers de musique, arts plastiques<\/td>\n<\/tr>\n<tr>\n<td>\u00c9thique<\/td>\n<td>Transmission des valeurs chr\u00e9tiennes<\/td>\n<td>Activit\u00e9s spirituelles et morales<\/td>\n<\/tr>\n<\/tbody>\n<\/table><\/figure>\n\n<p>En somme, l&rsquo;Acad\u00e9mie Saint-Louis se veut la r\u00e9ponse \u00e0 une recherche croissante d&rsquo;une \u00e9ducation qui ne se limite pas \u00e0 la simple acquisition de comp\u00e9tences professionnelles. En effet, l&rsquo;esprit critique, l&rsquo;autonomie et l&rsquo;engagement personnel feront partie int\u00e9grante de l&rsquo;exp\u00e9rience \u00e9ducative propos\u00e9e.<\/p>\n\n<h2 class=\"wp-block-heading\">Les enjeux d&rsquo;une \u00e9ducation traditionnelle en 2025<\/h2>\n\n<p>La <strong>tradition et l&rsquo;excellence<\/strong> se positionnent comme des r\u00e9ponses aux d\u00e9fits \u00e9ducatifs contemporains. Dans un contexte o\u00f9 les m\u00e9thodes p\u00e9dagogiques \u00e9voluent rapidement, il est essentiel de se poser cette question cruciale : qu&rsquo;est-ce que cela signifie vraiment, aujourd&rsquo;hui, que d&rsquo;enseigner selon les principes d&rsquo;une \u00e9ducation classique ?<\/p>\n\n<h3 class=\"wp-block-heading\">Les d\u00e9fis du syst\u00e8me \u00e9ducatif actuel<\/h3>\n\n<p>Actuellement, le syst\u00e8me \u00e9ducatif en France fait face \u00e0 de nombreux d\u00e9fis. La qu\u00eate d&rsquo;une <strong>\u00e9ducation authentique<\/strong> se heurte \u00e0 des r\u00e9alit\u00e9s complexes : digitalisation, in\u00e9galit\u00e9s d&rsquo;acc\u00e8s aux ressources, et questionnement sur les finalit\u00e9s de l&rsquo;\u00e9cole. Dans ce paysage, la voix de St\u00e9rin se fait entendre comme un appel \u00e0 une r\u00e9forme en profondeur. Son projet se veut une r\u00e9action face \u00e0 ces enjeux ; une invitation \u00e0 red\u00e9couvrir les fondements d&rsquo;un h\u00e9ritage \u00e9ducatif souvent n\u00e9glig\u00e9.<\/p>\n\n<p>Les critiques pointent souvent du doigt le manque d&rsquo;attention port\u00e9 \u00e0 l&rsquo;\u00e9ducation classique. Nombreux sont ceux qui alertent sur le risque de d\u00e9connexion entre le savoir et les comp\u00e9tences requises dans le monde professionnel. Cependant, St\u00e9rin d\u00e9fend une vision o\u00f9 tradition et innovation s&rsquo;allient pour cr\u00e9er une combinaison gagnante.<\/p>\n\n<ul class=\"wp-block-list\"><li>\ud83e\uddd0 Pr\u00e9servation des savoirs<\/li><li>\ud83d\udcca R\u00e9duction des in\u00e9galit\u00e9s d&rsquo;acc\u00e8s<\/li><li>\ud83c\udf0d Connecter aux r\u00e9alit\u00e9s modernes<\/li><\/ul>\n\n<h3 class=\"wp-block-heading\">Les b\u00e9n\u00e9fices d&rsquo;une \u00e9ducation classique<\/h3>\n\n<p>Les avantages d&rsquo;une \u00e9ducation traditionnelle sont multiples et se d\u00e9clinent sur diff\u00e9rents aspects. D&rsquo;abord, elle permet une <strong>valorisation des savoirs<\/strong> souvent d\u00e9laiss\u00e9s. Par ailleurs, elle offre une stabilit\u00e9 \u00e9motionnelle aux \u00e9l\u00e8ves, qui se trouvent immerg\u00e9s dans un environnement structur\u00e9 et coh\u00e9rent. Cette stabilit\u00e9 devient d&rsquo;autant plus cruciale \u00e0 une \u00e9poque o\u00f9 la jeunesse est souvent confront\u00e9e \u00e0 des incertitudes.<\/p>\n\n<p>De plus, l&rsquo;\u00e9ducation classique favorise le d\u00e9veloppement de la pens\u00e9e critique et de l&rsquo;esprit d&rsquo;analyse. Loin de former des individus format\u00e9s, elle encourage les \u00e9l\u00e8ves \u00e0 questionner le monde qui les entoure avec rigueur et discernement. St\u00e9rin et son \u00e9quipe entendent, \u00e0 travers l&rsquo;Acad\u00e9mie Saint-Louis, redonner leur lettre de noblesse \u00e0 ces m\u00e9thodes d&rsquo;apprentissage, tout en les adaptant aux enjeux contemporains.<\/p>\n\n<figure class=\"wp-block-table\"><table>\n<thead>\n<tr>\n<th>Aspect<\/th>\n<th>B\u00e9n\u00e9fice<\/th>\n<th>Impact sur l&rsquo;\u00e9l\u00e8ve<\/th>\n<\/tr>\n<\/thead>\n<tbody>\n<tr>\n<td>Stabilit\u00e9<\/td>\n<td>Environnement structur\u00e9<\/td>\n<td>Confiance et s\u00e9curit\u00e9<\/td>\n<\/tr>\n<tr>\n<td>Critique<\/td>\n<td>Formation \u00e0 l&rsquo;esprit critique<\/td>\n<td>Autonomie dans le raisonnement<\/td>\n<\/tr>\n<tr>\n<td>Savoirs<\/td>\n<td>Valeur des connaissances<\/td>\n<td>Culture g\u00e9n\u00e9rale renforc\u00e9e<\/td>\n<\/tr>\n<\/tbody>\n<\/table><\/figure>\n\n<h2 class=\"wp-block-heading\">Une approche innovante pour l&rsquo;\u00e9ducation<\/h2>\n\n<p>Le projet de l&rsquo;Acad\u00e9mie Saint-Louis s&rsquo;appuie sur une approche p\u00e9dagogique innovante qui red\u00e9finit le r\u00f4le de l&rsquo;\u00e9ducateur. Les enseignants ne sont plus de simples transmetteurs de connaissances, mais deviennent de v\u00e9ritables guides, accompagnant les \u00e9l\u00e8ves dans leur parcours d&rsquo;apprentissage. <\/p>\n\n<h3 class=\"wp-block-heading\">Le r\u00f4le de l&rsquo;enseignant<\/h3>\n\n<p>A l&rsquo;Acad\u00e9mie Saint-Louis, les \u00e9ducateurs sont form\u00e9s pour incarner une <strong>\u00e9ducation authentique<\/strong> et ouvrir des horizons. Ils devront allier rigueur et cr\u00e9ativit\u00e9 pour susciter l&rsquo;int\u00e9r\u00eat des \u00e9l\u00e8ves. En int\u00e9grant des outils modernes tout en respectant les fondements d&rsquo;un savoir classique, ils cr\u00e9eront un environnement d&rsquo;apprentissage dynamique.<\/p>\n\n<p>Les enseignants ont \u00e9galement un r\u00f4le cl\u00e9 \u00e0 jouer dans la sensibilisation des \u00e9l\u00e8ves aux valeurs humaines et spirituelles. L&rsquo;objectif est de les amener \u00e0 d\u00e9velopper un sens critique, tout en pr\u00e9servant leur qu\u00eate d&rsquo;excellence. Tout cela se fait dans un cadre respectueux de l&rsquo;h\u00e9ritage \u00e9ducatif qui f\u00fbt celui de leurs pr\u00e9d\u00e9cesseurs.<\/p>\n\n<ul class=\"wp-block-list\"><li>\ud83d\udc69\u200d\ud83c\udfeb Formation d&rsquo;\u00e9ducateurs qualifi\u00e9s<\/li><li>\ud83c\udfa8 M\u00e9thodes d&rsquo;enseignement innovantes<\/li><li>\ud83d\udcd6 Valorisation des valeurs morales<\/li><\/ul>\n\n<h3 class=\"wp-block-heading\">Les outils p\u00e9dagogiques et technologiques<\/h3>\n\n<p>Dans le cadre de ce projet, l&rsquo;utilisation d&rsquo;outils num\u00e9riques est int\u00e9gr\u00e9e de mani\u00e8re r\u00e9fl\u00e9chie. Loin d&rsquo;\u00eatre une fin en soi, le num\u00e9rique devient un vecteur au service de l&rsquo;apprentissage. Des plateformes d&rsquo;\u00e9change et de collaboration permettront aux \u00e9l\u00e8ves de d\u00e9velopper leurs comp\u00e9tences de mani\u00e8re interactive, tout en gardant en t\u00eate l&rsquo;importance des m\u00e9thodes classiques.<\/p>\n\n<p>L&rsquo;Acad\u00e9mie Saint-Louis propose \u00e9galement un acc\u00e8s \u00e0 un large \u00e9ventail de ressources p\u00e9dagogiques, telles que des biblioth\u00e8ques, des laboratoires et des espaces d\u00e9di\u00e9s \u00e0 la cr\u00e9ativit\u00e9. Le but est de cr\u00e9er un environnement d&rsquo;apprentissage complet, alliant tradition et innovation.<\/p>\n\n<figure class=\"wp-block-table\"><table>\n<thead>\n<tr>\n<th>Outil<\/th>\n<th>Objectif<\/th>\n<th>Impact attendu<\/th>\n<\/tr>\n<\/thead>\n<tbody>\n<tr>\n<td>Plateformes num\u00e9riques<\/td>\n<td>Faciliter les \u00e9changes<\/td>\n<td>Collaboration accrue<\/td>\n<\/tr>\n<tr>\n<td>Biblioth\u00e8ques<\/td>\n<td>Acc\u00e8s \u00e0 un savoir riche<\/td>\n<td>Culture g\u00e9n\u00e9rale \u00e9largie<\/td>\n<\/tr>\n<tr>\n<td>Ateliers cr\u00e9atifs<\/td>\n<td>D\u00e9veloppement de l&rsquo;esprit critique<\/td>\n<td>Innovation pens\u00e9e<\/td>\n<\/tr>\n<\/tbody>\n<\/table><\/figure>\n\n<h2 class=\"wp-block-heading\">Impacts soci\u00e9taux et politiques du projet<\/h2>\n\n<p>Le projet \u00e9ducatif de Pierre-\u00c9douard St\u00e9rin ne se limite pas aux murs de l&rsquo;Acad\u00e9mie Saint-Louis. En effet, son ambition est de participer \u00e0 une r\u00e9flexion plus large sur l&rsquo;\u00e9ducation en France, et ce dans un contexte sociopolitique particulier. L&rsquo;\u00e9cole comme institution est au c\u0153ur de nombreux d\u00e9bats, et le projet se doit d&rsquo;en tenir compte.<\/p>\n\n<h3 class=\"wp-block-heading\">Le r\u00f4le de l&rsquo;\u00e9cole dans la soci\u00e9t\u00e9<\/h3>\n\n<p>L&rsquo;\u00e9cole a toujours jou\u00e9 un r\u00f4le fondamental dans la construction de l&rsquo;identit\u00e9 collective. Dans un monde peupl\u00e9 d&rsquo;incertitudes, l&rsquo;\u00e9cole traditionnelle est parfois per\u00e7ue comme un refuge, une chance pour les jeunes d&rsquo;acc\u00e9der \u00e0 des valeurs stables et durables. St\u00e9rin, conscient de cette dimension, met en avant la n\u00e9cessit\u00e9 de r\u00e9habiliter le r\u00f4le des \u00e9ducateurs et de l&rsquo;\u00e9cole elle-m\u00eame.<\/p>\n\n<p>Les d\u00e9bats autour de l&rsquo;\u00e9ducation sont souvent marqu\u00e9s par des tensions. D&rsquo;un c\u00f4t\u00e9, il y a ceux qui militent pour un enseignement inclusif, tirant parti de la diversit\u00e9. De l&rsquo;autre, il y a le besoin de transmettre une culture et des valeurs communes. Le projet de l&rsquo;Acad\u00e9mie Saint-Louis se positionne sur cette ligne d\u00e9licate. En favorisant l&rsquo;apprentissage des savoirs traditionnels, l&rsquo;\u00e9cole entend offrir une alternative face aux excessives d\u00e9rives de certains courants \u00e9ducatifs contemporains.<\/p>\n\n<ul class=\"wp-block-list\"><li>\u2696\ufe0f R\u00e9habiliter le r\u00f4le de l&rsquo;\u00e9ducation<\/li><li>\ud83e\udd1d Favoriser le dialogue entre traditions et modernit\u00e9<\/li><li>\ud83c\udfdb\ufe0f Promouvoir une culture commune<\/li><\/ul>\n\n<h3 class=\"wp-block-heading\">Les r\u00e9actions de la soci\u00e9t\u00e9<\/h3>\n\n<p>L\u2019annonce de l\u2019\u00e9tablissement de l\u2019Acad\u00e9mie Saint-Louis n\u2019est pas pass\u00e9e inaper\u00e7ue. Les r\u00e9actions vont des applaudissements enthousiastes aux critiques acerbes. Les partisans voient dans cette initiative une opportunit\u00e9 de redonner un sens \u00e0 l&rsquo;\u00e9ducation en France. \u00c0 l&rsquo;inverse, les d\u00e9tracteurs y voient un risque de retour \u00e0 une \u00e9ducation \u00e9litiste et d\u00e9connect\u00e9e des r\u00e9alit\u00e9s sociales.<\/p>\n\n<p>Pour r\u00e9pondre \u00e0 ces pr\u00e9occupations, Pierre-\u00c9douard St\u00e9rin se montre ouvert au dialogue. Il pr\u00e9f\u00e8re pr\u00f4ner l&rsquo;inclusion des diff\u00e9rents points de vue, conscient que l&rsquo;\u00e9ducation doit \u00e9voluer en fonction des enjeux soci\u00e9taux. Au final, son projet aspire \u00e0 construire un mod\u00e8le \u00e9ducatif respectueux des diff\u00e9rences tout en suivant un h\u00e9ritage commun.<\/p>\n\n<figure class=\"wp-block-table\"><table>\n<thead>\n<tr>\n<th>R\u00e9action<\/th>\n<th>Type<\/th>\n<th>Position<\/th>\n<\/tr>\n<\/thead>\n<tbody>\n<tr>\n<td>Partisans<\/td>\n<td>Support total<\/td>\n<td>Vision d&rsquo;une \u00e9ducation valorisante<\/td>\n<\/tr>\n<tr>\n<td>D\u00e9tracteurs<\/td>\n<td>Critique<\/td>\n<td>Risques d&rsquo;\u00e9litisme<\/td>\n<\/tr>\n<tr>\n<td>Observateurs<\/td>\n<td>Attentisme<\/td>\n<td>Patience et r\u00e9flexion n\u00e9cessaire<\/td>\n<\/tr>\n<\/tbody>\n<\/table><\/figure>\n\n<p>En d\u00e9finitive, le projet port\u00e9 par Pierre-\u00c9douard St\u00e9rin r\u00e9sonne comme une r\u00e9ponse au d\u00e9sir de r\u00e9tablir un \u00e9quilibre au sein de l&rsquo;\u00e9ducation, entre tradition et modernit\u00e9. \u00c9veille les esprits, fait d\u00e9bat, il touche \u00e0 l\u2019essence m\u00eame de l\u2019\u00e9ducation libre et \u00e9clair\u00e9e.<\/p>\n\n<h2 class=\"wp-block-heading\">FAQ<\/h2>\n\n<h3 class=\"wp-block-heading\">Quel est l&rsquo;objectif principal de l&rsquo;Acad\u00e9mie Saint-Louis ?<\/h3>\n\n<p>L&rsquo;objectif principal de l&rsquo;Acad\u00e9mie Saint-Louis est de r\u00e9tablir une <strong>\u00e9ducation classique<\/strong> qui valorise les savoirs traditionnels tout en int\u00e9grant des outils modernes.<\/p>\n\n<h3 class=\"wp-block-heading\">Pierre-\u00c9douard St\u00e9rin est-il uniquement un homme d&rsquo;affaires ?<\/h3>\n\n<p>Non, Pierre-\u00c9douard St\u00e9rin est \u00e9galement un engag\u00e9 dans le domaine de l&rsquo;\u00e9ducation, cherchant \u00e0 promouvoir les valeurs familiales et l&rsquo;h\u00e9ritage \u00e9ducatif.<\/p>\n\n<h3 class=\"wp-block-heading\">Comment le projet a-t-il \u00e9t\u00e9 re\u00e7u par la soci\u00e9t\u00e9 ?<\/h3>\n\n<p>Il a suscit\u00e9 des r\u00e9actions vari\u00e9es, allant du soutien enthousiaste \u00e0 la critique, notamment \u00e0 cause des inqui\u00e9tudes concernant un potentiel \u00e9litisme.<\/p>\n\n<h3 class=\"wp-block-heading\">Pourquoi l&rsquo;\u00e9ducation traditionnelle est-elle consid\u00e9r\u00e9e comme importante ?<\/h3>\n\n<p>Elle est per\u00e7ue comme un moyen de transmettre des valeurs stables et des connaissances essentielles, contribuant \u00e0 construire une identit\u00e9 collective.<\/p>\n\n<h3 class=\"wp-block-heading\">Quels types d&rsquo;activit\u00e9s l&rsquo;Acad\u00e9mie Saint-Louis propose-t-elle ?<\/h3>\n\n<p>L&rsquo;Acad\u00e9mie propose des cours de litt\u00e9rature, des ateliers cr\u00e9atifs, et des activit\u00e9s spirituelles, favorisant ainsi le d\u00e9veloppement d&rsquo;une \u00e9ducation holistique.<\/p>\n\n","protected":false},"excerpt":{"rendered":"<p>\u00c0 la crois\u00e9e des chemins entre tradition et modernit\u00e9, le projet \u00e9ducatif port\u00e9 par Pierre-\u00c9douard St\u00e9rin fait couler beaucoup d&rsquo;encre et suscite des d\u00e9bats passionn\u00e9s. \u00c0 l&rsquo;horizon de 2025, la cr\u00e9ation de l&rsquo;Acad\u00e9mie Saint-Louis, un internat catholique priv\u00e9 non-mixte, se profile avec des ambitions audacieuses. Entre la valorisation des savoirs et l&rsquo;importance du patrimoine \u00e9ducatif, &#8230; <a title=\"Pierre-\u00c9douard St\u00e9rin, nouvel ange gardien de l&rsquo;\u00e9cole priv\u00e9e traditionaliste\" class=\"read-more\" href=\"https:\/\/www.apres-lecole.fr\/Blog\/pierre-edouard-sterin-ange-gardien\/\" aria-label=\"En savoir plus sur Pierre-\u00c9douard St\u00e9rin, nouvel ange gardien de l&rsquo;\u00e9cole priv\u00e9e traditionaliste\">Lire plus<\/a><\/p>\n","protected":false},"author":9,"featured_media":1851,"comment_status":"open","ping_status":"open","sticky":false,"template":"","format":"standard","meta":{"footnotes":""},"categories":[342],"tags":[654,546,412,652,653],"class_list":["post-1852","post","type-post","status-publish","format-standard","has-post-thumbnail","hentry","category-actualites","tag-ange-gardien","tag-ecole-privee","tag-education","tag-pierre-edouard-sterin","tag-traditionalisme"],"yoast_head":"<!-- This site is optimized with the Yoast SEO plugin v27.5 - https:\/\/yoast.com\/product\/yoast-seo-wordpress\/ -->\n<title>Pierre-\u00c9douard St\u00e9rin : l&#039;ange gardien de l&#039;\u00e9cole traditionnelle<\/title>\n<meta name=\"description\" content=\"D\u00e9couvrez Pierre-\u00c9douard St\u00e9rin, le nouvel ange gardien de l&#039;\u00e9cole priv\u00e9e traditionaliste, engag\u00e9 \u00e0 pr\u00e9server les valeurs \u00e9ducatives classiques. Sa vision et son leadership promettent de renforcer l&#039;enseignement et d&#039;assurer un avenir brillant aux \u00e9l\u00e8ves. Explorez son parcours et sa mission pour une \u00e9ducation d&#039;excellence.\" \/>\n<meta name=\"robots\" content=\"index, follow, max-snippet:-1, max-image-preview:large, max-video-preview:-1\" \/>\n<link rel=\"canonical\" href=\"https:\/\/www.apres-lecole.fr\/Blog\/pierre-edouard-sterin-ange-gardien\/\" \/>\n<meta property=\"og:locale\" content=\"fr_FR\" \/>\n<meta property=\"og:type\" content=\"article\" \/>\n<meta property=\"og:title\" content=\"Pierre-\u00c9douard St\u00e9rin : l&#039;ange gardien de l&#039;\u00e9cole traditionnelle\" \/>\n<meta property=\"og:description\" content=\"D\u00e9couvrez Pierre-\u00c9douard St\u00e9rin, le nouvel ange gardien de l&#039;\u00e9cole priv\u00e9e traditionaliste, engag\u00e9 \u00e0 pr\u00e9server les valeurs \u00e9ducatives classiques. Sa vision et son leadership promettent de renforcer l&#039;enseignement et d&#039;assurer un avenir brillant aux \u00e9l\u00e8ves. Explorez son parcours et sa mission pour une \u00e9ducation d&#039;excellence.\" \/>\n<meta property=\"og:url\" content=\"https:\/\/www.apres-lecole.fr\/Blog\/pierre-edouard-sterin-ange-gardien\/\" \/>\n<meta property=\"article:published_time\" content=\"2025-04-16T07:36:24+00:00\" \/>\n<meta property=\"og:image\" content=\"https:\/\/www.apres-lecole.fr\/Blog\/wp-content\/uploads\/2025\/04\/Pierre-Edouard-Sterin-nouvel-ange-gardien-de-lecole-privee-traditionaliste.jpg\" \/>\n\t<meta property=\"og:image:width\" content=\"1344\" \/>\n\t<meta property=\"og:image:height\" content=\"768\" \/>\n\t<meta property=\"og:image:type\" content=\"image\/jpeg\" \/>\n<meta name=\"author\" content=\"Eva Martin\" \/>\n<meta name=\"twitter:card\" content=\"summary_large_image\" \/>\n<meta name=\"twitter:creator\" content=\"@Evaapresecole\" \/>\n<meta name=\"twitter:label1\" content=\"\u00c9crit par\" \/>\n\t<meta name=\"twitter:data1\" content=\"Eva Martin\" \/>\n\t<meta name=\"twitter:label2\" content=\"Dur\u00e9e de lecture estim\u00e9e\" \/>\n\t<meta name=\"twitter:data2\" content=\"9 minutes\" \/>\n<script type=\"application\/ld+json\" class=\"yoast-schema-graph\">{\"@context\":\"https:\\\/\\\/schema.org\",\"@graph\":[{\"@type\":\"Article\",\"@id\":\"https:\\\/\\\/www.apres-lecole.fr\\\/Blog\\\/pierre-edouard-sterin-ange-gardien\\\/#article\",\"isPartOf\":{\"@id\":\"https:\\\/\\\/www.apres-lecole.fr\\\/Blog\\\/pierre-edouard-sterin-ange-gardien\\\/\"},\"author\":{\"name\":\"Eva Martin\",\"@id\":\"https:\\\/\\\/www.apres-lecole.fr\\\/Blog\\\/#\\\/schema\\\/person\\\/aeb50cd4b51fc69da155804bb5bb9fc4\"},\"headline\":\"Pierre-\u00c9douard St\u00e9rin, nouvel ange gardien de l&rsquo;\u00e9cole priv\u00e9e traditionaliste\",\"datePublished\":\"2025-04-16T07:36:24+00:00\",\"mainEntityOfPage\":{\"@id\":\"https:\\\/\\\/www.apres-lecole.fr\\\/Blog\\\/pierre-edouard-sterin-ange-gardien\\\/\"},\"wordCount\":1987,\"commentCount\":0,\"image\":{\"@id\":\"https:\\\/\\\/www.apres-lecole.fr\\\/Blog\\\/pierre-edouard-sterin-ange-gardien\\\/#primaryimage\"},\"thumbnailUrl\":\"https:\\\/\\\/www.apres-lecole.fr\\\/Blog\\\/wp-content\\\/uploads\\\/2025\\\/04\\\/Pierre-Edouard-Sterin-nouvel-ange-gardien-de-lecole-privee-traditionaliste.jpg\",\"keywords\":[\"ange gardien\",\"\u00e9cole priv\u00e9e\",\"\u00e9ducation\",\"pierre-\u00e9douard st\u00e9rin\",\"traditionalisme\"],\"articleSection\":[\"Actualit\u00e9s\"],\"inLanguage\":\"fr-FR\",\"potentialAction\":[{\"@type\":\"CommentAction\",\"name\":\"Comment\",\"target\":[\"https:\\\/\\\/www.apres-lecole.fr\\\/Blog\\\/pierre-edouard-sterin-ange-gardien\\\/#respond\"]}]},{\"@type\":\"WebPage\",\"@id\":\"https:\\\/\\\/www.apres-lecole.fr\\\/Blog\\\/pierre-edouard-sterin-ange-gardien\\\/\",\"url\":\"https:\\\/\\\/www.apres-lecole.fr\\\/Blog\\\/pierre-edouard-sterin-ange-gardien\\\/\",\"name\":\"Pierre-\u00c9douard St\u00e9rin : l'ange gardien de l'\u00e9cole traditionnelle\",\"isPartOf\":{\"@id\":\"https:\\\/\\\/www.apres-lecole.fr\\\/Blog\\\/#website\"},\"primaryImageOfPage\":{\"@id\":\"https:\\\/\\\/www.apres-lecole.fr\\\/Blog\\\/pierre-edouard-sterin-ange-gardien\\\/#primaryimage\"},\"image\":{\"@id\":\"https:\\\/\\\/www.apres-lecole.fr\\\/Blog\\\/pierre-edouard-sterin-ange-gardien\\\/#primaryimage\"},\"thumbnailUrl\":\"https:\\\/\\\/www.apres-lecole.fr\\\/Blog\\\/wp-content\\\/uploads\\\/2025\\\/04\\\/Pierre-Edouard-Sterin-nouvel-ange-gardien-de-lecole-privee-traditionaliste.jpg\",\"datePublished\":\"2025-04-16T07:36:24+00:00\",\"author\":{\"@id\":\"https:\\\/\\\/www.apres-lecole.fr\\\/Blog\\\/#\\\/schema\\\/person\\\/aeb50cd4b51fc69da155804bb5bb9fc4\"},\"description\":\"D\u00e9couvrez Pierre-\u00c9douard St\u00e9rin, le nouvel ange gardien de l'\u00e9cole priv\u00e9e traditionaliste, engag\u00e9 \u00e0 pr\u00e9server les valeurs \u00e9ducatives classiques. Sa vision et son leadership promettent de renforcer l'enseignement et d'assurer un avenir brillant aux \u00e9l\u00e8ves. Explorez son parcours et sa mission pour une \u00e9ducation d'excellence.\",\"breadcrumb\":{\"@id\":\"https:\\\/\\\/www.apres-lecole.fr\\\/Blog\\\/pierre-edouard-sterin-ange-gardien\\\/#breadcrumb\"},\"inLanguage\":\"fr-FR\",\"potentialAction\":[{\"@type\":\"ReadAction\",\"target\":[\"https:\\\/\\\/www.apres-lecole.fr\\\/Blog\\\/pierre-edouard-sterin-ange-gardien\\\/\"]}]},{\"@type\":\"ImageObject\",\"inLanguage\":\"fr-FR\",\"@id\":\"https:\\\/\\\/www.apres-lecole.fr\\\/Blog\\\/pierre-edouard-sterin-ange-gardien\\\/#primaryimage\",\"url\":\"https:\\\/\\\/www.apres-lecole.fr\\\/Blog\\\/wp-content\\\/uploads\\\/2025\\\/04\\\/Pierre-Edouard-Sterin-nouvel-ange-gardien-de-lecole-privee-traditionaliste.jpg\",\"contentUrl\":\"https:\\\/\\\/www.apres-lecole.fr\\\/Blog\\\/wp-content\\\/uploads\\\/2025\\\/04\\\/Pierre-Edouard-Sterin-nouvel-ange-gardien-de-lecole-privee-traditionaliste.jpg\",\"width\":1344,\"height\":768,\"caption\":\"d\u00e9couvrez pierre-\u00e9douard st\u00e9rin, le nouvel ange gardien de l'\u00e9cole priv\u00e9e traditionaliste. explorez sa vision \u00e9ducative et son engagement envers des valeurs traditionnelles pour une formation d'excellence.\"},{\"@type\":\"BreadcrumbList\",\"@id\":\"https:\\\/\\\/www.apres-lecole.fr\\\/Blog\\\/pierre-edouard-sterin-ange-gardien\\\/#breadcrumb\",\"itemListElement\":[{\"@type\":\"ListItem\",\"position\":1,\"name\":\"Home\",\"item\":\"https:\\\/\\\/www.apres-lecole.fr\\\/Blog\\\/\"},{\"@type\":\"ListItem\",\"position\":2,\"name\":\"Pierre-\u00c9douard St\u00e9rin, nouvel ange gardien de l&rsquo;\u00e9cole priv\u00e9e traditionaliste\"}]},{\"@type\":\"WebSite\",\"@id\":\"https:\\\/\\\/www.apres-lecole.fr\\\/Blog\\\/#website\",\"url\":\"https:\\\/\\\/www.apres-lecole.fr\\\/Blog\\\/\",\"name\":\"\",\"description\":\"M\u00e9dia g\u00e9n\u00e9raliste\",\"potentialAction\":[{\"@type\":\"SearchAction\",\"target\":{\"@type\":\"EntryPoint\",\"urlTemplate\":\"https:\\\/\\\/www.apres-lecole.fr\\\/Blog\\\/?s={search_term_string}\"},\"query-input\":{\"@type\":\"PropertyValueSpecification\",\"valueRequired\":true,\"valueName\":\"search_term_string\"}}],\"inLanguage\":\"fr-FR\"},{\"@type\":\"Person\",\"@id\":\"https:\\\/\\\/www.apres-lecole.fr\\\/Blog\\\/#\\\/schema\\\/person\\\/aeb50cd4b51fc69da155804bb5bb9fc4\",\"name\":\"Eva Martin\",\"image\":{\"@type\":\"ImageObject\",\"inLanguage\":\"fr-FR\",\"@id\":\"https:\\\/\\\/secure.gravatar.com\\\/avatar\\\/55c53222558b27a72015a64073a80edce4abd33369394b9bf2c5cd6c19d12682?s=96&d=mm&r=g\",\"url\":\"https:\\\/\\\/secure.gravatar.com\\\/avatar\\\/55c53222558b27a72015a64073a80edce4abd33369394b9bf2c5cd6c19d12682?s=96&d=mm&r=g\",\"contentUrl\":\"https:\\\/\\\/secure.gravatar.com\\\/avatar\\\/55c53222558b27a72015a64073a80edce4abd33369394b9bf2c5cd6c19d12682?s=96&d=mm&r=g\",\"caption\":\"Eva Martin\"},\"description\":\"Je parle de business et d'entrepreneuriat avec des conseils clairs, concrets et actionnables pour r\u00e9ussir\",\"sameAs\":[\"https:\\\/\\\/x.com\\\/Evaapresecole\"],\"url\":\"https:\\\/\\\/www.apres-lecole.fr\\\/Blog\\\/author\\\/evamartin\\\/\"}]}<\/script>\n<!-- \/ Yoast SEO plugin. -->","yoast_head_json":{"title":"Pierre-\u00c9douard St\u00e9rin : l'ange gardien de l'\u00e9cole traditionnelle","description":"D\u00e9couvrez Pierre-\u00c9douard St\u00e9rin, le nouvel ange gardien de l'\u00e9cole priv\u00e9e traditionaliste, engag\u00e9 \u00e0 pr\u00e9server les valeurs \u00e9ducatives classiques. Sa vision et son leadership promettent de renforcer l'enseignement et d'assurer un avenir brillant aux \u00e9l\u00e8ves. Explorez son parcours et sa mission pour une \u00e9ducation d'excellence.","robots":{"index":"index","follow":"follow","max-snippet":"max-snippet:-1","max-image-preview":"max-image-preview:large","max-video-preview":"max-video-preview:-1"},"canonical":"https:\/\/www.apres-lecole.fr\/Blog\/pierre-edouard-sterin-ange-gardien\/","og_locale":"fr_FR","og_type":"article","og_title":"Pierre-\u00c9douard St\u00e9rin : l'ange gardien de l'\u00e9cole traditionnelle","og_description":"D\u00e9couvrez Pierre-\u00c9douard St\u00e9rin, le nouvel ange gardien de l'\u00e9cole priv\u00e9e traditionaliste, engag\u00e9 \u00e0 pr\u00e9server les valeurs \u00e9ducatives classiques. Sa vision et son leadership promettent de renforcer l'enseignement et d'assurer un avenir brillant aux \u00e9l\u00e8ves. Explorez son parcours et sa mission pour une \u00e9ducation d'excellence.","og_url":"https:\/\/www.apres-lecole.fr\/Blog\/pierre-edouard-sterin-ange-gardien\/","article_published_time":"2025-04-16T07:36:24+00:00","og_image":[{"width":1344,"height":768,"url":"https:\/\/www.apres-lecole.fr\/Blog\/wp-content\/uploads\/2025\/04\/Pierre-Edouard-Sterin-nouvel-ange-gardien-de-lecole-privee-traditionaliste.jpg","type":"image\/jpeg"}],"author":"Eva Martin","twitter_card":"summary_large_image","twitter_creator":"@Evaapresecole","twitter_misc":{"\u00c9crit par":"Eva Martin","Dur\u00e9e de lecture estim\u00e9e":"9 minutes"},"schema":{"@context":"https:\/\/schema.org","@graph":[{"@type":"Article","@id":"https:\/\/www.apres-lecole.fr\/Blog\/pierre-edouard-sterin-ange-gardien\/#article","isPartOf":{"@id":"https:\/\/www.apres-lecole.fr\/Blog\/pierre-edouard-sterin-ange-gardien\/"},"author":{"name":"Eva Martin","@id":"https:\/\/www.apres-lecole.fr\/Blog\/#\/schema\/person\/aeb50cd4b51fc69da155804bb5bb9fc4"},"headline":"Pierre-\u00c9douard St\u00e9rin, nouvel ange gardien de l&rsquo;\u00e9cole priv\u00e9e traditionaliste","datePublished":"2025-04-16T07:36:24+00:00","mainEntityOfPage":{"@id":"https:\/\/www.apres-lecole.fr\/Blog\/pierre-edouard-sterin-ange-gardien\/"},"wordCount":1987,"commentCount":0,"image":{"@id":"https:\/\/www.apres-lecole.fr\/Blog\/pierre-edouard-sterin-ange-gardien\/#primaryimage"},"thumbnailUrl":"https:\/\/www.apres-lecole.fr\/Blog\/wp-content\/uploads\/2025\/04\/Pierre-Edouard-Sterin-nouvel-ange-gardien-de-lecole-privee-traditionaliste.jpg","keywords":["ange gardien","\u00e9cole priv\u00e9e","\u00e9ducation","pierre-\u00e9douard st\u00e9rin","traditionalisme"],"articleSection":["Actualit\u00e9s"],"inLanguage":"fr-FR","potentialAction":[{"@type":"CommentAction","name":"Comment","target":["https:\/\/www.apres-lecole.fr\/Blog\/pierre-edouard-sterin-ange-gardien\/#respond"]}]},{"@type":"WebPage","@id":"https:\/\/www.apres-lecole.fr\/Blog\/pierre-edouard-sterin-ange-gardien\/","url":"https:\/\/www.apres-lecole.fr\/Blog\/pierre-edouard-sterin-ange-gardien\/","name":"Pierre-\u00c9douard St\u00e9rin : l'ange gardien de l'\u00e9cole traditionnelle","isPartOf":{"@id":"https:\/\/www.apres-lecole.fr\/Blog\/#website"},"primaryImageOfPage":{"@id":"https:\/\/www.apres-lecole.fr\/Blog\/pierre-edouard-sterin-ange-gardien\/#primaryimage"},"image":{"@id":"https:\/\/www.apres-lecole.fr\/Blog\/pierre-edouard-sterin-ange-gardien\/#primaryimage"},"thumbnailUrl":"https:\/\/www.apres-lecole.fr\/Blog\/wp-content\/uploads\/2025\/04\/Pierre-Edouard-Sterin-nouvel-ange-gardien-de-lecole-privee-traditionaliste.jpg","datePublished":"2025-04-16T07:36:24+00:00","author":{"@id":"https:\/\/www.apres-lecole.fr\/Blog\/#\/schema\/person\/aeb50cd4b51fc69da155804bb5bb9fc4"},"description":"D\u00e9couvrez Pierre-\u00c9douard St\u00e9rin, le nouvel ange gardien de l'\u00e9cole priv\u00e9e traditionaliste, engag\u00e9 \u00e0 pr\u00e9server les valeurs \u00e9ducatives classiques. Sa vision et son leadership promettent de renforcer l'enseignement et d'assurer un avenir brillant aux \u00e9l\u00e8ves. Explorez son parcours et sa mission pour une \u00e9ducation d'excellence.","breadcrumb":{"@id":"https:\/\/www.apres-lecole.fr\/Blog\/pierre-edouard-sterin-ange-gardien\/#breadcrumb"},"inLanguage":"fr-FR","potentialAction":[{"@type":"ReadAction","target":["https:\/\/www.apres-lecole.fr\/Blog\/pierre-edouard-sterin-ange-gardien\/"]}]},{"@type":"ImageObject","inLanguage":"fr-FR","@id":"https:\/\/www.apres-lecole.fr\/Blog\/pierre-edouard-sterin-ange-gardien\/#primaryimage","url":"https:\/\/www.apres-lecole.fr\/Blog\/wp-content\/uploads\/2025\/04\/Pierre-Edouard-Sterin-nouvel-ange-gardien-de-lecole-privee-traditionaliste.jpg","contentUrl":"https:\/\/www.apres-lecole.fr\/Blog\/wp-content\/uploads\/2025\/04\/Pierre-Edouard-Sterin-nouvel-ange-gardien-de-lecole-privee-traditionaliste.jpg","width":1344,"height":768,"caption":"d\u00e9couvrez pierre-\u00e9douard st\u00e9rin, le nouvel ange gardien de l'\u00e9cole priv\u00e9e traditionaliste. explorez sa vision \u00e9ducative et son engagement envers des valeurs traditionnelles pour une formation d'excellence."},{"@type":"BreadcrumbList","@id":"https:\/\/www.apres-lecole.fr\/Blog\/pierre-edouard-sterin-ange-gardien\/#breadcrumb","itemListElement":[{"@type":"ListItem","position":1,"name":"Home","item":"https:\/\/www.apres-lecole.fr\/Blog\/"},{"@type":"ListItem","position":2,"name":"Pierre-\u00c9douard St\u00e9rin, nouvel ange gardien de l&rsquo;\u00e9cole priv\u00e9e traditionaliste"}]},{"@type":"WebSite","@id":"https:\/\/www.apres-lecole.fr\/Blog\/#website","url":"https:\/\/www.apres-lecole.fr\/Blog\/","name":"","description":"M\u00e9dia g\u00e9n\u00e9raliste","potentialAction":[{"@type":"SearchAction","target":{"@type":"EntryPoint","urlTemplate":"https:\/\/www.apres-lecole.fr\/Blog\/?s={search_term_string}"},"query-input":{"@type":"PropertyValueSpecification","valueRequired":true,"valueName":"search_term_string"}}],"inLanguage":"fr-FR"},{"@type":"Person","@id":"https:\/\/www.apres-lecole.fr\/Blog\/#\/schema\/person\/aeb50cd4b51fc69da155804bb5bb9fc4","name":"Eva Martin","image":{"@type":"ImageObject","inLanguage":"fr-FR","@id":"https:\/\/secure.gravatar.com\/avatar\/55c53222558b27a72015a64073a80edce4abd33369394b9bf2c5cd6c19d12682?s=96&d=mm&r=g","url":"https:\/\/secure.gravatar.com\/avatar\/55c53222558b27a72015a64073a80edce4abd33369394b9bf2c5cd6c19d12682?s=96&d=mm&r=g","contentUrl":"https:\/\/secure.gravatar.com\/avatar\/55c53222558b27a72015a64073a80edce4abd33369394b9bf2c5cd6c19d12682?s=96&d=mm&r=g","caption":"Eva Martin"},"description":"Je parle de business et d'entrepreneuriat avec des conseils clairs, concrets et actionnables pour r\u00e9ussir","sameAs":["https:\/\/x.com\/Evaapresecole"],"url":"https:\/\/www.apres-lecole.fr\/Blog\/author\/evamartin\/"}]}},"views":437,"_links":{"self":[{"href":"https:\/\/www.apres-lecole.fr\/Blog\/wp-json\/wp\/v2\/posts\/1852","targetHints":{"allow":["GET"]}}],"collection":[{"href":"https:\/\/www.apres-lecole.fr\/Blog\/wp-json\/wp\/v2\/posts"}],"about":[{"href":"https:\/\/www.apres-lecole.fr\/Blog\/wp-json\/wp\/v2\/types\/post"}],"author":[{"embeddable":true,"href":"https:\/\/www.apres-lecole.fr\/Blog\/wp-json\/wp\/v2\/users\/9"}],"replies":[{"embeddable":true,"href":"https:\/\/www.apres-lecole.fr\/Blog\/wp-json\/wp\/v2\/comments?post=1852"}],"version-history":[{"count":0,"href":"https:\/\/www.apres-lecole.fr\/Blog\/wp-json\/wp\/v2\/posts\/1852\/revisions"}],"wp:featuredmedia":[{"embeddable":true,"href":"https:\/\/www.apres-lecole.fr\/Blog\/wp-json\/wp\/v2\/media\/1851"}],"wp:attachment":[{"href":"https:\/\/www.apres-lecole.fr\/Blog\/wp-json\/wp\/v2\/media?parent=1852"}],"wp:term":[{"taxonomy":"category","embeddable":true,"href":"https:\/\/www.apres-lecole.fr\/Blog\/wp-json\/wp\/v2\/categories?post=1852"},{"taxonomy":"post_tag","embeddable":true,"href":"https:\/\/www.apres-lecole.fr\/Blog\/wp-json\/wp\/v2\/tags?post=1852"}],"curies":[{"name":"wp","href":"https:\/\/api.w.org\/{rel}","templated":true}]}}