{"id":1850,"date":"2025-04-15T21:38:04","date_gmt":"2025-04-15T21:38:04","guid":{"rendered":"https:\/\/www.apres-lecole.fr\/Blog\/fermeture-ecole-elementaire-meeo\/"},"modified":"2025-04-15T21:38:04","modified_gmt":"2025-04-15T21:38:04","slug":"fermeture-ecole-elementaire-meeo","status":"publish","type":"post","link":"https:\/\/www.apres-lecole.fr\/Blog\/fermeture-ecole-elementaire-meeo\/","title":{"rendered":"La fermeture in\u00e9vitable de l&rsquo;\u00e9cole \u00e9l\u00e9mentaire MeeO : une d\u00e9cision difficile mais indispensable"},"content":{"rendered":"\n\n<div class=\"kk-star-ratings kksr-auto kksr-align-left kksr-valign-top\"\n    data-payload='{&quot;align&quot;:&quot;left&quot;,&quot;id&quot;:&quot;1850&quot;,&quot;slug&quot;:&quot;default&quot;,&quot;valign&quot;:&quot;top&quot;,&quot;ignore&quot;:&quot;&quot;,&quot;reference&quot;:&quot;auto&quot;,&quot;class&quot;:&quot;&quot;,&quot;count&quot;:&quot;0&quot;,&quot;legendonly&quot;:&quot;&quot;,&quot;readonly&quot;:&quot;&quot;,&quot;score&quot;:&quot;0&quot;,&quot;starsonly&quot;:&quot;&quot;,&quot;best&quot;:&quot;5&quot;,&quot;gap&quot;:&quot;5&quot;,&quot;greet&quot;:&quot;Rate this post&quot;,&quot;legend&quot;:&quot;0\\\/5 - (0 vote)&quot;,&quot;size&quot;:&quot;24&quot;,&quot;title&quot;:&quot;La fermeture in\u00e9vitable de l\\u0026#039;\u00e9cole \u00e9l\u00e9mentaire MeeO : une d\u00e9cision difficile mais indispensable&quot;,&quot;width&quot;:&quot;0&quot;,&quot;_legend&quot;:&quot;{score}\\\/{best} - ({count} {votes})&quot;,&quot;font_factor&quot;:&quot;1.25&quot;}'>\n            \n<div class=\"kksr-stars\">\n    \n<div class=\"kksr-stars-inactive\">\n            <div class=\"kksr-star\" data-star=\"1\" style=\"padding-right: 5px\">\n            \n\n<div class=\"kksr-icon\" style=\"width: 24px; height: 24px;\"><\/div>\n        <\/div>\n            <div class=\"kksr-star\" data-star=\"2\" style=\"padding-right: 5px\">\n            \n\n<div class=\"kksr-icon\" style=\"width: 24px; height: 24px;\"><\/div>\n        <\/div>\n            <div class=\"kksr-star\" data-star=\"3\" style=\"padding-right: 5px\">\n            \n\n<div class=\"kksr-icon\" style=\"width: 24px; height: 24px;\"><\/div>\n        <\/div>\n            <div class=\"kksr-star\" data-star=\"4\" style=\"padding-right: 5px\">\n            \n\n<div class=\"kksr-icon\" style=\"width: 24px; height: 24px;\"><\/div>\n        <\/div>\n            <div class=\"kksr-star\" data-star=\"5\" style=\"padding-right: 5px\">\n            \n\n<div class=\"kksr-icon\" style=\"width: 24px; height: 24px;\"><\/div>\n        <\/div>\n    <\/div>\n    \n<div class=\"kksr-stars-active\" style=\"width: 0px;\">\n            <div class=\"kksr-star\" style=\"padding-right: 5px\">\n            \n\n<div class=\"kksr-icon\" style=\"width: 24px; height: 24px;\"><\/div>\n        <\/div>\n            <div class=\"kksr-star\" style=\"padding-right: 5px\">\n            \n\n<div class=\"kksr-icon\" style=\"width: 24px; height: 24px;\"><\/div>\n        <\/div>\n            <div class=\"kksr-star\" style=\"padding-right: 5px\">\n            \n\n<div class=\"kksr-icon\" style=\"width: 24px; height: 24px;\"><\/div>\n        <\/div>\n            <div class=\"kksr-star\" style=\"padding-right: 5px\">\n            \n\n<div class=\"kksr-icon\" style=\"width: 24px; height: 24px;\"><\/div>\n        <\/div>\n            <div class=\"kksr-star\" style=\"padding-right: 5px\">\n            \n\n<div class=\"kksr-icon\" style=\"width: 24px; height: 24px;\"><\/div>\n        <\/div>\n    <\/div>\n<\/div>\n                \n\n<div class=\"kksr-legend\" style=\"font-size: 19.2px;\">\n            <span class=\"kksr-muted\">Rate this post<\/span>\n    <\/div>\n    <\/div>\n<p>La fermeture de l&rsquo;\u00e9cole \u00e9l\u00e9mentaire MeeO, qui aura lieu \u00e0 la fin de l&rsquo;ann\u00e9e scolaire 2024-2025, nous confronte \u00e0 une r\u00e9alit\u00e9 douloureuse mais n\u00e9cessaire. Cette d\u00e9cision, \u00e9nonc\u00e9e par le conseil scolaire, met en lumi\u00e8re les enjeux complexes de l&rsquo;\u00e9ducation sp\u00e9cialis\u00e9e et la qu\u00eate incessante de solutions pour les enfants atteints de troubles du neurod\u00e9veloppement. Fond\u00e9e en 2016, l&rsquo;\u00e9cole avait pour vocation d&rsquo;offrir un environnement adapt\u00e9 \u00e0 des \u00e9l\u00e8ves aux besoins sp\u00e9cifiques. Au fil des ans, elle a attir\u00e9 17 enfants d&rsquo;Annecy-le-Vieux, mais face aux d\u00e9fis croissants, l&rsquo;association a d\u00e9cid\u00e9 de r\u00e9orienter ses efforts vers le coll\u00e8ge. Ce texte explore les diff\u00e9rentes ramifications de cette fermeture et son impact sur la communaut\u00e9.<\/p>\n\n<ul class=\"wp-block-list\"><li>Le parcours de l&rsquo;\u00e9cole MeeO<\/li><li>Les d\u00e9fis majeurs rencontr\u00e9s<\/li><li>Les cons\u00e9quences de cette fermeture<\/li><li>\u00c9ducation et alternatives \u00e9ducatives<\/li><li>Le futur des \u00e9l\u00e8ves et de la communaut\u00e9<\/li><\/ul>\n\n<h2 class=\"wp-block-heading\">Le parcours de l&rsquo;\u00e9cole MeeO<\/h2>\n\n<p>L&rsquo;\u00e9cole \u00e9l\u00e9mentaire MeeO a \u00e9t\u00e9 cr\u00e9\u00e9e pour r\u00e9pondre aux besoins d&rsquo;une population d&rsquo;\u00e9l\u00e8ves souvent laiss\u00e9e pour compte. Destin\u00e9e aux enfants atteints de troubles du spectre autistique et du neurod\u00e9veloppement, elle a su se forger une identit\u00e9 forte en \u00e9tant plus qu&rsquo;un simple \u00e9tablissement scolaire. Elle a su rassembler une communaut\u00e9 autour d\u2019une philosophie ax\u00e9e sur l\u2019accompagnement et l\u2019inclusion.<\/p>\n\n<p>Au fil des ann\u00e9es, l&rsquo;\u00e9cole a d\u00e9velopp\u00e9 des m\u00e9thodes p\u00e9dagogiques innovantes, propices \u00e0 l&rsquo;\u00e9panouissement des \u00e9l\u00e8ves. Des enseignants passionn\u00e9s et form\u00e9s aux enjeux sp\u00e9cifiques de l&rsquo;\u00e9ducation sp\u00e9cialis\u00e9e ont contribu\u00e9 \u00e0 sculpter cette belle aventure. Par exemple, des activit\u00e9s comme l&rsquo;art-th\u00e9rapie et les approches sensorielles \u00e9taient int\u00e9gr\u00e9es au quotidien, offrant aux \u00e9l\u00e8ves des perspectives d&rsquo;apprentissage adapt\u00e9es et diversifi\u00e9es. Cependant, la r\u00e9alit\u00e9 \u00e9conomique et administrative a fini par rattraper cette belle initiative.<\/p>\n\n<figure class=\"wp-block-table\"><table>\n<thead>\n<tr>\n<th>Ann\u00e9e<\/th>\n<th>\u00c9l\u00e8ves inscrits<\/th>\n<th>Soutien \u00e9ducatif<\/th>\n<\/tr>\n<\/thead>\n<tbody>\n<tr>\n<td>2016<\/td>\n<td>10<\/td>\n<td>Accompagnement standard<\/td>\n<\/tr>\n<tr>\n<td>2019<\/td>\n<td>15<\/td>\n<td>M\u00e9thodes innovantes<\/td>\n<\/tr>\n<tr>\n<td>2024<\/td>\n<td>17<\/td>\n<td>Art-th\u00e9rapie, approches sensorielles<\/td>\n<\/tr>\n<\/tbody>\n<\/table><\/figure>\n\n<h3 class=\"wp-block-heading\">Le virage difficile face aux exigences administratives<\/h3>\n\n<p>En 2022, l&rsquo;Agence r\u00e9gionale de sant\u00e9 a impos\u00e9 un changement de statut essentiel pour maintenir le financement des activit\u00e9s \u00e9ducatives. Face \u00e0 cette nouvelle r\u00e9alit\u00e9, le conseil scolaire a d\u00fb faire un choix difficile : r\u00e9organiser l&rsquo;ensemble de l&rsquo;\u00e9cole dans un environnement d\u00e9j\u00e0 complexe ou transformer son modalit\u00e9 de fonctionnement.<\/p>\n\n<p>Le soutien constant des parents et de la communaut\u00e9 a \u00e9t\u00e9 crucial, mais la pression exerc\u00e9e par les nouvelles r\u00e8gles ne pouvait \u00eatre ignor\u00e9e. De nombreux parents se sont exprim\u00e9s, regrettant la perte des m\u00e9thodes p\u00e9dagogiques qui avaient prouv\u00e9 leur efficacit\u00e9. Les enseignants, quant \u00e0 eux, se sont retrouv\u00e9s face \u00e0 un dilemme : comment maintenir la qualit\u00e9 \u00e9ducative tout en r\u00e9pondant aux exigences officielles ? \ud83d\ude1f<\/p>\n\n<h2 class=\"wp-block-heading\">Les d\u00e9fis majeurs rencontr\u00e9s par l&rsquo;\u00e9cole<\/h2>\n\n<p>La situation de l&rsquo;\u00e9cole MeeO n&rsquo;est pas isol\u00e9e, mais refl\u00e8te une tendance plus large au sein du syst\u00e8me \u00e9ducatif fran\u00e7ais et, plus particuli\u00e8rement, dans le secteur de l&rsquo;\u00e9ducation sp\u00e9cialis\u00e9e. Plusieurs d\u00e9fis se sont manifest\u00e9s au fil des ann\u00e9es, exacerbant la situation actuelle. Les baisses de financement, les changements de directives administratives et l&rsquo;augmentation des besoins \u00e9ducatifs ont cr\u00e9\u00e9 un environnement de travail stressant.<\/p>\n\n<p>La fermeture de l&rsquo;\u00e9cole n&rsquo;est pas uniquement une d\u00e9cision administrative, mais un reflet des enjeux profonds qui touchent l&rsquo;ensemble de la soci\u00e9t\u00e9. Face \u00e0 des effectifs en baisse et des financements plus limit\u00e9s, l&rsquo;\u00e9cole a d\u00fb faire face \u00e0:<\/p>\n\n<ul class=\"wp-block-list\"><li>\ud83d\udcc9 La baisse du nombre d&rsquo;\u00e9l\u00e8ves : de moins en moins d&rsquo;inscriptions chaque ann\u00e9e.<\/li><li>\ud83d\udcb0 Les ressources financi\u00e8res r\u00e9duites, entravant les projets \u00e9ducatifs.<\/li><li>\ud83d\udc68\u200d\ud83c\udfeb La difficult\u00e9 \u00e0 recruter des enseignants sp\u00e9cialis\u00e9s dans ce domaine.<\/li><li>\ud83e\udde9 Les d\u00e9fis li\u00e9s \u00e0 l&rsquo;adaptation des programmes scolaires aux besoins des \u00e9l\u00e8ves.<\/li><\/ul>\n\n<figure class=\"wp-block-table\"><table>\n<thead>\n<tr>\n<th>Facteur<\/th>\n<th>Cons\u00e9quence<\/th>\n<\/tr>\n<\/thead>\n<tbody>\n<tr>\n<td>Baisse d&rsquo;effectifs<\/td>\n<td>R\u00e9duction de classes et enseignement limit\u00e9<\/td>\n<\/tr>\n<tr>\n<td>Financement instable<\/td>\n<td>Difficult\u00e9 \u00e0 maintenir des activit\u00e9s \u00e9ducatives de qualit\u00e9<\/td>\n<\/tr>\n<tr>\n<td>Manque de soutien gouvernemental<\/td>\n<td>Fermeture in\u00e9vitable de l&rsquo;\u00e9cole par manque de moyens<\/td>\n<\/tr>\n<\/tbody>\n<\/table><\/figure>\n\n<h3 class=\"wp-block-heading\">L&rsquo;impact sur les \u00e9l\u00e8ves et la communaut\u00e9<\/h3>\n\n<p>La fermeture de l&rsquo;\u00e9cole MeeO ne concerne pas uniquement les 17 enfants, mais toute une communaut\u00e9. Les enfants touch\u00e9s sont d\u00e9j\u00e0 confront\u00e9s \u00e0 des d\u00e9fis significatifs et cette transition provoquera des perturbations dans leurs parcours \u00e9ducatifs. Chaque \u00e9l\u00e8ve de MeeO a droit \u00e0 un suivi personnalis\u00e9 qui facilite son d\u00e9veloppement, mais avec la fermeture, ces enfants devront se tourner vers d&rsquo;autres alternatives \u00e9ducatives, souvent moins adapt\u00e9es.<\/p>\n\n<p>Les parents, effray\u00e9s par l\u2019interdiction du rapport familial, ressentaient un fort attachement \u00e0 cette \u00e9cole. Il est donc \u00e9vident que les bouleversements li\u00e9s \u00e0 cette d\u00e9cision ont des effets sociaux qui peuvent engendrer des fractures au sein de la communaut\u00e9 scolaire. La recherche d&rsquo;alternatives \u00e9ducatives deviendra alors une priorit\u00e9 pour ces familles, mais avec la crainte de ne pas trouver une solution ad\u00e9quate.<\/p>\n\n<h2 class=\"wp-block-heading\">\u00c9ducation et alternatives \u00e9ducatives<\/h2>\n\n<p>\u00c0 une \u00e9poque o\u00f9 la diversit\u00e9 des approches p\u00e9dagogiques est plus que jamais mise en avant, la fermeture de l&rsquo;\u00e9cole MeeO soul\u00e8ve des questions cruciales sur les alternatives \u00e9ducatives disponibles. Chaque enfant a des besoins sp\u00e9cifiques et l&rsquo;absence d&rsquo;une \u00e9cole comme MeeO dans le paysage \u00e9ducatif peut laisser un vide difficile \u00e0 combler.<\/p>\n\n<p>Les mod\u00e8les d&rsquo;\u00e9ducation sp\u00e9cialis\u00e9e existent, mais tous ne sont pas adapt\u00e9s aux enfants en situation de neurod\u00e9veloppement. Voici quelques alternatives jouant un r\u00f4le dans cette transition :<\/p>\n\n<ul class=\"wp-block-list\"><li>\ud83c\udfeb \u00c9coles priv\u00e9es sp\u00e9cialis\u00e9es : Souvent plus flexibles, mais peuvent \u00eatre on\u00e9reuses.<\/li><li>\ud83d\udc68\u200d\ud83d\udc69\u200d\ud83d\udc67 \u00c9ducation alternative en famille : N\u00e9cessite un investissement personnel important des parents.<\/li><li>\ud83e\uddd1\u200d\ud83c\udfeb Classes int\u00e9gr\u00e9es : Options pr\u00e9sentes dans les \u00e9coles publiques, mais avec une formation et des ressources in\u00e9gales.<\/li><li>\ud83d\udd04 Programmes de r\u00e9insertion : Propos\u00e9s par certaines associations, souvent limit\u00e9s en termes de disponibilit\u00e9.<\/li><\/ul>\n\n<figure class=\"wp-block-table\"><table>\n<thead>\n<tr>\n<th>Type d&rsquo;\u00e9ducation<\/th>\n<th>Avantages<\/th>\n<th>Inconv\u00e9nients<\/th>\n<\/tr>\n<\/thead>\n<tbody>\n<tr>\n<td>\u00c9coles priv\u00e9es sp\u00e9cialis\u00e9es<\/td>\n<td>Approche personnalis\u00e9e<\/td>\n<td>Co\u00fbts \u00e9lev\u00e9s<\/td>\n<\/tr>\n<tr>\n<td>\u00c9ducation \u00e0 domicile<\/td>\n<td>Flexibilit\u00e9<\/td>\n<td>Temps et investissement personnel<\/td>\n<\/tr>\n<tr>\n<td>Classes int\u00e9gr\u00e9es<\/td>\n<td>Inclusivit\u00e9<\/td>\n<td>Manque de ressources<\/td>\n<\/tr>\n<\/tbody>\n<\/table><\/figure>\n\n<h3 class=\"wp-block-heading\">Les besoins de la communaut\u00e9 \u00e9ducative<\/h3>\n\n<p>Devant l\u2019incertitude et l\u2019inqui\u00e9tude, il devient crucial pour la communaut\u00e9 \u00e9ducative et les autorit\u00e9s locales de se rassembler. La cr\u00e9ation d&rsquo;un comit\u00e9 de soutien pour identifier des solutions alternatives et valoriser les approches \u00e9ducatives est essentielle. Un dialogue constant entre les parents, les \u00e9ducateurs, et les acteurs associ\u00e9s renforcera la solidarisation face \u00e0 cette probl\u00e9matique.<\/p>\n\n<p>Cela repr\u00e9sente non seulement une responsabilit\u00e9 individuelle, mais un effort collectif vital. Chacun a un r\u00f4le \u00e0 jouer afin d\u2019assurer un avenir \u00e9ducatif p\u00e9renne et accessible \u00e0 tous les enfants, en particulier ceux aux besoins particuliers. \ud83d\udcaa\ud83c\udffc<\/p>\n\n<h2 class=\"wp-block-heading\">Le futur des \u00e9l\u00e8ves et de la communaut\u00e9<\/h2>\n\n<p>En r\u00e9fl\u00e9chissant \u00e0 l&rsquo;avenir, plusieurs interrogations persistent. Que deviendront ces \u00e9l\u00e8ves qui ont connu une \u00e9ducation adapt\u00e9e \u00e0 leurs besoins ? Comment la communaut\u00e9 peut-elle soutenir les familles pendant cette transition ? La r\u00e9partition des ressources et le partage des exp\u00e9riences sont cruciaux pour surmonter cette p\u00e9riode d\u00e9licate.<\/p>\n\n<p>La fermeture de l&rsquo;\u00e9cole MeeO constitue donc un tournant d\u00e9cisif, mais elle permet aussi d&rsquo;initier une r\u00e9flexion collective sur l\u2019\u00e9ducation sp\u00e9cialis\u00e9e. Il est important que la communaut\u00e9 se mobilise, non seulement pour faire face \u00e0 la fermeture, mais aussi pour construire un environnement \u00e9ducatif plus solide et inclusif dans le futur.<\/p>\n\n<ul class=\"wp-block-list\"><li>\ud83d\udd0d Cr\u00e9er un r\u00e9seau de soutien entre parents.<\/li><li>\ud83e\udd1d Favoriser les \u00e9changes avec d&rsquo;autres \u00e9coles sp\u00e9cialis\u00e9es.<\/li><li>\ud83d\ude80 Promouvoir la sensibilisation sur le neurod\u00e9veloppement.<\/li><li>\ud83d\udca1 Encourager le d\u00e9veloppement de nouveaux programmes scolaires pour les \u00e9l\u00e8ves en difficult\u00e9.<\/li><\/ul>\n\n<figure class=\"wp-block-table\"><table>\n<thead>\n<tr>\n<th>Actions \u00e0 mettre en place<\/th>\n<th>Objectif<\/th>\n<\/tr>\n<\/thead>\n<tbody>\n<tr>\n<td>Nouveau r\u00e9seau de soutien<\/td>\n<td>Rassembler les familles<\/td>\n<\/tr>\n<tr>\n<td>Partenariats avec d&rsquo;autres \u00e9coles<\/td>\n<td>\u00c9changer des pratiques \u00e9ducatives<\/td>\n<\/tr>\n<tr>\n<td>Campagnes de sensibilisation<\/td>\n<td>\u00c9duquer la soci\u00e9t\u00e9 sur le neurod\u00e9veloppement<\/td>\n<\/tr>\n<\/tbody>\n<\/table><\/figure>\n\n<h3 class=\"wp-block-heading\">Questions essentielles \u00e0 se poser<\/h3>\n\n<p>La fermeture de l&rsquo;\u00e9cole est donc une invitation \u00e0 s&rsquo;interroger sur plusieurs points cruciaux :<\/p>\n\n<ul class=\"wp-block-list\"><li>\ud83d\udcdd Comment les \u00e9coles publiques peuvent-elles mieux soutenir les \u00e9l\u00e8ves \u00e0 besoins sp\u00e9cifiques ?<\/li><li>\ud83c\udd98 Quels dispositifs doivent \u00eatre renforc\u00e9s pour \u00e9viter des fermetures similaires ?<\/li><li>\ud83e\uddd1\u200d\ud83e\udd1d\u200d\ud83e\uddd1 Comment promouvoir une \u00e9ducation inclusive et adapt\u00e9e \u00e0 chacun ?<\/li><\/ul>\n\n<h2 class=\"wp-block-heading\">FAQ sur la fermeture de l&rsquo;\u00e9cole \u00e9l\u00e9mentaire MeeO<\/h2>\n\n<p><strong>Pourquoi l&rsquo;\u00e9cole MeeO ferme-t-elle ?<\/strong><\/p>\n\n<p>La fermeture est due \u00e0 des difficult\u00e9s financi\u00e8res et au changement de statut impos\u00e9 par l&rsquo;Agence r\u00e9gionale de sant\u00e9. L&rsquo;association a d\u00e9cid\u00e9 de se recentrer sur la partie coll\u00e8ge.<\/p>\n\n<p><strong>Quel impact cette fermeture aura-t-elle sur les \u00e9l\u00e8ves ?<\/strong><\/p>\n\n<p>Les \u00e9l\u00e8ves seront amen\u00e9s \u00e0 chercher de nouvelles alternatives \u00e9ducatives, ce qui peut poser des d\u00e9fis en termes d&rsquo;adaptation et de continuit\u00e9 p\u00e9dagogique.<\/p>\n\n<p><strong>Quelles alternatives existent pour ces \u00e9l\u00e8ves ?<\/strong><\/p>\n\n<p>Des \u00e9coles priv\u00e9es, des programmes d&rsquo;\u00e9ducation \u00e0 domicile, et des classes int\u00e9gr\u00e9es dans des \u00e9tablissements publics peuvent potentiellement accueillir ces enfants.<\/p>\n\n<p><strong>Comment la communaut\u00e9 peut-elle soutenir les familles touch\u00e9es ?<\/strong><\/p>\n\n<p>Un soutien peut \u00eatre cr\u00e9\u00e9 via des r\u00e9seaux de solidarit\u00e9 et des partenariats avec d&rsquo;autres \u00e9tablissements sp\u00e9cialis\u00e9s.<\/p>\n\n<p><strong>Quelles mesures doivent \u00eatre prises pour \u00e9viter d&rsquo;autres fermetures d&rsquo;\u00e9coles sp\u00e9cialis\u00e9es ?<\/strong><\/p>\n\n<p>Il est essentiel d&rsquo;am\u00e9liorer le financement et le soutien des \u00e9coles sp\u00e9cialis\u00e9es pour garantir la p\u00e9rennit\u00e9 de ces initiatives \u00e9ducatives.<\/p>\n\n","protected":false},"excerpt":{"rendered":"<p>La fermeture de l&rsquo;\u00e9cole \u00e9l\u00e9mentaire MeeO, qui aura lieu \u00e0 la fin de l&rsquo;ann\u00e9e scolaire 2024-2025, nous confronte \u00e0 une r\u00e9alit\u00e9 douloureuse mais n\u00e9cessaire. Cette d\u00e9cision, \u00e9nonc\u00e9e par le conseil scolaire, met en lumi\u00e8re les enjeux complexes de l&rsquo;\u00e9ducation sp\u00e9cialis\u00e9e et la qu\u00eate incessante de solutions pour les enfants atteints de troubles du neurod\u00e9veloppement. Fond\u00e9e &#8230; <a title=\"La fermeture in\u00e9vitable de l&rsquo;\u00e9cole \u00e9l\u00e9mentaire MeeO : une d\u00e9cision difficile mais indispensable\" class=\"read-more\" href=\"https:\/\/www.apres-lecole.fr\/Blog\/fermeture-ecole-elementaire-meeo\/\" aria-label=\"En savoir plus sur La fermeture in\u00e9vitable de l&rsquo;\u00e9cole \u00e9l\u00e9mentaire MeeO : une d\u00e9cision difficile mais indispensable\">Lire plus<\/a><\/p>\n","protected":false},"author":9,"featured_media":1849,"comment_status":"open","ping_status":"open","sticky":false,"template":"","format":"standard","meta":{"footnotes":""},"categories":[342],"tags":[651,649,412,648,650],"class_list":["post-1850","post","type-post","status-publish","format-standard","has-post-thumbnail","hentry","category-actualites","tag-decision-difficile","tag-ecole-elementaire","tag-education","tag-fermeture-de-lecole","tag-meeo"],"yoast_head":"<!-- This site is optimized with the Yoast SEO plugin v27.5 - https:\/\/yoast.com\/product\/yoast-seo-wordpress\/ -->\n<title>La triste fin de l&#039;\u00e9cole \u00e9l\u00e9mentaire MeeO : un choix n\u00e9cessaire<\/title>\n<meta name=\"description\" content=\"D\u00e9couvrez la fermeture in\u00e9vitable de l&#039;\u00e9cole \u00e9l\u00e9mentaire MeeO, une d\u00e9cision difficile mais indispensable pour l&#039;avenir de l&#039;\u00e9ducation dans notre communaut\u00e9. Analyse des raisons et des impacts de cette d\u00e9cision sur les \u00e9l\u00e8ves et les familles.\" \/>\n<meta name=\"robots\" content=\"index, follow, max-snippet:-1, max-image-preview:large, max-video-preview:-1\" \/>\n<link rel=\"canonical\" href=\"https:\/\/www.apres-lecole.fr\/Blog\/fermeture-ecole-elementaire-meeo\/\" \/>\n<meta property=\"og:locale\" content=\"fr_FR\" \/>\n<meta property=\"og:type\" content=\"article\" \/>\n<meta property=\"og:title\" content=\"La triste fin de l&#039;\u00e9cole \u00e9l\u00e9mentaire MeeO : un choix n\u00e9cessaire\" \/>\n<meta property=\"og:description\" content=\"D\u00e9couvrez la fermeture in\u00e9vitable de l&#039;\u00e9cole \u00e9l\u00e9mentaire MeeO, une d\u00e9cision difficile mais indispensable pour l&#039;avenir de l&#039;\u00e9ducation dans notre communaut\u00e9. Analyse des raisons et des impacts de cette d\u00e9cision sur les \u00e9l\u00e8ves et les familles.\" \/>\n<meta property=\"og:url\" content=\"https:\/\/www.apres-lecole.fr\/Blog\/fermeture-ecole-elementaire-meeo\/\" \/>\n<meta property=\"article:published_time\" content=\"2025-04-15T21:38:04+00:00\" \/>\n<meta property=\"og:image\" content=\"https:\/\/www.apres-lecole.fr\/Blog\/wp-content\/uploads\/2025\/04\/La-fermeture-inevitable-de-lecole-elementaire-MeeO-une-decision-difficile-mais-indispensable.jpg\" \/>\n\t<meta property=\"og:image:width\" content=\"1344\" \/>\n\t<meta property=\"og:image:height\" content=\"768\" \/>\n\t<meta property=\"og:image:type\" content=\"image\/jpeg\" \/>\n<meta name=\"author\" content=\"Eva Martin\" \/>\n<meta name=\"twitter:card\" content=\"summary_large_image\" \/>\n<meta name=\"twitter:creator\" content=\"@Evaapresecole\" \/>\n<meta name=\"twitter:label1\" content=\"\u00c9crit par\" \/>\n\t<meta name=\"twitter:data1\" content=\"Eva Martin\" \/>\n\t<meta name=\"twitter:label2\" content=\"Dur\u00e9e de lecture estim\u00e9e\" \/>\n\t<meta name=\"twitter:data2\" content=\"8 minutes\" \/>\n<script type=\"application\/ld+json\" class=\"yoast-schema-graph\">{\"@context\":\"https:\\\/\\\/schema.org\",\"@graph\":[{\"@type\":\"Article\",\"@id\":\"https:\\\/\\\/www.apres-lecole.fr\\\/Blog\\\/fermeture-ecole-elementaire-meeo\\\/#article\",\"isPartOf\":{\"@id\":\"https:\\\/\\\/www.apres-lecole.fr\\\/Blog\\\/fermeture-ecole-elementaire-meeo\\\/\"},\"author\":{\"name\":\"Eva Martin\",\"@id\":\"https:\\\/\\\/www.apres-lecole.fr\\\/Blog\\\/#\\\/schema\\\/person\\\/aeb50cd4b51fc69da155804bb5bb9fc4\"},\"headline\":\"La fermeture in\u00e9vitable de l&rsquo;\u00e9cole \u00e9l\u00e9mentaire MeeO : une d\u00e9cision difficile mais indispensable\",\"datePublished\":\"2025-04-15T21:38:04+00:00\",\"mainEntityOfPage\":{\"@id\":\"https:\\\/\\\/www.apres-lecole.fr\\\/Blog\\\/fermeture-ecole-elementaire-meeo\\\/\"},\"wordCount\":1591,\"commentCount\":0,\"image\":{\"@id\":\"https:\\\/\\\/www.apres-lecole.fr\\\/Blog\\\/fermeture-ecole-elementaire-meeo\\\/#primaryimage\"},\"thumbnailUrl\":\"https:\\\/\\\/www.apres-lecole.fr\\\/Blog\\\/wp-content\\\/uploads\\\/2025\\\/04\\\/La-fermeture-inevitable-de-lecole-elementaire-MeeO-une-decision-difficile-mais-indispensable.jpg\",\"keywords\":[\"d\u00e9cision difficile\",\"\u00e9cole \u00e9l\u00e9mentaire\",\"\u00e9ducation\",\"fermeture de l'\u00e9cole\",\"meeo\"],\"articleSection\":[\"Actualit\u00e9s\"],\"inLanguage\":\"fr-FR\",\"potentialAction\":[{\"@type\":\"CommentAction\",\"name\":\"Comment\",\"target\":[\"https:\\\/\\\/www.apres-lecole.fr\\\/Blog\\\/fermeture-ecole-elementaire-meeo\\\/#respond\"]}]},{\"@type\":\"WebPage\",\"@id\":\"https:\\\/\\\/www.apres-lecole.fr\\\/Blog\\\/fermeture-ecole-elementaire-meeo\\\/\",\"url\":\"https:\\\/\\\/www.apres-lecole.fr\\\/Blog\\\/fermeture-ecole-elementaire-meeo\\\/\",\"name\":\"La triste fin de l'\u00e9cole \u00e9l\u00e9mentaire MeeO : un choix n\u00e9cessaire\",\"isPartOf\":{\"@id\":\"https:\\\/\\\/www.apres-lecole.fr\\\/Blog\\\/#website\"},\"primaryImageOfPage\":{\"@id\":\"https:\\\/\\\/www.apres-lecole.fr\\\/Blog\\\/fermeture-ecole-elementaire-meeo\\\/#primaryimage\"},\"image\":{\"@id\":\"https:\\\/\\\/www.apres-lecole.fr\\\/Blog\\\/fermeture-ecole-elementaire-meeo\\\/#primaryimage\"},\"thumbnailUrl\":\"https:\\\/\\\/www.apres-lecole.fr\\\/Blog\\\/wp-content\\\/uploads\\\/2025\\\/04\\\/La-fermeture-inevitable-de-lecole-elementaire-MeeO-une-decision-difficile-mais-indispensable.jpg\",\"datePublished\":\"2025-04-15T21:38:04+00:00\",\"author\":{\"@id\":\"https:\\\/\\\/www.apres-lecole.fr\\\/Blog\\\/#\\\/schema\\\/person\\\/aeb50cd4b51fc69da155804bb5bb9fc4\"},\"description\":\"D\u00e9couvrez la fermeture in\u00e9vitable de l'\u00e9cole \u00e9l\u00e9mentaire MeeO, une d\u00e9cision difficile mais indispensable pour l'avenir de l'\u00e9ducation dans notre communaut\u00e9. Analyse des raisons et des impacts de cette d\u00e9cision sur les \u00e9l\u00e8ves et les familles.\",\"breadcrumb\":{\"@id\":\"https:\\\/\\\/www.apres-lecole.fr\\\/Blog\\\/fermeture-ecole-elementaire-meeo\\\/#breadcrumb\"},\"inLanguage\":\"fr-FR\",\"potentialAction\":[{\"@type\":\"ReadAction\",\"target\":[\"https:\\\/\\\/www.apres-lecole.fr\\\/Blog\\\/fermeture-ecole-elementaire-meeo\\\/\"]}]},{\"@type\":\"ImageObject\",\"inLanguage\":\"fr-FR\",\"@id\":\"https:\\\/\\\/www.apres-lecole.fr\\\/Blog\\\/fermeture-ecole-elementaire-meeo\\\/#primaryimage\",\"url\":\"https:\\\/\\\/www.apres-lecole.fr\\\/Blog\\\/wp-content\\\/uploads\\\/2025\\\/04\\\/La-fermeture-inevitable-de-lecole-elementaire-MeeO-une-decision-difficile-mais-indispensable.jpg\",\"contentUrl\":\"https:\\\/\\\/www.apres-lecole.fr\\\/Blog\\\/wp-content\\\/uploads\\\/2025\\\/04\\\/La-fermeture-inevitable-de-lecole-elementaire-MeeO-une-decision-difficile-mais-indispensable.jpg\",\"width\":1344,\"height\":768,\"caption\":\"d\u00e9couvrez les raisons derri\u00e8re la fermeture de l'\u00e9cole \u00e9l\u00e9mentaire meeo : une d\u00e9cision complexe et n\u00e9cessaire pour l'avenir des \u00e9l\u00e8ves et de la communaut\u00e9. un regard approfondi sur les impacts et les d\u00e9fis \u00e0 relever.\"},{\"@type\":\"BreadcrumbList\",\"@id\":\"https:\\\/\\\/www.apres-lecole.fr\\\/Blog\\\/fermeture-ecole-elementaire-meeo\\\/#breadcrumb\",\"itemListElement\":[{\"@type\":\"ListItem\",\"position\":1,\"name\":\"Home\",\"item\":\"https:\\\/\\\/www.apres-lecole.fr\\\/Blog\\\/\"},{\"@type\":\"ListItem\",\"position\":2,\"name\":\"La fermeture in\u00e9vitable de l&rsquo;\u00e9cole \u00e9l\u00e9mentaire MeeO : une d\u00e9cision difficile mais indispensable\"}]},{\"@type\":\"WebSite\",\"@id\":\"https:\\\/\\\/www.apres-lecole.fr\\\/Blog\\\/#website\",\"url\":\"https:\\\/\\\/www.apres-lecole.fr\\\/Blog\\\/\",\"name\":\"\",\"description\":\"M\u00e9dia g\u00e9n\u00e9raliste\",\"potentialAction\":[{\"@type\":\"SearchAction\",\"target\":{\"@type\":\"EntryPoint\",\"urlTemplate\":\"https:\\\/\\\/www.apres-lecole.fr\\\/Blog\\\/?s={search_term_string}\"},\"query-input\":{\"@type\":\"PropertyValueSpecification\",\"valueRequired\":true,\"valueName\":\"search_term_string\"}}],\"inLanguage\":\"fr-FR\"},{\"@type\":\"Person\",\"@id\":\"https:\\\/\\\/www.apres-lecole.fr\\\/Blog\\\/#\\\/schema\\\/person\\\/aeb50cd4b51fc69da155804bb5bb9fc4\",\"name\":\"Eva Martin\",\"image\":{\"@type\":\"ImageObject\",\"inLanguage\":\"fr-FR\",\"@id\":\"https:\\\/\\\/secure.gravatar.com\\\/avatar\\\/55c53222558b27a72015a64073a80edce4abd33369394b9bf2c5cd6c19d12682?s=96&d=mm&r=g\",\"url\":\"https:\\\/\\\/secure.gravatar.com\\\/avatar\\\/55c53222558b27a72015a64073a80edce4abd33369394b9bf2c5cd6c19d12682?s=96&d=mm&r=g\",\"contentUrl\":\"https:\\\/\\\/secure.gravatar.com\\\/avatar\\\/55c53222558b27a72015a64073a80edce4abd33369394b9bf2c5cd6c19d12682?s=96&d=mm&r=g\",\"caption\":\"Eva Martin\"},\"description\":\"Je parle de business et d'entrepreneuriat avec des conseils clairs, concrets et actionnables pour r\u00e9ussir\",\"sameAs\":[\"https:\\\/\\\/x.com\\\/Evaapresecole\"],\"url\":\"https:\\\/\\\/www.apres-lecole.fr\\\/Blog\\\/author\\\/evamartin\\\/\"}]}<\/script>\n<!-- \/ Yoast SEO plugin. -->","yoast_head_json":{"title":"La triste fin de l'\u00e9cole \u00e9l\u00e9mentaire MeeO : un choix n\u00e9cessaire","description":"D\u00e9couvrez la fermeture in\u00e9vitable de l'\u00e9cole \u00e9l\u00e9mentaire MeeO, une d\u00e9cision difficile mais indispensable pour l'avenir de l'\u00e9ducation dans notre communaut\u00e9. Analyse des raisons et des impacts de cette d\u00e9cision sur les \u00e9l\u00e8ves et les familles.","robots":{"index":"index","follow":"follow","max-snippet":"max-snippet:-1","max-image-preview":"max-image-preview:large","max-video-preview":"max-video-preview:-1"},"canonical":"https:\/\/www.apres-lecole.fr\/Blog\/fermeture-ecole-elementaire-meeo\/","og_locale":"fr_FR","og_type":"article","og_title":"La triste fin de l'\u00e9cole \u00e9l\u00e9mentaire MeeO : un choix n\u00e9cessaire","og_description":"D\u00e9couvrez la fermeture in\u00e9vitable de l'\u00e9cole \u00e9l\u00e9mentaire MeeO, une d\u00e9cision difficile mais indispensable pour l'avenir de l'\u00e9ducation dans notre communaut\u00e9. Analyse des raisons et des impacts de cette d\u00e9cision sur les \u00e9l\u00e8ves et les familles.","og_url":"https:\/\/www.apres-lecole.fr\/Blog\/fermeture-ecole-elementaire-meeo\/","article_published_time":"2025-04-15T21:38:04+00:00","og_image":[{"width":1344,"height":768,"url":"https:\/\/www.apres-lecole.fr\/Blog\/wp-content\/uploads\/2025\/04\/La-fermeture-inevitable-de-lecole-elementaire-MeeO-une-decision-difficile-mais-indispensable.jpg","type":"image\/jpeg"}],"author":"Eva Martin","twitter_card":"summary_large_image","twitter_creator":"@Evaapresecole","twitter_misc":{"\u00c9crit par":"Eva Martin","Dur\u00e9e de lecture estim\u00e9e":"8 minutes"},"schema":{"@context":"https:\/\/schema.org","@graph":[{"@type":"Article","@id":"https:\/\/www.apres-lecole.fr\/Blog\/fermeture-ecole-elementaire-meeo\/#article","isPartOf":{"@id":"https:\/\/www.apres-lecole.fr\/Blog\/fermeture-ecole-elementaire-meeo\/"},"author":{"name":"Eva Martin","@id":"https:\/\/www.apres-lecole.fr\/Blog\/#\/schema\/person\/aeb50cd4b51fc69da155804bb5bb9fc4"},"headline":"La fermeture in\u00e9vitable de l&rsquo;\u00e9cole \u00e9l\u00e9mentaire MeeO : une d\u00e9cision difficile mais indispensable","datePublished":"2025-04-15T21:38:04+00:00","mainEntityOfPage":{"@id":"https:\/\/www.apres-lecole.fr\/Blog\/fermeture-ecole-elementaire-meeo\/"},"wordCount":1591,"commentCount":0,"image":{"@id":"https:\/\/www.apres-lecole.fr\/Blog\/fermeture-ecole-elementaire-meeo\/#primaryimage"},"thumbnailUrl":"https:\/\/www.apres-lecole.fr\/Blog\/wp-content\/uploads\/2025\/04\/La-fermeture-inevitable-de-lecole-elementaire-MeeO-une-decision-difficile-mais-indispensable.jpg","keywords":["d\u00e9cision difficile","\u00e9cole \u00e9l\u00e9mentaire","\u00e9ducation","fermeture de l'\u00e9cole","meeo"],"articleSection":["Actualit\u00e9s"],"inLanguage":"fr-FR","potentialAction":[{"@type":"CommentAction","name":"Comment","target":["https:\/\/www.apres-lecole.fr\/Blog\/fermeture-ecole-elementaire-meeo\/#respond"]}]},{"@type":"WebPage","@id":"https:\/\/www.apres-lecole.fr\/Blog\/fermeture-ecole-elementaire-meeo\/","url":"https:\/\/www.apres-lecole.fr\/Blog\/fermeture-ecole-elementaire-meeo\/","name":"La triste fin de l'\u00e9cole \u00e9l\u00e9mentaire MeeO : un choix n\u00e9cessaire","isPartOf":{"@id":"https:\/\/www.apres-lecole.fr\/Blog\/#website"},"primaryImageOfPage":{"@id":"https:\/\/www.apres-lecole.fr\/Blog\/fermeture-ecole-elementaire-meeo\/#primaryimage"},"image":{"@id":"https:\/\/www.apres-lecole.fr\/Blog\/fermeture-ecole-elementaire-meeo\/#primaryimage"},"thumbnailUrl":"https:\/\/www.apres-lecole.fr\/Blog\/wp-content\/uploads\/2025\/04\/La-fermeture-inevitable-de-lecole-elementaire-MeeO-une-decision-difficile-mais-indispensable.jpg","datePublished":"2025-04-15T21:38:04+00:00","author":{"@id":"https:\/\/www.apres-lecole.fr\/Blog\/#\/schema\/person\/aeb50cd4b51fc69da155804bb5bb9fc4"},"description":"D\u00e9couvrez la fermeture in\u00e9vitable de l'\u00e9cole \u00e9l\u00e9mentaire MeeO, une d\u00e9cision difficile mais indispensable pour l'avenir de l'\u00e9ducation dans notre communaut\u00e9. Analyse des raisons et des impacts de cette d\u00e9cision sur les \u00e9l\u00e8ves et les familles.","breadcrumb":{"@id":"https:\/\/www.apres-lecole.fr\/Blog\/fermeture-ecole-elementaire-meeo\/#breadcrumb"},"inLanguage":"fr-FR","potentialAction":[{"@type":"ReadAction","target":["https:\/\/www.apres-lecole.fr\/Blog\/fermeture-ecole-elementaire-meeo\/"]}]},{"@type":"ImageObject","inLanguage":"fr-FR","@id":"https:\/\/www.apres-lecole.fr\/Blog\/fermeture-ecole-elementaire-meeo\/#primaryimage","url":"https:\/\/www.apres-lecole.fr\/Blog\/wp-content\/uploads\/2025\/04\/La-fermeture-inevitable-de-lecole-elementaire-MeeO-une-decision-difficile-mais-indispensable.jpg","contentUrl":"https:\/\/www.apres-lecole.fr\/Blog\/wp-content\/uploads\/2025\/04\/La-fermeture-inevitable-de-lecole-elementaire-MeeO-une-decision-difficile-mais-indispensable.jpg","width":1344,"height":768,"caption":"d\u00e9couvrez les raisons derri\u00e8re la fermeture de l'\u00e9cole \u00e9l\u00e9mentaire meeo : une d\u00e9cision complexe et n\u00e9cessaire pour l'avenir des \u00e9l\u00e8ves et de la communaut\u00e9. un regard approfondi sur les impacts et les d\u00e9fis \u00e0 relever."},{"@type":"BreadcrumbList","@id":"https:\/\/www.apres-lecole.fr\/Blog\/fermeture-ecole-elementaire-meeo\/#breadcrumb","itemListElement":[{"@type":"ListItem","position":1,"name":"Home","item":"https:\/\/www.apres-lecole.fr\/Blog\/"},{"@type":"ListItem","position":2,"name":"La fermeture in\u00e9vitable de l&rsquo;\u00e9cole \u00e9l\u00e9mentaire MeeO : une d\u00e9cision difficile mais indispensable"}]},{"@type":"WebSite","@id":"https:\/\/www.apres-lecole.fr\/Blog\/#website","url":"https:\/\/www.apres-lecole.fr\/Blog\/","name":"","description":"M\u00e9dia g\u00e9n\u00e9raliste","potentialAction":[{"@type":"SearchAction","target":{"@type":"EntryPoint","urlTemplate":"https:\/\/www.apres-lecole.fr\/Blog\/?s={search_term_string}"},"query-input":{"@type":"PropertyValueSpecification","valueRequired":true,"valueName":"search_term_string"}}],"inLanguage":"fr-FR"},{"@type":"Person","@id":"https:\/\/www.apres-lecole.fr\/Blog\/#\/schema\/person\/aeb50cd4b51fc69da155804bb5bb9fc4","name":"Eva Martin","image":{"@type":"ImageObject","inLanguage":"fr-FR","@id":"https:\/\/secure.gravatar.com\/avatar\/55c53222558b27a72015a64073a80edce4abd33369394b9bf2c5cd6c19d12682?s=96&d=mm&r=g","url":"https:\/\/secure.gravatar.com\/avatar\/55c53222558b27a72015a64073a80edce4abd33369394b9bf2c5cd6c19d12682?s=96&d=mm&r=g","contentUrl":"https:\/\/secure.gravatar.com\/avatar\/55c53222558b27a72015a64073a80edce4abd33369394b9bf2c5cd6c19d12682?s=96&d=mm&r=g","caption":"Eva Martin"},"description":"Je parle de business et d'entrepreneuriat avec des conseils clairs, concrets et actionnables pour r\u00e9ussir","sameAs":["https:\/\/x.com\/Evaapresecole"],"url":"https:\/\/www.apres-lecole.fr\/Blog\/author\/evamartin\/"}]}},"views":53,"_links":{"self":[{"href":"https:\/\/www.apres-lecole.fr\/Blog\/wp-json\/wp\/v2\/posts\/1850","targetHints":{"allow":["GET"]}}],"collection":[{"href":"https:\/\/www.apres-lecole.fr\/Blog\/wp-json\/wp\/v2\/posts"}],"about":[{"href":"https:\/\/www.apres-lecole.fr\/Blog\/wp-json\/wp\/v2\/types\/post"}],"author":[{"embeddable":true,"href":"https:\/\/www.apres-lecole.fr\/Blog\/wp-json\/wp\/v2\/users\/9"}],"replies":[{"embeddable":true,"href":"https:\/\/www.apres-lecole.fr\/Blog\/wp-json\/wp\/v2\/comments?post=1850"}],"version-history":[{"count":0,"href":"https:\/\/www.apres-lecole.fr\/Blog\/wp-json\/wp\/v2\/posts\/1850\/revisions"}],"wp:featuredmedia":[{"embeddable":true,"href":"https:\/\/www.apres-lecole.fr\/Blog\/wp-json\/wp\/v2\/media\/1849"}],"wp:attachment":[{"href":"https:\/\/www.apres-lecole.fr\/Blog\/wp-json\/wp\/v2\/media?parent=1850"}],"wp:term":[{"taxonomy":"category","embeddable":true,"href":"https:\/\/www.apres-lecole.fr\/Blog\/wp-json\/wp\/v2\/categories?post=1850"},{"taxonomy":"post_tag","embeddable":true,"href":"https:\/\/www.apres-lecole.fr\/Blog\/wp-json\/wp\/v2\/tags?post=1850"}],"curies":[{"name":"wp","href":"https:\/\/api.w.org\/{rel}","templated":true}]}}