{"id":1848,"date":"2025-04-15T08:07:24","date_gmt":"2025-04-15T08:07:24","guid":{"rendered":"https:\/\/www.apres-lecole.fr\/Blog\/ecole-informatique-seine-et-marne\/"},"modified":"2025-04-15T08:07:24","modified_gmt":"2025-04-15T08:07:24","slug":"ecole-informatique-seine-et-marne","status":"publish","type":"post","link":"https:\/\/www.apres-lecole.fr\/Blog\/ecole-informatique-seine-et-marne\/","title":{"rendered":"Seine-et-Marne : une \u00e9cole d&rsquo;informatique pour tous les niveaux s&rsquo;agrandit"},"content":{"rendered":"\n\n<div class=\"kk-star-ratings kksr-auto kksr-align-left kksr-valign-top\"\n    data-payload='{&quot;align&quot;:&quot;left&quot;,&quot;id&quot;:&quot;1848&quot;,&quot;slug&quot;:&quot;default&quot;,&quot;valign&quot;:&quot;top&quot;,&quot;ignore&quot;:&quot;&quot;,&quot;reference&quot;:&quot;auto&quot;,&quot;class&quot;:&quot;&quot;,&quot;count&quot;:&quot;0&quot;,&quot;legendonly&quot;:&quot;&quot;,&quot;readonly&quot;:&quot;&quot;,&quot;score&quot;:&quot;0&quot;,&quot;starsonly&quot;:&quot;&quot;,&quot;best&quot;:&quot;5&quot;,&quot;gap&quot;:&quot;5&quot;,&quot;greet&quot;:&quot;Rate this post&quot;,&quot;legend&quot;:&quot;0\\\/5 - (0 vote)&quot;,&quot;size&quot;:&quot;24&quot;,&quot;title&quot;:&quot;Seine-et-Marne : une \u00e9cole d\\u0026#039;informatique pour tous les niveaux s\\u0026#039;agrandit&quot;,&quot;width&quot;:&quot;0&quot;,&quot;_legend&quot;:&quot;{score}\\\/{best} - ({count} {votes})&quot;,&quot;font_factor&quot;:&quot;1.25&quot;}'>\n            \n<div class=\"kksr-stars\">\n    \n<div class=\"kksr-stars-inactive\">\n            <div class=\"kksr-star\" data-star=\"1\" style=\"padding-right: 5px\">\n            \n\n<div class=\"kksr-icon\" style=\"width: 24px; height: 24px;\"><\/div>\n        <\/div>\n            <div class=\"kksr-star\" data-star=\"2\" style=\"padding-right: 5px\">\n            \n\n<div class=\"kksr-icon\" style=\"width: 24px; height: 24px;\"><\/div>\n        <\/div>\n            <div class=\"kksr-star\" data-star=\"3\" style=\"padding-right: 5px\">\n            \n\n<div class=\"kksr-icon\" style=\"width: 24px; height: 24px;\"><\/div>\n        <\/div>\n            <div class=\"kksr-star\" data-star=\"4\" style=\"padding-right: 5px\">\n            \n\n<div class=\"kksr-icon\" style=\"width: 24px; height: 24px;\"><\/div>\n        <\/div>\n            <div class=\"kksr-star\" data-star=\"5\" style=\"padding-right: 5px\">\n            \n\n<div class=\"kksr-icon\" style=\"width: 24px; height: 24px;\"><\/div>\n        <\/div>\n    <\/div>\n    \n<div class=\"kksr-stars-active\" style=\"width: 0px;\">\n            <div class=\"kksr-star\" style=\"padding-right: 5px\">\n            \n\n<div class=\"kksr-icon\" style=\"width: 24px; height: 24px;\"><\/div>\n        <\/div>\n            <div class=\"kksr-star\" style=\"padding-right: 5px\">\n            \n\n<div class=\"kksr-icon\" style=\"width: 24px; height: 24px;\"><\/div>\n        <\/div>\n            <div class=\"kksr-star\" style=\"padding-right: 5px\">\n            \n\n<div class=\"kksr-icon\" style=\"width: 24px; height: 24px;\"><\/div>\n        <\/div>\n            <div class=\"kksr-star\" style=\"padding-right: 5px\">\n            \n\n<div class=\"kksr-icon\" style=\"width: 24px; height: 24px;\"><\/div>\n        <\/div>\n            <div class=\"kksr-star\" style=\"padding-right: 5px\">\n            \n\n<div class=\"kksr-icon\" style=\"width: 24px; height: 24px;\"><\/div>\n        <\/div>\n    <\/div>\n<\/div>\n                \n\n<div class=\"kksr-legend\" style=\"font-size: 19.2px;\">\n            <span class=\"kksr-muted\">Rate this post<\/span>\n    <\/div>\n    <\/div>\n<p>La Seine-et-Marne se transforme en un v\u00e9ritable carrefour de l\u2019\u00e9ducation num\u00e9rique avec une \u00e9cole d&rsquo;informatique qui ne cesse de cro\u00eetre pour r\u00e9pondre aux besoins d&rsquo;une population toujours plus avide de connaissances en mati\u00e8re de technologie. L&rsquo;IPSSI, situ\u00e9e \u00e0 Serris, a r\u00e9cemment inaugur\u00e9 de nouveaux locaux qui accueillent plusieurs centaines d\u2019\u00e9l\u00e8ves, allant des novices aux futurs experts. Une initiation aux m\u00e9tiers de demain, garantissant des formations adapt\u00e9es \u00e0 tous les niveaux. D\u00e9couvrons ensemble les raisons qui font de cette \u00e9cole un lieu d\u2019enseignement appr\u00e9ci\u00e9 et reconnu dans la r\u00e9gion.<\/p>\n\n<ul class=\"wp-block-list\"><li>Le nouvel emplacement strat\u00e9gique de l&rsquo;IPSSI \u00e0 Serris<\/li><li>Des formations vari\u00e9es de qualit\u00e9, allant du BTS au mast\u00e8re<\/li><li>Une volont\u00e9 d\u2019inclusion pour amener les femmes vers le secteur num\u00e9rique<\/li><li>Partenariats avec des entreprises pour l&rsquo;alternance<\/li><li>Un bassin d\u2019emplois prometteur \u00e0 Marne-la-Vall\u00e9e<\/li><\/ul>\n\n<h2 class=\"wp-block-heading\">Serris : Un emplacement strat\u00e9gique pour l&rsquo;\u00e9cole informatique<\/h2>\n\n<p>Inaugur\u00e9s le 9 avril 2025, les nouveaux locaux de l\u2019IPSSI \u00e0 Serris repr\u00e9sentent un vrai tournant pour l&rsquo;\u00e9tablissement. Cet emplacement, id\u00e9alement situ\u00e9 \u00e0 proximit\u00e9 du centre commercial et face au lyc\u00e9e \u00c9milie du Ch\u00e2telet, permet \u00e0 l\u2019\u00e9cole de rassembler tous ses \u00e9l\u00e8ves sur un m\u00eame site. Mais pourquoi est-ce si important ?<\/p>\n\n<h3 class=\"wp-block-heading\">Un site unique pour une exp\u00e9rience enrichie<\/h3>\n\n<p>L&rsquo;IPSSI a vu le jour il y a huit ans et a jadis commenc\u00e9 avec des installations tr\u00e8s limit\u00e9es. Au fil du temps, avec des effectifs en nette progression, il devenait imp\u00e9ratif de centraliser l\u2019enseignement sur un seul site. \u00c0 l\u2019origine \u00e0 Mont\u00e9vrain, puis \u00e0 Chessy, le fonctionnement sur deux \u00e9tablissements devenait chronophage et peu pratique. D\u00e9sormais, avec ses <strong>700 m\u00b2<\/strong> d\u2019espace et <strong>10 salles de classe<\/strong>, l\u2019\u00e9cole est en mesure d\u2019accueillir <strong>300 \u00e9l\u00e8ves<\/strong> dans des conditions id\u00e9ales.<\/p>\n\n<h3 class=\"wp-block-heading\">Une infrastructure moderne adapt\u00e9e aux besoins d&rsquo;apprentissage<\/h3>\n\n<p>La conception des nouveaux locaux a \u00e9t\u00e9 pens\u00e9e pour favoriser l\u2019apprentissage dans les meilleures conditions. Les salles proposent des espaces modulables pouvant accueillir divers formats d&rsquo;enseignement, qu&rsquo;il s&rsquo;agisse de cours magistraux ou d&rsquo;ateliers pratiques en petits groupes. Ce flexibilit\u00e9 est particuli\u00e8rement b\u00e9n\u00e9fique pour les formations hybrides, alliant cours en pr\u00e9sentiel et distanciel, qui r\u00e9pondent aux attentes actuelles des \u00e9tudiants.<\/p>\n\n<figure class=\"wp-block-table\"><table>\n<thead>\n<tr>\n<th>\u00c9l\u00e9ments cl\u00e9s<\/th>\n<th>D\u00e9tails<\/th>\n<\/tr>\n<\/thead>\n<tbody>\n<tr>\n<td><strong>Superficie<\/strong><\/td>\n<td>700 m\u00b2<\/td>\n<\/tr>\n<tr>\n<td><strong>Nombre de salles<\/strong><\/td>\n<td>10<\/td>\n<\/tr>\n<tr>\n<td><strong>Effectif total<\/strong><\/td>\n<td>300 \u00e9l\u00e8ves<\/td>\n<\/tr>\n<\/tbody>\n<\/table><\/figure>\n\n<p>Avec une capacit\u00e9 d&rsquo;accueil accrue, l&rsquo;IPSSI est par\u00e9e pour l&rsquo;avenir et envisage m\u00eame d\u00e9j\u00e0 une nouvelle expansion. L&rsquo;essor rapide de la digitalisation au sein des entreprises de toutes tailles exige une main-d&rsquo;\u0153uvre qualifi\u00e9e, et l\u2019IPSSI se positionne comme un acteur cl\u00e9 de cette dynamique.<\/p>\n\n<h2 class=\"wp-block-heading\">Les formations IT : un tremplin pour tous les niveaux<\/h2>\n\n<p>L&rsquo;\u00e9ducation au sein de l&rsquo;IPSSI n&rsquo;est pas qu&rsquo;une simple transmission de savoirs; elle est un v\u00e9ritable tremplin pour int\u00e9grer des m\u00e9tiers d&rsquo;avenir. Que ce soit pour des adolescents en qu\u00eate de leur premi\u00e8re exp\u00e9rience professionnelle ou des adultes souhaitant se reconvertir, l&rsquo;\u00e9cole propose une gamme large de formations. Cela recouvre des dipl\u00f4mes allant du <strong>BTS<\/strong> au <strong>mast\u00e8re<\/strong>, couvrant un \u00e9ventail impressionnant de comp\u00e9tences techniques.<\/p>\n\n<h3 class=\"wp-block-heading\">Vari\u00e9t\u00e9 des formations propos\u00e9es<\/h3>\n\n<p>Les formations dispens\u00e9es \u00e0 l&rsquo;IPSSI s&rsquo;articulent autour des axes suivants :<\/p>\n\n<ul class=\"wp-block-list\"><li>\ud83d\udd12 Cybers\u00e9curit\u00e9<\/li><li>\ud83d\udcbb D\u00e9veloppement web<\/li><li>\ud83e\udd16 Intelligence artificielle<\/li><li>\ud83d\udcca Big data<\/li><\/ul>\n\n<p>Ces domaines d&rsquo;expertise sont essentiels dans le contexte actuel o\u00f9 la technologie est omnipr\u00e9sente. Audrey No\u00ebl, la directrice, met en avant que <strong>78%<\/strong> des \u00e9tudiants en BTS r\u00e9ussissent leur examen, un indicateur de la qualit\u00e9 des enseignements dispens\u00e9s et de l&rsquo;accompagnement acad\u00e9mique mis en place. Les \u00e9l\u00e8ves re\u00e7oivent un soutien personnalis\u00e9, garantissant ainsi qu&rsquo;ils ne soient jamais laiss\u00e9s \u00e0 l&rsquo;\u00e9cart.<\/p>\n\n<h3 class=\"wp-block-heading\">Des dipl\u00f4mes certifi\u00e9s et reconnus<\/h3>\n\n<p>Une des grandes forces de l&rsquo;IPSSI est que ses dipl\u00f4mes sont reconnus par l&rsquo;\u00c9tat et certifi\u00e9s <strong>Qualiopi<\/strong>. Cela assure aux \u00e9tudiants que la formation re\u00e7ue est de haute qualit\u00e9 et align\u00e9e sur les besoins du march\u00e9. C&rsquo;est un atout non n\u00e9gligeable pour ceux qui h\u00e9sitent \u00e0 investir dans leur avenir en termes de temps et d&rsquo;argent.<\/p>\n\n<h2 class=\"wp-block-heading\">Des partenariats avec les entreprises : une opportunit\u00e9 d&rsquo;alternance<\/h2>\n\n<p>Que serait une formation sans l&rsquo;opportunit\u00e9 de mettre en pratique ses connaissances dans un milieu professionnel ? \u00c0 l\u2019IPSSI, l\u2019accent est mis sur l&rsquo;alternance, ce qui permet aux \u00e9l\u00e8ves de se former tout en travaillant. Gr\u00e2ce \u00e0 des partenariats solides avec des entreprises telles que <strong>Radio France<\/strong>, <strong>Ubisoft<\/strong>, <strong>Thales<\/strong> et m\u00eame <strong>Disneyland Paris<\/strong>, les \u00e9l\u00e8ves peuvent acc\u00e9der \u00e0 des stages et des postes d\u2019alternants qui sont autant d\u2019occasions d\u2019approfondir leur savoir-faire.<\/p>\n\n<h3 class=\"wp-block-heading\">Le co\u00fbt de la formation all\u00e9g\u00e9 par l&rsquo;alternance<\/h3>\n\n<p>Le syst\u00e8me d\u2019alternance repr\u00e9sente \u00e9galement un avantage financier, car il permet de r\u00e9duire consid\u00e9rablement le co\u00fbt de l\u2019\u00e9ducation, qui s&rsquo;\u00e9l\u00e8ve g\u00e9n\u00e9ralement \u00e0 <strong>6 \u00e0 7 000 \u20ac<\/strong> par an. Les \u00e9l\u00e8ves ayant une alternance peuvent b\u00e9n\u00e9ficier d&rsquo;une prise en charge de leurs frais, all\u00e9geant ainsi la pression financi\u00e8re des \u00e9tudes. Cela permet \u00e0 chaque \u00e9tudiant de se concentrer sur son apprentissage et de profiter pleinement de l&rsquo;exp\u00e9rience acad\u00e9mique.<\/p>\n\n<figure class=\"wp-block-table\"><table>\n<thead>\n<tr>\n<th>Partenaires d\u2019alternance<\/th>\n<th>Avantages pour les \u00e9tudiants<\/th>\n<\/tr>\n<\/thead>\n<tbody>\n<tr>\n<td>Radio France<\/td>\n<td>Acc\u00e8s \u00e0 des stages dans un milieu m\u00e9diatique<\/td>\n<\/tr>\n<tr>\n<td>Ubisoft<\/td>\n<td>Int\u00e9gration dans le secteur du jeu vid\u00e9o<\/td>\n<\/tr>\n<tr>\n<td>Thales<\/td>\n<td>Formation sp\u00e9cialis\u00e9e en cybers\u00e9curit\u00e9<\/td>\n<\/tr>\n<tr>\n<td>Disneyland Paris<\/td>\n<td>Exp\u00e9rience dans un environnement dynamique<\/td>\n<\/tr>\n<\/tbody>\n<\/table><\/figure>\n\n<p>Ainsi, ces collaborations permettent non seulement de s\u00e9curiser l&rsquo;avenir des \u00e9tudiants sur le march\u00e9 de l&#8217;emploi, mais \u00e9galement de d\u00e9velopper un r\u00e9seau professionnel solide d\u00e8s leurs \u00e9tudes termin\u00e9es. Le maire de Serris, Philippe Descrouet, souligne \u00e9galement l\u2019importance de cette synergie entre l&rsquo;\u00e9cole et les entreprises de la r\u00e9gion, offrant aux \u00e9l\u00e8ves des perspectives prometteuses.<\/p>\n\n<h2 class=\"wp-block-heading\">Des initiatives pour diversifier le profil des \u00e9tudiants<\/h2>\n\n<p>Un des enjeux majeurs de l&rsquo;\u00e9cole reste d\u2019\u00e9largir l\u2019acc\u00e8s des femmes aux m\u00e9tiers de l\u2019informatique. Si les formations sont ouvertes \u00e0 tous, un constat s&rsquo;\u00e9tablit : seul <strong>10%<\/strong> des effectifs sont constitu\u00e9s de jeunes femmes, une tendance qui se retrouve dans l\u2019encadrement et le secteur en g\u00e9n\u00e9ral.<\/p>\n\n<h3 class=\"wp-block-heading\">Promouvoir l&rsquo;\u00e9galit\u00e9 dans le num\u00e9rique<\/h3>\n\n<p>Les enseignantes, comme Flavie Tonon, se font les porte-paroles d&rsquo;une initiative visant \u00e0 inverser la tendance. Historiquement, l\u2019informatique a \u00e9t\u00e9 un secteur o\u00f9 les femmes occupaient une place de choix, mais cela a chang\u00e9 avec l&rsquo;av\u00e8nement des nouvelles technologies. Pour contrer ce ph\u00e9nom\u00e8ne, des actions de sensibilisation sont mises en place dans les \u00e9coles et les communes.<\/p>\n\n<ul class=\"wp-block-list\"><li>\ud83d\udc69\u200d\ud83d\udcbb Ateliers d&rsquo;initiation aux nouvelles technologies pour les jeunes filles<\/li><li>\ud83d\udcda Cours de sensibilisation dans les \u00e9tablissements scolaires<\/li><li>\ud83e\udd1d Partenariats avec des associations soutenant les femmes dans les m\u00e9tiers de l&rsquo;IT<\/li><\/ul>\n\n<h3 class=\"wp-block-heading\">Les besoins croissants en comp\u00e9tences num\u00e9riques<\/h3>\n\n<p>V\u00e9ronique Flament, maire de Magny-le-Hongre, mentionne la n\u00e9cessit\u00e9 d&rsquo;adapter l&rsquo;\u00e9ducation en fonction des besoins croissants des entreprises en mati\u00e8re de comp\u00e9tences num\u00e9riques. L&rsquo;int\u00e9gration de l&rsquo;intelligence artificielle dans la vie quotidienne et les objets connect\u00e9s transforme le paysage \u00e9conomique. Les jeunes femmes, \u00e0 travers des programmes similaires, auront une opportunit\u00e9 unique d&rsquo;occuper des r\u00f4les strat\u00e9giques dans ce domaine en plein essor.<\/p>\n\n<figure class=\"wp-block-table\"><table>\n<thead>\n<tr>\n<th>Actions propos\u00e9es<\/th>\n<th>Objectifs<\/th>\n<\/tr>\n<\/thead>\n<tbody>\n<tr>\n<td>Ateliers d&rsquo;initiation<\/td>\n<td>Attirer les jeunes filles vers l&rsquo;informatique<\/td>\n<\/tr>\n<tr>\n<td>Cours de sensibilisation<\/td>\n<td>\u00c9duquer sur les opportunit\u00e9s professionnelles<\/td>\n<\/tr>\n<tr>\n<td>Partenariats avec des associations<\/td>\n<td>Renforcer le r\u00e9seau de soutien<\/td>\n<\/tr>\n<\/tbody>\n<\/table><\/figure>\n\n<h2 class=\"wp-block-heading\">Une vision d\u2019avenir pour l\u2019informatique en Seine-et-Marne<\/h2>\n\n<p>La croissance fulgurante de l\u2019IPSSI \u00e0 Serris est une r\u00e9ponse \u00e0 la demande urgente de formations en informatique et en num\u00e9rique dans le d\u00e9partement de la Seine-et-Marne. En accueillant des \u00e9l\u00e8ves de tous horizons et en leur offrant des parcours vari\u00e9s, l&rsquo;\u00e9cole se positionne comme un acteur central du paysage \u00e9ducatif r\u00e9gional.<\/p>\n\n<h3 class=\"wp-block-heading\">Un avenir prometteur pour les \u00e9tudiants et les entreprises<\/h3>\n\n<p>\u00c0 l\u2019aube de cette nouvelle \u00e8re num\u00e9rique, la collaboration entre les \u00e9tablissements d&rsquo;enseignement comme l&rsquo;IPSSI et les entreprises est essentielle. Cela ne fait qu&rsquo;augmenter le potentiel des \u00e9tudiants, leur permettant de devenir non seulement des travailleurs qualifi\u00e9s mais aussi des innovateurs dans un secteur en constante \u00e9volution.<\/p>\n\n<p>En somme, l&rsquo;IPSSI ne se contente pas d&rsquo;\u00e9duquer ; elle inspire, motive, et cr\u00e9e des ponts entre l&rsquo;\u00e9ducation et l&rsquo;industrie, permettant ainsi de former les acteurs du num\u00e9rique de demain. C\u2019est une aventure qui peine \u00e0 laisser indiff\u00e9rent, que ce soit pour les \u00e9l\u00e8ves, les enseignants, ou les entreprises locales.<\/p>\n\n<h2 class=\"wp-block-heading\">FAQ<\/h2>\n\n<h3 class=\"wp-block-heading\">Quels types de formations sont propos\u00e9es \u00e0 l&rsquo;IPSSI ?<\/h3>\n\n<p>L&rsquo;IPSSI propose une vari\u00e9t\u00e9 de formations allant du BTS en informatique, jusqu&rsquo;aux mast\u00e8res en cybers\u00e9curit\u00e9, d\u00e9veloppement web et intelligence artificielle.<\/p>\n\n<h3 class=\"wp-block-heading\">Comment int\u00e9grer l&rsquo;\u00e9cole si l&rsquo;on a peu de connaissances en informatique ?<\/h3>\n\n<p>Les crit\u00e8res d&rsquo;admission sont assez flexibles et l&rsquo;\u00e9cole accueille des \u00e9tudiants ayant des parcours tr\u00e8s vari\u00e9s, m\u00eame ceux venus d&rsquo;autres domaines. L&rsquo;important est de montrer sa motivation.<\/p>\n\n<h3 class=\"wp-block-heading\">Les stages en entreprise sont-ils garantis ?<\/h3>\n\n<p>Oui, gr\u00e2ce \u00e0 des partenariats avec de nombreuses entreprises, les \u00e9tudiants ont des opportunit\u00e9s de stages et d\u2019alternance qui enrichissent leur exp\u00e9rience d\u2019apprentissage.<\/p>\n\n<h3 class=\"wp-block-heading\">Y a-t-il des initiatives pour attirer plus de filles vers ces formations ?<\/h3>\n\n<p>Oui, l&rsquo;IPSSI met en place des actions de sensibilisation et propose des ateliers d\u00e9di\u00e9s afin de promouvoir l&rsquo;\u00e9galit\u00e9 des sexes dans le secteur num\u00e9rique.<\/p>\n\n<h3 class=\"wp-block-heading\">Les dipl\u00f4mes d\u00e9livr\u00e9s par l&rsquo;IPSSI sont-ils reconnus ?<\/h3>\n\n<p>Oui, tous les dipl\u00f4mes d\u00e9livr\u00e9s par l&rsquo;IPSSI sont reconnus par l&rsquo;\u00c9tat et sont attest\u00e9s de qualit\u00e9 avec la certification Qualiopi.<\/p>\n\n","protected":false},"excerpt":{"rendered":"<p>La Seine-et-Marne se transforme en un v\u00e9ritable carrefour de l\u2019\u00e9ducation num\u00e9rique avec une \u00e9cole d&rsquo;informatique qui ne cesse de cro\u00eetre pour r\u00e9pondre aux besoins d&rsquo;une population toujours plus avide de connaissances en mati\u00e8re de technologie. L&rsquo;IPSSI, situ\u00e9e \u00e0 Serris, a r\u00e9cemment inaugur\u00e9 de nouveaux locaux qui accueillent plusieurs centaines d\u2019\u00e9l\u00e8ves, allant des novices aux futurs &#8230; <a title=\"Seine-et-Marne : une \u00e9cole d&rsquo;informatique pour tous les niveaux s&rsquo;agrandit\" class=\"read-more\" href=\"https:\/\/www.apres-lecole.fr\/Blog\/ecole-informatique-seine-et-marne\/\" aria-label=\"En savoir plus sur Seine-et-Marne : une \u00e9cole d&rsquo;informatique pour tous les niveaux s&rsquo;agrandit\">Lire plus<\/a><\/p>\n","protected":false},"author":9,"featured_media":1847,"comment_status":"open","ping_status":"open","sticky":false,"template":"","format":"standard","meta":{"footnotes":""},"categories":[342],"tags":[647,644,645,643,646],"class_list":["post-1848","post","type-post","status-publish","format-standard","has-post-thumbnail","hentry","category-actualites","tag-agrandissement","tag-ecole-dinformatique","tag-formation-informatique","tag-seine-et-marne","tag-tous-les-niveaux"],"yoast_head":"<!-- This site is optimized with the Yoast SEO plugin v27.5 - https:\/\/yoast.com\/product\/yoast-seo-wordpress\/ -->\n<title>Seine-et-Marne : une \u00e9cole d&#039;informatique pour tous les niveaux se d\u00e9veloppe<\/title>\n<meta name=\"description\" content=\"D\u00e9couvrez l&#039;extension d&#039;une \u00e9cole d&#039;informatique en Seine-et-Marne, offrant des formations adapt\u00e9es \u00e0 tous les niveaux. Que vous soyez d\u00e9butant ou confirm\u00e9, cette \u00e9cole innovante vous propose des programmes sur mesure pour d\u00e9velopper vos comp\u00e9tences num\u00e9riques. Ne manquez pas l&#039;opportunit\u00e9 d&#039;apprendre dans un environnement inspirant et de rejoindre la communaut\u00e9 tech locale.\" \/>\n<meta name=\"robots\" content=\"index, follow, max-snippet:-1, max-image-preview:large, max-video-preview:-1\" \/>\n<link rel=\"canonical\" href=\"https:\/\/www.apres-lecole.fr\/Blog\/ecole-informatique-seine-et-marne\/\" \/>\n<meta property=\"og:locale\" content=\"fr_FR\" \/>\n<meta property=\"og:type\" content=\"article\" \/>\n<meta property=\"og:title\" content=\"Seine-et-Marne : une \u00e9cole d&#039;informatique pour tous les niveaux se d\u00e9veloppe\" \/>\n<meta property=\"og:description\" content=\"D\u00e9couvrez l&#039;extension d&#039;une \u00e9cole d&#039;informatique en Seine-et-Marne, offrant des formations adapt\u00e9es \u00e0 tous les niveaux. Que vous soyez d\u00e9butant ou confirm\u00e9, cette \u00e9cole innovante vous propose des programmes sur mesure pour d\u00e9velopper vos comp\u00e9tences num\u00e9riques. Ne manquez pas l&#039;opportunit\u00e9 d&#039;apprendre dans un environnement inspirant et de rejoindre la communaut\u00e9 tech locale.\" \/>\n<meta property=\"og:url\" content=\"https:\/\/www.apres-lecole.fr\/Blog\/ecole-informatique-seine-et-marne\/\" \/>\n<meta property=\"article:published_time\" content=\"2025-04-15T08:07:24+00:00\" \/>\n<meta property=\"og:image\" content=\"https:\/\/www.apres-lecole.fr\/Blog\/wp-content\/uploads\/2025\/04\/Seine-et-Marne-une-ecole-dinformatique-pour-tous-les-niveaux-sagrandit.jpg\" \/>\n\t<meta property=\"og:image:width\" content=\"1344\" \/>\n\t<meta property=\"og:image:height\" content=\"768\" \/>\n\t<meta property=\"og:image:type\" content=\"image\/jpeg\" \/>\n<meta name=\"author\" content=\"Eva Martin\" \/>\n<meta name=\"twitter:card\" content=\"summary_large_image\" \/>\n<meta name=\"twitter:creator\" content=\"@Evaapresecole\" \/>\n<meta name=\"twitter:label1\" content=\"\u00c9crit par\" \/>\n\t<meta name=\"twitter:data1\" content=\"Eva Martin\" \/>\n\t<meta name=\"twitter:label2\" content=\"Dur\u00e9e de lecture estim\u00e9e\" \/>\n\t<meta name=\"twitter:data2\" content=\"8 minutes\" \/>\n<script type=\"application\/ld+json\" class=\"yoast-schema-graph\">{\"@context\":\"https:\\\/\\\/schema.org\",\"@graph\":[{\"@type\":\"Article\",\"@id\":\"https:\\\/\\\/www.apres-lecole.fr\\\/Blog\\\/ecole-informatique-seine-et-marne\\\/#article\",\"isPartOf\":{\"@id\":\"https:\\\/\\\/www.apres-lecole.fr\\\/Blog\\\/ecole-informatique-seine-et-marne\\\/\"},\"author\":{\"name\":\"Eva Martin\",\"@id\":\"https:\\\/\\\/www.apres-lecole.fr\\\/Blog\\\/#\\\/schema\\\/person\\\/aeb50cd4b51fc69da155804bb5bb9fc4\"},\"headline\":\"Seine-et-Marne : une \u00e9cole d&rsquo;informatique pour tous les niveaux s&rsquo;agrandit\",\"datePublished\":\"2025-04-15T08:07:24+00:00\",\"mainEntityOfPage\":{\"@id\":\"https:\\\/\\\/www.apres-lecole.fr\\\/Blog\\\/ecole-informatique-seine-et-marne\\\/\"},\"wordCount\":1674,\"commentCount\":0,\"image\":{\"@id\":\"https:\\\/\\\/www.apres-lecole.fr\\\/Blog\\\/ecole-informatique-seine-et-marne\\\/#primaryimage\"},\"thumbnailUrl\":\"https:\\\/\\\/www.apres-lecole.fr\\\/Blog\\\/wp-content\\\/uploads\\\/2025\\\/04\\\/Seine-et-Marne-une-ecole-dinformatique-pour-tous-les-niveaux-sagrandit.jpg\",\"keywords\":[\"agrandissement\",\"\u00e9cole d'informatique\",\"formation informatique\",\"seine-et-marne\",\"tous les niveaux\"],\"articleSection\":[\"Actualit\u00e9s\"],\"inLanguage\":\"fr-FR\",\"potentialAction\":[{\"@type\":\"CommentAction\",\"name\":\"Comment\",\"target\":[\"https:\\\/\\\/www.apres-lecole.fr\\\/Blog\\\/ecole-informatique-seine-et-marne\\\/#respond\"]}]},{\"@type\":\"WebPage\",\"@id\":\"https:\\\/\\\/www.apres-lecole.fr\\\/Blog\\\/ecole-informatique-seine-et-marne\\\/\",\"url\":\"https:\\\/\\\/www.apres-lecole.fr\\\/Blog\\\/ecole-informatique-seine-et-marne\\\/\",\"name\":\"Seine-et-Marne : une \u00e9cole d'informatique pour tous les niveaux se d\u00e9veloppe\",\"isPartOf\":{\"@id\":\"https:\\\/\\\/www.apres-lecole.fr\\\/Blog\\\/#website\"},\"primaryImageOfPage\":{\"@id\":\"https:\\\/\\\/www.apres-lecole.fr\\\/Blog\\\/ecole-informatique-seine-et-marne\\\/#primaryimage\"},\"image\":{\"@id\":\"https:\\\/\\\/www.apres-lecole.fr\\\/Blog\\\/ecole-informatique-seine-et-marne\\\/#primaryimage\"},\"thumbnailUrl\":\"https:\\\/\\\/www.apres-lecole.fr\\\/Blog\\\/wp-content\\\/uploads\\\/2025\\\/04\\\/Seine-et-Marne-une-ecole-dinformatique-pour-tous-les-niveaux-sagrandit.jpg\",\"datePublished\":\"2025-04-15T08:07:24+00:00\",\"author\":{\"@id\":\"https:\\\/\\\/www.apres-lecole.fr\\\/Blog\\\/#\\\/schema\\\/person\\\/aeb50cd4b51fc69da155804bb5bb9fc4\"},\"description\":\"D\u00e9couvrez l'extension d'une \u00e9cole d'informatique en Seine-et-Marne, offrant des formations adapt\u00e9es \u00e0 tous les niveaux. Que vous soyez d\u00e9butant ou confirm\u00e9, cette \u00e9cole innovante vous propose des programmes sur mesure pour d\u00e9velopper vos comp\u00e9tences num\u00e9riques. Ne manquez pas l'opportunit\u00e9 d'apprendre dans un environnement inspirant et de rejoindre la communaut\u00e9 tech locale.\",\"breadcrumb\":{\"@id\":\"https:\\\/\\\/www.apres-lecole.fr\\\/Blog\\\/ecole-informatique-seine-et-marne\\\/#breadcrumb\"},\"inLanguage\":\"fr-FR\",\"potentialAction\":[{\"@type\":\"ReadAction\",\"target\":[\"https:\\\/\\\/www.apres-lecole.fr\\\/Blog\\\/ecole-informatique-seine-et-marne\\\/\"]}]},{\"@type\":\"ImageObject\",\"inLanguage\":\"fr-FR\",\"@id\":\"https:\\\/\\\/www.apres-lecole.fr\\\/Blog\\\/ecole-informatique-seine-et-marne\\\/#primaryimage\",\"url\":\"https:\\\/\\\/www.apres-lecole.fr\\\/Blog\\\/wp-content\\\/uploads\\\/2025\\\/04\\\/Seine-et-Marne-une-ecole-dinformatique-pour-tous-les-niveaux-sagrandit.jpg\",\"contentUrl\":\"https:\\\/\\\/www.apres-lecole.fr\\\/Blog\\\/wp-content\\\/uploads\\\/2025\\\/04\\\/Seine-et-Marne-une-ecole-dinformatique-pour-tous-les-niveaux-sagrandit.jpg\",\"width\":1344,\"height\":768,\"caption\":\"d\u00e9couvrez l'agrandissement d'une \u00e9cole d'informatique en seine-et-marne, offrant des formations adapt\u00e9es \u00e0 tous les niveaux. que vous soyez d\u00e9butant ou expert, venez apprendre et d\u00e9velopper vos comp\u00e9tences dans un environnement dynamique et innovant.\"},{\"@type\":\"BreadcrumbList\",\"@id\":\"https:\\\/\\\/www.apres-lecole.fr\\\/Blog\\\/ecole-informatique-seine-et-marne\\\/#breadcrumb\",\"itemListElement\":[{\"@type\":\"ListItem\",\"position\":1,\"name\":\"Home\",\"item\":\"https:\\\/\\\/www.apres-lecole.fr\\\/Blog\\\/\"},{\"@type\":\"ListItem\",\"position\":2,\"name\":\"Seine-et-Marne : une \u00e9cole d&rsquo;informatique pour tous les niveaux s&rsquo;agrandit\"}]},{\"@type\":\"WebSite\",\"@id\":\"https:\\\/\\\/www.apres-lecole.fr\\\/Blog\\\/#website\",\"url\":\"https:\\\/\\\/www.apres-lecole.fr\\\/Blog\\\/\",\"name\":\"\",\"description\":\"M\u00e9dia g\u00e9n\u00e9raliste\",\"potentialAction\":[{\"@type\":\"SearchAction\",\"target\":{\"@type\":\"EntryPoint\",\"urlTemplate\":\"https:\\\/\\\/www.apres-lecole.fr\\\/Blog\\\/?s={search_term_string}\"},\"query-input\":{\"@type\":\"PropertyValueSpecification\",\"valueRequired\":true,\"valueName\":\"search_term_string\"}}],\"inLanguage\":\"fr-FR\"},{\"@type\":\"Person\",\"@id\":\"https:\\\/\\\/www.apres-lecole.fr\\\/Blog\\\/#\\\/schema\\\/person\\\/aeb50cd4b51fc69da155804bb5bb9fc4\",\"name\":\"Eva Martin\",\"image\":{\"@type\":\"ImageObject\",\"inLanguage\":\"fr-FR\",\"@id\":\"https:\\\/\\\/secure.gravatar.com\\\/avatar\\\/55c53222558b27a72015a64073a80edce4abd33369394b9bf2c5cd6c19d12682?s=96&d=mm&r=g\",\"url\":\"https:\\\/\\\/secure.gravatar.com\\\/avatar\\\/55c53222558b27a72015a64073a80edce4abd33369394b9bf2c5cd6c19d12682?s=96&d=mm&r=g\",\"contentUrl\":\"https:\\\/\\\/secure.gravatar.com\\\/avatar\\\/55c53222558b27a72015a64073a80edce4abd33369394b9bf2c5cd6c19d12682?s=96&d=mm&r=g\",\"caption\":\"Eva Martin\"},\"description\":\"Je parle de business et d'entrepreneuriat avec des conseils clairs, concrets et actionnables pour r\u00e9ussir\",\"sameAs\":[\"https:\\\/\\\/x.com\\\/Evaapresecole\"],\"url\":\"https:\\\/\\\/www.apres-lecole.fr\\\/Blog\\\/author\\\/evamartin\\\/\"}]}<\/script>\n<!-- \/ Yoast SEO plugin. -->","yoast_head_json":{"title":"Seine-et-Marne : une \u00e9cole d'informatique pour tous les niveaux se d\u00e9veloppe","description":"D\u00e9couvrez l'extension d'une \u00e9cole d'informatique en Seine-et-Marne, offrant des formations adapt\u00e9es \u00e0 tous les niveaux. Que vous soyez d\u00e9butant ou confirm\u00e9, cette \u00e9cole innovante vous propose des programmes sur mesure pour d\u00e9velopper vos comp\u00e9tences num\u00e9riques. Ne manquez pas l'opportunit\u00e9 d'apprendre dans un environnement inspirant et de rejoindre la communaut\u00e9 tech locale.","robots":{"index":"index","follow":"follow","max-snippet":"max-snippet:-1","max-image-preview":"max-image-preview:large","max-video-preview":"max-video-preview:-1"},"canonical":"https:\/\/www.apres-lecole.fr\/Blog\/ecole-informatique-seine-et-marne\/","og_locale":"fr_FR","og_type":"article","og_title":"Seine-et-Marne : une \u00e9cole d'informatique pour tous les niveaux se d\u00e9veloppe","og_description":"D\u00e9couvrez l'extension d'une \u00e9cole d'informatique en Seine-et-Marne, offrant des formations adapt\u00e9es \u00e0 tous les niveaux. Que vous soyez d\u00e9butant ou confirm\u00e9, cette \u00e9cole innovante vous propose des programmes sur mesure pour d\u00e9velopper vos comp\u00e9tences num\u00e9riques. Ne manquez pas l'opportunit\u00e9 d'apprendre dans un environnement inspirant et de rejoindre la communaut\u00e9 tech locale.","og_url":"https:\/\/www.apres-lecole.fr\/Blog\/ecole-informatique-seine-et-marne\/","article_published_time":"2025-04-15T08:07:24+00:00","og_image":[{"width":1344,"height":768,"url":"https:\/\/www.apres-lecole.fr\/Blog\/wp-content\/uploads\/2025\/04\/Seine-et-Marne-une-ecole-dinformatique-pour-tous-les-niveaux-sagrandit.jpg","type":"image\/jpeg"}],"author":"Eva Martin","twitter_card":"summary_large_image","twitter_creator":"@Evaapresecole","twitter_misc":{"\u00c9crit par":"Eva Martin","Dur\u00e9e de lecture estim\u00e9e":"8 minutes"},"schema":{"@context":"https:\/\/schema.org","@graph":[{"@type":"Article","@id":"https:\/\/www.apres-lecole.fr\/Blog\/ecole-informatique-seine-et-marne\/#article","isPartOf":{"@id":"https:\/\/www.apres-lecole.fr\/Blog\/ecole-informatique-seine-et-marne\/"},"author":{"name":"Eva Martin","@id":"https:\/\/www.apres-lecole.fr\/Blog\/#\/schema\/person\/aeb50cd4b51fc69da155804bb5bb9fc4"},"headline":"Seine-et-Marne : une \u00e9cole d&rsquo;informatique pour tous les niveaux s&rsquo;agrandit","datePublished":"2025-04-15T08:07:24+00:00","mainEntityOfPage":{"@id":"https:\/\/www.apres-lecole.fr\/Blog\/ecole-informatique-seine-et-marne\/"},"wordCount":1674,"commentCount":0,"image":{"@id":"https:\/\/www.apres-lecole.fr\/Blog\/ecole-informatique-seine-et-marne\/#primaryimage"},"thumbnailUrl":"https:\/\/www.apres-lecole.fr\/Blog\/wp-content\/uploads\/2025\/04\/Seine-et-Marne-une-ecole-dinformatique-pour-tous-les-niveaux-sagrandit.jpg","keywords":["agrandissement","\u00e9cole d'informatique","formation informatique","seine-et-marne","tous les niveaux"],"articleSection":["Actualit\u00e9s"],"inLanguage":"fr-FR","potentialAction":[{"@type":"CommentAction","name":"Comment","target":["https:\/\/www.apres-lecole.fr\/Blog\/ecole-informatique-seine-et-marne\/#respond"]}]},{"@type":"WebPage","@id":"https:\/\/www.apres-lecole.fr\/Blog\/ecole-informatique-seine-et-marne\/","url":"https:\/\/www.apres-lecole.fr\/Blog\/ecole-informatique-seine-et-marne\/","name":"Seine-et-Marne : une \u00e9cole d'informatique pour tous les niveaux se d\u00e9veloppe","isPartOf":{"@id":"https:\/\/www.apres-lecole.fr\/Blog\/#website"},"primaryImageOfPage":{"@id":"https:\/\/www.apres-lecole.fr\/Blog\/ecole-informatique-seine-et-marne\/#primaryimage"},"image":{"@id":"https:\/\/www.apres-lecole.fr\/Blog\/ecole-informatique-seine-et-marne\/#primaryimage"},"thumbnailUrl":"https:\/\/www.apres-lecole.fr\/Blog\/wp-content\/uploads\/2025\/04\/Seine-et-Marne-une-ecole-dinformatique-pour-tous-les-niveaux-sagrandit.jpg","datePublished":"2025-04-15T08:07:24+00:00","author":{"@id":"https:\/\/www.apres-lecole.fr\/Blog\/#\/schema\/person\/aeb50cd4b51fc69da155804bb5bb9fc4"},"description":"D\u00e9couvrez l'extension d'une \u00e9cole d'informatique en Seine-et-Marne, offrant des formations adapt\u00e9es \u00e0 tous les niveaux. Que vous soyez d\u00e9butant ou confirm\u00e9, cette \u00e9cole innovante vous propose des programmes sur mesure pour d\u00e9velopper vos comp\u00e9tences num\u00e9riques. Ne manquez pas l'opportunit\u00e9 d'apprendre dans un environnement inspirant et de rejoindre la communaut\u00e9 tech locale.","breadcrumb":{"@id":"https:\/\/www.apres-lecole.fr\/Blog\/ecole-informatique-seine-et-marne\/#breadcrumb"},"inLanguage":"fr-FR","potentialAction":[{"@type":"ReadAction","target":["https:\/\/www.apres-lecole.fr\/Blog\/ecole-informatique-seine-et-marne\/"]}]},{"@type":"ImageObject","inLanguage":"fr-FR","@id":"https:\/\/www.apres-lecole.fr\/Blog\/ecole-informatique-seine-et-marne\/#primaryimage","url":"https:\/\/www.apres-lecole.fr\/Blog\/wp-content\/uploads\/2025\/04\/Seine-et-Marne-une-ecole-dinformatique-pour-tous-les-niveaux-sagrandit.jpg","contentUrl":"https:\/\/www.apres-lecole.fr\/Blog\/wp-content\/uploads\/2025\/04\/Seine-et-Marne-une-ecole-dinformatique-pour-tous-les-niveaux-sagrandit.jpg","width":1344,"height":768,"caption":"d\u00e9couvrez l'agrandissement d'une \u00e9cole d'informatique en seine-et-marne, offrant des formations adapt\u00e9es \u00e0 tous les niveaux. que vous soyez d\u00e9butant ou expert, venez apprendre et d\u00e9velopper vos comp\u00e9tences dans un environnement dynamique et innovant."},{"@type":"BreadcrumbList","@id":"https:\/\/www.apres-lecole.fr\/Blog\/ecole-informatique-seine-et-marne\/#breadcrumb","itemListElement":[{"@type":"ListItem","position":1,"name":"Home","item":"https:\/\/www.apres-lecole.fr\/Blog\/"},{"@type":"ListItem","position":2,"name":"Seine-et-Marne : une \u00e9cole d&rsquo;informatique pour tous les niveaux s&rsquo;agrandit"}]},{"@type":"WebSite","@id":"https:\/\/www.apres-lecole.fr\/Blog\/#website","url":"https:\/\/www.apres-lecole.fr\/Blog\/","name":"","description":"M\u00e9dia g\u00e9n\u00e9raliste","potentialAction":[{"@type":"SearchAction","target":{"@type":"EntryPoint","urlTemplate":"https:\/\/www.apres-lecole.fr\/Blog\/?s={search_term_string}"},"query-input":{"@type":"PropertyValueSpecification","valueRequired":true,"valueName":"search_term_string"}}],"inLanguage":"fr-FR"},{"@type":"Person","@id":"https:\/\/www.apres-lecole.fr\/Blog\/#\/schema\/person\/aeb50cd4b51fc69da155804bb5bb9fc4","name":"Eva Martin","image":{"@type":"ImageObject","inLanguage":"fr-FR","@id":"https:\/\/secure.gravatar.com\/avatar\/55c53222558b27a72015a64073a80edce4abd33369394b9bf2c5cd6c19d12682?s=96&d=mm&r=g","url":"https:\/\/secure.gravatar.com\/avatar\/55c53222558b27a72015a64073a80edce4abd33369394b9bf2c5cd6c19d12682?s=96&d=mm&r=g","contentUrl":"https:\/\/secure.gravatar.com\/avatar\/55c53222558b27a72015a64073a80edce4abd33369394b9bf2c5cd6c19d12682?s=96&d=mm&r=g","caption":"Eva Martin"},"description":"Je parle de business et d'entrepreneuriat avec des conseils clairs, concrets et actionnables pour r\u00e9ussir","sameAs":["https:\/\/x.com\/Evaapresecole"],"url":"https:\/\/www.apres-lecole.fr\/Blog\/author\/evamartin\/"}]}},"views":9,"_links":{"self":[{"href":"https:\/\/www.apres-lecole.fr\/Blog\/wp-json\/wp\/v2\/posts\/1848","targetHints":{"allow":["GET"]}}],"collection":[{"href":"https:\/\/www.apres-lecole.fr\/Blog\/wp-json\/wp\/v2\/posts"}],"about":[{"href":"https:\/\/www.apres-lecole.fr\/Blog\/wp-json\/wp\/v2\/types\/post"}],"author":[{"embeddable":true,"href":"https:\/\/www.apres-lecole.fr\/Blog\/wp-json\/wp\/v2\/users\/9"}],"replies":[{"embeddable":true,"href":"https:\/\/www.apres-lecole.fr\/Blog\/wp-json\/wp\/v2\/comments?post=1848"}],"version-history":[{"count":0,"href":"https:\/\/www.apres-lecole.fr\/Blog\/wp-json\/wp\/v2\/posts\/1848\/revisions"}],"wp:featuredmedia":[{"embeddable":true,"href":"https:\/\/www.apres-lecole.fr\/Blog\/wp-json\/wp\/v2\/media\/1847"}],"wp:attachment":[{"href":"https:\/\/www.apres-lecole.fr\/Blog\/wp-json\/wp\/v2\/media?parent=1848"}],"wp:term":[{"taxonomy":"category","embeddable":true,"href":"https:\/\/www.apres-lecole.fr\/Blog\/wp-json\/wp\/v2\/categories?post=1848"},{"taxonomy":"post_tag","embeddable":true,"href":"https:\/\/www.apres-lecole.fr\/Blog\/wp-json\/wp\/v2\/tags?post=1848"}],"curies":[{"name":"wp","href":"https:\/\/api.w.org\/{rel}","templated":true}]}}