{"id":1846,"date":"2025-04-14T21:26:26","date_gmt":"2025-04-14T21:26:26","guid":{"rendered":"https:\/\/www.apres-lecole.fr\/Blog\/chorale-ecole-privee-reactions\/"},"modified":"2025-04-14T21:26:26","modified_gmt":"2025-04-14T21:26:26","slug":"chorale-ecole-privee-reactions","status":"publish","type":"post","link":"https:\/\/www.apres-lecole.fr\/Blog\/chorale-ecole-privee-reactions\/","title":{"rendered":"Une chorale d&rsquo;\u00e9cole priv\u00e9e suscite des r\u00e9actions vives chez les parents"},"content":{"rendered":"\n\n<div class=\"kk-star-ratings kksr-auto kksr-align-left kksr-valign-top\"\n    data-payload='{&quot;align&quot;:&quot;left&quot;,&quot;id&quot;:&quot;1846&quot;,&quot;slug&quot;:&quot;default&quot;,&quot;valign&quot;:&quot;top&quot;,&quot;ignore&quot;:&quot;&quot;,&quot;reference&quot;:&quot;auto&quot;,&quot;class&quot;:&quot;&quot;,&quot;count&quot;:&quot;0&quot;,&quot;legendonly&quot;:&quot;&quot;,&quot;readonly&quot;:&quot;&quot;,&quot;score&quot;:&quot;0&quot;,&quot;starsonly&quot;:&quot;&quot;,&quot;best&quot;:&quot;5&quot;,&quot;gap&quot;:&quot;5&quot;,&quot;greet&quot;:&quot;Rate this post&quot;,&quot;legend&quot;:&quot;0\\\/5 - (0 vote)&quot;,&quot;size&quot;:&quot;24&quot;,&quot;title&quot;:&quot;Une chorale d\\u0026#039;\u00e9cole priv\u00e9e suscite des r\u00e9actions vives chez les parents&quot;,&quot;width&quot;:&quot;0&quot;,&quot;_legend&quot;:&quot;{score}\\\/{best} - ({count} {votes})&quot;,&quot;font_factor&quot;:&quot;1.25&quot;}'>\n            \n<div class=\"kksr-stars\">\n    \n<div class=\"kksr-stars-inactive\">\n            <div class=\"kksr-star\" data-star=\"1\" style=\"padding-right: 5px\">\n            \n\n<div class=\"kksr-icon\" style=\"width: 24px; height: 24px;\"><\/div>\n        <\/div>\n            <div class=\"kksr-star\" data-star=\"2\" style=\"padding-right: 5px\">\n            \n\n<div class=\"kksr-icon\" style=\"width: 24px; height: 24px;\"><\/div>\n        <\/div>\n            <div class=\"kksr-star\" data-star=\"3\" style=\"padding-right: 5px\">\n            \n\n<div class=\"kksr-icon\" style=\"width: 24px; height: 24px;\"><\/div>\n        <\/div>\n            <div class=\"kksr-star\" data-star=\"4\" style=\"padding-right: 5px\">\n            \n\n<div class=\"kksr-icon\" style=\"width: 24px; height: 24px;\"><\/div>\n        <\/div>\n            <div class=\"kksr-star\" data-star=\"5\" style=\"padding-right: 5px\">\n            \n\n<div class=\"kksr-icon\" style=\"width: 24px; height: 24px;\"><\/div>\n        <\/div>\n    <\/div>\n    \n<div class=\"kksr-stars-active\" style=\"width: 0px;\">\n            <div class=\"kksr-star\" style=\"padding-right: 5px\">\n            \n\n<div class=\"kksr-icon\" style=\"width: 24px; height: 24px;\"><\/div>\n        <\/div>\n            <div class=\"kksr-star\" style=\"padding-right: 5px\">\n            \n\n<div class=\"kksr-icon\" style=\"width: 24px; height: 24px;\"><\/div>\n        <\/div>\n            <div class=\"kksr-star\" style=\"padding-right: 5px\">\n            \n\n<div class=\"kksr-icon\" style=\"width: 24px; height: 24px;\"><\/div>\n        <\/div>\n            <div class=\"kksr-star\" style=\"padding-right: 5px\">\n            \n\n<div class=\"kksr-icon\" style=\"width: 24px; height: 24px;\"><\/div>\n        <\/div>\n            <div class=\"kksr-star\" style=\"padding-right: 5px\">\n            \n\n<div class=\"kksr-icon\" style=\"width: 24px; height: 24px;\"><\/div>\n        <\/div>\n    <\/div>\n<\/div>\n                \n\n<div class=\"kksr-legend\" style=\"font-size: 19.2px;\">\n            <span class=\"kksr-muted\">Rate this post<\/span>\n    <\/div>\n    <\/div>\n<p>Dans une ville o\u00f9 l&rsquo;\u00e9ducation est souvent discut\u00e9e, une chorale d&rsquo;une \u00e9cole priv\u00e9e vient de susciter des r\u00e9actions passionn\u00e9es au sein de la communaut\u00e9. Le concert de fin d&rsquo;ann\u00e9e, pr\u00e9vu pour le 20 mai au th\u00e9\u00e2tre Ducourneau, est devenu le centre d&rsquo;une controverse apr\u00e8s l&rsquo;annonce d&rsquo;une chanson qui ne passe pas la rampe pour plusieurs parents d&rsquo;\u00e9l\u00e8ves. Ici, la musique et l&rsquo;\u00e9ducation s&rsquo;entrem\u00ealent de mani\u00e8re inattendue, laissant place \u00e0 des interrogations sur le r\u00f4le de la musique dans l&rsquo;\u00e9ducation des enfants et la responsabilit\u00e9 des \u00e9tablissements \u00e9ducatifs.<\/p>\n\n<h2 class=\"wp-block-heading\">Choix musical : une surprise inattendue pour les parents<\/h2>\n\n<p>\u00c0 l&rsquo;Institution Ad\u00e8le de Trenquell\u00e9on, le choix de la chanson \u00ab\u00a0Mar\u00e9chal, nous voil\u00e0\u00a0\u00bb d&rsquo;Andr\u00e9 Dassary, int\u00e9gr\u00e9e au r\u00e9pertoire de la chorale, a pris plusieurs parents de court. Surpris, ils se posent des questions sur la pertinence de ce morceau issu d&rsquo;une p\u00e9riode sombre de l&rsquo;histoire fran\u00e7aise. \u00ab\u00a0J&rsquo;ai d\u00e9couvert, en jetant un \u0153il au cahier de chant, que la chanson \u00e9tait pr\u00e9vue aux c\u00f4t\u00e9s d&rsquo;un titre de Jean-Jacques Goldman et un morceau de Zaz\u00a0\u00bb, t\u00e9moigne un p\u00e8re m\u00e9content. Pour de nombreux parents, ce grand \u00e9cart artistique r\u00e9sonne mal au vu du message que la chanson v\u00e9hicule.<\/p>\n\n<p>Le malaise est palpable. Les parents ont exprim\u00e9 leur d\u00e9sarroi face \u00e0 une mani\u00e8re qu&rsquo;ils jugent inappropri\u00e9e d&rsquo;introduire un chant li\u00e9 \u00e0 la gloire du r\u00e9gime de Vichy dans le cadre scolaire. \u00ab\u00a0L&rsquo;\u00e9cole n&rsquo;a-t-elle pas d&rsquo;autres choix musicaux ?\u00a0\u00bb, interroge une m\u00e8re, faisant \u00e9cho \u00e0 l&rsquo;inqui\u00e9tude d&rsquo;un bon nombre de familles. L&rsquo;effet d&rsquo;une telle d\u00e9cision a des r\u00e9percussions sur la perception que les parents ont de l&rsquo;\u00e9ducation re\u00e7ue par leurs enfants dans cette \u00e9cole. Ils s&rsquo;inqui\u00e8tent de la mise en avant d\u2019un morceau sans comprendre ses implications historiques.<\/p>\n\n<h3 class=\"wp-block-heading\">Une r\u00e9action collective des familles<\/h3>\n\n<p>Les r\u00e9actions des parents, parfois vives, soulignent une v\u00e9ritable inqui\u00e9tude quant aux cons\u00e9quences d&rsquo;un tel choix musical. Voici quelques points souvent \u00e9voqu\u00e9s :<\/p>\n\n<ul class=\"wp-block-list\"><li>\u26a0\ufe0f <strong>Incompr\u00e9hension<\/strong> : \u00ab\u00a0Les enfants ne comprennent pas ce qu&rsquo;ils chantent, et il est essentiel d&rsquo;expliquer le propos de cette chanson.\u00a0\u00bb <\/li><li>\u2753 <strong>Manque de p\u00e9dagogie<\/strong> : \u00ab\u00a0Si nous avions d\u00e9couvert cela le jour du concert, la r\u00e9action aurait pu \u00eatre explosive !\u00a0\u00bb <\/li><li>\ud83d\udcac <strong>N\u00e9cessit\u00e9 de dialogues<\/strong> : \u00ab\u00a0Nous voulons que l&rsquo;\u00e9cole nous consulte sur le choix des chansons \u00e0 interpr\u00e9ter.\u00a0\u00bb <\/li><\/ul>\n\n<p>Certains parents, d\u00e9concert\u00e9s, craignent que les enfants interpr\u00e8tent la chanson avec une l\u00e9g\u00e8ret\u00e9 inappropri\u00e9e, sans saisir la gravit\u00e9 de son histoire. La communaut\u00e9 scolaire, ici, se retrouve en d\u00e9saccord sur un sujet aussi sensible que la m\u00e9moire collective, accentuant la n\u00e9cessit\u00e9 d\u2019un dialogue respectueux entre l\u2019\u00e9tablissement et les familles. Le projet \u00e9ducatif de l\u2019\u00e9cole semble alors \u00eatre remis en question.<\/p>\n\n<h2 class=\"wp-block-heading\">P\u00e9rennit\u00e9 de la musique \u00e0 l&rsquo;\u00e9cole : entre \u00e9ducation et m\u00e9moire<\/h2>\n\n<p>Le choix de \u00ab\u00a0Mar\u00e9chal, nous voil\u00e0\u00a0\u00bb soul\u00e8ve des r\u00e9flexions plus larges sur le r\u00f4le de la musique dans l&rsquo;\u00e9ducation. Tout d&rsquo;abord, la musique \u00e0 l&rsquo;\u00e9cole n&rsquo;est pas seulement une activit\u00e9 p\u00e9riscolaire ; elle devient un vecteur de transmission de valeurs, d&rsquo;histoire et d&rsquo;identit\u00e9 culturelle. Dans ce contexte, le choix du r\u00e9pertoire musical est d&rsquo;une importance cruciale. Comment int\u00e9grer l&rsquo;<strong>\u00e9ducation musicale<\/strong> dans un cadre qui respecte l\u2019histoire tout en permettant l\u2019expression artistique des \u00e9l\u00e8ves ?<\/p>\n\n<h3 class=\"wp-block-heading\">Un enseignement artistique enrichissant<\/h3>\n\n<p>De nombreuses \u00e9tudes ont montr\u00e9 que l&rsquo;\u00e9ducation musicale aide \u00e0 d\u00e9velopper les comp\u00e9tences sociales, \u00e9motionnelles et cognitives des enfants. Elle permet aussi :<\/p>\n\n<ol class=\"wp-block-list\"><li>\ud83c\udfb6 <strong>L&rsquo;apprentissage collectif<\/strong> : Chanter ensemble d\u00e9veloppe l&rsquo;\u00e9coute, la coop\u00e9ration et cr\u00e9e des liens.<\/li><li>\ud83d\udca1 <strong>L&rsquo;\u00e9veil culturel<\/strong> : Familiariser les enfants avec divers r\u00e9pertoires musicaux \u00e9largit leurs horizons artistiques.<\/li><li>\ud83c\udf0d <strong>La sensibilit\u00e9 aux probl\u00e9matiques sociales<\/strong> : La musique peut \u00eatre un outil pour aborder des sujets d\u00e9licats et complexes.<\/li><\/ol>\n\n<p>Lorsque l\u2019on choisit un morceau, il est imp\u00e9ratif de r\u00e9fl\u00e9chir \u00e0 sa pertinence en rapport \u00e0 l&rsquo;\u00e9ducation et aux valeurs que l&rsquo;\u00e9cole souhaite v\u00e9hiculer. L\u2019id\u00e9e n\u2019est pas de balayer l\u2019histoire sous le tapis, mais de l\u2019utiliser comme un moyen d\u2019enseignement. Le d\u00e9fi est donc de parvenir \u00e0 marier l\u2019\u00e9motion et l\u2019\u00e9ducation de mani\u00e8re constructive.<\/p>\n\n<h2 class=\"wp-block-heading\">R\u00e9ponses institutionnelles face aux pr\u00e9occupations parentales<\/h2>\n\n<p>Face \u00e0 cette situation d\u00e9licate, la direction de l\u2019Institution Ad\u00e8le de Trenquell\u00e9on a concoct\u00e9 une r\u00e9ponse rassurante. Isabelle Terrasse, directrice de l\u2019\u00e9tablissement, a tenu \u00e0 pr\u00e9ciser la d\u00e9marche p\u00e9dagogique derri\u00e8re ce choix. Dans un projet qui raconte l\u2019histoire d\u2019une petite fille durant l\u2019Occupation, la chanson n&rsquo;est pas interpr\u00e9t\u00e9e pour sa valeur souvent nostalgiquement chant\u00e9e, mais comme un \u00e9l\u00e9ment de un r\u00e9cit critique sur cette p\u00e9riode. \u00ab\u00a0La petite h\u00e9ro\u00efne refuse de chanter cette chanson\u00a0\u00bb, a-t-elle sp\u00e9cifi\u00e9. \u00ab\u00a0Cela soul\u00e8ve des th\u00e8mes int\u00e9ressants sur l&rsquo;ob\u00e9issance, la conformit\u00e9 et le courage\u00a0\u00bb.<\/p>\n\n<h3 class=\"wp-block-heading\">Importance de la consonance entre p\u00e9dagogie et histoire<\/h3>\n\n<p>Par cette approche, l\u2019\u00e9cole esp\u00e8re que les enfants comprennent bien la dimension historique de ce chant et ce qu&rsquo;il repr\u00e9sente. Pour l\u2019\u00e9tablissement, la finalit\u00e9 de ce concert est d&rsquo;encourager les \u00e9l\u00e8ves \u00e0 prospecter leur rapport \u00e0 la m\u00e9moire collective, \u00e0 partir de leur exp\u00e9rience. Ce parti pris \u00e9ducatif est loin d\u2019\u00eatre anodin. Cela ouvre m\u00eame la voie \u00e0 des discussions plus larges sur :<\/p>\n\n<figure class=\"wp-block-table\"><table>\n<thead>\n<tr>\n<th>Th\u00e8mes<\/th>\n<th>Implications \u00e9ducatives<\/th>\n<\/tr>\n<\/thead>\n<tbody>\n<tr>\n<td>\ud83c\udfad R\u00e9cit historique<\/td>\n<td>\u00c9tudier les p\u00e9riodes sombres du pass\u00e9 pour mieux comprendre le pr\u00e9sent.<\/td>\n<\/tr>\n<tr>\n<td>\ud83c\udf31 Courage individuel<\/td>\n<td>Favoriser des discussions sur l\u2019ob\u00e9issance, le choix et le d\u00e9saccord.<\/td>\n<\/tr>\n<tr>\n<td>\ud83d\udcd6 Expression artistique<\/td>\n<td>Utiliser la musique pour susciter la r\u00e9flexion critique et personnelle.<\/td>\n<\/tr>\n<\/tbody>\n<\/table><\/figure>\n\n<p>Cette mise au point pourrait d\u00e9samorcer la tension en rappelant aux parents que le but de l&rsquo;\u00e9ducation ne se limite pas \u00e0 une simple transmission de connaissances, mais \u00e0 la formation d&rsquo;esprits critiques. Cela n\u00e9cessite parfois des choix audacieux, m\u00eame controvers\u00e9s, pour engager la r\u00e9flexion.<\/p>\n\n<h2 class=\"wp-block-heading\">La musique comme lien communautaire<\/h2>\n\n<p>Le concert de fin d&rsquo;ann\u00e9e est un \u00e9v\u00e9nement cl\u00e9 pour la communaut\u00e9 scolaire, d\u00e9passant les simples enjeux \u00e9ducatifs. Il symbolise l&rsquo;unit\u00e9 et permet aux enfants de se produire devant un public, consolidant ainsi des liens familiaux. Cependant, ce contexte prend une autre dimension lorsque le choix des chansons devient le point de litige. Il est essentiel de naviguer avec pr\u00e9caution pour pr\u00e9server ce moment de convivialit\u00e9 et d\u2019expression artistique au sein de l&rsquo;\u00e9cole.<\/p>\n\n<h3 class=\"wp-block-heading\">L&rsquo;importance d&rsquo;un support parental constructif<\/h3>\n\n<p>Les parents ont un r\u00f4le fondamental \u00e0 jouer dans le soutien des activit\u00e9s p\u00e9riscolaires de leurs enfants. Voici quelques conseils pour encourager un dialogue ouvert entre parents et \u00e9tablissements :<\/p>\n\n<ul class=\"wp-block-list\"><li>\ud83d\udde3\ufe0f <strong>Participer aux r\u00e9unions<\/strong> : \u00catre pr\u00e9sent et poser des questions sur les choix p\u00e9dagogiques.<\/li><li>\ud83e\udd1d <strong>Encourager le dialogue<\/strong> : S&rsquo;engager avec les enseignants pour partager des id\u00e9es et pr\u00e9occupations.<\/li><li>\ud83c\udf89 <strong>Soutenir les \u00e9v\u00e9nements<\/strong> : Assister aux concerts pour montrer l&rsquo;importance des activit\u00e9s artistiques dans la scolarit\u00e9.<\/li><\/ul>\n\n<p>En cultivant un environnement positif o\u00f9 l&#8217;empathie et l&rsquo;\u00e9coute priment, les parents peuvent \u00e9galement aider \u00e0 fa\u00e7onner une communaut\u00e9 scolaire soud\u00e9e. Ils deviennent ainsi une force de proposition pour une \u00e9ducation plus inclusive et holistique.<\/p>\n\n<h2 class=\"wp-block-heading\">FAQ<\/h2>\n\n<h3 class=\"wp-block-heading\">Pourquoi la chanson \u00ab\u00a0Mar\u00e9chal, nous voil\u00e0\u00a0\u00bb a-t-elle \u00e9t\u00e9 choisie ?<\/h3>\n\n<p>Cette chanson fait partie d&rsquo;un projet p\u00e9dagogique sur l&rsquo;Occupation et est utilis\u00e9e pour illustrer les dilemmes moraux rencontr\u00e9s par les enfants durant cette p\u00e9riode.<\/p>\n\n<h3 class=\"wp-block-heading\">Quels ont \u00e9t\u00e9 les principaux reproches des parents ?<\/h3>\n\n<p>Ils craignent que les enfants ne comprennent pas les implications historiques de la chanson et que cela envoie un message inappropri\u00e9.<\/p>\n\n<h3 class=\"wp-block-heading\">Comment l&rsquo;\u00e9cole pr\u00e9voit-elle de g\u00e9rer la situation ?<\/h3>\n\n<p>L&rsquo;\u00e9cole mettra en place des discussions et des sensibilisations pour aider les \u00e9l\u00e8ves \u00e0 mieux comprendre le contexte historique de la chanson.<\/p>\n\n<h3 class=\"wp-block-heading\">Quel r\u00f4le la musique joue-t-elle dans l&rsquo;\u00e9ducation ?<\/h3>\n\n<p>Elle aide \u00e0 d\u00e9velopper des comp\u00e9tences sociales, \u00e9motionnelles et cognitives tout en permettant une exploration de l&rsquo;identit\u00e9 culturelle.<\/p>\n\n<h3 class=\"wp-block-heading\">Comment les parents peuvent-ils soutenir l&rsquo;\u00e9ducation musicale ?<\/h3>\n\n<p>En participando aux \u00e9v\u00e9nements scolaires, en dialoguant avec les enseignants et en encourageant leurs enfants \u00e0 s&rsquo;investir dans les activit\u00e9s artistiques.<\/p>\n\n","protected":false},"excerpt":{"rendered":"<p>Dans une ville o\u00f9 l&rsquo;\u00e9ducation est souvent discut\u00e9e, une chorale d&rsquo;une \u00e9cole priv\u00e9e vient de susciter des r\u00e9actions passionn\u00e9es au sein de la communaut\u00e9. Le concert de fin d&rsquo;ann\u00e9e, pr\u00e9vu pour le 20 mai au th\u00e9\u00e2tre Ducourneau, est devenu le centre d&rsquo;une controverse apr\u00e8s l&rsquo;annonce d&rsquo;une chanson qui ne passe pas la rampe pour plusieurs &#8230; <a title=\"Une chorale d&rsquo;\u00e9cole priv\u00e9e suscite des r\u00e9actions vives chez les parents\" class=\"read-more\" href=\"https:\/\/www.apres-lecole.fr\/Blog\/chorale-ecole-privee-reactions\/\" aria-label=\"En savoir plus sur Une chorale d&rsquo;\u00e9cole priv\u00e9e suscite des r\u00e9actions vives chez les parents\">Lire plus<\/a><\/p>\n","protected":false},"author":9,"featured_media":1845,"comment_status":"open","ping_status":"open","sticky":false,"template":"","format":"standard","meta":{"footnotes":""},"categories":[342],"tags":[639,546,642,641,640],"class_list":["post-1846","post","type-post","status-publish","format-standard","has-post-thumbnail","hentry","category-actualites","tag-chorale","tag-ecole-privee","tag-musique","tag-parents","tag-reactions"],"yoast_head":"<!-- This site is optimized with the Yoast SEO plugin v27.5 - https:\/\/yoast.com\/product\/yoast-seo-wordpress\/ -->\n<title>Une chorale scolaire fait r\u00e9agir les parents<\/title>\n<meta name=\"description\" content=\"D\u00e9couvrez comment la chorale d&#039;une \u00e9cole priv\u00e9e provoque des r\u00e9actions passionn\u00e9es parmi les parents. Analyse des opinions divergentes sur l&#039;impact de cette activit\u00e9 artistique sur le d\u00e9veloppement des enfants et sur la dynamique scolaire. Plongez dans le d\u00e9bat qui anime la communaut\u00e9 \u00e9ducative !\" \/>\n<meta name=\"robots\" content=\"index, follow, max-snippet:-1, max-image-preview:large, max-video-preview:-1\" \/>\n<link rel=\"canonical\" href=\"https:\/\/www.apres-lecole.fr\/Blog\/chorale-ecole-privee-reactions\/\" \/>\n<meta property=\"og:locale\" content=\"fr_FR\" \/>\n<meta property=\"og:type\" content=\"article\" \/>\n<meta property=\"og:title\" content=\"Une chorale scolaire fait r\u00e9agir les parents\" \/>\n<meta property=\"og:description\" content=\"D\u00e9couvrez comment la chorale d&#039;une \u00e9cole priv\u00e9e provoque des r\u00e9actions passionn\u00e9es parmi les parents. Analyse des opinions divergentes sur l&#039;impact de cette activit\u00e9 artistique sur le d\u00e9veloppement des enfants et sur la dynamique scolaire. Plongez dans le d\u00e9bat qui anime la communaut\u00e9 \u00e9ducative !\" \/>\n<meta property=\"og:url\" content=\"https:\/\/www.apres-lecole.fr\/Blog\/chorale-ecole-privee-reactions\/\" \/>\n<meta property=\"article:published_time\" content=\"2025-04-14T21:26:26+00:00\" \/>\n<meta property=\"og:image\" content=\"https:\/\/www.apres-lecole.fr\/Blog\/wp-content\/uploads\/2025\/04\/Une-chorale-decole-privee-suscite-des-reactions-vives-chez-les-parents.jpg\" \/>\n\t<meta property=\"og:image:width\" content=\"1344\" \/>\n\t<meta property=\"og:image:height\" content=\"768\" \/>\n\t<meta property=\"og:image:type\" content=\"image\/jpeg\" \/>\n<meta name=\"author\" content=\"Eva Martin\" \/>\n<meta name=\"twitter:card\" content=\"summary_large_image\" \/>\n<meta name=\"twitter:creator\" content=\"@Evaapresecole\" \/>\n<meta name=\"twitter:label1\" content=\"\u00c9crit par\" \/>\n\t<meta name=\"twitter:data1\" content=\"Eva Martin\" \/>\n\t<meta name=\"twitter:label2\" content=\"Dur\u00e9e de lecture estim\u00e9e\" \/>\n\t<meta name=\"twitter:data2\" content=\"7 minutes\" \/>\n<script type=\"application\/ld+json\" class=\"yoast-schema-graph\">{\"@context\":\"https:\\\/\\\/schema.org\",\"@graph\":[{\"@type\":\"Article\",\"@id\":\"https:\\\/\\\/www.apres-lecole.fr\\\/Blog\\\/chorale-ecole-privee-reactions\\\/#article\",\"isPartOf\":{\"@id\":\"https:\\\/\\\/www.apres-lecole.fr\\\/Blog\\\/chorale-ecole-privee-reactions\\\/\"},\"author\":{\"name\":\"Eva Martin\",\"@id\":\"https:\\\/\\\/www.apres-lecole.fr\\\/Blog\\\/#\\\/schema\\\/person\\\/aeb50cd4b51fc69da155804bb5bb9fc4\"},\"headline\":\"Une chorale d&rsquo;\u00e9cole priv\u00e9e suscite des r\u00e9actions vives chez les parents\",\"datePublished\":\"2025-04-14T21:26:26+00:00\",\"mainEntityOfPage\":{\"@id\":\"https:\\\/\\\/www.apres-lecole.fr\\\/Blog\\\/chorale-ecole-privee-reactions\\\/\"},\"wordCount\":1442,\"commentCount\":0,\"image\":{\"@id\":\"https:\\\/\\\/www.apres-lecole.fr\\\/Blog\\\/chorale-ecole-privee-reactions\\\/#primaryimage\"},\"thumbnailUrl\":\"https:\\\/\\\/www.apres-lecole.fr\\\/Blog\\\/wp-content\\\/uploads\\\/2025\\\/04\\\/Une-chorale-decole-privee-suscite-des-reactions-vives-chez-les-parents.jpg\",\"keywords\":[\"chorale\",\"\u00e9cole priv\u00e9e\",\"musique\",\"parents\",\"r\u00e9actions\"],\"articleSection\":[\"Actualit\u00e9s\"],\"inLanguage\":\"fr-FR\",\"potentialAction\":[{\"@type\":\"CommentAction\",\"name\":\"Comment\",\"target\":[\"https:\\\/\\\/www.apres-lecole.fr\\\/Blog\\\/chorale-ecole-privee-reactions\\\/#respond\"]}]},{\"@type\":\"WebPage\",\"@id\":\"https:\\\/\\\/www.apres-lecole.fr\\\/Blog\\\/chorale-ecole-privee-reactions\\\/\",\"url\":\"https:\\\/\\\/www.apres-lecole.fr\\\/Blog\\\/chorale-ecole-privee-reactions\\\/\",\"name\":\"Une chorale scolaire fait r\u00e9agir les parents\",\"isPartOf\":{\"@id\":\"https:\\\/\\\/www.apres-lecole.fr\\\/Blog\\\/#website\"},\"primaryImageOfPage\":{\"@id\":\"https:\\\/\\\/www.apres-lecole.fr\\\/Blog\\\/chorale-ecole-privee-reactions\\\/#primaryimage\"},\"image\":{\"@id\":\"https:\\\/\\\/www.apres-lecole.fr\\\/Blog\\\/chorale-ecole-privee-reactions\\\/#primaryimage\"},\"thumbnailUrl\":\"https:\\\/\\\/www.apres-lecole.fr\\\/Blog\\\/wp-content\\\/uploads\\\/2025\\\/04\\\/Une-chorale-decole-privee-suscite-des-reactions-vives-chez-les-parents.jpg\",\"datePublished\":\"2025-04-14T21:26:26+00:00\",\"author\":{\"@id\":\"https:\\\/\\\/www.apres-lecole.fr\\\/Blog\\\/#\\\/schema\\\/person\\\/aeb50cd4b51fc69da155804bb5bb9fc4\"},\"description\":\"D\u00e9couvrez comment la chorale d'une \u00e9cole priv\u00e9e provoque des r\u00e9actions passionn\u00e9es parmi les parents. Analyse des opinions divergentes sur l'impact de cette activit\u00e9 artistique sur le d\u00e9veloppement des enfants et sur la dynamique scolaire. Plongez dans le d\u00e9bat qui anime la communaut\u00e9 \u00e9ducative !\",\"breadcrumb\":{\"@id\":\"https:\\\/\\\/www.apres-lecole.fr\\\/Blog\\\/chorale-ecole-privee-reactions\\\/#breadcrumb\"},\"inLanguage\":\"fr-FR\",\"potentialAction\":[{\"@type\":\"ReadAction\",\"target\":[\"https:\\\/\\\/www.apres-lecole.fr\\\/Blog\\\/chorale-ecole-privee-reactions\\\/\"]}]},{\"@type\":\"ImageObject\",\"inLanguage\":\"fr-FR\",\"@id\":\"https:\\\/\\\/www.apres-lecole.fr\\\/Blog\\\/chorale-ecole-privee-reactions\\\/#primaryimage\",\"url\":\"https:\\\/\\\/www.apres-lecole.fr\\\/Blog\\\/wp-content\\\/uploads\\\/2025\\\/04\\\/Une-chorale-decole-privee-suscite-des-reactions-vives-chez-les-parents.jpg\",\"contentUrl\":\"https:\\\/\\\/www.apres-lecole.fr\\\/Blog\\\/wp-content\\\/uploads\\\/2025\\\/04\\\/Une-chorale-decole-privee-suscite-des-reactions-vives-chez-les-parents.jpg\",\"width\":1344,\"height\":768,\"caption\":\"d\u00e9couvrez comment la nouvelle chorale d'une \u00e9cole priv\u00e9e suscite des r\u00e9actions passionn\u00e9es parmi les parents, entre enthousiasme et d\u00e9bats. plongez dans les enjeux li\u00e9s \u00e0 la musique et l'\u00e9ducation dans cet article captivant.\"},{\"@type\":\"BreadcrumbList\",\"@id\":\"https:\\\/\\\/www.apres-lecole.fr\\\/Blog\\\/chorale-ecole-privee-reactions\\\/#breadcrumb\",\"itemListElement\":[{\"@type\":\"ListItem\",\"position\":1,\"name\":\"Home\",\"item\":\"https:\\\/\\\/www.apres-lecole.fr\\\/Blog\\\/\"},{\"@type\":\"ListItem\",\"position\":2,\"name\":\"Une chorale d&rsquo;\u00e9cole priv\u00e9e suscite des r\u00e9actions vives chez les parents\"}]},{\"@type\":\"WebSite\",\"@id\":\"https:\\\/\\\/www.apres-lecole.fr\\\/Blog\\\/#website\",\"url\":\"https:\\\/\\\/www.apres-lecole.fr\\\/Blog\\\/\",\"name\":\"\",\"description\":\"M\u00e9dia g\u00e9n\u00e9raliste\",\"potentialAction\":[{\"@type\":\"SearchAction\",\"target\":{\"@type\":\"EntryPoint\",\"urlTemplate\":\"https:\\\/\\\/www.apres-lecole.fr\\\/Blog\\\/?s={search_term_string}\"},\"query-input\":{\"@type\":\"PropertyValueSpecification\",\"valueRequired\":true,\"valueName\":\"search_term_string\"}}],\"inLanguage\":\"fr-FR\"},{\"@type\":\"Person\",\"@id\":\"https:\\\/\\\/www.apres-lecole.fr\\\/Blog\\\/#\\\/schema\\\/person\\\/aeb50cd4b51fc69da155804bb5bb9fc4\",\"name\":\"Eva Martin\",\"image\":{\"@type\":\"ImageObject\",\"inLanguage\":\"fr-FR\",\"@id\":\"https:\\\/\\\/secure.gravatar.com\\\/avatar\\\/55c53222558b27a72015a64073a80edce4abd33369394b9bf2c5cd6c19d12682?s=96&d=mm&r=g\",\"url\":\"https:\\\/\\\/secure.gravatar.com\\\/avatar\\\/55c53222558b27a72015a64073a80edce4abd33369394b9bf2c5cd6c19d12682?s=96&d=mm&r=g\",\"contentUrl\":\"https:\\\/\\\/secure.gravatar.com\\\/avatar\\\/55c53222558b27a72015a64073a80edce4abd33369394b9bf2c5cd6c19d12682?s=96&d=mm&r=g\",\"caption\":\"Eva Martin\"},\"description\":\"Je parle de business et d'entrepreneuriat avec des conseils clairs, concrets et actionnables pour r\u00e9ussir\",\"sameAs\":[\"https:\\\/\\\/x.com\\\/Evaapresecole\"],\"url\":\"https:\\\/\\\/www.apres-lecole.fr\\\/Blog\\\/author\\\/evamartin\\\/\"}]}<\/script>\n<!-- \/ Yoast SEO plugin. -->","yoast_head_json":{"title":"Une chorale scolaire fait r\u00e9agir les parents","description":"D\u00e9couvrez comment la chorale d'une \u00e9cole priv\u00e9e provoque des r\u00e9actions passionn\u00e9es parmi les parents. Analyse des opinions divergentes sur l'impact de cette activit\u00e9 artistique sur le d\u00e9veloppement des enfants et sur la dynamique scolaire. Plongez dans le d\u00e9bat qui anime la communaut\u00e9 \u00e9ducative !","robots":{"index":"index","follow":"follow","max-snippet":"max-snippet:-1","max-image-preview":"max-image-preview:large","max-video-preview":"max-video-preview:-1"},"canonical":"https:\/\/www.apres-lecole.fr\/Blog\/chorale-ecole-privee-reactions\/","og_locale":"fr_FR","og_type":"article","og_title":"Une chorale scolaire fait r\u00e9agir les parents","og_description":"D\u00e9couvrez comment la chorale d'une \u00e9cole priv\u00e9e provoque des r\u00e9actions passionn\u00e9es parmi les parents. Analyse des opinions divergentes sur l'impact de cette activit\u00e9 artistique sur le d\u00e9veloppement des enfants et sur la dynamique scolaire. Plongez dans le d\u00e9bat qui anime la communaut\u00e9 \u00e9ducative !","og_url":"https:\/\/www.apres-lecole.fr\/Blog\/chorale-ecole-privee-reactions\/","article_published_time":"2025-04-14T21:26:26+00:00","og_image":[{"width":1344,"height":768,"url":"https:\/\/www.apres-lecole.fr\/Blog\/wp-content\/uploads\/2025\/04\/Une-chorale-decole-privee-suscite-des-reactions-vives-chez-les-parents.jpg","type":"image\/jpeg"}],"author":"Eva Martin","twitter_card":"summary_large_image","twitter_creator":"@Evaapresecole","twitter_misc":{"\u00c9crit par":"Eva Martin","Dur\u00e9e de lecture estim\u00e9e":"7 minutes"},"schema":{"@context":"https:\/\/schema.org","@graph":[{"@type":"Article","@id":"https:\/\/www.apres-lecole.fr\/Blog\/chorale-ecole-privee-reactions\/#article","isPartOf":{"@id":"https:\/\/www.apres-lecole.fr\/Blog\/chorale-ecole-privee-reactions\/"},"author":{"name":"Eva Martin","@id":"https:\/\/www.apres-lecole.fr\/Blog\/#\/schema\/person\/aeb50cd4b51fc69da155804bb5bb9fc4"},"headline":"Une chorale d&rsquo;\u00e9cole priv\u00e9e suscite des r\u00e9actions vives chez les parents","datePublished":"2025-04-14T21:26:26+00:00","mainEntityOfPage":{"@id":"https:\/\/www.apres-lecole.fr\/Blog\/chorale-ecole-privee-reactions\/"},"wordCount":1442,"commentCount":0,"image":{"@id":"https:\/\/www.apres-lecole.fr\/Blog\/chorale-ecole-privee-reactions\/#primaryimage"},"thumbnailUrl":"https:\/\/www.apres-lecole.fr\/Blog\/wp-content\/uploads\/2025\/04\/Une-chorale-decole-privee-suscite-des-reactions-vives-chez-les-parents.jpg","keywords":["chorale","\u00e9cole priv\u00e9e","musique","parents","r\u00e9actions"],"articleSection":["Actualit\u00e9s"],"inLanguage":"fr-FR","potentialAction":[{"@type":"CommentAction","name":"Comment","target":["https:\/\/www.apres-lecole.fr\/Blog\/chorale-ecole-privee-reactions\/#respond"]}]},{"@type":"WebPage","@id":"https:\/\/www.apres-lecole.fr\/Blog\/chorale-ecole-privee-reactions\/","url":"https:\/\/www.apres-lecole.fr\/Blog\/chorale-ecole-privee-reactions\/","name":"Une chorale scolaire fait r\u00e9agir les parents","isPartOf":{"@id":"https:\/\/www.apres-lecole.fr\/Blog\/#website"},"primaryImageOfPage":{"@id":"https:\/\/www.apres-lecole.fr\/Blog\/chorale-ecole-privee-reactions\/#primaryimage"},"image":{"@id":"https:\/\/www.apres-lecole.fr\/Blog\/chorale-ecole-privee-reactions\/#primaryimage"},"thumbnailUrl":"https:\/\/www.apres-lecole.fr\/Blog\/wp-content\/uploads\/2025\/04\/Une-chorale-decole-privee-suscite-des-reactions-vives-chez-les-parents.jpg","datePublished":"2025-04-14T21:26:26+00:00","author":{"@id":"https:\/\/www.apres-lecole.fr\/Blog\/#\/schema\/person\/aeb50cd4b51fc69da155804bb5bb9fc4"},"description":"D\u00e9couvrez comment la chorale d'une \u00e9cole priv\u00e9e provoque des r\u00e9actions passionn\u00e9es parmi les parents. Analyse des opinions divergentes sur l'impact de cette activit\u00e9 artistique sur le d\u00e9veloppement des enfants et sur la dynamique scolaire. Plongez dans le d\u00e9bat qui anime la communaut\u00e9 \u00e9ducative !","breadcrumb":{"@id":"https:\/\/www.apres-lecole.fr\/Blog\/chorale-ecole-privee-reactions\/#breadcrumb"},"inLanguage":"fr-FR","potentialAction":[{"@type":"ReadAction","target":["https:\/\/www.apres-lecole.fr\/Blog\/chorale-ecole-privee-reactions\/"]}]},{"@type":"ImageObject","inLanguage":"fr-FR","@id":"https:\/\/www.apres-lecole.fr\/Blog\/chorale-ecole-privee-reactions\/#primaryimage","url":"https:\/\/www.apres-lecole.fr\/Blog\/wp-content\/uploads\/2025\/04\/Une-chorale-decole-privee-suscite-des-reactions-vives-chez-les-parents.jpg","contentUrl":"https:\/\/www.apres-lecole.fr\/Blog\/wp-content\/uploads\/2025\/04\/Une-chorale-decole-privee-suscite-des-reactions-vives-chez-les-parents.jpg","width":1344,"height":768,"caption":"d\u00e9couvrez comment la nouvelle chorale d'une \u00e9cole priv\u00e9e suscite des r\u00e9actions passionn\u00e9es parmi les parents, entre enthousiasme et d\u00e9bats. plongez dans les enjeux li\u00e9s \u00e0 la musique et l'\u00e9ducation dans cet article captivant."},{"@type":"BreadcrumbList","@id":"https:\/\/www.apres-lecole.fr\/Blog\/chorale-ecole-privee-reactions\/#breadcrumb","itemListElement":[{"@type":"ListItem","position":1,"name":"Home","item":"https:\/\/www.apres-lecole.fr\/Blog\/"},{"@type":"ListItem","position":2,"name":"Une chorale d&rsquo;\u00e9cole priv\u00e9e suscite des r\u00e9actions vives chez les parents"}]},{"@type":"WebSite","@id":"https:\/\/www.apres-lecole.fr\/Blog\/#website","url":"https:\/\/www.apres-lecole.fr\/Blog\/","name":"","description":"M\u00e9dia g\u00e9n\u00e9raliste","potentialAction":[{"@type":"SearchAction","target":{"@type":"EntryPoint","urlTemplate":"https:\/\/www.apres-lecole.fr\/Blog\/?s={search_term_string}"},"query-input":{"@type":"PropertyValueSpecification","valueRequired":true,"valueName":"search_term_string"}}],"inLanguage":"fr-FR"},{"@type":"Person","@id":"https:\/\/www.apres-lecole.fr\/Blog\/#\/schema\/person\/aeb50cd4b51fc69da155804bb5bb9fc4","name":"Eva Martin","image":{"@type":"ImageObject","inLanguage":"fr-FR","@id":"https:\/\/secure.gravatar.com\/avatar\/55c53222558b27a72015a64073a80edce4abd33369394b9bf2c5cd6c19d12682?s=96&d=mm&r=g","url":"https:\/\/secure.gravatar.com\/avatar\/55c53222558b27a72015a64073a80edce4abd33369394b9bf2c5cd6c19d12682?s=96&d=mm&r=g","contentUrl":"https:\/\/secure.gravatar.com\/avatar\/55c53222558b27a72015a64073a80edce4abd33369394b9bf2c5cd6c19d12682?s=96&d=mm&r=g","caption":"Eva Martin"},"description":"Je parle de business et d'entrepreneuriat avec des conseils clairs, concrets et actionnables pour r\u00e9ussir","sameAs":["https:\/\/x.com\/Evaapresecole"],"url":"https:\/\/www.apres-lecole.fr\/Blog\/author\/evamartin\/"}]}},"views":7,"_links":{"self":[{"href":"https:\/\/www.apres-lecole.fr\/Blog\/wp-json\/wp\/v2\/posts\/1846","targetHints":{"allow":["GET"]}}],"collection":[{"href":"https:\/\/www.apres-lecole.fr\/Blog\/wp-json\/wp\/v2\/posts"}],"about":[{"href":"https:\/\/www.apres-lecole.fr\/Blog\/wp-json\/wp\/v2\/types\/post"}],"author":[{"embeddable":true,"href":"https:\/\/www.apres-lecole.fr\/Blog\/wp-json\/wp\/v2\/users\/9"}],"replies":[{"embeddable":true,"href":"https:\/\/www.apres-lecole.fr\/Blog\/wp-json\/wp\/v2\/comments?post=1846"}],"version-history":[{"count":0,"href":"https:\/\/www.apres-lecole.fr\/Blog\/wp-json\/wp\/v2\/posts\/1846\/revisions"}],"wp:featuredmedia":[{"embeddable":true,"href":"https:\/\/www.apres-lecole.fr\/Blog\/wp-json\/wp\/v2\/media\/1845"}],"wp:attachment":[{"href":"https:\/\/www.apres-lecole.fr\/Blog\/wp-json\/wp\/v2\/media?parent=1846"}],"wp:term":[{"taxonomy":"category","embeddable":true,"href":"https:\/\/www.apres-lecole.fr\/Blog\/wp-json\/wp\/v2\/categories?post=1846"},{"taxonomy":"post_tag","embeddable":true,"href":"https:\/\/www.apres-lecole.fr\/Blog\/wp-json\/wp\/v2\/tags?post=1846"}],"curies":[{"name":"wp","href":"https:\/\/api.w.org\/{rel}","templated":true}]}}