{"id":1832,"date":"2025-04-11T07:21:55","date_gmt":"2025-04-11T07:21:55","guid":{"rendered":"https:\/\/www.apres-lecole.fr\/Blog\/ecole-paul-langevin-degradations\/"},"modified":"2025-04-11T07:21:55","modified_gmt":"2025-04-11T07:21:55","slug":"ecole-paul-langevin-degradations","status":"publish","type":"post","link":"https:\/\/www.apres-lecole.fr\/Blog\/ecole-paul-langevin-degradations\/","title":{"rendered":"\u00c0 Gu\u00e9ret, l&rsquo;\u00e9cole Paul Langevin et le centre de loisirs de Jouhet victimes de d\u00e9gradations"},"content":{"rendered":"\n\n<div class=\"kk-star-ratings kksr-auto kksr-align-left kksr-valign-top\"\n    data-payload='{&quot;align&quot;:&quot;left&quot;,&quot;id&quot;:&quot;1832&quot;,&quot;slug&quot;:&quot;default&quot;,&quot;valign&quot;:&quot;top&quot;,&quot;ignore&quot;:&quot;&quot;,&quot;reference&quot;:&quot;auto&quot;,&quot;class&quot;:&quot;&quot;,&quot;count&quot;:&quot;0&quot;,&quot;legendonly&quot;:&quot;&quot;,&quot;readonly&quot;:&quot;&quot;,&quot;score&quot;:&quot;0&quot;,&quot;starsonly&quot;:&quot;&quot;,&quot;best&quot;:&quot;5&quot;,&quot;gap&quot;:&quot;5&quot;,&quot;greet&quot;:&quot;Rate this post&quot;,&quot;legend&quot;:&quot;0\\\/5 - (0 vote)&quot;,&quot;size&quot;:&quot;24&quot;,&quot;title&quot;:&quot;\u00c0 Gu\u00e9ret, l\\u0026#039;\u00e9cole Paul Langevin et le centre de loisirs de Jouhet victimes de d\u00e9gradations&quot;,&quot;width&quot;:&quot;0&quot;,&quot;_legend&quot;:&quot;{score}\\\/{best} - ({count} {votes})&quot;,&quot;font_factor&quot;:&quot;1.25&quot;}'>\n            \n<div class=\"kksr-stars\">\n    \n<div class=\"kksr-stars-inactive\">\n            <div class=\"kksr-star\" data-star=\"1\" style=\"padding-right: 5px\">\n            \n\n<div class=\"kksr-icon\" style=\"width: 24px; height: 24px;\"><\/div>\n        <\/div>\n            <div class=\"kksr-star\" data-star=\"2\" style=\"padding-right: 5px\">\n            \n\n<div class=\"kksr-icon\" style=\"width: 24px; height: 24px;\"><\/div>\n        <\/div>\n            <div class=\"kksr-star\" data-star=\"3\" style=\"padding-right: 5px\">\n            \n\n<div class=\"kksr-icon\" style=\"width: 24px; height: 24px;\"><\/div>\n        <\/div>\n            <div class=\"kksr-star\" data-star=\"4\" style=\"padding-right: 5px\">\n            \n\n<div class=\"kksr-icon\" style=\"width: 24px; height: 24px;\"><\/div>\n        <\/div>\n            <div class=\"kksr-star\" data-star=\"5\" style=\"padding-right: 5px\">\n            \n\n<div class=\"kksr-icon\" style=\"width: 24px; height: 24px;\"><\/div>\n        <\/div>\n    <\/div>\n    \n<div class=\"kksr-stars-active\" style=\"width: 0px;\">\n            <div class=\"kksr-star\" style=\"padding-right: 5px\">\n            \n\n<div class=\"kksr-icon\" style=\"width: 24px; height: 24px;\"><\/div>\n        <\/div>\n            <div class=\"kksr-star\" style=\"padding-right: 5px\">\n            \n\n<div class=\"kksr-icon\" style=\"width: 24px; height: 24px;\"><\/div>\n        <\/div>\n            <div class=\"kksr-star\" style=\"padding-right: 5px\">\n            \n\n<div class=\"kksr-icon\" style=\"width: 24px; height: 24px;\"><\/div>\n        <\/div>\n            <div class=\"kksr-star\" style=\"padding-right: 5px\">\n            \n\n<div class=\"kksr-icon\" style=\"width: 24px; height: 24px;\"><\/div>\n        <\/div>\n            <div class=\"kksr-star\" style=\"padding-right: 5px\">\n            \n\n<div class=\"kksr-icon\" style=\"width: 24px; height: 24px;\"><\/div>\n        <\/div>\n    <\/div>\n<\/div>\n                \n\n<div class=\"kksr-legend\" style=\"font-size: 19.2px;\">\n            <span class=\"kksr-muted\">Rate this post<\/span>\n    <\/div>\n    <\/div>\n<p>Cette semaine, une nouvelle choquante s&rsquo;est abattue sur Gu\u00e9ret. L&rsquo;\u00e9cole Paul Langevin et le centre de loisirs de Jouhet ont \u00e9t\u00e9 la cible de d\u00e9gradations inqui\u00e9tantes qui soul\u00e8vent des interrogations sur la s\u00e9curit\u00e9 et la pr\u00e9servation des espaces d&rsquo;\u00e9ducation et de loisirs. En plein c\u0153ur de cette communaut\u00e9, cet incident rappelle l&rsquo;importance de la responsabilit\u00e9 civique et l&rsquo;engagement des citoyens \u00e0 veiller sur leurs institutions. D\u00e9couverte de l&rsquo;ampleur des d\u00e9gradations, de l&rsquo;impact sur les \u00e9l\u00e8ves et sur la municipalit\u00e9, en passant par les mesures prises pour garantir la s\u00e9curit\u00e9 des lieux.<\/p>\n\n<h2 class=\"wp-block-heading\">Les d\u00e9gradations au sein de l&rsquo;\u00e9cole Paul Langevin et du centre de loisirs de Jouhet<\/h2>\n\n<p>Le jeudi 10 avril 2025, le paysage tranquille de Gu\u00e9ret a \u00e9t\u00e9 alt\u00e9r\u00e9 par une vague de vandalisme qui a touch\u00e9 l&rsquo;<strong>\u00e9cole Paul Langevin<\/strong> ainsi que le <strong>centre de loisirs de Jouhet<\/strong>. Au matin, le personnel de l&rsquo;\u00e9tablissement a \u00e9t\u00e9 confront\u00e9 \u00e0 une sc\u00e8ne de saccage : portes fractur\u00e9es, fen\u00eatres bris\u00e9es et mat\u00e9riel endommag\u00e9. Plus pr\u00e9occupant encore, il a \u00e9t\u00e9 constat\u00e9 qu&rsquo;un extincteur avait \u00e9t\u00e9 vid\u00e9 sur une photocopieuse, causant des d\u00e9g\u00e2ts suppl\u00e9mentaires.<\/p>\n\n<p>La police a \u00e9t\u00e9 imm\u00e9diatement alert\u00e9e et une enqu\u00eate a \u00e9t\u00e9 ouverte pour identifier les auteurs de ces actes. Les premiers relev\u00e9s de la police scientifique t\u00e9moignent de l&rsquo;ampleur des d\u00e9gradations, qui n&rsquo;\u00e9pargnent pas seulement les \u00e9quipements des locaux, mais viennent \u00e9galement troubler la s\u00e9r\u00e9nit\u00e9 d&rsquo;un milieu d\u00e9di\u00e9 \u00e0 l&rsquo;<strong>\u00e9ducation<\/strong> et aux <strong>loisirs<\/strong> des enfants. En effet, l\u2019acc\u00e8s au local des Atsem a \u00e9t\u00e9 alt\u00e9r\u00e9, renfor\u00e7ant l&rsquo;angoisse ressentie par les \u00e9quipes \u00e9ducatives et les parents.<\/p>\n\n<p>Cette situation emp\u00eache les enfants d&rsquo;\u00e9voluer dans un environnement sain et s\u00e9curis\u00e9, et interroge sur la s\u00e9curit\u00e9 dans les lieux publics. Les familles, inqui\u00e8tes pour le bien-\u00eatre de leurs enfants, cherchent des r\u00e9ponses et des mesures concr\u00e8tes pour pr\u00e9venir de futurs incidents similaires.<\/p>\n\n<h3 class=\"wp-block-heading\">L&rsquo;impact imm\u00e9diat sur les \u00e9l\u00e8ves et les parents<\/h3>\n\n<p>Ce jour-l\u00e0, la d\u00e9cision a \u00e9t\u00e9 prise de suspendre les cours pour les \u00e9l\u00e8ves de la maternelle, laissant seuls les enfants d\u00e9j\u00e0 pr\u00e9sents \u00e0 la garderie. Ces derniers ont donc \u00e9t\u00e9 regroup\u00e9s dans les locaux du centre de loisirs. Pour les familles, cela a \u00e9t\u00e9 une douce claque. Les enfants \u00e9taient d\u00e9j\u00e0 en phase d\u2019adaptation dans un environnement qui, par essence, se veut rassurant et stimulant. Les effets du vandalisme sur l\u2019esprit des jeunes esprits en pleine formation sont ind\u00e9niables.<\/p>\n\n<ul class=\"wp-block-list\"><li>\ud83d\ude1f Stress accru pour les enfants et les parents<\/li><li>\ud83d\udeb7 Perte de confiance dans les espaces publics<\/li><li>\ud83c\udfe2 N\u00e9cessit\u00e9 de r\u00e9tablir rapidement la confiance<\/li><\/ul>\n\n<p>Ensemble, l\u2019\u00e9quipe enseignante et les parents d\u2019\u00e9l\u00e8ves doivent maintenant travailler main dans la main pour redonner aux enfants un cadre propice \u00e0 leur \u00e9panouissement. Il semblerait donc essentiel de mettre en place des actions de sensibilisation afin d\u2019\u00e9duquer les jeunes \u00e0 la pr\u00e9servation de ces infrastructures.<\/p>\n\n<h3 class=\"wp-block-heading\">Des ant\u00e9c\u00e9dents de d\u00e9gradations \u00e0 Gu\u00e9ret<\/h3>\n\n<p>Les d\u00e9gradations observ\u00e9es ce jeudi ne sont malheureusement pas un cas isol\u00e9 \u00e0 Gu\u00e9ret. Ces derni\u00e8res ann\u00e9es, plusieurs \u00e9tablissements ont \u00e9t\u00e9 touch\u00e9s par des actes similaires. Au cours de l&rsquo;\u00e9t\u00e9 pr\u00e9c\u00e9dent, l&rsquo;\u00e9cole Cerclier et le gymnase Fayolle ont \u00e9galement subi des incursions violentes, avec des effractions et des tags marquant la violence de ces actes de vandalisme. \u00c0 chaque fois, la municipalit\u00e9 a r\u00e9agi en d\u00e9posant plainte, mais la r\u00e9p\u00e9tition de tels \u00e9v\u00e9nements soul\u00e8ve des questions sur la s\u00e9curit\u00e9 des \u00e9tablissements scolaires.<\/p>\n\n<p>Cette s\u00e9rie de d\u00e9gradations met en lumi\u00e8re un ph\u00e9nom\u00e8ne qui interpelle les autorit\u00e9s locales, mais aussi la communaut\u00e9 dans son ensemble. L\u2019\u00e9ducation \u00e0 la citoyennet\u00e9 et la conscience collective sont plus que jamais des enjeux cruciaux pour \u00e9viter que cette spirale de d\u00e9gradation ne s\u2019installe durablement.<\/p>\n\n<figure class=\"wp-block-table\"><table>\n<thead>\n<tr>\n<th>\u00c9tablissement<\/th>\n<th>Type de d\u00e9gradation<\/th>\n<th>Date<\/th>\n<\/tr>\n<\/thead>\n<tbody>\n<tr>\n<td>\u00c9cole Paul Langevin<\/td>\n<td>Vandalisme divers (portes, fen\u00eatres)<\/td>\n<td>10 avril 2025<\/td>\n<\/tr>\n<tr>\n<td>Centre de loisirs de Jouhet<\/td>\n<td>Extincteur vid\u00e9<\/td>\n<td>10 avril 2025<\/td>\n<\/tr>\n<tr>\n<td>\u00c9cole Cerclier<\/td>\n<td>Effraction et tags<\/td>\n<td>ao\u00fbt 2024<\/td>\n<\/tr>\n<tr>\n<td>Gymnase Fayolle<\/td>\n<td>Incursion et d\u00e9gradations<\/td>\n<td>ao\u00fbt 2024<\/td>\n<\/tr>\n<\/tbody>\n<\/table><\/figure>\n\n<h2 class=\"wp-block-heading\">Les r\u00e9actions face \u00e0 ces d\u00e9gradations inqui\u00e9tantes<\/h2>\n\n<p>Les d\u00e9gradations au sein de l&rsquo;<strong>\u00e9cole Paul Langevin<\/strong> et du <strong>centre de loisirs de Jouhet<\/strong> ont suscit\u00e9 des r\u00e9actions imm\u00e9diatement apr\u00e8s la d\u00e9couverte des faits. Le personnel \u00e9ducatif et les parents d&rsquo;\u00e9l\u00e8ves se sont exprim\u00e9s pour d\u00e9noncer cette situation inacceptable. Les rumeurs d&rsquo;une occupation de l\u2019\u00e9tablissement par des individus malintentionn\u00e9s circulent, mais aucune source officielle n\u2019a encore confirm\u00e9 ces all\u00e9gations.<\/p>\n\n<p>Les retrouvailles entre parents et personnel \u00e9ducatif ont montr\u00e9 un soutien mutuel. Les parents, r\u00e9unis en association, ont partag\u00e9 leurs incompr\u00e9hensions et exprim\u00e9 leurs peurs face \u00e0 un ph\u00e9nom\u00e8ne qui semble avoir pris de l&rsquo;ampleur. Les \u00e9changes t\u00e9moignent d&rsquo;une volont\u00e9 collective de r\u00e9agir et de trouver des solutions. Des listes de mesures possibles ont \u00e9t\u00e9 \u00e9labor\u00e9es pour pr\u00e9venir ce genre de d\u00e9sastre :<\/p>\n\n<ul class=\"wp-block-list\"><li>\ud83d\udee1\ufe0f Renforcement de la s\u00e9curit\u00e9 des \u00e9tablissements<\/li><li>\ud83d\udc65 Organisation d&rsquo;ateliers de sensibilisation \u00e0 la pr\u00e9servation des lieux<\/li><li>\ud83d\udce2 Mise en place d\u2019une ligne t\u00e9l\u00e9phonique pour signaler les d\u00e9gradations<\/li><\/ul>\n\n<p>Il semble primordial que cette communaut\u00e9 se mobilise autour de l&rsquo;id\u00e9e d&rsquo;une vigilance collective. La s\u00e9curit\u00e9 doit devenir une priorit\u00e9 partag\u00e9e, o\u00f9 enfants, parents et services publics collaborent pour \u00e9viter de tels incidents \u00e0 l&rsquo;avenir.<\/p>\n\n<h3 class=\"wp-block-heading\">L&rsquo;action de la municipalit\u00e9 face au vandalisme<\/h3>\n\n<p>Confront\u00e9e \u00e0 la n\u00e9cessit\u00e9 d\u2019agir rapidement, la municipalit\u00e9 de Gu\u00e9ret a d\u00e9cid\u00e9 de prendre les devants. En plus de l\u2019enqu\u00eate en cours, des mesures imm\u00e9diates ont \u00e9t\u00e9 mises en place pour nettoyer les locaux et garantir un retour \u00e0 la normale. Les employ\u00e9s municipaux ont rapidement \u0153uvr\u00e9 pour remettre en \u00e9tat les lieux de mani\u00e8re s\u00e9curitaire, tels que la pose de planches sur les fen\u00eatres bris\u00e9es.<\/p>\n\n<p>Au-del\u00e0 de la restauration physique des b\u00e2timents, un message fort doit passer : la communaut\u00e9 ne tol\u00e9rera pas de tels comportements. Des appels \u00e0 la responsabilit\u00e9 civique sont lanc\u00e9s, soulignant l\u2019importance d\u2019une vigilance collective pour pr\u00e9server ces espaces essentiels \u00e0 l\u2019\u00e9ducation et aux loisirs.<\/p>\n\n<p>Des conseils municipaux auront probablement lieu pour aborder les questions de s\u00e9curit\u00e9 et de pr\u00e9vention face \u00e0 de futurs incidents. Ce dialogue entre les \u00e9lus et la communaut\u00e9 s\u2019av\u00e8re crucial pour \u00e9tablir un partenariat durable et efficace.<\/p>\n\n<h2 class=\"wp-block-heading\">La s\u00e9curit\u00e9 et la pr\u00e9servation des lieux \u00e9ducatifs<\/h2>\n\n<p>Au c\u0153ur de cette affaire, se pose la question de la s\u00e9curit\u00e9 et de la pr\u00e9servation des lieux \u00e9ducatifs comme l&rsquo;<strong>\u00e9cole Paul Langevin<\/strong> et le <strong>centre de loisirs de Jouhet<\/strong>. Pourquoi devraient-ils \u00eatre la cible de vandales ? La s\u00e9curit\u00e9 des \u00e9tablissements est une priorit\u00e9 non seulement pour les enfants, mais aussi pour les parents et le personnel \u00e9ducatif, qui d\u00e9pendent de ces lieux pour s&rsquo;\u00e9panouir.<\/p>\n\n<h3 class=\"wp-block-heading\">Strat\u00e9gies et mesures pr\u00e9ventives<\/h3>\n\n<p>Face \u00e0 ces nouvelles menaces, plusieurs strat\u00e9gies pourraient \u00eatre envisag\u00e9es pour renforcer la s\u00e9curit\u00e9 des \u00e9tablissements. En voici quelques-unes:<\/p>\n\n<ul class=\"wp-block-list\"><li>\ud83d\udd12 Surveillance par cam\u00e9ras de s\u00e9curit\u00e9 : ces dispositifs pourraient servir \u00e0 dissuader les vandales.<\/li><li>\ud83d\ude93 Patrouilles r\u00e9guli\u00e8res de la police municipale : la pr\u00e9sence polici\u00e8re peut apporter un sentiment de s\u00e9curit\u00e9 aux habitants.<\/li><li>\ud83d\udee0\ufe0f Ateliers d&rsquo;\u00e9ducation civique : sensibiliser les jeunes \u00e0 la valeur de la pr\u00e9servation des biens publics est fondamental.<\/li><\/ul>\n\n<p>Il est imp\u00e9ratif que les actions engag\u00e9es soient durables et ancr\u00e9es dans une culture de respect et de protection des lieux d&rsquo;<strong>\u00e9ducation<\/strong> et de <strong>loisirs<\/strong>. Cela permettrait une r\u00e9elle coh\u00e9sion dans la communaut\u00e9, tout en permettant un dialogue constructif autour de la responsabilit\u00e9 civique.<\/p>\n\n<figure class=\"wp-block-table\"><table>\n<thead>\n<tr>\n<th>Mesures de s\u00e9curit\u00e9<\/th>\n<th>Description<\/th>\n<th>Co\u00fbt estim\u00e9<\/th>\n<\/tr>\n<\/thead>\n<tbody>\n<tr>\n<td>Surveillance vid\u00e9o<\/td>\n<td>Installation de cam\u00e9ras pour dissuader le vandalisme<\/td>\n<td>5 000 \u20ac<\/td>\n<\/tr>\n<tr>\n<td>Patrouilles polici\u00e8res<\/td>\n<td>Pr\u00e9sence r\u00e9guli\u00e8re pour rassurer les usagers<\/td>\n<td>3 000 \u20ac\/an<\/td>\n<\/tr>\n<tr>\n<td>Ateliers \u00e9ducatifs<\/td>\n<td>Formation sur l&rsquo;importance de la pr\u00e9servation<\/td>\n<td>1 500 \u20ac<\/td>\n<\/tr>\n<\/tbody>\n<\/table><\/figure>\n\n<h2 class=\"wp-block-heading\">Le r\u00f4le de la communaut\u00e9 dans la lutte contre le vandalisme<\/h2>\n\n<p>Ce triste incident au <strong>centre de loisirs de Jouhet<\/strong> et \u00e0 l&rsquo;<strong>\u00e9cole Paul Langevin<\/strong> rappelle qu&rsquo;une communaut\u00e9 unie peut faire la diff\u00e9rence. Pour que ces lieux restent des havres de paix pour l&rsquo;<strong>\u00e9ducation<\/strong> et les <strong>loisirs<\/strong>, il est crucial que chaque membre de la communaut\u00e9 prenne part \u00e0 la sensibilisation et \u00e0 la protection des espaces partag\u00e9s.<\/p>\n\n<h3 class=\"wp-block-heading\">Actions collectives et initiatives citoyennes<\/h3>\n\n<p>La cr\u00e9ation de groupes de soutien ou d\u2019associations de parents pourrait favoriser un dialogue constructif autour de la s\u00e9curit\u00e9. Des initiatives locales peuvent \u00e9galement \u00eatre organis\u00e9es pour rassembler les citoyens autour d&rsquo;un projet commun :<\/p>\n\n<ul class=\"wp-block-list\"><li>\ud83e\udd1d \u00c9v\u00e9nements de nettoyage des sites d\u00e9grad\u00e9s<\/li><li>\ud83c\udf33 Cr\u00e9ation de jardins communautaires pour renforcer le lien social<\/li><li>\ud83c\udf89 Organisation de f\u00eates et d\u2019\u00e9v\u00e9nements pour c\u00e9l\u00e9brer les r\u00e9ussites \u00e9ducatives<\/li><\/ul>\n\n<p>De telles initiatives permettent de rassembler les acteurs locaux dans un m\u00eame but. Elles cr\u00e9ent aussi un sentiment d&rsquo;appartenance et renforcent la responsabilit\u00e9 civique. Ce n&rsquo;est qu&rsquo;ensemble que la communaut\u00e9 pourra s&rsquo;\u00e9lever et agir contre le vandalisme.<\/p>\n\n<h2 class=\"wp-block-heading\">FAQ<\/h2>\n\n<p><strong>Quelles actions ont \u00e9t\u00e9 mises en place suite aux d\u00e9gradations ?<\/strong><br>La municipalit\u00e9 a engag\u00e9 un nettoyage rapide des lieux et a mis en place des mesures de s\u00e9curit\u00e9 renforc\u00e9es.<\/p>\n\n<p><strong>Comment les \u00e9l\u00e8ves sont-ils accueillis apr\u00e8s les d\u00e9gradations ?<\/strong><br>Les \u00e9l\u00e8ves n&rsquo;ont pas eu cours le jour suivant, mis \u00e0 part ceux qui \u00e9taient d\u00e9j\u00e0 pr\u00e9sents \u00e0 la garderie, regroup\u00e9s dans le centre de loisirs.<\/p>\n\n<p><strong>Quelles mesures de s\u00e9curit\u00e9 seront mises en place \u00e0 l&rsquo;avenir ?<\/strong><br>Des cam\u00e9ras de surveillance, des patrouilles polici\u00e8res et des ateliers \u00e9ducatifs sont envisageables pour am\u00e9liorer la s\u00e9curit\u00e9.<\/p>\n\n<p><strong>Pourquoi ces d\u00e9gradations touchent-elles souvent les \u00e9tablissements \u00e9ducatifs ?<\/strong><br>Ces actes peuvent \u00eatre le reflet d&rsquo;un manque de respect envers la communaut\u00e9 et une absence de sentiment d&rsquo;appartenance des jeunes.<\/p>\n\n<p><strong>Comment les parents peuvent-ils contribuer \u00e0 la s\u00e9curit\u00e9 de l&rsquo;\u00e9cole ?<\/strong><br>Les parents peuvent s\u2019impliquer dans des associations, promouvoir des initiatives de sensibilisation et participer \u00e0 des \u00e9v\u00e9nements communautaires.<\/p>\n\n","protected":false},"excerpt":{"rendered":"<p>Cette semaine, une nouvelle choquante s&rsquo;est abattue sur Gu\u00e9ret. L&rsquo;\u00e9cole Paul Langevin et le centre de loisirs de Jouhet ont \u00e9t\u00e9 la cible de d\u00e9gradations inqui\u00e9tantes qui soul\u00e8vent des interrogations sur la s\u00e9curit\u00e9 et la pr\u00e9servation des espaces d&rsquo;\u00e9ducation et de loisirs. En plein c\u0153ur de cette communaut\u00e9, cet incident rappelle l&rsquo;importance de la responsabilit\u00e9 &#8230; <a title=\"\u00c0 Gu\u00e9ret, l&rsquo;\u00e9cole Paul Langevin et le centre de loisirs de Jouhet victimes de d\u00e9gradations\" class=\"read-more\" href=\"https:\/\/www.apres-lecole.fr\/Blog\/ecole-paul-langevin-degradations\/\" aria-label=\"En savoir plus sur \u00c0 Gu\u00e9ret, l&rsquo;\u00e9cole Paul Langevin et le centre de loisirs de Jouhet victimes de d\u00e9gradations\">Lire plus<\/a><\/p>\n","protected":false},"author":9,"featured_media":1831,"comment_status":"open","ping_status":"open","sticky":false,"template":"","format":"standard","meta":{"footnotes":""},"categories":[342],"tags":[611,612,610,609,613],"class_list":["post-1832","post","type-post","status-publish","format-standard","has-post-thumbnail","hentry","category-actualites","tag-centre-de-loisirs-jouhet","tag-degradations","tag-ecole-paul-langevin","tag-gueret","tag-incivilites"],"yoast_head":"<!-- This site is optimized with the Yoast SEO plugin v27.5 - https:\/\/yoast.com\/product\/yoast-seo-wordpress\/ -->\n<title>\u00c0 Gu\u00e9ret, d\u00e9gradations au c\u0153ur de l&#039;\u00e9cole Paul Langevin et du centre de loisirs<\/title>\n<meta name=\"description\" content=\"D\u00e9couvrez comment l&#039;\u00e9cole Paul Langevin et le centre de loisirs de Jouhet \u00e0 Gu\u00e9ret ont \u00e9t\u00e9 victimes de d\u00e9gradations. Informez-vous sur les \u00e9v\u00e9nements r\u00e9cents et les impacts sur la communaut\u00e9 locale dans cet article qui met en lumi\u00e8re la n\u00e9cessit\u00e9 de pr\u00e9server nos infrastructures \u00e9ducatives et de loisirs.\" \/>\n<meta name=\"robots\" content=\"index, follow, max-snippet:-1, max-image-preview:large, max-video-preview:-1\" \/>\n<link rel=\"canonical\" href=\"https:\/\/www.apres-lecole.fr\/Blog\/ecole-paul-langevin-degradations\/\" \/>\n<meta property=\"og:locale\" content=\"fr_FR\" \/>\n<meta property=\"og:type\" content=\"article\" \/>\n<meta property=\"og:title\" content=\"\u00c0 Gu\u00e9ret, d\u00e9gradations au c\u0153ur de l&#039;\u00e9cole Paul Langevin et du centre de loisirs\" \/>\n<meta property=\"og:description\" content=\"D\u00e9couvrez comment l&#039;\u00e9cole Paul Langevin et le centre de loisirs de Jouhet \u00e0 Gu\u00e9ret ont \u00e9t\u00e9 victimes de d\u00e9gradations. Informez-vous sur les \u00e9v\u00e9nements r\u00e9cents et les impacts sur la communaut\u00e9 locale dans cet article qui met en lumi\u00e8re la n\u00e9cessit\u00e9 de pr\u00e9server nos infrastructures \u00e9ducatives et de loisirs.\" \/>\n<meta property=\"og:url\" content=\"https:\/\/www.apres-lecole.fr\/Blog\/ecole-paul-langevin-degradations\/\" \/>\n<meta property=\"article:published_time\" content=\"2025-04-11T07:21:55+00:00\" \/>\n<meta property=\"og:image\" content=\"https:\/\/www.apres-lecole.fr\/Blog\/wp-content\/uploads\/2025\/04\/A-Gueret-lecole-Paul-Langevin-et-le-centre-de-loisirs-de-Jouhet-victimes-de-degradations.jpg\" \/>\n\t<meta property=\"og:image:width\" content=\"1344\" \/>\n\t<meta property=\"og:image:height\" content=\"768\" \/>\n\t<meta property=\"og:image:type\" content=\"image\/jpeg\" \/>\n<meta name=\"author\" content=\"Eva Martin\" \/>\n<meta name=\"twitter:card\" content=\"summary_large_image\" \/>\n<meta name=\"twitter:creator\" content=\"@Evaapresecole\" \/>\n<meta name=\"twitter:label1\" content=\"\u00c9crit par\" \/>\n\t<meta name=\"twitter:data1\" content=\"Eva Martin\" \/>\n\t<meta name=\"twitter:label2\" content=\"Dur\u00e9e de lecture estim\u00e9e\" \/>\n\t<meta name=\"twitter:data2\" content=\"9 minutes\" \/>\n<script type=\"application\/ld+json\" class=\"yoast-schema-graph\">{\"@context\":\"https:\\\/\\\/schema.org\",\"@graph\":[{\"@type\":\"Article\",\"@id\":\"https:\\\/\\\/www.apres-lecole.fr\\\/Blog\\\/ecole-paul-langevin-degradations\\\/#article\",\"isPartOf\":{\"@id\":\"https:\\\/\\\/www.apres-lecole.fr\\\/Blog\\\/ecole-paul-langevin-degradations\\\/\"},\"author\":{\"name\":\"Eva Martin\",\"@id\":\"https:\\\/\\\/www.apres-lecole.fr\\\/Blog\\\/#\\\/schema\\\/person\\\/aeb50cd4b51fc69da155804bb5bb9fc4\"},\"headline\":\"\u00c0 Gu\u00e9ret, l&rsquo;\u00e9cole Paul Langevin et le centre de loisirs de Jouhet victimes de d\u00e9gradations\",\"datePublished\":\"2025-04-11T07:21:55+00:00\",\"mainEntityOfPage\":{\"@id\":\"https:\\\/\\\/www.apres-lecole.fr\\\/Blog\\\/ecole-paul-langevin-degradations\\\/\"},\"wordCount\":1753,\"commentCount\":0,\"image\":{\"@id\":\"https:\\\/\\\/www.apres-lecole.fr\\\/Blog\\\/ecole-paul-langevin-degradations\\\/#primaryimage\"},\"thumbnailUrl\":\"https:\\\/\\\/www.apres-lecole.fr\\\/Blog\\\/wp-content\\\/uploads\\\/2025\\\/04\\\/A-Gueret-lecole-Paul-Langevin-et-le-centre-de-loisirs-de-Jouhet-victimes-de-degradations.jpg\",\"keywords\":[\"centre de loisirs jouhet\",\"d\u00e9gradations\",\"\u00e9cole paul langevin\",\"gu\u00e9ret\",\"incivilit\u00e9s\"],\"articleSection\":[\"Actualit\u00e9s\"],\"inLanguage\":\"fr-FR\",\"potentialAction\":[{\"@type\":\"CommentAction\",\"name\":\"Comment\",\"target\":[\"https:\\\/\\\/www.apres-lecole.fr\\\/Blog\\\/ecole-paul-langevin-degradations\\\/#respond\"]}]},{\"@type\":\"WebPage\",\"@id\":\"https:\\\/\\\/www.apres-lecole.fr\\\/Blog\\\/ecole-paul-langevin-degradations\\\/\",\"url\":\"https:\\\/\\\/www.apres-lecole.fr\\\/Blog\\\/ecole-paul-langevin-degradations\\\/\",\"name\":\"\u00c0 Gu\u00e9ret, d\u00e9gradations au c\u0153ur de l'\u00e9cole Paul Langevin et du centre de loisirs\",\"isPartOf\":{\"@id\":\"https:\\\/\\\/www.apres-lecole.fr\\\/Blog\\\/#website\"},\"primaryImageOfPage\":{\"@id\":\"https:\\\/\\\/www.apres-lecole.fr\\\/Blog\\\/ecole-paul-langevin-degradations\\\/#primaryimage\"},\"image\":{\"@id\":\"https:\\\/\\\/www.apres-lecole.fr\\\/Blog\\\/ecole-paul-langevin-degradations\\\/#primaryimage\"},\"thumbnailUrl\":\"https:\\\/\\\/www.apres-lecole.fr\\\/Blog\\\/wp-content\\\/uploads\\\/2025\\\/04\\\/A-Gueret-lecole-Paul-Langevin-et-le-centre-de-loisirs-de-Jouhet-victimes-de-degradations.jpg\",\"datePublished\":\"2025-04-11T07:21:55+00:00\",\"author\":{\"@id\":\"https:\\\/\\\/www.apres-lecole.fr\\\/Blog\\\/#\\\/schema\\\/person\\\/aeb50cd4b51fc69da155804bb5bb9fc4\"},\"description\":\"D\u00e9couvrez comment l'\u00e9cole Paul Langevin et le centre de loisirs de Jouhet \u00e0 Gu\u00e9ret ont \u00e9t\u00e9 victimes de d\u00e9gradations. Informez-vous sur les \u00e9v\u00e9nements r\u00e9cents et les impacts sur la communaut\u00e9 locale dans cet article qui met en lumi\u00e8re la n\u00e9cessit\u00e9 de pr\u00e9server nos infrastructures \u00e9ducatives et de loisirs.\",\"breadcrumb\":{\"@id\":\"https:\\\/\\\/www.apres-lecole.fr\\\/Blog\\\/ecole-paul-langevin-degradations\\\/#breadcrumb\"},\"inLanguage\":\"fr-FR\",\"potentialAction\":[{\"@type\":\"ReadAction\",\"target\":[\"https:\\\/\\\/www.apres-lecole.fr\\\/Blog\\\/ecole-paul-langevin-degradations\\\/\"]}]},{\"@type\":\"ImageObject\",\"inLanguage\":\"fr-FR\",\"@id\":\"https:\\\/\\\/www.apres-lecole.fr\\\/Blog\\\/ecole-paul-langevin-degradations\\\/#primaryimage\",\"url\":\"https:\\\/\\\/www.apres-lecole.fr\\\/Blog\\\/wp-content\\\/uploads\\\/2025\\\/04\\\/A-Gueret-lecole-Paul-Langevin-et-le-centre-de-loisirs-de-Jouhet-victimes-de-degradations.jpg\",\"contentUrl\":\"https:\\\/\\\/www.apres-lecole.fr\\\/Blog\\\/wp-content\\\/uploads\\\/2025\\\/04\\\/A-Gueret-lecole-Paul-Langevin-et-le-centre-de-loisirs-de-Jouhet-victimes-de-degradations.jpg\",\"width\":1344,\"height\":768,\"caption\":\"d\u00e9couvrez les r\u00e9centes d\u00e9gradations ayant touch\u00e9 l'\u00e9cole paul langevin et le centre de loisirs de jouhet \u00e0 gu\u00e9ret. cet article explore les cons\u00e9quences sur la communaut\u00e9 et les mesures prises pour rem\u00e9dier \u00e0 cette situation.\"},{\"@type\":\"BreadcrumbList\",\"@id\":\"https:\\\/\\\/www.apres-lecole.fr\\\/Blog\\\/ecole-paul-langevin-degradations\\\/#breadcrumb\",\"itemListElement\":[{\"@type\":\"ListItem\",\"position\":1,\"name\":\"Home\",\"item\":\"https:\\\/\\\/www.apres-lecole.fr\\\/Blog\\\/\"},{\"@type\":\"ListItem\",\"position\":2,\"name\":\"\u00c0 Gu\u00e9ret, l&rsquo;\u00e9cole Paul Langevin et le centre de loisirs de Jouhet victimes de d\u00e9gradations\"}]},{\"@type\":\"WebSite\",\"@id\":\"https:\\\/\\\/www.apres-lecole.fr\\\/Blog\\\/#website\",\"url\":\"https:\\\/\\\/www.apres-lecole.fr\\\/Blog\\\/\",\"name\":\"\",\"description\":\"M\u00e9dia g\u00e9n\u00e9raliste\",\"potentialAction\":[{\"@type\":\"SearchAction\",\"target\":{\"@type\":\"EntryPoint\",\"urlTemplate\":\"https:\\\/\\\/www.apres-lecole.fr\\\/Blog\\\/?s={search_term_string}\"},\"query-input\":{\"@type\":\"PropertyValueSpecification\",\"valueRequired\":true,\"valueName\":\"search_term_string\"}}],\"inLanguage\":\"fr-FR\"},{\"@type\":\"Person\",\"@id\":\"https:\\\/\\\/www.apres-lecole.fr\\\/Blog\\\/#\\\/schema\\\/person\\\/aeb50cd4b51fc69da155804bb5bb9fc4\",\"name\":\"Eva Martin\",\"image\":{\"@type\":\"ImageObject\",\"inLanguage\":\"fr-FR\",\"@id\":\"https:\\\/\\\/secure.gravatar.com\\\/avatar\\\/55c53222558b27a72015a64073a80edce4abd33369394b9bf2c5cd6c19d12682?s=96&d=mm&r=g\",\"url\":\"https:\\\/\\\/secure.gravatar.com\\\/avatar\\\/55c53222558b27a72015a64073a80edce4abd33369394b9bf2c5cd6c19d12682?s=96&d=mm&r=g\",\"contentUrl\":\"https:\\\/\\\/secure.gravatar.com\\\/avatar\\\/55c53222558b27a72015a64073a80edce4abd33369394b9bf2c5cd6c19d12682?s=96&d=mm&r=g\",\"caption\":\"Eva Martin\"},\"description\":\"Je parle de business et d'entrepreneuriat avec des conseils clairs, concrets et actionnables pour r\u00e9ussir\",\"sameAs\":[\"https:\\\/\\\/x.com\\\/Evaapresecole\"],\"url\":\"https:\\\/\\\/www.apres-lecole.fr\\\/Blog\\\/author\\\/evamartin\\\/\"}]}<\/script>\n<!-- \/ Yoast SEO plugin. -->","yoast_head_json":{"title":"\u00c0 Gu\u00e9ret, d\u00e9gradations au c\u0153ur de l'\u00e9cole Paul Langevin et du centre de loisirs","description":"D\u00e9couvrez comment l'\u00e9cole Paul Langevin et le centre de loisirs de Jouhet \u00e0 Gu\u00e9ret ont \u00e9t\u00e9 victimes de d\u00e9gradations. Informez-vous sur les \u00e9v\u00e9nements r\u00e9cents et les impacts sur la communaut\u00e9 locale dans cet article qui met en lumi\u00e8re la n\u00e9cessit\u00e9 de pr\u00e9server nos infrastructures \u00e9ducatives et de loisirs.","robots":{"index":"index","follow":"follow","max-snippet":"max-snippet:-1","max-image-preview":"max-image-preview:large","max-video-preview":"max-video-preview:-1"},"canonical":"https:\/\/www.apres-lecole.fr\/Blog\/ecole-paul-langevin-degradations\/","og_locale":"fr_FR","og_type":"article","og_title":"\u00c0 Gu\u00e9ret, d\u00e9gradations au c\u0153ur de l'\u00e9cole Paul Langevin et du centre de loisirs","og_description":"D\u00e9couvrez comment l'\u00e9cole Paul Langevin et le centre de loisirs de Jouhet \u00e0 Gu\u00e9ret ont \u00e9t\u00e9 victimes de d\u00e9gradations. Informez-vous sur les \u00e9v\u00e9nements r\u00e9cents et les impacts sur la communaut\u00e9 locale dans cet article qui met en lumi\u00e8re la n\u00e9cessit\u00e9 de pr\u00e9server nos infrastructures \u00e9ducatives et de loisirs.","og_url":"https:\/\/www.apres-lecole.fr\/Blog\/ecole-paul-langevin-degradations\/","article_published_time":"2025-04-11T07:21:55+00:00","og_image":[{"width":1344,"height":768,"url":"https:\/\/www.apres-lecole.fr\/Blog\/wp-content\/uploads\/2025\/04\/A-Gueret-lecole-Paul-Langevin-et-le-centre-de-loisirs-de-Jouhet-victimes-de-degradations.jpg","type":"image\/jpeg"}],"author":"Eva Martin","twitter_card":"summary_large_image","twitter_creator":"@Evaapresecole","twitter_misc":{"\u00c9crit par":"Eva Martin","Dur\u00e9e de lecture estim\u00e9e":"9 minutes"},"schema":{"@context":"https:\/\/schema.org","@graph":[{"@type":"Article","@id":"https:\/\/www.apres-lecole.fr\/Blog\/ecole-paul-langevin-degradations\/#article","isPartOf":{"@id":"https:\/\/www.apres-lecole.fr\/Blog\/ecole-paul-langevin-degradations\/"},"author":{"name":"Eva Martin","@id":"https:\/\/www.apres-lecole.fr\/Blog\/#\/schema\/person\/aeb50cd4b51fc69da155804bb5bb9fc4"},"headline":"\u00c0 Gu\u00e9ret, l&rsquo;\u00e9cole Paul Langevin et le centre de loisirs de Jouhet victimes de d\u00e9gradations","datePublished":"2025-04-11T07:21:55+00:00","mainEntityOfPage":{"@id":"https:\/\/www.apres-lecole.fr\/Blog\/ecole-paul-langevin-degradations\/"},"wordCount":1753,"commentCount":0,"image":{"@id":"https:\/\/www.apres-lecole.fr\/Blog\/ecole-paul-langevin-degradations\/#primaryimage"},"thumbnailUrl":"https:\/\/www.apres-lecole.fr\/Blog\/wp-content\/uploads\/2025\/04\/A-Gueret-lecole-Paul-Langevin-et-le-centre-de-loisirs-de-Jouhet-victimes-de-degradations.jpg","keywords":["centre de loisirs jouhet","d\u00e9gradations","\u00e9cole paul langevin","gu\u00e9ret","incivilit\u00e9s"],"articleSection":["Actualit\u00e9s"],"inLanguage":"fr-FR","potentialAction":[{"@type":"CommentAction","name":"Comment","target":["https:\/\/www.apres-lecole.fr\/Blog\/ecole-paul-langevin-degradations\/#respond"]}]},{"@type":"WebPage","@id":"https:\/\/www.apres-lecole.fr\/Blog\/ecole-paul-langevin-degradations\/","url":"https:\/\/www.apres-lecole.fr\/Blog\/ecole-paul-langevin-degradations\/","name":"\u00c0 Gu\u00e9ret, d\u00e9gradations au c\u0153ur de l'\u00e9cole Paul Langevin et du centre de loisirs","isPartOf":{"@id":"https:\/\/www.apres-lecole.fr\/Blog\/#website"},"primaryImageOfPage":{"@id":"https:\/\/www.apres-lecole.fr\/Blog\/ecole-paul-langevin-degradations\/#primaryimage"},"image":{"@id":"https:\/\/www.apres-lecole.fr\/Blog\/ecole-paul-langevin-degradations\/#primaryimage"},"thumbnailUrl":"https:\/\/www.apres-lecole.fr\/Blog\/wp-content\/uploads\/2025\/04\/A-Gueret-lecole-Paul-Langevin-et-le-centre-de-loisirs-de-Jouhet-victimes-de-degradations.jpg","datePublished":"2025-04-11T07:21:55+00:00","author":{"@id":"https:\/\/www.apres-lecole.fr\/Blog\/#\/schema\/person\/aeb50cd4b51fc69da155804bb5bb9fc4"},"description":"D\u00e9couvrez comment l'\u00e9cole Paul Langevin et le centre de loisirs de Jouhet \u00e0 Gu\u00e9ret ont \u00e9t\u00e9 victimes de d\u00e9gradations. Informez-vous sur les \u00e9v\u00e9nements r\u00e9cents et les impacts sur la communaut\u00e9 locale dans cet article qui met en lumi\u00e8re la n\u00e9cessit\u00e9 de pr\u00e9server nos infrastructures \u00e9ducatives et de loisirs.","breadcrumb":{"@id":"https:\/\/www.apres-lecole.fr\/Blog\/ecole-paul-langevin-degradations\/#breadcrumb"},"inLanguage":"fr-FR","potentialAction":[{"@type":"ReadAction","target":["https:\/\/www.apres-lecole.fr\/Blog\/ecole-paul-langevin-degradations\/"]}]},{"@type":"ImageObject","inLanguage":"fr-FR","@id":"https:\/\/www.apres-lecole.fr\/Blog\/ecole-paul-langevin-degradations\/#primaryimage","url":"https:\/\/www.apres-lecole.fr\/Blog\/wp-content\/uploads\/2025\/04\/A-Gueret-lecole-Paul-Langevin-et-le-centre-de-loisirs-de-Jouhet-victimes-de-degradations.jpg","contentUrl":"https:\/\/www.apres-lecole.fr\/Blog\/wp-content\/uploads\/2025\/04\/A-Gueret-lecole-Paul-Langevin-et-le-centre-de-loisirs-de-Jouhet-victimes-de-degradations.jpg","width":1344,"height":768,"caption":"d\u00e9couvrez les r\u00e9centes d\u00e9gradations ayant touch\u00e9 l'\u00e9cole paul langevin et le centre de loisirs de jouhet \u00e0 gu\u00e9ret. cet article explore les cons\u00e9quences sur la communaut\u00e9 et les mesures prises pour rem\u00e9dier \u00e0 cette situation."},{"@type":"BreadcrumbList","@id":"https:\/\/www.apres-lecole.fr\/Blog\/ecole-paul-langevin-degradations\/#breadcrumb","itemListElement":[{"@type":"ListItem","position":1,"name":"Home","item":"https:\/\/www.apres-lecole.fr\/Blog\/"},{"@type":"ListItem","position":2,"name":"\u00c0 Gu\u00e9ret, l&rsquo;\u00e9cole Paul Langevin et le centre de loisirs de Jouhet victimes de d\u00e9gradations"}]},{"@type":"WebSite","@id":"https:\/\/www.apres-lecole.fr\/Blog\/#website","url":"https:\/\/www.apres-lecole.fr\/Blog\/","name":"","description":"M\u00e9dia g\u00e9n\u00e9raliste","potentialAction":[{"@type":"SearchAction","target":{"@type":"EntryPoint","urlTemplate":"https:\/\/www.apres-lecole.fr\/Blog\/?s={search_term_string}"},"query-input":{"@type":"PropertyValueSpecification","valueRequired":true,"valueName":"search_term_string"}}],"inLanguage":"fr-FR"},{"@type":"Person","@id":"https:\/\/www.apres-lecole.fr\/Blog\/#\/schema\/person\/aeb50cd4b51fc69da155804bb5bb9fc4","name":"Eva Martin","image":{"@type":"ImageObject","inLanguage":"fr-FR","@id":"https:\/\/secure.gravatar.com\/avatar\/55c53222558b27a72015a64073a80edce4abd33369394b9bf2c5cd6c19d12682?s=96&d=mm&r=g","url":"https:\/\/secure.gravatar.com\/avatar\/55c53222558b27a72015a64073a80edce4abd33369394b9bf2c5cd6c19d12682?s=96&d=mm&r=g","contentUrl":"https:\/\/secure.gravatar.com\/avatar\/55c53222558b27a72015a64073a80edce4abd33369394b9bf2c5cd6c19d12682?s=96&d=mm&r=g","caption":"Eva Martin"},"description":"Je parle de business et d'entrepreneuriat avec des conseils clairs, concrets et actionnables pour r\u00e9ussir","sameAs":["https:\/\/x.com\/Evaapresecole"],"url":"https:\/\/www.apres-lecole.fr\/Blog\/author\/evamartin\/"}]}},"views":4,"_links":{"self":[{"href":"https:\/\/www.apres-lecole.fr\/Blog\/wp-json\/wp\/v2\/posts\/1832","targetHints":{"allow":["GET"]}}],"collection":[{"href":"https:\/\/www.apres-lecole.fr\/Blog\/wp-json\/wp\/v2\/posts"}],"about":[{"href":"https:\/\/www.apres-lecole.fr\/Blog\/wp-json\/wp\/v2\/types\/post"}],"author":[{"embeddable":true,"href":"https:\/\/www.apres-lecole.fr\/Blog\/wp-json\/wp\/v2\/users\/9"}],"replies":[{"embeddable":true,"href":"https:\/\/www.apres-lecole.fr\/Blog\/wp-json\/wp\/v2\/comments?post=1832"}],"version-history":[{"count":0,"href":"https:\/\/www.apres-lecole.fr\/Blog\/wp-json\/wp\/v2\/posts\/1832\/revisions"}],"wp:featuredmedia":[{"embeddable":true,"href":"https:\/\/www.apres-lecole.fr\/Blog\/wp-json\/wp\/v2\/media\/1831"}],"wp:attachment":[{"href":"https:\/\/www.apres-lecole.fr\/Blog\/wp-json\/wp\/v2\/media?parent=1832"}],"wp:term":[{"taxonomy":"category","embeddable":true,"href":"https:\/\/www.apres-lecole.fr\/Blog\/wp-json\/wp\/v2\/categories?post=1832"},{"taxonomy":"post_tag","embeddable":true,"href":"https:\/\/www.apres-lecole.fr\/Blog\/wp-json\/wp\/v2\/tags?post=1832"}],"curies":[{"name":"wp","href":"https:\/\/api.w.org\/{rel}","templated":true}]}}