{"id":1828,"date":"2025-04-10T07:47:16","date_gmt":"2025-04-10T07:47:16","guid":{"rendered":"https:\/\/www.apres-lecole.fr\/Blog\/inauguration-ecole-vignoc\/"},"modified":"2025-04-10T07:47:16","modified_gmt":"2025-04-10T07:47:16","slug":"inauguration-ecole-vignoc","status":"publish","type":"post","link":"https:\/\/www.apres-lecole.fr\/Blog\/inauguration-ecole-vignoc\/","title":{"rendered":"Inauguration de l&rsquo;\u00e9cole maternelle Jean-de La Fontaine \u00e0 Vignoc"},"content":{"rendered":"\n\n<div class=\"kk-star-ratings kksr-auto kksr-align-left kksr-valign-top\"\n    data-payload='{&quot;align&quot;:&quot;left&quot;,&quot;id&quot;:&quot;1828&quot;,&quot;slug&quot;:&quot;default&quot;,&quot;valign&quot;:&quot;top&quot;,&quot;ignore&quot;:&quot;&quot;,&quot;reference&quot;:&quot;auto&quot;,&quot;class&quot;:&quot;&quot;,&quot;count&quot;:&quot;0&quot;,&quot;legendonly&quot;:&quot;&quot;,&quot;readonly&quot;:&quot;&quot;,&quot;score&quot;:&quot;0&quot;,&quot;starsonly&quot;:&quot;&quot;,&quot;best&quot;:&quot;5&quot;,&quot;gap&quot;:&quot;5&quot;,&quot;greet&quot;:&quot;Rate this post&quot;,&quot;legend&quot;:&quot;0\\\/5 - (0 vote)&quot;,&quot;size&quot;:&quot;24&quot;,&quot;title&quot;:&quot;Inauguration de l\\u0026#039;\u00e9cole maternelle Jean-de La Fontaine \u00e0 Vignoc&quot;,&quot;width&quot;:&quot;0&quot;,&quot;_legend&quot;:&quot;{score}\\\/{best} - ({count} {votes})&quot;,&quot;font_factor&quot;:&quot;1.25&quot;}'>\n            \n<div class=\"kksr-stars\">\n    \n<div class=\"kksr-stars-inactive\">\n            <div class=\"kksr-star\" data-star=\"1\" style=\"padding-right: 5px\">\n            \n\n<div class=\"kksr-icon\" style=\"width: 24px; height: 24px;\"><\/div>\n        <\/div>\n            <div class=\"kksr-star\" data-star=\"2\" style=\"padding-right: 5px\">\n            \n\n<div class=\"kksr-icon\" style=\"width: 24px; height: 24px;\"><\/div>\n        <\/div>\n            <div class=\"kksr-star\" data-star=\"3\" style=\"padding-right: 5px\">\n            \n\n<div class=\"kksr-icon\" style=\"width: 24px; height: 24px;\"><\/div>\n        <\/div>\n            <div class=\"kksr-star\" data-star=\"4\" style=\"padding-right: 5px\">\n            \n\n<div class=\"kksr-icon\" style=\"width: 24px; height: 24px;\"><\/div>\n        <\/div>\n            <div class=\"kksr-star\" data-star=\"5\" style=\"padding-right: 5px\">\n            \n\n<div class=\"kksr-icon\" style=\"width: 24px; height: 24px;\"><\/div>\n        <\/div>\n    <\/div>\n    \n<div class=\"kksr-stars-active\" style=\"width: 0px;\">\n            <div class=\"kksr-star\" style=\"padding-right: 5px\">\n            \n\n<div class=\"kksr-icon\" style=\"width: 24px; height: 24px;\"><\/div>\n        <\/div>\n            <div class=\"kksr-star\" style=\"padding-right: 5px\">\n            \n\n<div class=\"kksr-icon\" style=\"width: 24px; height: 24px;\"><\/div>\n        <\/div>\n            <div class=\"kksr-star\" style=\"padding-right: 5px\">\n            \n\n<div class=\"kksr-icon\" style=\"width: 24px; height: 24px;\"><\/div>\n        <\/div>\n            <div class=\"kksr-star\" style=\"padding-right: 5px\">\n            \n\n<div class=\"kksr-icon\" style=\"width: 24px; height: 24px;\"><\/div>\n        <\/div>\n            <div class=\"kksr-star\" style=\"padding-right: 5px\">\n            \n\n<div class=\"kksr-icon\" style=\"width: 24px; height: 24px;\"><\/div>\n        <\/div>\n    <\/div>\n<\/div>\n                \n\n<div class=\"kksr-legend\" style=\"font-size: 19.2px;\">\n            <span class=\"kksr-muted\">Rate this post<\/span>\n    <\/div>\n    <\/div>\n<p>La nouvelle \u00e9cole maternelle <strong>Jean-de La Fontaine<\/strong> \u00e0 <strong>Vignoc<\/strong> a \u00e9t\u00e9 inaugur\u00e9e avec beaucoup d&rsquo;enthousiasme et de festivit\u00e9s. Ce vendredi, la communaut\u00e9 s&rsquo;est rassembl\u00e9e autour d&rsquo;un projet \u00e9ducatif ambitieux, centr\u00e9 sur l&rsquo;<strong>enfance<\/strong> et la <strong>scolarit\u00e9<\/strong>. Parents, enfants, \u00e9lus et repr\u00e9sentants de l\u2019\u00e9ducation nationale ont t\u00e9moign\u00e9 de leur soutien pour cette nouvelle structure d\u00e9di\u00e9e \u00e0 l&rsquo;<strong>\u00e9ducation<\/strong>. L&rsquo;inauguration s&rsquo;est d\u00e9roul\u00e9e dans une ambiance joyeuse, marqu\u00e9e par des discours, des chants d&rsquo;enfants et des activit\u00e9s ludiques.<\/p>\n\n<h2 class=\"wp-block-heading\">La gen\u00e8se de l&rsquo;\u00e9cole Jean-de La Fontaine<\/h2>\n\n<p>La cr\u00e9ation de l&rsquo;\u00e9cole maternelle Jean-de La Fontaine d\u00e9coule d&rsquo;un besoin croissant en mati\u00e8re d&rsquo;<strong>\u00e9ducation<\/strong> dans la commune de <strong>Vignoc<\/strong>. En effet, l&rsquo;augmentation d\u00e9mographique observ\u00e9e ces derni\u00e8res ann\u00e9es a conduit les \u00e9lus locaux \u00e0 envisager l&rsquo;\u00e9dification d&rsquo;une nouvelle \u00e9cole. Le projet a \u00e9t\u00e9 pens\u00e9 non seulement comme une r\u00e9ponse \u00e0 la demande, mais aussi comme un lieu de vie o\u00f9 les valeurs d&rsquo;<strong>\u00e9veil<\/strong> et de partage peuvent s&rsquo;\u00e9panouir.<\/p>\n\n<p>La conception de l&rsquo;\u00e9cole a \u00e9t\u00e9 r\u00e9alis\u00e9e avec une attention particuli\u00e8re port\u00e9e sur l&rsquo;environnement et le bien-\u00eatre des enfants. L&rsquo;architecture privil\u00e9gie la lumi\u00e8re naturelle, offrant un cadre propice \u00e0 l&rsquo;apprentissage et \u00e0 l&rsquo;\u00e9panouissement. Les espaces ext\u00e9rieurs, quant \u00e0 eux, sont con\u00e7us pour encourager le jeu et la d\u00e9couverte, essentiels \u00e0 cette p\u00e9riode de la vie.<\/p>\n\n<h3 class=\"wp-block-heading\">Un projet \u00e9ducatif innovant<\/h3>\n\n<p>Au-del\u00e0 de l&rsquo;aspect physique, c&rsquo;est v\u00e9ritablement un projet \u00e9ducatif innovant qui a vu le jour. L&rsquo;\u00e9cole Jean-de La Fontaine se veut un espace o\u00f9 chaque enfant peut d\u00e9velopper ses talents selon ses rythmes et ses besoins. Les p\u00e9dagogues, form\u00e9s aux nouvelles m\u00e9thodes d&rsquo;<strong>\u00e9ducation<\/strong>, mettent en avant des approches vari\u00e9es, combinant jeux, activit\u00e9s artistiques et d\u00e9couvertes scientifiques. Les grands principes de la p\u00e9dagogie active et de l&rsquo;apprentissage par le jeu sont au c\u0153ur du projet.<\/p>\n\n<ul class=\"wp-block-list\"><li>Des ateliers artistiques \ud83c\udfa8<\/li><li>Des s\u00e9ances d&rsquo;\u00e9veil musical \ud83c\udfb6<\/li><li>Des activit\u00e9s de d\u00e9couvertes scientifiques \ud83d\udd2c<\/li><li>Un jardin p\u00e9dagogique \ud83c\udf31<\/li><\/ul>\n\n<p>La diversit\u00e9 des activit\u00e9s propos\u00e9es a pour but de stimuler la curiosit\u00e9 des enfants et de les aider \u00e0 s&rsquo;ouvrir au monde. Par exemple, un jardin p\u00e9dagogique a \u00e9t\u00e9 cr\u00e9\u00e9, permettant aux enfants d&rsquo;observer la nature et d&rsquo;apprendre \u00e0 cultiver des plantes. De quoi \u00e9veiller leur sens de l&rsquo;observation et leur donner go\u00fbt \u00e0 l&rsquo;<strong>\u00e9ducation<\/strong> durable.<\/p>\n\n<h3 class=\"wp-block-heading\">Le r\u00f4le de la communaut\u00e9 dans ce projet<\/h3>\n\n<p>Ce projet \u00e9ducatif n&rsquo;aurait pas \u00e9t\u00e9 possible sans l&rsquo;engagement de la communaut\u00e9 locale. La municipalit\u00e9 de <strong>Vignoc<\/strong> a mobilis\u00e9 ses ressources pour offrir aux futurs \u00e9l\u00e8ves un environnement d&rsquo;apprentissage optimal. Les parents, eux aussi, ont \u00e9t\u00e9 impliqu\u00e9s dans les d\u00e9cisions, apportant leur vision et leurs insights sur les besoins de leurs enfants.<\/p>\n\n<figure class=\"wp-block-table\"><table>\n<thead>\n<tr>\n<th>Acteurs<\/th>\n<th>R\u00f4le<\/th>\n<\/tr>\n<\/thead>\n<tbody>\n<tr>\n<td>Mairie de Vignoc<\/td>\n<td>Coordinateur du projet<\/td>\n<\/tr>\n<tr>\n<td>\u00c9ducateurs<\/td>\n<td>Formulation des m\u00e9thodes p\u00e9dagogiques<\/td>\n<\/tr>\n<tr>\n<td>Parents d&rsquo;\u00e9l\u00e8ves<\/td>\n<td>Consultation et soutien<\/td>\n<\/tr>\n<tr>\n<td>Enfants<\/td>\n<td>Feedback et participation active<\/td>\n<\/tr>\n<\/tbody>\n<\/table><\/figure>\n\n<p>Cette d\u00e9marche coll\u00e9giale a permis de cr\u00e9er un v\u00e9ritable r\u00e9seau de soutien autour de l&rsquo;\u00e9cole, renfor\u00e7ant ainsi le sentiment de <strong>communaut\u00e9<\/strong>. Les projets de classes ouvertes et de participation parentale seront parmi les initiatives phare de cette nouvelle structure.<\/p>\n\n<h2 class=\"wp-block-heading\">C\u00e9l\u00e9bration de l&rsquo;inauguration : Une journ\u00e9e m\u00e9morable<\/h2>\n\n<p>Le jour de l&rsquo;inauguration, l&rsquo;\u00e9cole a ouvert ses portes \u00e0 tous les habitants de <strong>Vignoc<\/strong>. Au programme : visites guid\u00e9es, discours des \u00e9lus, mais \u00e9galement des spectacles r\u00e9alis\u00e9s par les enfants eux-m\u00eames. Les familles ont eu l&rsquo;occasion de d\u00e9couvrir les locaux, les salles de classe et les \u00e9quipements vari\u00e9s mis \u00e0 leur disposition. La joie et l&rsquo;excitation \u00e9taient palpables dans l&rsquo;air !<\/p>\n\n<p>Les discours prononc\u00e9s ont mis en avant l&rsquo;importance d&rsquo;une bonne <strong>scolarit\u00e9<\/strong> d\u00e8s le plus jeune \u00e2ge. Le maire a insist\u00e9 sur le r\u00f4le cl\u00e9 des \u00e9coles dans le d\u00e9veloppement des enfants : \u00ab\u00a0Une bonne <strong>\u00e9ducation<\/strong> est le socle d&rsquo;une soci\u00e9t\u00e9 forte\u00a0\u00bb. Les \u00e9lus locaux ont \u00e9galement soulign\u00e9 les efforts r\u00e9alis\u00e9s par la municipalit\u00e9 pour garantir un environnement propice \u00e0 l&rsquo;apprentissage. <\/p>\n\n<h3 class=\"wp-block-heading\">Des activit\u00e9s pour toute la famille<\/h3>\n\n<p>Les festivit\u00e9s n&rsquo;\u00e9taient pas seulement reserv\u00e9es aux enfants : les parents et les visiteurs ont \u00e9galement \u00e9t\u00e9 sollicit\u00e9s pour participer \u00e0 des jeux \u00e9ducatifs et des ateliers cr\u00e9atifs. Des stands de coloriage, des activit\u00e9s manuelles, sans oublier des animations musicales, ont rempli la journ\u00e9e de sourires et d&rsquo;\u00e9changes chaleureux. La bonne humeur \u00e9tait de mise, et les rires des enfants parmi les parents ont illustr\u00e9 parfaitement l\u2019esprit du moment. Voici un aper\u00e7u des activit\u00e9s propos\u00e9es :<\/p>\n\n<ul class=\"wp-block-list\"><li>Stands de coloriage \ud83d\udd8d\ufe0f<\/li><li>Ateliers cr\u00e9atifs \ud83c\udfa8<\/li><li>Chants et danses des enfants \ud83c\udfad<\/li><li>Visites des locaux \ud83c\udfeb<\/li><\/ul>\n\n<p>Une tombola a \u00e9galement \u00e9t\u00e9 organis\u00e9e, avec des lots en lien avec l&rsquo;<strong>\u00e9ducation<\/strong> et l&rsquo;art, permettant ainsi de d\u00e9marrer cette nouvelle aventure sous les meilleurs auspices.<\/p>\n\n<h3 class=\"wp-block-heading\">Les t\u00e9moignages des participants<\/h3>\n\n<p>Cette journ\u00e9e d&rsquo;inauguration a laiss\u00e9 une empreinte profonde dans les m\u00e9moires. Les parents et les enfants pr\u00e9sents ont partag\u00e9 leurs impressions. \u00ab\u00a0C&rsquo;est beau de voir une nouvelle \u00e9cole qui va accueillir nos enfants avec tant de chaleur !\u00a0\u00bb, a d\u00e9clar\u00e9 un parent \u00e9mu. Les enfants, pour leur part, \u00e9taient d\u00e9j\u00e0 impatients de revenir pour d\u00e9couvrir encore plus d&rsquo;activit\u00e9s amusantes. Les futurs \u00e9l\u00e8ves ont pu tester certaines des attractions et sont repartis remplis d&rsquo;enthousiasme.<\/p>\n\n<h2 class=\"wp-block-heading\">L&rsquo;avenir de l&rsquo;\u00e9cole Jean-de La Fontaine<\/h2>\n\n<p>Alors que l&rsquo;\u00e9cole Jean-de La Fontaine d\u00e9bute son aventure, de nouveaux horizons s&rsquo;ouvrent. Les \u00e9quipes p\u00e9dagogiques travaillent \u00e0 la mise en place d&rsquo;un projet \u00e9ducatif dynamique et inclusif. Les objectifs principaux consistent \u00e0 favoriser le bien-\u00eatre des enfants, tout en leur assurant un parcours \u00e9ducatif riche et vari\u00e9, qui r\u00e9pond \u00e0 leurs besoins. Les premiers mois seront centr\u00e9s sur l&rsquo;acclimatation des enfants dans ce nouvel environnement, pour garantir une rentr\u00e9e sereine et joyeuse.<\/p>\n\n<p>Les jours \u00e0 venir int\u00e9greront divers projets en plein d\u00e9veloppement, comme la cr\u00e9ation de partenariats avec des associations locales pour garantir un maximum d&rsquo;<strong>\u00e9veil<\/strong> et de d\u00e9couvertes. Des sorties \u00e9ducatives, des spectacles ainsi que des rencontres culturelles restent \u00e0 l&rsquo;ordre du jour. La communaut\u00e9 est pr\u00eate \u00e0 soutenir cette initiative et s&rsquo;investir pour faire de l&rsquo;\u00e9cole un lieu d&rsquo;\u00e9change et d&rsquo;apprentissage.<\/p>\n\n<h3 class=\"wp-block-heading\">\u00c9veiller la curiosit\u00e9 des plus jeunes<\/h3>\n\n<p>\u00c0 l&rsquo;\u00e9cole Jean-de La Fontaine, l&rsquo;accent est mis sur l&rsquo;\u00e9veil des sens des plus jeunes. D\u00e8s leur premi\u00e8re ann\u00e9e, les enfants seront engag\u00e9s dans des activit\u00e9s qui leur permettront de d\u00e9couvrir le monde qui les entoure. De l&rsquo;apprentissage des couleurs et des formes \u00e0 la d\u00e9couverte des diff\u00e9rentes cultures pr\u00e9sentes dans leur environnement, la diversit\u00e9 sera mise \u00e0 l&rsquo;honneur. Voici quelques initiatives pr\u00e9vues :<\/p>\n\n<ul class=\"wp-block-list\"><li>Atelier de d\u00e9couverte des cultures \ud83c\udf0d<\/li><li>Visites d&rsquo;artistes locaux \ud83c\udfa4<\/li><li>D\u00e9marches \u00e9cologiques en classe \ud83c\udf31<\/li><\/ul>\n\n<h3 class=\"wp-block-heading\">Un point sur les retours d&rsquo;exp\u00e9rience<\/h3>\n\n<p>Les retours d\u2019exp\u00e9rience des premiers parents et enfants inscrits seront essentiels pour le bon fonctionnement de l&rsquo;\u00e9cole. Des questionnaires seront distribu\u00e9s tout au long de l&rsquo;ann\u00e9e pour recueillir leurs avis. Cela permettra d&rsquo;ajuster les pratiques p\u00e9dagogiques et d&rsquo;am\u00e9liorer sans cesse le cadre \u00e9ducatif. La communication entre l&rsquo;\u00e9quipe p\u00e9dagogique et les familles reste cruciale, afin d\u2019instaurer une dynamique de confiance.<\/p>\n\n<figure class=\"wp-block-table\"><table>\n<thead>\n<tr>\n<th>Date<\/th>\n<th>\u00c9v\u00e9nement<\/th>\n<th>Objectif<\/th>\n<\/tr>\n<\/thead>\n<tbody>\n<tr>\n<td>Septembre 2025<\/td>\n<td>Rentr\u00e9e scolaire<\/td>\n<td>S&rsquo;assurer que les enfants sont accueillis dans les meilleures conditions<\/td>\n<\/tr>\n<tr>\n<td>Octobre 2025<\/td>\n<td>Visite des parents<\/td>\n<td>\u00c9tablir le dialogue entre parents et enseignants<\/td>\n<\/tr>\n<tr>\n<td>Novembre 2025<\/td>\n<td>Festival de l&rsquo;\u00e9veil<\/td>\n<td>C\u00e9l\u00e9brer les d\u00e9couvertes \u00e9ducatives des enfants<\/td>\n<\/tr>\n<\/tbody>\n<\/table><\/figure>\n\n<h2 class=\"wp-block-heading\">FAQ sur l&rsquo;\u00e9cole Jean-de La Fontaine<\/h2>\n\n<p><strong>Q : Quels sont les horaires d&rsquo;ouverture de l&rsquo;\u00e9cole ?<\/strong><\/p>\n\n<p>A : L&rsquo;\u00e9cole est ouverte tous les jours de 8h30 \u00e0 16h30, avec des activit\u00e9s p\u00e9riscolaires propos\u00e9es le mercredi.<\/p>\n\n<p><strong>Q : Quelle est la p\u00e9dagogie mise en place ?<\/strong><\/p>\n\n<p>A : L&rsquo;\u00e9cole se base sur une approche active et ludique, favorisant l&rsquo;<strong>\u00e9veil<\/strong> et la curiosit\u00e9 des enfants.<\/p>\n\n<p><strong>Q : Y a-t-il des activit\u00e9s sp\u00e9cifiques pour les parents ?<\/strong><\/p>\n\n<p>A : Oui, des ateliers et des rencontres sont r\u00e9guli\u00e8rement organis\u00e9s pour impliquer les parents dans la vie scolaire.<\/p>\n\n<p><strong>Q : Comment sont recrut\u00e9s les enseignants ?<\/strong><\/p>\n\n<p>A : Les enseignants sont s\u00e9lectionn\u00e9s selon leur exp\u00e9rience et leur capacit\u00e9 \u00e0 mettre en \u0153uvre la p\u00e9dagogie innovante de l&rsquo;\u00e9cole.<\/p>\n\n<p><strong>Q : Des sorties scolaires sont-elles pr\u00e9vues ?<\/strong><\/p>\n\n<p>A : Oui, des sorties \u00e9ducatives seront organis\u00e9es tout au long de l&rsquo;ann\u00e9e pour enrichir le parcours des enfants.<\/p>\n\n","protected":false},"excerpt":{"rendered":"<p>La nouvelle \u00e9cole maternelle Jean-de La Fontaine \u00e0 Vignoc a \u00e9t\u00e9 inaugur\u00e9e avec beaucoup d&rsquo;enthousiasme et de festivit\u00e9s. Ce vendredi, la communaut\u00e9 s&rsquo;est rassembl\u00e9e autour d&rsquo;un projet \u00e9ducatif ambitieux, centr\u00e9 sur l&rsquo;enfance et la scolarit\u00e9. Parents, enfants, \u00e9lus et repr\u00e9sentants de l\u2019\u00e9ducation nationale ont t\u00e9moign\u00e9 de leur soutien pour cette nouvelle structure d\u00e9di\u00e9e \u00e0 l&rsquo;\u00e9ducation. &#8230; <a title=\"Inauguration de l&rsquo;\u00e9cole maternelle Jean-de La Fontaine \u00e0 Vignoc\" class=\"read-more\" href=\"https:\/\/www.apres-lecole.fr\/Blog\/inauguration-ecole-vignoc\/\" aria-label=\"En savoir plus sur Inauguration de l&rsquo;\u00e9cole maternelle Jean-de La Fontaine \u00e0 Vignoc\">Lire plus<\/a><\/p>\n","protected":false},"author":9,"featured_media":1827,"comment_status":"open","ping_status":"open","sticky":false,"template":"","format":"standard","meta":{"footnotes":""},"categories":[342],"tags":[558,412,602,603,604],"class_list":["post-1828","post","type-post","status-publish","format-standard","has-post-thumbnail","hentry","category-actualites","tag-ecole-maternelle","tag-education","tag-inauguration","tag-jean-de-la-fontaine","tag-vignoc"],"yoast_head":"<!-- This site is optimized with the Yoast SEO plugin v27.5 - https:\/\/yoast.com\/product\/yoast-seo-wordpress\/ -->\n<title>Inauguration de l&#039;\u00e9cole maternelle Jean-de La Fontaine : un nouveau d\u00e9part pour Vignoc<\/title>\n<meta name=\"description\" content=\"D\u00e9couvrez l&#039;inauguration de l&#039;\u00e9cole maternelle Jean-de La Fontaine \u00e0 Vignoc, un moment cl\u00e9 pour l&#039;\u00e9ducation locale. Cet \u00e9v\u00e9nement marque l&#039;ouverture d&#039;un espace d\u00e9di\u00e9 \u00e0 l&#039;\u00e9panouissement des tout-petits, o\u00f9 l&#039;apprentissage et le jeu se rencontrent. Rejoignez-nous pour c\u00e9l\u00e9brer cette nouvelle \u00e9tape dans la vie de notre communaut\u00e9 !\" \/>\n<meta name=\"robots\" content=\"index, follow, max-snippet:-1, max-image-preview:large, max-video-preview:-1\" \/>\n<link rel=\"canonical\" href=\"https:\/\/www.apres-lecole.fr\/Blog\/inauguration-ecole-vignoc\/\" \/>\n<meta property=\"og:locale\" content=\"fr_FR\" \/>\n<meta property=\"og:type\" content=\"article\" \/>\n<meta property=\"og:title\" content=\"Inauguration de l&#039;\u00e9cole maternelle Jean-de La Fontaine : un nouveau d\u00e9part pour Vignoc\" \/>\n<meta property=\"og:description\" content=\"D\u00e9couvrez l&#039;inauguration de l&#039;\u00e9cole maternelle Jean-de La Fontaine \u00e0 Vignoc, un moment cl\u00e9 pour l&#039;\u00e9ducation locale. Cet \u00e9v\u00e9nement marque l&#039;ouverture d&#039;un espace d\u00e9di\u00e9 \u00e0 l&#039;\u00e9panouissement des tout-petits, o\u00f9 l&#039;apprentissage et le jeu se rencontrent. Rejoignez-nous pour c\u00e9l\u00e9brer cette nouvelle \u00e9tape dans la vie de notre communaut\u00e9 !\" \/>\n<meta property=\"og:url\" content=\"https:\/\/www.apres-lecole.fr\/Blog\/inauguration-ecole-vignoc\/\" \/>\n<meta property=\"article:published_time\" content=\"2025-04-10T07:47:16+00:00\" \/>\n<meta property=\"og:image\" content=\"https:\/\/www.apres-lecole.fr\/Blog\/wp-content\/uploads\/2025\/04\/Inauguration-de-lecole-maternelle-Jean-de-La-Fontaine-a-Vignoc.jpg\" \/>\n\t<meta property=\"og:image:width\" content=\"1344\" \/>\n\t<meta property=\"og:image:height\" content=\"768\" \/>\n\t<meta property=\"og:image:type\" content=\"image\/jpeg\" \/>\n<meta name=\"author\" content=\"Eva Martin\" \/>\n<meta name=\"twitter:card\" content=\"summary_large_image\" \/>\n<meta name=\"twitter:creator\" content=\"@Evaapresecole\" \/>\n<meta name=\"twitter:label1\" content=\"\u00c9crit par\" \/>\n\t<meta name=\"twitter:data1\" content=\"Eva Martin\" \/>\n\t<meta name=\"twitter:label2\" content=\"Dur\u00e9e de lecture estim\u00e9e\" \/>\n\t<meta name=\"twitter:data2\" content=\"7 minutes\" \/>\n<script type=\"application\/ld+json\" class=\"yoast-schema-graph\">{\"@context\":\"https:\\\/\\\/schema.org\",\"@graph\":[{\"@type\":\"Article\",\"@id\":\"https:\\\/\\\/www.apres-lecole.fr\\\/Blog\\\/inauguration-ecole-vignoc\\\/#article\",\"isPartOf\":{\"@id\":\"https:\\\/\\\/www.apres-lecole.fr\\\/Blog\\\/inauguration-ecole-vignoc\\\/\"},\"author\":{\"name\":\"Eva Martin\",\"@id\":\"https:\\\/\\\/www.apres-lecole.fr\\\/Blog\\\/#\\\/schema\\\/person\\\/aeb50cd4b51fc69da155804bb5bb9fc4\"},\"headline\":\"Inauguration de l&rsquo;\u00e9cole maternelle Jean-de La Fontaine \u00e0 Vignoc\",\"datePublished\":\"2025-04-10T07:47:16+00:00\",\"mainEntityOfPage\":{\"@id\":\"https:\\\/\\\/www.apres-lecole.fr\\\/Blog\\\/inauguration-ecole-vignoc\\\/\"},\"wordCount\":1482,\"commentCount\":0,\"image\":{\"@id\":\"https:\\\/\\\/www.apres-lecole.fr\\\/Blog\\\/inauguration-ecole-vignoc\\\/#primaryimage\"},\"thumbnailUrl\":\"https:\\\/\\\/www.apres-lecole.fr\\\/Blog\\\/wp-content\\\/uploads\\\/2025\\\/04\\\/Inauguration-de-lecole-maternelle-Jean-de-La-Fontaine-a-Vignoc.jpg\",\"keywords\":[\"\u00e9cole maternelle\",\"\u00e9ducation\",\"inauguration\",\"jean-de la fontaine\",\"vignoc\"],\"articleSection\":[\"Actualit\u00e9s\"],\"inLanguage\":\"fr-FR\",\"potentialAction\":[{\"@type\":\"CommentAction\",\"name\":\"Comment\",\"target\":[\"https:\\\/\\\/www.apres-lecole.fr\\\/Blog\\\/inauguration-ecole-vignoc\\\/#respond\"]}]},{\"@type\":\"WebPage\",\"@id\":\"https:\\\/\\\/www.apres-lecole.fr\\\/Blog\\\/inauguration-ecole-vignoc\\\/\",\"url\":\"https:\\\/\\\/www.apres-lecole.fr\\\/Blog\\\/inauguration-ecole-vignoc\\\/\",\"name\":\"Inauguration de l'\u00e9cole maternelle Jean-de La Fontaine : un nouveau d\u00e9part pour Vignoc\",\"isPartOf\":{\"@id\":\"https:\\\/\\\/www.apres-lecole.fr\\\/Blog\\\/#website\"},\"primaryImageOfPage\":{\"@id\":\"https:\\\/\\\/www.apres-lecole.fr\\\/Blog\\\/inauguration-ecole-vignoc\\\/#primaryimage\"},\"image\":{\"@id\":\"https:\\\/\\\/www.apres-lecole.fr\\\/Blog\\\/inauguration-ecole-vignoc\\\/#primaryimage\"},\"thumbnailUrl\":\"https:\\\/\\\/www.apres-lecole.fr\\\/Blog\\\/wp-content\\\/uploads\\\/2025\\\/04\\\/Inauguration-de-lecole-maternelle-Jean-de-La-Fontaine-a-Vignoc.jpg\",\"datePublished\":\"2025-04-10T07:47:16+00:00\",\"author\":{\"@id\":\"https:\\\/\\\/www.apres-lecole.fr\\\/Blog\\\/#\\\/schema\\\/person\\\/aeb50cd4b51fc69da155804bb5bb9fc4\"},\"description\":\"D\u00e9couvrez l'inauguration de l'\u00e9cole maternelle Jean-de La Fontaine \u00e0 Vignoc, un moment cl\u00e9 pour l'\u00e9ducation locale. Cet \u00e9v\u00e9nement marque l'ouverture d'un espace d\u00e9di\u00e9 \u00e0 l'\u00e9panouissement des tout-petits, o\u00f9 l'apprentissage et le jeu se rencontrent. Rejoignez-nous pour c\u00e9l\u00e9brer cette nouvelle \u00e9tape dans la vie de notre communaut\u00e9 !\",\"breadcrumb\":{\"@id\":\"https:\\\/\\\/www.apres-lecole.fr\\\/Blog\\\/inauguration-ecole-vignoc\\\/#breadcrumb\"},\"inLanguage\":\"fr-FR\",\"potentialAction\":[{\"@type\":\"ReadAction\",\"target\":[\"https:\\\/\\\/www.apres-lecole.fr\\\/Blog\\\/inauguration-ecole-vignoc\\\/\"]}]},{\"@type\":\"ImageObject\",\"inLanguage\":\"fr-FR\",\"@id\":\"https:\\\/\\\/www.apres-lecole.fr\\\/Blog\\\/inauguration-ecole-vignoc\\\/#primaryimage\",\"url\":\"https:\\\/\\\/www.apres-lecole.fr\\\/Blog\\\/wp-content\\\/uploads\\\/2025\\\/04\\\/Inauguration-de-lecole-maternelle-Jean-de-La-Fontaine-a-Vignoc.jpg\",\"contentUrl\":\"https:\\\/\\\/www.apres-lecole.fr\\\/Blog\\\/wp-content\\\/uploads\\\/2025\\\/04\\\/Inauguration-de-lecole-maternelle-Jean-de-La-Fontaine-a-Vignoc.jpg\",\"width\":1344,\"height\":768,\"caption\":\"assistez \u00e0 l'inauguration de l'\u00e9cole maternelle jean-de la fontaine \u00e0 vignoc, un \u00e9v\u00e9nement marquant pour la communaut\u00e9 locale. d\u00e9couvrez les installations modernes et les projets \u00e9ducatifs qui encouragent l'apprentissage pr\u00e9coce dans un cadre chaleureux et accueillant.\"},{\"@type\":\"BreadcrumbList\",\"@id\":\"https:\\\/\\\/www.apres-lecole.fr\\\/Blog\\\/inauguration-ecole-vignoc\\\/#breadcrumb\",\"itemListElement\":[{\"@type\":\"ListItem\",\"position\":1,\"name\":\"Home\",\"item\":\"https:\\\/\\\/www.apres-lecole.fr\\\/Blog\\\/\"},{\"@type\":\"ListItem\",\"position\":2,\"name\":\"Inauguration de l&rsquo;\u00e9cole maternelle Jean-de La Fontaine \u00e0 Vignoc\"}]},{\"@type\":\"WebSite\",\"@id\":\"https:\\\/\\\/www.apres-lecole.fr\\\/Blog\\\/#website\",\"url\":\"https:\\\/\\\/www.apres-lecole.fr\\\/Blog\\\/\",\"name\":\"\",\"description\":\"M\u00e9dia g\u00e9n\u00e9raliste\",\"potentialAction\":[{\"@type\":\"SearchAction\",\"target\":{\"@type\":\"EntryPoint\",\"urlTemplate\":\"https:\\\/\\\/www.apres-lecole.fr\\\/Blog\\\/?s={search_term_string}\"},\"query-input\":{\"@type\":\"PropertyValueSpecification\",\"valueRequired\":true,\"valueName\":\"search_term_string\"}}],\"inLanguage\":\"fr-FR\"},{\"@type\":\"Person\",\"@id\":\"https:\\\/\\\/www.apres-lecole.fr\\\/Blog\\\/#\\\/schema\\\/person\\\/aeb50cd4b51fc69da155804bb5bb9fc4\",\"name\":\"Eva Martin\",\"image\":{\"@type\":\"ImageObject\",\"inLanguage\":\"fr-FR\",\"@id\":\"https:\\\/\\\/secure.gravatar.com\\\/avatar\\\/55c53222558b27a72015a64073a80edce4abd33369394b9bf2c5cd6c19d12682?s=96&d=mm&r=g\",\"url\":\"https:\\\/\\\/secure.gravatar.com\\\/avatar\\\/55c53222558b27a72015a64073a80edce4abd33369394b9bf2c5cd6c19d12682?s=96&d=mm&r=g\",\"contentUrl\":\"https:\\\/\\\/secure.gravatar.com\\\/avatar\\\/55c53222558b27a72015a64073a80edce4abd33369394b9bf2c5cd6c19d12682?s=96&d=mm&r=g\",\"caption\":\"Eva Martin\"},\"description\":\"Je parle de business et d'entrepreneuriat avec des conseils clairs, concrets et actionnables pour r\u00e9ussir\",\"sameAs\":[\"https:\\\/\\\/x.com\\\/Evaapresecole\"],\"url\":\"https:\\\/\\\/www.apres-lecole.fr\\\/Blog\\\/author\\\/evamartin\\\/\"}]}<\/script>\n<!-- \/ Yoast SEO plugin. -->","yoast_head_json":{"title":"Inauguration de l'\u00e9cole maternelle Jean-de La Fontaine : un nouveau d\u00e9part pour Vignoc","description":"D\u00e9couvrez l'inauguration de l'\u00e9cole maternelle Jean-de La Fontaine \u00e0 Vignoc, un moment cl\u00e9 pour l'\u00e9ducation locale. Cet \u00e9v\u00e9nement marque l'ouverture d'un espace d\u00e9di\u00e9 \u00e0 l'\u00e9panouissement des tout-petits, o\u00f9 l'apprentissage et le jeu se rencontrent. Rejoignez-nous pour c\u00e9l\u00e9brer cette nouvelle \u00e9tape dans la vie de notre communaut\u00e9 !","robots":{"index":"index","follow":"follow","max-snippet":"max-snippet:-1","max-image-preview":"max-image-preview:large","max-video-preview":"max-video-preview:-1"},"canonical":"https:\/\/www.apres-lecole.fr\/Blog\/inauguration-ecole-vignoc\/","og_locale":"fr_FR","og_type":"article","og_title":"Inauguration de l'\u00e9cole maternelle Jean-de La Fontaine : un nouveau d\u00e9part pour Vignoc","og_description":"D\u00e9couvrez l'inauguration de l'\u00e9cole maternelle Jean-de La Fontaine \u00e0 Vignoc, un moment cl\u00e9 pour l'\u00e9ducation locale. Cet \u00e9v\u00e9nement marque l'ouverture d'un espace d\u00e9di\u00e9 \u00e0 l'\u00e9panouissement des tout-petits, o\u00f9 l'apprentissage et le jeu se rencontrent. Rejoignez-nous pour c\u00e9l\u00e9brer cette nouvelle \u00e9tape dans la vie de notre communaut\u00e9 !","og_url":"https:\/\/www.apres-lecole.fr\/Blog\/inauguration-ecole-vignoc\/","article_published_time":"2025-04-10T07:47:16+00:00","og_image":[{"width":1344,"height":768,"url":"https:\/\/www.apres-lecole.fr\/Blog\/wp-content\/uploads\/2025\/04\/Inauguration-de-lecole-maternelle-Jean-de-La-Fontaine-a-Vignoc.jpg","type":"image\/jpeg"}],"author":"Eva Martin","twitter_card":"summary_large_image","twitter_creator":"@Evaapresecole","twitter_misc":{"\u00c9crit par":"Eva Martin","Dur\u00e9e de lecture estim\u00e9e":"7 minutes"},"schema":{"@context":"https:\/\/schema.org","@graph":[{"@type":"Article","@id":"https:\/\/www.apres-lecole.fr\/Blog\/inauguration-ecole-vignoc\/#article","isPartOf":{"@id":"https:\/\/www.apres-lecole.fr\/Blog\/inauguration-ecole-vignoc\/"},"author":{"name":"Eva Martin","@id":"https:\/\/www.apres-lecole.fr\/Blog\/#\/schema\/person\/aeb50cd4b51fc69da155804bb5bb9fc4"},"headline":"Inauguration de l&rsquo;\u00e9cole maternelle Jean-de La Fontaine \u00e0 Vignoc","datePublished":"2025-04-10T07:47:16+00:00","mainEntityOfPage":{"@id":"https:\/\/www.apres-lecole.fr\/Blog\/inauguration-ecole-vignoc\/"},"wordCount":1482,"commentCount":0,"image":{"@id":"https:\/\/www.apres-lecole.fr\/Blog\/inauguration-ecole-vignoc\/#primaryimage"},"thumbnailUrl":"https:\/\/www.apres-lecole.fr\/Blog\/wp-content\/uploads\/2025\/04\/Inauguration-de-lecole-maternelle-Jean-de-La-Fontaine-a-Vignoc.jpg","keywords":["\u00e9cole maternelle","\u00e9ducation","inauguration","jean-de la fontaine","vignoc"],"articleSection":["Actualit\u00e9s"],"inLanguage":"fr-FR","potentialAction":[{"@type":"CommentAction","name":"Comment","target":["https:\/\/www.apres-lecole.fr\/Blog\/inauguration-ecole-vignoc\/#respond"]}]},{"@type":"WebPage","@id":"https:\/\/www.apres-lecole.fr\/Blog\/inauguration-ecole-vignoc\/","url":"https:\/\/www.apres-lecole.fr\/Blog\/inauguration-ecole-vignoc\/","name":"Inauguration de l'\u00e9cole maternelle Jean-de La Fontaine : un nouveau d\u00e9part pour Vignoc","isPartOf":{"@id":"https:\/\/www.apres-lecole.fr\/Blog\/#website"},"primaryImageOfPage":{"@id":"https:\/\/www.apres-lecole.fr\/Blog\/inauguration-ecole-vignoc\/#primaryimage"},"image":{"@id":"https:\/\/www.apres-lecole.fr\/Blog\/inauguration-ecole-vignoc\/#primaryimage"},"thumbnailUrl":"https:\/\/www.apres-lecole.fr\/Blog\/wp-content\/uploads\/2025\/04\/Inauguration-de-lecole-maternelle-Jean-de-La-Fontaine-a-Vignoc.jpg","datePublished":"2025-04-10T07:47:16+00:00","author":{"@id":"https:\/\/www.apres-lecole.fr\/Blog\/#\/schema\/person\/aeb50cd4b51fc69da155804bb5bb9fc4"},"description":"D\u00e9couvrez l'inauguration de l'\u00e9cole maternelle Jean-de La Fontaine \u00e0 Vignoc, un moment cl\u00e9 pour l'\u00e9ducation locale. Cet \u00e9v\u00e9nement marque l'ouverture d'un espace d\u00e9di\u00e9 \u00e0 l'\u00e9panouissement des tout-petits, o\u00f9 l'apprentissage et le jeu se rencontrent. Rejoignez-nous pour c\u00e9l\u00e9brer cette nouvelle \u00e9tape dans la vie de notre communaut\u00e9 !","breadcrumb":{"@id":"https:\/\/www.apres-lecole.fr\/Blog\/inauguration-ecole-vignoc\/#breadcrumb"},"inLanguage":"fr-FR","potentialAction":[{"@type":"ReadAction","target":["https:\/\/www.apres-lecole.fr\/Blog\/inauguration-ecole-vignoc\/"]}]},{"@type":"ImageObject","inLanguage":"fr-FR","@id":"https:\/\/www.apres-lecole.fr\/Blog\/inauguration-ecole-vignoc\/#primaryimage","url":"https:\/\/www.apres-lecole.fr\/Blog\/wp-content\/uploads\/2025\/04\/Inauguration-de-lecole-maternelle-Jean-de-La-Fontaine-a-Vignoc.jpg","contentUrl":"https:\/\/www.apres-lecole.fr\/Blog\/wp-content\/uploads\/2025\/04\/Inauguration-de-lecole-maternelle-Jean-de-La-Fontaine-a-Vignoc.jpg","width":1344,"height":768,"caption":"assistez \u00e0 l'inauguration de l'\u00e9cole maternelle jean-de la fontaine \u00e0 vignoc, un \u00e9v\u00e9nement marquant pour la communaut\u00e9 locale. d\u00e9couvrez les installations modernes et les projets \u00e9ducatifs qui encouragent l'apprentissage pr\u00e9coce dans un cadre chaleureux et accueillant."},{"@type":"BreadcrumbList","@id":"https:\/\/www.apres-lecole.fr\/Blog\/inauguration-ecole-vignoc\/#breadcrumb","itemListElement":[{"@type":"ListItem","position":1,"name":"Home","item":"https:\/\/www.apres-lecole.fr\/Blog\/"},{"@type":"ListItem","position":2,"name":"Inauguration de l&rsquo;\u00e9cole maternelle Jean-de La Fontaine \u00e0 Vignoc"}]},{"@type":"WebSite","@id":"https:\/\/www.apres-lecole.fr\/Blog\/#website","url":"https:\/\/www.apres-lecole.fr\/Blog\/","name":"","description":"M\u00e9dia g\u00e9n\u00e9raliste","potentialAction":[{"@type":"SearchAction","target":{"@type":"EntryPoint","urlTemplate":"https:\/\/www.apres-lecole.fr\/Blog\/?s={search_term_string}"},"query-input":{"@type":"PropertyValueSpecification","valueRequired":true,"valueName":"search_term_string"}}],"inLanguage":"fr-FR"},{"@type":"Person","@id":"https:\/\/www.apres-lecole.fr\/Blog\/#\/schema\/person\/aeb50cd4b51fc69da155804bb5bb9fc4","name":"Eva Martin","image":{"@type":"ImageObject","inLanguage":"fr-FR","@id":"https:\/\/secure.gravatar.com\/avatar\/55c53222558b27a72015a64073a80edce4abd33369394b9bf2c5cd6c19d12682?s=96&d=mm&r=g","url":"https:\/\/secure.gravatar.com\/avatar\/55c53222558b27a72015a64073a80edce4abd33369394b9bf2c5cd6c19d12682?s=96&d=mm&r=g","contentUrl":"https:\/\/secure.gravatar.com\/avatar\/55c53222558b27a72015a64073a80edce4abd33369394b9bf2c5cd6c19d12682?s=96&d=mm&r=g","caption":"Eva Martin"},"description":"Je parle de business et d'entrepreneuriat avec des conseils clairs, concrets et actionnables pour r\u00e9ussir","sameAs":["https:\/\/x.com\/Evaapresecole"],"url":"https:\/\/www.apres-lecole.fr\/Blog\/author\/evamartin\/"}]}},"views":13,"_links":{"self":[{"href":"https:\/\/www.apres-lecole.fr\/Blog\/wp-json\/wp\/v2\/posts\/1828","targetHints":{"allow":["GET"]}}],"collection":[{"href":"https:\/\/www.apres-lecole.fr\/Blog\/wp-json\/wp\/v2\/posts"}],"about":[{"href":"https:\/\/www.apres-lecole.fr\/Blog\/wp-json\/wp\/v2\/types\/post"}],"author":[{"embeddable":true,"href":"https:\/\/www.apres-lecole.fr\/Blog\/wp-json\/wp\/v2\/users\/9"}],"replies":[{"embeddable":true,"href":"https:\/\/www.apres-lecole.fr\/Blog\/wp-json\/wp\/v2\/comments?post=1828"}],"version-history":[{"count":0,"href":"https:\/\/www.apres-lecole.fr\/Blog\/wp-json\/wp\/v2\/posts\/1828\/revisions"}],"wp:featuredmedia":[{"embeddable":true,"href":"https:\/\/www.apres-lecole.fr\/Blog\/wp-json\/wp\/v2\/media\/1827"}],"wp:attachment":[{"href":"https:\/\/www.apres-lecole.fr\/Blog\/wp-json\/wp\/v2\/media?parent=1828"}],"wp:term":[{"taxonomy":"category","embeddable":true,"href":"https:\/\/www.apres-lecole.fr\/Blog\/wp-json\/wp\/v2\/categories?post=1828"},{"taxonomy":"post_tag","embeddable":true,"href":"https:\/\/www.apres-lecole.fr\/Blog\/wp-json\/wp\/v2\/tags?post=1828"}],"curies":[{"name":"wp","href":"https:\/\/api.w.org\/{rel}","templated":true}]}}