{"id":1826,"date":"2025-04-09T21:31:10","date_gmt":"2025-04-09T21:31:10","guid":{"rendered":"https:\/\/www.apres-lecole.fr\/Blog\/statut-directeurs-ecole-paris\/"},"modified":"2025-04-09T21:31:10","modified_gmt":"2025-04-09T21:31:10","slug":"statut-directeurs-ecole-paris","status":"publish","type":"post","link":"https:\/\/www.apres-lecole.fr\/Blog\/statut-directeurs-ecole-paris\/","title":{"rendered":"\u00c0 Paris, le statut exceptionnel des directeurs d&rsquo;\u00e9cole sous examen"},"content":{"rendered":"\n\n<div class=\"kk-star-ratings kksr-auto kksr-align-left kksr-valign-top\"\n    data-payload='{&quot;align&quot;:&quot;left&quot;,&quot;id&quot;:&quot;1826&quot;,&quot;slug&quot;:&quot;default&quot;,&quot;valign&quot;:&quot;top&quot;,&quot;ignore&quot;:&quot;&quot;,&quot;reference&quot;:&quot;auto&quot;,&quot;class&quot;:&quot;&quot;,&quot;count&quot;:&quot;0&quot;,&quot;legendonly&quot;:&quot;&quot;,&quot;readonly&quot;:&quot;&quot;,&quot;score&quot;:&quot;0&quot;,&quot;starsonly&quot;:&quot;&quot;,&quot;best&quot;:&quot;5&quot;,&quot;gap&quot;:&quot;5&quot;,&quot;greet&quot;:&quot;Rate this post&quot;,&quot;legend&quot;:&quot;0\\\/5 - (0 vote)&quot;,&quot;size&quot;:&quot;24&quot;,&quot;title&quot;:&quot;\u00c0 Paris, le statut exceptionnel des directeurs d\\u0026#039;\u00e9cole sous examen&quot;,&quot;width&quot;:&quot;0&quot;,&quot;_legend&quot;:&quot;{score}\\\/{best} - ({count} {votes})&quot;,&quot;font_factor&quot;:&quot;1.25&quot;}'>\n            \n<div class=\"kksr-stars\">\n    \n<div class=\"kksr-stars-inactive\">\n            <div class=\"kksr-star\" data-star=\"1\" style=\"padding-right: 5px\">\n            \n\n<div class=\"kksr-icon\" style=\"width: 24px; height: 24px;\"><\/div>\n        <\/div>\n            <div class=\"kksr-star\" data-star=\"2\" style=\"padding-right: 5px\">\n            \n\n<div class=\"kksr-icon\" style=\"width: 24px; height: 24px;\"><\/div>\n        <\/div>\n            <div class=\"kksr-star\" data-star=\"3\" style=\"padding-right: 5px\">\n            \n\n<div class=\"kksr-icon\" style=\"width: 24px; height: 24px;\"><\/div>\n        <\/div>\n            <div class=\"kksr-star\" data-star=\"4\" style=\"padding-right: 5px\">\n            \n\n<div class=\"kksr-icon\" style=\"width: 24px; height: 24px;\"><\/div>\n        <\/div>\n            <div class=\"kksr-star\" data-star=\"5\" style=\"padding-right: 5px\">\n            \n\n<div class=\"kksr-icon\" style=\"width: 24px; height: 24px;\"><\/div>\n        <\/div>\n    <\/div>\n    \n<div class=\"kksr-stars-active\" style=\"width: 0px;\">\n            <div class=\"kksr-star\" style=\"padding-right: 5px\">\n            \n\n<div class=\"kksr-icon\" style=\"width: 24px; height: 24px;\"><\/div>\n        <\/div>\n            <div class=\"kksr-star\" style=\"padding-right: 5px\">\n            \n\n<div class=\"kksr-icon\" style=\"width: 24px; height: 24px;\"><\/div>\n        <\/div>\n            <div class=\"kksr-star\" style=\"padding-right: 5px\">\n            \n\n<div class=\"kksr-icon\" style=\"width: 24px; height: 24px;\"><\/div>\n        <\/div>\n            <div class=\"kksr-star\" style=\"padding-right: 5px\">\n            \n\n<div class=\"kksr-icon\" style=\"width: 24px; height: 24px;\"><\/div>\n        <\/div>\n            <div class=\"kksr-star\" style=\"padding-right: 5px\">\n            \n\n<div class=\"kksr-icon\" style=\"width: 24px; height: 24px;\"><\/div>\n        <\/div>\n    <\/div>\n<\/div>\n                \n\n<div class=\"kksr-legend\" style=\"font-size: 19.2px;\">\n            <span class=\"kksr-muted\">Rate this post<\/span>\n    <\/div>\n    <\/div>\n<p>\u00c0 Paris, la situation des directeurs d&rsquo;\u00e9cole est en effervescence. Le 11 f\u00e9vrier dernier, une mobilisation d&rsquo;enseignants, parents d&rsquo;\u00e9l\u00e8ves et \u00e9lus a eu lieu pour d\u00e9fendre le r\u00e9gime d\u00e9rogatoire qui leur permet de b\u00e9n\u00e9ficier de d\u00e9charges d&rsquo;enseignement plus avantageuses que la norme nationale. Les enjeux vont bien au-del\u00e0 de simples horaires de travail; ils touchent \u00e0 l&rsquo;essence m\u00eame du fonctionnement des \u00e9tablissements scolaires dans la capitale. Alors qu&rsquo;une concertation lanc\u00e9e par le minist\u00e8re de l&rsquo;\u00c9ducation nationale est en cours, l&rsquo;avenir du statut particulier des directeurs d&rsquo;\u00e9cole reste flou, provoquant des questionnements au sein de la communaut\u00e9 \u00e9ducative.<\/p>\n\n<ul class=\"wp-block-list\"><li>Mobilisation \u00e0 Paris pour le maintien du r\u00e9gime d\u00e9rogatoire \ud83d\udce2<\/li><li>R\u00e9gimes de d\u00e9charge d&rsquo;enseignement : Paris vs le reste de la France \u2696\ufe0f<\/li><li>Impact sur les \u00e9coles maternelles et \u00e9l\u00e9mentaires \ud83c\udfeb<\/li><li>R\u00e9actions des syndicats et des parents d&rsquo;\u00e9l\u00e8ves \ud83d\udde3\ufe0f<\/li><li>Quelles perspectives pour 2025 ? \ud83d\udd2e<\/li><\/ul>\n\n<h2 class=\"wp-block-heading\">Mobilisation et r\u00e9actions autour du r\u00e9gime d\u00e9rogatoire<\/h2>\n\n<p>Le 11 f\u00e9vrier 2025, environ un millier de personnes se sont r\u00e9unies dans les rues de Paris pour revendiquer le maintien des d\u00e9charges d&rsquo;enseignement pour les directeurs d&rsquo;\u00e9cole. Parmi eux se trouvaient des membres de l&rsquo;Union des directeurs d&rsquo;\u00e9cole, des repr\u00e9sentants de la F\u00e9d\u00e9ration des parents d&rsquo;\u00e9l\u00e8ves, et des enseignants en col\u00e8re. Cette mobilisation a r\u00e9v\u00e9l\u00e9 un v\u00e9ritable ras-le-bol face \u00e0 une r\u00e9forme jug\u00e9e impr\u00e9vue et d\u00e9sastreuse pour le syst\u00e8me \u00e9ducatif.<\/p>\n\n<p>La maire de Paris, Anne Hidalgo, a soulign\u00e9 l&rsquo;importance des directeurs d&rsquo;\u00e9cole, les qualifiant de \u00ab\u00a0figures de la communaut\u00e9 \u00e9ducative\u00a0\u00bb. Leur r\u00f4le va au-del\u00e0 de la simple gestion, ils sont souvent les premiers interlocuteurs des parents au moment o\u00f9 ils d\u00e9posent leurs enfants \u00e0 l&rsquo;\u00e9cole. Leur responsabilit\u00e9 est telle qu&rsquo;une d\u00e9charge d&rsquo;enseignement leur permettrait de mieux se consacrer \u00e0 leurs t\u00e2ches administratives et p\u00e9dagogiques.<\/p>\n\n<h3 class=\"wp-block-heading\">Qu&rsquo;est-ce qu&rsquo;une d\u00e9charge d&rsquo;enseignement ?<\/h3>\n\n<p>Les directeurs d&rsquo;\u00e9coles publiques en France b\u00e9n\u00e9ficient d\u2019une d\u00e9charge d\u2019enseignement qui varie selon le nombre de classes de leur \u00e9tablissement. Voici un aper\u00e7u rapide :<\/p>\n\n<figure class=\"wp-block-table\"><table>\n<thead>\n<tr>\n<th>Nombre de classes<\/th>\n<th>Type de d\u00e9charge<\/th>\n<\/tr>\n<\/thead>\n<tbody>\n<tr>\n<td>Moins de 5 classes<\/td>\n<td>Pas de d\u00e9charge<\/td>\n<\/tr>\n<tr>\n<td>5 \u00e0 8 classes<\/td>\n<td>D\u00e9charge partielle<\/td>\n<\/tr>\n<tr>\n<td>9 \u00e0 11 classes<\/td>\n<td>D\u00e9charge d&rsquo;un tiers<\/td>\n<\/tr>\n<tr>\n<td>12 classes et plus<\/td>\n<td>D\u00e9charge totale<\/td>\n<\/tr>\n<\/tbody>\n<\/table><\/figure>\n\n<p>\u00c0 Paris, le r\u00e9gime est d\u00e9rogatoire : un directeur devient enti\u00e8rement d\u00e9charg\u00e9 d\u00e8s son \u00e9cole atteignant cinq classes. Cette particularit\u00e9, en place depuis 1982, est aujourd&rsquo;hui remise en question, suscitant un vif d\u00e9bat autour de la gestion scolaire dans la capitale.<\/p>\n\n<h2 class=\"wp-block-heading\">Les enjeux du r\u00e9gime d\u00e9rogatoire des directeurs d&rsquo;\u00e9cole \u00e0 Paris<\/h2>\n\n<p>La remise en cause du r\u00e9gime d\u00e9rogatoire des directeurs d\u2019\u00e9cole \u00e0 Paris ne se limite pas simplement \u00e0 un changement du statut des enseignants. Les implications de cette r\u00e9forme pourraient affecter la qualit\u00e9 de l&rsquo;\u00e9ducation offerte aux \u00e9l\u00e8ves. Lorsqu&rsquo;un directeur d&rsquo;\u00e9cole est surcharg\u00e9 de cours, il lui devient plus difficile de se concentrer sur la gestion, l&rsquo;encadrement et le d\u00e9veloppement des projets p\u00e9dagogiques.<\/p>\n\n<h3 class=\"wp-block-heading\">Les pr\u00e9occupations des directeurs d&rsquo;\u00e9tablissement<\/h3>\n\n<p>Le Collectif des directeurs d&rsquo;\u00e9tablissement a exprim\u00e9 des inqui\u00e9tudes face \u00e0 un changement qui pourrait engendrer des difficult\u00e9s suppl\u00e9mentaires pour la direction scolaire. En effet, les t\u00e2ches qui incombent aux directeurs sont multiples et vari\u00e9es :<\/p>\n\n<ul class=\"wp-block-list\"><li>Gestion administrative \ud83d\uddc2\ufe0f<\/li><li>Coordination des enseignants \ud83d\udc69\u200d\ud83c\udfeb<\/li><li>Suivi p\u00e9dagogique des \u00e9l\u00e8ves \ud83d\udcca<\/li><li>Relations avec les parents d&rsquo;\u00e9l\u00e8ves \ud83d\udc68\u200d\ud83d\udc69\u200d\ud83d\udc66<\/li><li>Projets scolaires et activit\u00e9s p\u00e9riscolaires \ud83c\udfa8<\/li><\/ul>\n\n<p>La fin de ces d\u00e9charges pourrait signifier que les directeurs passent plus de temps \u00e0 enseigner qu&rsquo;\u00e0 g\u00e9rer, une situation potentiellement catastrophique pour l&rsquo;organisation des \u00e9tablissements. Des t\u00e9moignages de directeurs d&rsquo;\u00e9cole \u00e9voquent d\u00e9j\u00e0 des nuits blanches et une pression accrue, que ce soit au niveau de l&rsquo;encadrement du personnel ou du suivi des \u00e9l\u00e8ves.<\/p>\n\n<figure class=\"wp-block-table\"><table>\n<thead>\n<tr>\n<th>Cons\u00e9quences possibles<\/th>\n<th>Impact sur l&rsquo;\u00e9cole<\/th>\n<\/tr>\n<\/thead>\n<tbody>\n<tr>\n<td>Charge de travail accrue<\/td>\n<td>Perturbation de l&rsquo;organisation scolaire<\/td>\n<\/tr>\n<tr>\n<td>Moins de temps pour les projets p\u00e9dagogiques<\/td>\n<td>Affaiblissement de l&rsquo;innovation \u00e9ducative<\/td>\n<\/tr>\n<tr>\n<td>Relai d&rsquo;information avec les parents ralenti<\/td>\n<td>Confiance diminu\u00e9e des parents<\/td>\n<\/tr>\n<\/tbody>\n<\/table><\/figure>\n\n<h2 class=\"wp-block-heading\">Les r\u00e9actions des syndicats et des parents d&rsquo;\u00e9l\u00e8ves<\/h2>\n\n<p>Les syndicats d&rsquo;enseignants et les repr\u00e9sentants des parents d&rsquo;\u00e9l\u00e8ves n&rsquo;ont pas tard\u00e9 \u00e0 r\u00e9agir face aux annonces du minist\u00e8re de l&rsquo;\u00c9ducation nationale. Le Syndicat des enseignants a appel\u00e9 \u00e0 une r\u00e9forme plus juste qui prenne en compte la r\u00e9alit\u00e9 de la vie scolaire \u00e0 Paris. Ils craignent que ces changements n&rsquo;entra\u00eenent une d\u00e9gradation rapide des conditions de travail pour les directeurs et, par ricochet, une baisse de la qualit\u00e9 \u00e9ducative.<\/p>\n\n<p>De leur c\u00f4t\u00e9, la F\u00e9d\u00e9ration des parents d&rsquo;\u00e9l\u00e8ves a alert\u00e9 sur l&rsquo;impact \u00e9ventuel sur les \u00e9l\u00e8ves. Un parent d\u2019\u00e9l\u00e8ve a m\u00eame d\u00e9clar\u00e9 : \u00ab\u00a0Si les directeurs passent moins de temps \u00e0 g\u00e9rer l&rsquo;\u00e9cole et plus de temps devant une classe, qui s&rsquo;occupera des besoins sp\u00e9cifiques de nos enfants?\u00a0\u00bb<\/p>\n\n<h3 class=\"wp-block-heading\">Mobilisation des associations de parents d&rsquo;\u00e9l\u00e8ves<\/h3>\n\n<p>Le soutien des associations telles que l\u2019Association des chefs d&rsquo;\u00e9tablissement est essentiel pour la mobilisation actuelle. Elles ont plaid\u00e9 pour que le minist\u00e8re consulte davantage l&rsquo;ensemble des acteurs de la communaut\u00e9 \u00e9ducative avant de prendre des d\u00e9cisions aussi impactantes. Selon certaines \u00e9tudes, les \u00e9coles avec des directeurs d\u00e9charg\u00e9s t\u00e9moignent d&rsquo;un meilleur climat scolaire et d&rsquo;une plus grande satisfaction du personnel enseignant.<\/p>\n\n<h2 class=\"wp-block-heading\">Avenir et perspectives pour 2025 : une r\u00e9flexion n\u00e9cessaire<\/h2>\n\n<p>La situation des directeurs d&rsquo;\u00e9cole \u00e0 Paris se retrouve ainsi au c\u0153ur de d\u00e9bats passionnants, mais aussi inqui\u00e9tants. Les effets de la fin du r\u00e9gime d\u00e9rogatoire va bien au-del\u00e0 des simples heures de cours supprim\u00e9es\u00a0: il pourrait ouvrir la voie \u00e0 de profondes r\u00e9formes concernant la gestion \u00e9ducative.<\/p>\n\n<p>Dans cette optique, l&rsquo;ann\u00e9e 2025 pourrait \u00eatre charni\u00e8re, soit pour la d\u00e9fense d&rsquo;un mod\u00e8le \u00e9ducatif reconnu, soit pour s&rsquo;orienter vers un avenir moins inclusif et organis\u00e9. La communaut\u00e9 \u00e9ducative se doit de s&rsquo;interroger sur la direction \u00e0 donner \u00e0 l&rsquo;\u00e9ducation dans la capitale. Les prochains mois seront d\u00e9cisifs pour dessiner le futur des directeurs et, par cons\u00e9quent, celui des \u00e9l\u00e8ves qu&rsquo;ils accompagnent jour apr\u00e8s jour.<\/p>\n\n<h3 class=\"wp-block-heading\">Quelles sont les alternatives ?<\/h3>\n\n<p>Une question qui m\u00e9rite r\u00e9flexion : quelles pourraient \u00eatre les solutions alternatives \u00e0 cette r\u00e9forme ? Voici quelques suggestions qui pourraient r\u00e9pondre aux pr\u00e9occupations \u00e9voqu\u00e9es :<\/p>\n\n<ul class=\"wp-block-list\"><li>Augmentation des ressources humaines dans les \u00e9coles \ud83d\udc65<\/li><li>Formation continue pour les directeurs dans la gestion d\u2019\u00e9quipe \ud83d\udcda<\/li><li>Mise en place d&rsquo;une plateforme d\u2019\u00e9change entre les directeurs d&rsquo;\u00e9tablissements \ud83d\udde3\ufe0f<\/li><li>Sensibilisation sur l\u2019importance de la direction scolaire aupr\u00e8s des parents \ud83d\udcac<\/li><\/ul>\n\n<figure class=\"wp-block-table\"><table>\n<thead>\n<tr>\n<th>Options possibles<\/th>\n<th>Avantages<\/th>\n<\/tr>\n<\/thead>\n<tbody>\n<tr>\n<td>Cr\u00e9ation de p\u00f4les de support scolaire<\/td>\n<td>All\u00e8gement des charges administratives pour les directeurs<\/td>\n<\/tr>\n<tr>\n<td>Collaboration renforc\u00e9e avec les collectivit\u00e9s locales<\/td>\n<td>Mise \u00e0 disposition de ressources mat\u00e9rielles et humaines<\/td>\n<\/tr>\n<tr>\n<td>\u00c9valuation des pratiques de direction<\/td>\n<td>Meilleure compr\u00e9hension des besoins r\u00e9els des \u00e9coles<\/td>\n<\/tr>\n<\/tbody>\n<\/table><\/figure>\n\n<h2 class=\"wp-block-heading\">FAQ sur le r\u00e9gime d\u00e9rogatoire des directeurs d&rsquo;\u00e9cole \u00e0 Paris<\/h2>\n\n<p><strong>Q1 : Pourquoi le r\u00e9gime d\u00e9rogatoire des directeurs d&rsquo;\u00e9cole \u00e0 Paris est-il contest\u00e9 ?<\/strong><\/p>\n\n<p>Le r\u00e9gime est contest\u00e9 car il est jug\u00e9 trop favorable par rapport \u00e0 celui des autres r\u00e9gions, provoquant des interrogations sur l&rsquo;\u00e9galit\u00e9 des conditions de travail des directeurs d&rsquo;\u00e9coles.<\/p>\n\n<p><strong>Q2 : Quelles sont les cons\u00e9quences de la fin de ce r\u00e9gime ?<\/strong><\/p>\n\n<p>La fin de ce r\u00e9gime pourrait entra\u00eener une surcharge de travail pour les directeurs, impactant ainsi la qualit\u00e9 de l&rsquo;\u00e9ducation et l&rsquo;organisation des \u00e9coles parisiennes.<\/p>\n\n<p><strong>Q3 : Qui sont les acteurs mobilis\u00e9s contre cette r\u00e9forme ?<\/strong><\/p>\n\n<p>Les acteurs concern\u00e9s incluent les enseignants, les parents d&rsquo;\u00e9l\u00e8ves, ainsi que divers syndicats et associations qui d\u00e9fendent les droits des directeurs d&rsquo;\u00e9tablissement.<\/p>\n\n<p><strong>Q4 : Comment la communaut\u00e9 \u00e9ducative peut-elle r\u00e9agir ?<\/strong><\/p>\n\n<p>Il est crucial que la communaut\u00e9 \u00e9ducative se mobilise pour d\u00e9fendre ses int\u00e9r\u00eats par le biais de manifestations, de concertations et de propositions de mise en place d&rsquo;alternatives.<\/p>\n\n<p><strong>Q5 : Quel avenir pour les directeurs d&rsquo;\u00e9cole \u00e0 Paris ?<\/strong><\/p>\n\n<p>L&rsquo;avenir reste incertain et d\u00e9pendra des d\u00e9cisions prises par le minist\u00e8re de l&rsquo;\u00c9ducation et des r\u00e9actions collectives des acteurs \u00e9ducatifs.<\/p>\n\n","protected":false},"excerpt":{"rendered":"<p>\u00c0 Paris, la situation des directeurs d&rsquo;\u00e9cole est en effervescence. Le 11 f\u00e9vrier dernier, une mobilisation d&rsquo;enseignants, parents d&rsquo;\u00e9l\u00e8ves et \u00e9lus a eu lieu pour d\u00e9fendre le r\u00e9gime d\u00e9rogatoire qui leur permet de b\u00e9n\u00e9ficier de d\u00e9charges d&rsquo;enseignement plus avantageuses que la norme nationale. Les enjeux vont bien au-del\u00e0 de simples horaires de travail; ils touchent &#8230; <a title=\"\u00c0 Paris, le statut exceptionnel des directeurs d&rsquo;\u00e9cole sous examen\" class=\"read-more\" href=\"https:\/\/www.apres-lecole.fr\/Blog\/statut-directeurs-ecole-paris\/\" aria-label=\"En savoir plus sur \u00c0 Paris, le statut exceptionnel des directeurs d&rsquo;\u00e9cole sous examen\">Lire plus<\/a><\/p>\n","protected":false},"author":9,"featured_media":1825,"comment_status":"open","ping_status":"open","sticky":false,"template":"","format":"standard","meta":{"footnotes":""},"categories":[342],"tags":[600,412,601,586,599],"class_list":["post-1826","post","type-post","status-publish","format-standard","has-post-thumbnail","hentry","category-actualites","tag-directeurs-decole","tag-education","tag-examen","tag-paris","tag-statut-exceptionnel"],"yoast_head":"<!-- This site is optimized with the Yoast SEO plugin v27.5 - https:\/\/yoast.com\/product\/yoast-seo-wordpress\/ -->\n<title>\u00c0 Paris, les directeurs d&#039;\u00e9cole face \u00e0 un nouveau d\u00e9fi<\/title>\n<meta name=\"description\" content=\"D\u00e9couvrez comment le statut exceptionnel des directeurs d&#039;\u00e9cole \u00e0 Paris est actuellement examin\u00e9. Plong\u00e9e dans les enjeux et perspectives de cette r\u00e9flexion qui pourrait transformer la direction scolaire dans la capitale. Restez inform\u00e9 des derni\u00e8res \u00e9volutions et analyses sur ce sujet crucial pour l&#039;\u00e9ducation.\" \/>\n<meta name=\"robots\" content=\"index, follow, max-snippet:-1, max-image-preview:large, max-video-preview:-1\" \/>\n<link rel=\"canonical\" href=\"https:\/\/www.apres-lecole.fr\/Blog\/statut-directeurs-ecole-paris\/\" \/>\n<meta property=\"og:locale\" content=\"fr_FR\" \/>\n<meta property=\"og:type\" content=\"article\" \/>\n<meta property=\"og:title\" content=\"\u00c0 Paris, les directeurs d&#039;\u00e9cole face \u00e0 un nouveau d\u00e9fi\" \/>\n<meta property=\"og:description\" content=\"D\u00e9couvrez comment le statut exceptionnel des directeurs d&#039;\u00e9cole \u00e0 Paris est actuellement examin\u00e9. Plong\u00e9e dans les enjeux et perspectives de cette r\u00e9flexion qui pourrait transformer la direction scolaire dans la capitale. Restez inform\u00e9 des derni\u00e8res \u00e9volutions et analyses sur ce sujet crucial pour l&#039;\u00e9ducation.\" \/>\n<meta property=\"og:url\" content=\"https:\/\/www.apres-lecole.fr\/Blog\/statut-directeurs-ecole-paris\/\" \/>\n<meta property=\"article:published_time\" content=\"2025-04-09T21:31:10+00:00\" \/>\n<meta property=\"og:image\" content=\"https:\/\/www.apres-lecole.fr\/Blog\/wp-content\/uploads\/2025\/04\/A-Paris-le-statut-exceptionnel-des-directeurs-decole-sous-examen.jpg\" \/>\n\t<meta property=\"og:image:width\" content=\"1344\" \/>\n\t<meta property=\"og:image:height\" content=\"768\" \/>\n\t<meta property=\"og:image:type\" content=\"image\/jpeg\" \/>\n<meta name=\"author\" content=\"Eva Martin\" \/>\n<meta name=\"twitter:card\" content=\"summary_large_image\" \/>\n<meta name=\"twitter:creator\" content=\"@Evaapresecole\" \/>\n<meta name=\"twitter:label1\" content=\"\u00c9crit par\" \/>\n\t<meta name=\"twitter:data1\" content=\"Eva Martin\" \/>\n\t<meta name=\"twitter:label2\" content=\"Dur\u00e9e de lecture estim\u00e9e\" \/>\n\t<meta name=\"twitter:data2\" content=\"7 minutes\" \/>\n<script type=\"application\/ld+json\" class=\"yoast-schema-graph\">{\"@context\":\"https:\\\/\\\/schema.org\",\"@graph\":[{\"@type\":\"Article\",\"@id\":\"https:\\\/\\\/www.apres-lecole.fr\\\/Blog\\\/statut-directeurs-ecole-paris\\\/#article\",\"isPartOf\":{\"@id\":\"https:\\\/\\\/www.apres-lecole.fr\\\/Blog\\\/statut-directeurs-ecole-paris\\\/\"},\"author\":{\"name\":\"Eva Martin\",\"@id\":\"https:\\\/\\\/www.apres-lecole.fr\\\/Blog\\\/#\\\/schema\\\/person\\\/aeb50cd4b51fc69da155804bb5bb9fc4\"},\"headline\":\"\u00c0 Paris, le statut exceptionnel des directeurs d&rsquo;\u00e9cole sous examen\",\"datePublished\":\"2025-04-09T21:31:10+00:00\",\"mainEntityOfPage\":{\"@id\":\"https:\\\/\\\/www.apres-lecole.fr\\\/Blog\\\/statut-directeurs-ecole-paris\\\/\"},\"wordCount\":1418,\"commentCount\":0,\"image\":{\"@id\":\"https:\\\/\\\/www.apres-lecole.fr\\\/Blog\\\/statut-directeurs-ecole-paris\\\/#primaryimage\"},\"thumbnailUrl\":\"https:\\\/\\\/www.apres-lecole.fr\\\/Blog\\\/wp-content\\\/uploads\\\/2025\\\/04\\\/A-Paris-le-statut-exceptionnel-des-directeurs-decole-sous-examen.jpg\",\"keywords\":[\"directeurs d'\u00e9cole\",\"\u00e9ducation\",\"examen\",\"paris\",\"statut exceptionnel\"],\"articleSection\":[\"Actualit\u00e9s\"],\"inLanguage\":\"fr-FR\",\"potentialAction\":[{\"@type\":\"CommentAction\",\"name\":\"Comment\",\"target\":[\"https:\\\/\\\/www.apres-lecole.fr\\\/Blog\\\/statut-directeurs-ecole-paris\\\/#respond\"]}]},{\"@type\":\"WebPage\",\"@id\":\"https:\\\/\\\/www.apres-lecole.fr\\\/Blog\\\/statut-directeurs-ecole-paris\\\/\",\"url\":\"https:\\\/\\\/www.apres-lecole.fr\\\/Blog\\\/statut-directeurs-ecole-paris\\\/\",\"name\":\"\u00c0 Paris, les directeurs d'\u00e9cole face \u00e0 un nouveau d\u00e9fi\",\"isPartOf\":{\"@id\":\"https:\\\/\\\/www.apres-lecole.fr\\\/Blog\\\/#website\"},\"primaryImageOfPage\":{\"@id\":\"https:\\\/\\\/www.apres-lecole.fr\\\/Blog\\\/statut-directeurs-ecole-paris\\\/#primaryimage\"},\"image\":{\"@id\":\"https:\\\/\\\/www.apres-lecole.fr\\\/Blog\\\/statut-directeurs-ecole-paris\\\/#primaryimage\"},\"thumbnailUrl\":\"https:\\\/\\\/www.apres-lecole.fr\\\/Blog\\\/wp-content\\\/uploads\\\/2025\\\/04\\\/A-Paris-le-statut-exceptionnel-des-directeurs-decole-sous-examen.jpg\",\"datePublished\":\"2025-04-09T21:31:10+00:00\",\"author\":{\"@id\":\"https:\\\/\\\/www.apres-lecole.fr\\\/Blog\\\/#\\\/schema\\\/person\\\/aeb50cd4b51fc69da155804bb5bb9fc4\"},\"description\":\"D\u00e9couvrez comment le statut exceptionnel des directeurs d'\u00e9cole \u00e0 Paris est actuellement examin\u00e9. Plong\u00e9e dans les enjeux et perspectives de cette r\u00e9flexion qui pourrait transformer la direction scolaire dans la capitale. Restez inform\u00e9 des derni\u00e8res \u00e9volutions et analyses sur ce sujet crucial pour l'\u00e9ducation.\",\"breadcrumb\":{\"@id\":\"https:\\\/\\\/www.apres-lecole.fr\\\/Blog\\\/statut-directeurs-ecole-paris\\\/#breadcrumb\"},\"inLanguage\":\"fr-FR\",\"potentialAction\":[{\"@type\":\"ReadAction\",\"target\":[\"https:\\\/\\\/www.apres-lecole.fr\\\/Blog\\\/statut-directeurs-ecole-paris\\\/\"]}]},{\"@type\":\"ImageObject\",\"inLanguage\":\"fr-FR\",\"@id\":\"https:\\\/\\\/www.apres-lecole.fr\\\/Blog\\\/statut-directeurs-ecole-paris\\\/#primaryimage\",\"url\":\"https:\\\/\\\/www.apres-lecole.fr\\\/Blog\\\/wp-content\\\/uploads\\\/2025\\\/04\\\/A-Paris-le-statut-exceptionnel-des-directeurs-decole-sous-examen.jpg\",\"contentUrl\":\"https:\\\/\\\/www.apres-lecole.fr\\\/Blog\\\/wp-content\\\/uploads\\\/2025\\\/04\\\/A-Paris-le-statut-exceptionnel-des-directeurs-decole-sous-examen.jpg\",\"width\":1344,\"height\":768,\"caption\":\"d\u00e9couvrez l'examen du statut exceptionnel des directeurs d'\u00e9cole \u00e0 paris. analyse des enjeux et des implications pour l'\u00e9ducation dans la capitale. informez-vous sur les \u00e9volutions possibles et leur impact sur la direction d'\u00e9tablissement scolaire.\"},{\"@type\":\"BreadcrumbList\",\"@id\":\"https:\\\/\\\/www.apres-lecole.fr\\\/Blog\\\/statut-directeurs-ecole-paris\\\/#breadcrumb\",\"itemListElement\":[{\"@type\":\"ListItem\",\"position\":1,\"name\":\"Home\",\"item\":\"https:\\\/\\\/www.apres-lecole.fr\\\/Blog\\\/\"},{\"@type\":\"ListItem\",\"position\":2,\"name\":\"\u00c0 Paris, le statut exceptionnel des directeurs d&rsquo;\u00e9cole sous examen\"}]},{\"@type\":\"WebSite\",\"@id\":\"https:\\\/\\\/www.apres-lecole.fr\\\/Blog\\\/#website\",\"url\":\"https:\\\/\\\/www.apres-lecole.fr\\\/Blog\\\/\",\"name\":\"\",\"description\":\"M\u00e9dia g\u00e9n\u00e9raliste\",\"potentialAction\":[{\"@type\":\"SearchAction\",\"target\":{\"@type\":\"EntryPoint\",\"urlTemplate\":\"https:\\\/\\\/www.apres-lecole.fr\\\/Blog\\\/?s={search_term_string}\"},\"query-input\":{\"@type\":\"PropertyValueSpecification\",\"valueRequired\":true,\"valueName\":\"search_term_string\"}}],\"inLanguage\":\"fr-FR\"},{\"@type\":\"Person\",\"@id\":\"https:\\\/\\\/www.apres-lecole.fr\\\/Blog\\\/#\\\/schema\\\/person\\\/aeb50cd4b51fc69da155804bb5bb9fc4\",\"name\":\"Eva Martin\",\"image\":{\"@type\":\"ImageObject\",\"inLanguage\":\"fr-FR\",\"@id\":\"https:\\\/\\\/secure.gravatar.com\\\/avatar\\\/55c53222558b27a72015a64073a80edce4abd33369394b9bf2c5cd6c19d12682?s=96&d=mm&r=g\",\"url\":\"https:\\\/\\\/secure.gravatar.com\\\/avatar\\\/55c53222558b27a72015a64073a80edce4abd33369394b9bf2c5cd6c19d12682?s=96&d=mm&r=g\",\"contentUrl\":\"https:\\\/\\\/secure.gravatar.com\\\/avatar\\\/55c53222558b27a72015a64073a80edce4abd33369394b9bf2c5cd6c19d12682?s=96&d=mm&r=g\",\"caption\":\"Eva Martin\"},\"description\":\"Je parle de business et d'entrepreneuriat avec des conseils clairs, concrets et actionnables pour r\u00e9ussir\",\"sameAs\":[\"https:\\\/\\\/x.com\\\/Evaapresecole\"],\"url\":\"https:\\\/\\\/www.apres-lecole.fr\\\/Blog\\\/author\\\/evamartin\\\/\"}]}<\/script>\n<!-- \/ Yoast SEO plugin. -->","yoast_head_json":{"title":"\u00c0 Paris, les directeurs d'\u00e9cole face \u00e0 un nouveau d\u00e9fi","description":"D\u00e9couvrez comment le statut exceptionnel des directeurs d'\u00e9cole \u00e0 Paris est actuellement examin\u00e9. Plong\u00e9e dans les enjeux et perspectives de cette r\u00e9flexion qui pourrait transformer la direction scolaire dans la capitale. Restez inform\u00e9 des derni\u00e8res \u00e9volutions et analyses sur ce sujet crucial pour l'\u00e9ducation.","robots":{"index":"index","follow":"follow","max-snippet":"max-snippet:-1","max-image-preview":"max-image-preview:large","max-video-preview":"max-video-preview:-1"},"canonical":"https:\/\/www.apres-lecole.fr\/Blog\/statut-directeurs-ecole-paris\/","og_locale":"fr_FR","og_type":"article","og_title":"\u00c0 Paris, les directeurs d'\u00e9cole face \u00e0 un nouveau d\u00e9fi","og_description":"D\u00e9couvrez comment le statut exceptionnel des directeurs d'\u00e9cole \u00e0 Paris est actuellement examin\u00e9. Plong\u00e9e dans les enjeux et perspectives de cette r\u00e9flexion qui pourrait transformer la direction scolaire dans la capitale. Restez inform\u00e9 des derni\u00e8res \u00e9volutions et analyses sur ce sujet crucial pour l'\u00e9ducation.","og_url":"https:\/\/www.apres-lecole.fr\/Blog\/statut-directeurs-ecole-paris\/","article_published_time":"2025-04-09T21:31:10+00:00","og_image":[{"width":1344,"height":768,"url":"https:\/\/www.apres-lecole.fr\/Blog\/wp-content\/uploads\/2025\/04\/A-Paris-le-statut-exceptionnel-des-directeurs-decole-sous-examen.jpg","type":"image\/jpeg"}],"author":"Eva Martin","twitter_card":"summary_large_image","twitter_creator":"@Evaapresecole","twitter_misc":{"\u00c9crit par":"Eva Martin","Dur\u00e9e de lecture estim\u00e9e":"7 minutes"},"schema":{"@context":"https:\/\/schema.org","@graph":[{"@type":"Article","@id":"https:\/\/www.apres-lecole.fr\/Blog\/statut-directeurs-ecole-paris\/#article","isPartOf":{"@id":"https:\/\/www.apres-lecole.fr\/Blog\/statut-directeurs-ecole-paris\/"},"author":{"name":"Eva Martin","@id":"https:\/\/www.apres-lecole.fr\/Blog\/#\/schema\/person\/aeb50cd4b51fc69da155804bb5bb9fc4"},"headline":"\u00c0 Paris, le statut exceptionnel des directeurs d&rsquo;\u00e9cole sous examen","datePublished":"2025-04-09T21:31:10+00:00","mainEntityOfPage":{"@id":"https:\/\/www.apres-lecole.fr\/Blog\/statut-directeurs-ecole-paris\/"},"wordCount":1418,"commentCount":0,"image":{"@id":"https:\/\/www.apres-lecole.fr\/Blog\/statut-directeurs-ecole-paris\/#primaryimage"},"thumbnailUrl":"https:\/\/www.apres-lecole.fr\/Blog\/wp-content\/uploads\/2025\/04\/A-Paris-le-statut-exceptionnel-des-directeurs-decole-sous-examen.jpg","keywords":["directeurs d'\u00e9cole","\u00e9ducation","examen","paris","statut exceptionnel"],"articleSection":["Actualit\u00e9s"],"inLanguage":"fr-FR","potentialAction":[{"@type":"CommentAction","name":"Comment","target":["https:\/\/www.apres-lecole.fr\/Blog\/statut-directeurs-ecole-paris\/#respond"]}]},{"@type":"WebPage","@id":"https:\/\/www.apres-lecole.fr\/Blog\/statut-directeurs-ecole-paris\/","url":"https:\/\/www.apres-lecole.fr\/Blog\/statut-directeurs-ecole-paris\/","name":"\u00c0 Paris, les directeurs d'\u00e9cole face \u00e0 un nouveau d\u00e9fi","isPartOf":{"@id":"https:\/\/www.apres-lecole.fr\/Blog\/#website"},"primaryImageOfPage":{"@id":"https:\/\/www.apres-lecole.fr\/Blog\/statut-directeurs-ecole-paris\/#primaryimage"},"image":{"@id":"https:\/\/www.apres-lecole.fr\/Blog\/statut-directeurs-ecole-paris\/#primaryimage"},"thumbnailUrl":"https:\/\/www.apres-lecole.fr\/Blog\/wp-content\/uploads\/2025\/04\/A-Paris-le-statut-exceptionnel-des-directeurs-decole-sous-examen.jpg","datePublished":"2025-04-09T21:31:10+00:00","author":{"@id":"https:\/\/www.apres-lecole.fr\/Blog\/#\/schema\/person\/aeb50cd4b51fc69da155804bb5bb9fc4"},"description":"D\u00e9couvrez comment le statut exceptionnel des directeurs d'\u00e9cole \u00e0 Paris est actuellement examin\u00e9. Plong\u00e9e dans les enjeux et perspectives de cette r\u00e9flexion qui pourrait transformer la direction scolaire dans la capitale. Restez inform\u00e9 des derni\u00e8res \u00e9volutions et analyses sur ce sujet crucial pour l'\u00e9ducation.","breadcrumb":{"@id":"https:\/\/www.apres-lecole.fr\/Blog\/statut-directeurs-ecole-paris\/#breadcrumb"},"inLanguage":"fr-FR","potentialAction":[{"@type":"ReadAction","target":["https:\/\/www.apres-lecole.fr\/Blog\/statut-directeurs-ecole-paris\/"]}]},{"@type":"ImageObject","inLanguage":"fr-FR","@id":"https:\/\/www.apres-lecole.fr\/Blog\/statut-directeurs-ecole-paris\/#primaryimage","url":"https:\/\/www.apres-lecole.fr\/Blog\/wp-content\/uploads\/2025\/04\/A-Paris-le-statut-exceptionnel-des-directeurs-decole-sous-examen.jpg","contentUrl":"https:\/\/www.apres-lecole.fr\/Blog\/wp-content\/uploads\/2025\/04\/A-Paris-le-statut-exceptionnel-des-directeurs-decole-sous-examen.jpg","width":1344,"height":768,"caption":"d\u00e9couvrez l'examen du statut exceptionnel des directeurs d'\u00e9cole \u00e0 paris. analyse des enjeux et des implications pour l'\u00e9ducation dans la capitale. informez-vous sur les \u00e9volutions possibles et leur impact sur la direction d'\u00e9tablissement scolaire."},{"@type":"BreadcrumbList","@id":"https:\/\/www.apres-lecole.fr\/Blog\/statut-directeurs-ecole-paris\/#breadcrumb","itemListElement":[{"@type":"ListItem","position":1,"name":"Home","item":"https:\/\/www.apres-lecole.fr\/Blog\/"},{"@type":"ListItem","position":2,"name":"\u00c0 Paris, le statut exceptionnel des directeurs d&rsquo;\u00e9cole sous examen"}]},{"@type":"WebSite","@id":"https:\/\/www.apres-lecole.fr\/Blog\/#website","url":"https:\/\/www.apres-lecole.fr\/Blog\/","name":"","description":"M\u00e9dia g\u00e9n\u00e9raliste","potentialAction":[{"@type":"SearchAction","target":{"@type":"EntryPoint","urlTemplate":"https:\/\/www.apres-lecole.fr\/Blog\/?s={search_term_string}"},"query-input":{"@type":"PropertyValueSpecification","valueRequired":true,"valueName":"search_term_string"}}],"inLanguage":"fr-FR"},{"@type":"Person","@id":"https:\/\/www.apres-lecole.fr\/Blog\/#\/schema\/person\/aeb50cd4b51fc69da155804bb5bb9fc4","name":"Eva Martin","image":{"@type":"ImageObject","inLanguage":"fr-FR","@id":"https:\/\/secure.gravatar.com\/avatar\/55c53222558b27a72015a64073a80edce4abd33369394b9bf2c5cd6c19d12682?s=96&d=mm&r=g","url":"https:\/\/secure.gravatar.com\/avatar\/55c53222558b27a72015a64073a80edce4abd33369394b9bf2c5cd6c19d12682?s=96&d=mm&r=g","contentUrl":"https:\/\/secure.gravatar.com\/avatar\/55c53222558b27a72015a64073a80edce4abd33369394b9bf2c5cd6c19d12682?s=96&d=mm&r=g","caption":"Eva Martin"},"description":"Je parle de business et d'entrepreneuriat avec des conseils clairs, concrets et actionnables pour r\u00e9ussir","sameAs":["https:\/\/x.com\/Evaapresecole"],"url":"https:\/\/www.apres-lecole.fr\/Blog\/author\/evamartin\/"}]}},"views":8,"_links":{"self":[{"href":"https:\/\/www.apres-lecole.fr\/Blog\/wp-json\/wp\/v2\/posts\/1826","targetHints":{"allow":["GET"]}}],"collection":[{"href":"https:\/\/www.apres-lecole.fr\/Blog\/wp-json\/wp\/v2\/posts"}],"about":[{"href":"https:\/\/www.apres-lecole.fr\/Blog\/wp-json\/wp\/v2\/types\/post"}],"author":[{"embeddable":true,"href":"https:\/\/www.apres-lecole.fr\/Blog\/wp-json\/wp\/v2\/users\/9"}],"replies":[{"embeddable":true,"href":"https:\/\/www.apres-lecole.fr\/Blog\/wp-json\/wp\/v2\/comments?post=1826"}],"version-history":[{"count":0,"href":"https:\/\/www.apres-lecole.fr\/Blog\/wp-json\/wp\/v2\/posts\/1826\/revisions"}],"wp:featuredmedia":[{"embeddable":true,"href":"https:\/\/www.apres-lecole.fr\/Blog\/wp-json\/wp\/v2\/media\/1825"}],"wp:attachment":[{"href":"https:\/\/www.apres-lecole.fr\/Blog\/wp-json\/wp\/v2\/media?parent=1826"}],"wp:term":[{"taxonomy":"category","embeddable":true,"href":"https:\/\/www.apres-lecole.fr\/Blog\/wp-json\/wp\/v2\/categories?post=1826"},{"taxonomy":"post_tag","embeddable":true,"href":"https:\/\/www.apres-lecole.fr\/Blog\/wp-json\/wp\/v2\/tags?post=1826"}],"curies":[{"name":"wp","href":"https:\/\/api.w.org\/{rel}","templated":true}]}}