{"id":1820,"date":"2025-04-08T09:03:34","date_gmt":"2025-04-08T09:03:34","guid":{"rendered":"https:\/\/www.apres-lecole.fr\/Blog\/ecart-scolaire-paris\/"},"modified":"2025-04-08T09:03:34","modified_gmt":"2025-04-08T09:03:34","slug":"ecart-scolaire-paris","status":"publish","type":"post","link":"https:\/\/www.apres-lecole.fr\/Blog\/ecart-scolaire-paris\/","title":{"rendered":"\u00c0 Paris, l&rsquo;\u00e9cart se renforce entre les \u00e9tablissements scolaires priv\u00e9s et publics"},"content":{"rendered":"\n\n<div class=\"kk-star-ratings kksr-auto kksr-align-left kksr-valign-top\"\n    data-payload='{&quot;align&quot;:&quot;left&quot;,&quot;id&quot;:&quot;1820&quot;,&quot;slug&quot;:&quot;default&quot;,&quot;valign&quot;:&quot;top&quot;,&quot;ignore&quot;:&quot;&quot;,&quot;reference&quot;:&quot;auto&quot;,&quot;class&quot;:&quot;&quot;,&quot;count&quot;:&quot;0&quot;,&quot;legendonly&quot;:&quot;&quot;,&quot;readonly&quot;:&quot;&quot;,&quot;score&quot;:&quot;0&quot;,&quot;starsonly&quot;:&quot;&quot;,&quot;best&quot;:&quot;5&quot;,&quot;gap&quot;:&quot;5&quot;,&quot;greet&quot;:&quot;Rate this post&quot;,&quot;legend&quot;:&quot;0\\\/5 - (0 vote)&quot;,&quot;size&quot;:&quot;24&quot;,&quot;title&quot;:&quot;\u00c0 Paris, l\\u0026#039;\u00e9cart se renforce entre les \u00e9tablissements scolaires priv\u00e9s et publics&quot;,&quot;width&quot;:&quot;0&quot;,&quot;_legend&quot;:&quot;{score}\\\/{best} - ({count} {votes})&quot;,&quot;font_factor&quot;:&quot;1.25&quot;}'>\n            \n<div class=\"kksr-stars\">\n    \n<div class=\"kksr-stars-inactive\">\n            <div class=\"kksr-star\" data-star=\"1\" style=\"padding-right: 5px\">\n            \n\n<div class=\"kksr-icon\" style=\"width: 24px; height: 24px;\"><\/div>\n        <\/div>\n            <div class=\"kksr-star\" data-star=\"2\" style=\"padding-right: 5px\">\n            \n\n<div class=\"kksr-icon\" style=\"width: 24px; height: 24px;\"><\/div>\n        <\/div>\n            <div class=\"kksr-star\" data-star=\"3\" style=\"padding-right: 5px\">\n            \n\n<div class=\"kksr-icon\" style=\"width: 24px; height: 24px;\"><\/div>\n        <\/div>\n            <div class=\"kksr-star\" data-star=\"4\" style=\"padding-right: 5px\">\n            \n\n<div class=\"kksr-icon\" style=\"width: 24px; height: 24px;\"><\/div>\n        <\/div>\n            <div class=\"kksr-star\" data-star=\"5\" style=\"padding-right: 5px\">\n            \n\n<div class=\"kksr-icon\" style=\"width: 24px; height: 24px;\"><\/div>\n        <\/div>\n    <\/div>\n    \n<div class=\"kksr-stars-active\" style=\"width: 0px;\">\n            <div class=\"kksr-star\" style=\"padding-right: 5px\">\n            \n\n<div class=\"kksr-icon\" style=\"width: 24px; height: 24px;\"><\/div>\n        <\/div>\n            <div class=\"kksr-star\" style=\"padding-right: 5px\">\n            \n\n<div class=\"kksr-icon\" style=\"width: 24px; height: 24px;\"><\/div>\n        <\/div>\n            <div class=\"kksr-star\" style=\"padding-right: 5px\">\n            \n\n<div class=\"kksr-icon\" style=\"width: 24px; height: 24px;\"><\/div>\n        <\/div>\n            <div class=\"kksr-star\" style=\"padding-right: 5px\">\n            \n\n<div class=\"kksr-icon\" style=\"width: 24px; height: 24px;\"><\/div>\n        <\/div>\n            <div class=\"kksr-star\" style=\"padding-right: 5px\">\n            \n\n<div class=\"kksr-icon\" style=\"width: 24px; height: 24px;\"><\/div>\n        <\/div>\n    <\/div>\n<\/div>\n                \n\n<div class=\"kksr-legend\" style=\"font-size: 19.2px;\">\n            <span class=\"kksr-muted\">Rate this post<\/span>\n    <\/div>\n    <\/div>\n<p>\u00c0 Paris, la sc\u00e8ne \u00e9ducative est de plus en plus marqu\u00e9e par un profond d\u00e9s\u00e9quilibre entre les \u00e9tablissements scolaires priv\u00e9s et publics. Les r\u00e9formes, les choix politiques et l&rsquo;\u00e9volution d\u00e9mographique ont contribu\u00e9 \u00e0 une fracture de plus en plus visible, impactant le parcours \u00e9ducatif de milliers d&rsquo;\u00e9l\u00e8ves. Dans cette jungle de classements, d&rsquo;infrastructures et d&rsquo;opinions, quelles sont les r\u00e9percussions sur la qualit\u00e9 de l\u2019enseignement et les opportunit\u00e9s futures des jeunes ? Cet article explore cette dynamique complexe pour mieux comprendre l\u2019\u00e9cart grandissant entre les deux types d&rsquo;\u00e9tablissements en 2025.<\/p>\n\n<h2 class=\"wp-block-heading\">Les chiffres qui parlent d&rsquo;eux-m\u00eames : une analyse des \u00e9tablissements scolaires \u00e0 Paris<\/h2>\n\n<p>Lorsqu&rsquo;on aborde la question des in\u00e9galit\u00e9s entre les \u00e9tablissements scolaires priv\u00e9s et publics \u00e0 Paris, il est difficile d\u2019ignorer les chiffres significatifs qui illustrent cette disparit\u00e9. Ces chiffres, qu&rsquo;ils proviennent d&rsquo;\u00e9tudes officielles ou d&rsquo;analyses men\u00e9es par des experts, t\u00e9moignent d\u2019une r\u00e9alit\u00e9 pr\u00e9occupante.<\/p>\n\n<h3 class=\"wp-block-heading\">\u00c9tat des lieux des \u00e9tablissements scolaires parisiens<\/h3>\n\n<p>En examinant la carte scolaire parisienne, on constate que de nombreux \u00e9tablissements priv\u00e9s, comme le <strong>Lyc\u00e9e Louis-le-Grand<\/strong> et le <strong>Lyc\u00e9e Henri-IV<\/strong>, affichent des taux de r\u00e9ussite au baccalaur\u00e9at bien sup\u00e9rieurs \u00e0 ceux de leurs homologues publics. Ce constat soul\u00e8ve plusieurs questions : sont-ils fondamentalement meilleurs ? Ou bien poss\u00e8dent-ils des ressources et un encadrement que le public ne peut offrir ?<\/p>\n\n<ul class=\"wp-block-list\"><li><strong>Lyc\u00e9e Louis-le-Grand :<\/strong> 98% de r\u00e9ussite au bac \ud83c\udf93<\/li><li><strong>Lyc\u00e9e Henri-IV :<\/strong> 97% de r\u00e9ussite au bac \ud83d\udcda<\/li><li><strong>Lyc\u00e9e Montaigne :<\/strong> 92% de r\u00e9ussite au bac \ud83d\udcd6<\/li><li><strong>Lyc\u00e9e Charlemagne :<\/strong> 89% de r\u00e9ussite au bac \u270f\ufe0f<\/li><\/ul>\n\n<p>Ces \u00e9tablissements jouissent d\u2019un H\/E (nombre d&rsquo;\u00e9l\u00e8ves par enseignant) tr\u00e8s favorable, souvent inf\u00e9rieur \u00e0 10. En revanche, le public peine \u00e0 atteindre ces chiffres, notamment \u00e0 cause des coupes budg\u00e9taires qui ont frapp\u00e9 les \u00e9coles lors des derni\u00e8res ann\u00e9es.<\/p>\n\n<h3 class=\"wp-block-heading\">Comparaison des moyens et des ressources<\/h3>\n\n<p>Les moyens allou\u00e9s aux \u00e9tablissements sont \u00e9galement un facteur d\u00e9terminant dans cette \u00e9volution. Les lyc\u00e9es priv\u00e9s re\u00e7oivent souvent des financements priv\u00e9s et peuvent ainsi investir dans des infrastructures modernes. Prenons l\u2019exemple du <strong>Lyc\u00e9e International de Saint-Germain-en-Laye<\/strong>, qui b\u00e9n\u00e9ficie d\u2019un cadre d\u2019\u00e9tude enviable, alors que des \u00e9tablissements du public comme le <strong>Lyc\u00e9e Claude Monet<\/strong> font face \u00e0 des conditions d\u2019enseignement souvent plus pr\u00e9caires.<\/p>\n\n<figure class=\"wp-block-table\"><table>\n<thead>\n<tr>\n<th>Nom de l&rsquo;\u00e9tablissement<\/th>\n<th>Type<\/th>\n<th>Taux de r\u00e9ussite (%)<\/th>\n<th>H\/E (\u00e9l\u00e8ves\/enseignant)<\/th>\n<\/tr>\n<\/thead>\n<tbody>\n<tr>\n<td>Lyc\u00e9e Louis-le-Grand<\/td>\n<td>Priv\u00e9<\/td>\n<td>98%<\/td>\n<td>9<\/td>\n<\/tr>\n<tr>\n<td>Lyc\u00e9e Henri-IV<\/td>\n<td>Priv\u00e9<\/td>\n<td>97%<\/td>\n<td>8<\/td>\n<\/tr>\n<tr>\n<td>Lyc\u00e9e Claude Monet<\/td>\n<td>Public<\/td>\n<td>80%<\/td>\n<td>15<\/td>\n<\/tr>\n<\/tbody>\n<\/table><\/figure>\n\n<p>Les cons\u00e9quences de cette in\u00e9galit\u00e9 sont d\u2019une importance capitale. Les \u00e9l\u00e8ves du secteur public notamment, n\u2019ont pas acc\u00e8s aux m\u00eames opportunit\u00e9s que ceux du priv\u00e9. Cela pose \u00e9galement des questions sur la m\u00e9ritocratie et l\u2019\u00e9galit\u00e9 des chances tant vant\u00e9es par notre syst\u00e8me \u00e9ducatif.<\/p>\n\n<h2 class=\"wp-block-heading\">Les enjeux sociaux et culturels derri\u00e8re ces in\u00e9galit\u00e9s<\/h2>\n\n<p>Au-del\u00e0 des chiffres, les disparit\u00e9s entre les deux syst\u00e8mes d&rsquo;enseignement \u00e0 Paris engendrent des enjeux sociaux et culturels majeurs. La s\u00e9gr\u00e9gation scolaire n\u2019est pas qu\u2019une simple probl\u00e9matique administrative ; elle touche \u00e0 la vision m\u00eame de la soci\u00e9t\u00e9 et aux valeurs que l\u2019on souhaite transmettre aux g\u00e9n\u00e9rations futures.<\/p>\n\n<h3 class=\"wp-block-heading\">La s\u00e9paration sociale dans les \u00e9coles<\/h3>\n\n<p>On observe une tendance \u00e0 la s\u00e9gr\u00e9gation sociale dans les \u00e9tablissements scolaires. Les lyc\u00e9es comme le <strong>Lyc\u00e9e Janson-de-Sailly<\/strong> et l&rsquo;<strong>Institut de l&rsquo;Assomption<\/strong> accueillent majoritairement des \u00e9l\u00e8ves issus de milieux favoris\u00e9s. Par cons\u00e9quent, les \u00e9l\u00e8ves des \u00e9tablissements publics, souvent en zones sensibles, se retrouvent isol\u00e9s, coup\u00e9s des opportunit\u00e9s qu\u2019offrent les \u00e9coles priv\u00e9es. Qui sont ces \u00e9l\u00e8ves ? Quelles sont leurs histoires ?<\/p>\n\n<ul class=\"wp-block-list\"><li>\u00c9l\u00e8ves issus de milieux favoris\u00e9s utilisant des r\u00e9seaux sociaux pour partager leurs opportunit\u00e9s\ud83d\udcf1<\/li><li>\u00c9l\u00e8ves des quartiers populaires faisant face \u00e0 des discriminations face \u00e0 l\u2019orientation scolaire \ud83d\udea6<\/li><li>\u00c9coles comme l&rsquo;<strong>\u00c9cole alsacienne<\/strong> attirant un public h\u00e9t\u00e9rog\u00e8ne, favorisant la mixit\u00e9 sociale \ud83c\udf0d<\/li><\/ul>\n\n<p>Ce glissement entra\u00eenant une s\u00e9paration et fissurant le tissu social du pays, soul\u00e8ve des inqui\u00e9tudes face \u00e0 l\u2019avenir de l\u2019\u00e9ducation.<\/p>\n\n<h3 class=\"wp-block-heading\">Une \u00e9ducation in\u00e9gale : quel impact sur l\u2019avenir ?<\/h3>\n\n<p>Les in\u00e9galit\u00e9s croissantes dans le secteur \u00e9ducatif laissent entrevoir un avenir pr\u00e9occupant. Les \u00e9l\u00e8ves du public se voient souvent attribuer des \u00e9tiquettes sociales, limitant leurs choix d\u2019\u00e9tudes et, in fine, leur future mobilit\u00e9 professionnelle. Les parents s\u2019inqui\u00e8tent pour leurs enfants, \u00e0 la recherche de la meilleure \u00e9cole, souvent en fonction de leur bagage socio-\u00e9conomique.<\/p>\n\n<figure class=\"wp-block-table\"><table>\n<thead>\n<tr>\n<th>Cons\u00e9quences de la s\u00e9paration scolaire<\/th>\n<th>Impact sur les \u00e9l\u00e8ves<\/th>\n<\/tr>\n<\/thead>\n<tbody>\n<tr>\n<td>Acc\u00e8s limit\u00e9 aux ressources \u00e9ducatives<\/td>\n<td>Diminution des chances de r\u00e9ussite dans l\u2019enseignement sup\u00e9rieur<\/td>\n<\/tr>\n<tr>\n<td>Isolement social<\/td>\n<td>Augmentation des difficult\u00e9s d\u2019int\u00e9gration dans le monde du travail<\/td>\n<\/tr>\n<tr>\n<td>Stigmatisation des \u00e9tablissements publics<\/td>\n<td>Impact n\u00e9gatif sur la confiance en soi des \u00e9l\u00e8ves<\/td>\n<\/tr>\n<\/tbody>\n<\/table><\/figure>\n\n<p>En clair, ce climat d\u2019in\u00e9galit\u00e9 risque de fissurer la coh\u00e9sion sociale, cr\u00e9ant une division qu&rsquo;il sera difficile de r\u00e9sorber dans les ann\u00e9es \u00e0 venir.<\/p>\n\n<h2 class=\"wp-block-heading\">Les r\u00e9formes \u00e9ducatives et leurs impacts sur le syst\u00e8me scolaire<\/h2>\n\n<p>Les r\u00e9formes \u00e9ducatives mises en place au cours des derni\u00e8res ann\u00e9es ont eu un impact direct sur la fa\u00e7on dont les \u00e9tablissements scolaires fonctionnent. Entre coupures budg\u00e9taires et r\u00e9formes structurelles, le paysage \u00e9ducatif parisien s\u2019est profond\u00e9ment transform\u00e9, souvent pour le pire.<\/p>\n\n<h3 class=\"wp-block-heading\">Des r\u00e9formes sous pression<\/h3>\n\n<p>Avec les coupes budg\u00e9taires, beaucoup d\u2019\u00e9coles publiques doivent se serrer la ceinture. Les fermetures de classe sont fr\u00e9quentes, entra\u00eenant un <strong>dilution des moyens \u00e9ducatifs<\/strong>. En 2023, il a \u00e9t\u00e9 enregistr\u00e9 127 classes en moins dans les \u00e9coles du premier degr\u00e9 public de Paris, refl\u00e9tant une tendance alarmante.<\/p>\n\n<ul class=\"wp-block-list\"><li>Fermeture d\u2019\u00e9coles dans des zones sensibles\ud83c\udfda\ufe0f<\/li><li>Augmentation des effectifs par classe\ud83d\udcca<\/li><li>R\u00e9duction des activit\u00e9s p\u00e9riscolaires\ud83c\udfa8<\/li><\/ul>\n\n<p>Ces r\u00e9formes ont parfois \u00e9t\u00e9 accueillies avec scepticisme par les \u00e9quipes enseignantes et les parents, qui doutent de leur efficacit\u00e9 r\u00e9elle. Les r\u00e9formes n\u00e9cessaires ne sont donc pas toujours r\u00e9alis\u00e9es, laissant les \u00e9tablissements dans une situation pr\u00e9caire.<\/p>\n\n<h3 class=\"wp-block-heading\">Quelles solutions pour l\u2019avenir ?<\/h3>\n\n<p>Face \u00e0 ce constat alarmant, quel peut \u00eatre le rem\u00e8de \u00e0 ces in\u00e9galit\u00e9s ? Pour que le service public d\u2019\u00e9ducation puisse remplir son r\u00f4le de formation citoyenne et de garant d&rsquo;\u00e9galit\u00e9 des chances, des mesures fortes s\u2019imposent.<\/p>\n\n<figure class=\"wp-block-table\"><table>\n<thead>\n<tr>\n<th>Propositions de r\u00e9formes<\/th>\n<th>Objectifs vis\u00e9s<\/th>\n<\/tr>\n<\/thead>\n<tbody>\n<tr>\n<td>Revalorisation des enseignants<\/td>\n<td>Attirer des talents vers le secteur public<\/td>\n<\/tr>\n<tr>\n<td>Augmentation des financements publics<\/td>\n<td>Am\u00e9liorer les infrastructures scolaires<\/td>\n<\/tr>\n<tr>\n<td>Mise en place d&rsquo;un accompagnement personnalis\u00e9<\/td>\n<td>Soutenir les \u00e9l\u00e8ves en difficult\u00e9<\/td>\n<\/tr>\n<\/tbody>\n<\/table><\/figure>\n\n<p>Ces mesures devraient contribuer \u00e0 r\u00e9\u00e9quilibrer la situation et \u00e0 favoriser un acc\u00e8s \u00e9quitable \u00e0 l\u2019\u00e9ducation.<\/p>\n\n<h2 class=\"wp-block-heading\">Des t\u00e9moignages qui font r\u00e9fl\u00e9chir<\/h2>\n\n<p>Pour comprendre l&rsquo;impact de cet \u00e9cart entre \u00e9tablissements scolaires, rien de tel que de s&rsquo;int\u00e9resser aux t\u00e9moignages de ceux qui en sont directement concern\u00e9s. Les \u00e9l\u00e8ves, professeurs et parents ont des histoires qui mettent en lumi\u00e8re la r\u00e9alit\u00e9 de cette fracture \u00e9ducative.<\/p>\n\n<h3 class=\"wp-block-heading\">Anecdotes d&rsquo;\u00e9l\u00e8ves : vivre entre deux mondes<\/h3>\n\n<p>Voici quelques retours d\u2019\u00e9l\u00e8ves, qui illustrent bien les diff\u00e9rences de perception et d\u2019exp\u00e9rience entre les syst\u00e8mes.<\/p>\n\n<ul class=\"wp-block-list\"><li>Claire, 16 ans, <strong>Lyc\u00e9e Janson-de-Sailly<\/strong> : \u201cLa pression est \u00e9norme ici, mais je sens que mes efforts seront r\u00e9compens\u00e9s\u201d \ud83d\udcc8<\/li><li>Lucas, 15 ans, <strong>Lyc\u00e9e Claude Monet<\/strong> : \u201cJe voudrais juste avoir autant de chances que ceux qui sont dans le priv\u00e9\u201d \ud83d\ude14<\/li><li>Marie, 14 ans, <strong>\u00c9cole maternelle et primaire de la rue de l&rsquo;Assomption<\/strong> : \u201cOn nous dit toujours que l&rsquo;\u00e9ducation est la cl\u00e9, mais parfois, il y a un verrou\u201d \ud83d\udd11<\/li><\/ul>\n\n<p>Ces t\u00e9moignages r\u00e9v\u00e8lent un contraste saisissant entre la perception de la chance et celle du manque d&rsquo;opportunit\u00e9s. La voix de ces jeunes permettra-t-elle de faire bouger les lignes ?<\/p>\n\n<h3 class=\"wp-block-heading\">Les r\u00e9flexions des enseignants<\/h3>\n\n<p>Les professeurs \u00e9galement ressentent cette pression, souvent dans l&rsquo;obligation de g\u00e9rer des classes surcharg\u00e9es et des moyens limit\u00e9s. Au <strong>Lyc\u00e9e Montaigne<\/strong>, une enseignante t\u00e9moigne : \u201cChaque jour, je me bats pour offrir \u00e0 mes \u00e9l\u00e8ves le meilleur. Mais sans moyens, cela devient tr\u00e8s difficile.\u201d<\/p>\n\n<figure class=\"wp-block-table\"><table>\n<thead>\n<tr>\n<th>Voix des enseignants<\/th>\n<th>\u00c9cole<\/th>\n<\/tr>\n<\/thead>\n<tbody>\n<tr>\n<td>\u201cNous manquons de moyens pour offrir une \u00e9ducation de qualit\u00e9.\u201d<\/td>\n<td>Lyc\u00e9e Claude Monet<\/td>\n<\/tr>\n<tr>\n<td>\u201cLes \u00e9l\u00e8ves doivent sentir qu&rsquo;ils ont une chance.\u201d<\/td>\n<td>Lyc\u00e9e Janson-de-Sailly<\/td>\n<\/tr>\n<\/tbody>\n<\/table><\/figure>\n\n<p>Leurs r\u00e9flexions montrent \u00e0 quel point cette probl\u00e9matique est complexe et ancr\u00e9e dans la culture \u00e9ducative actuelle. Quelles solutions peuvent exister pour permettre aux enseignants de r\u00e9aliser leur mission dans de meilleures conditions ?<\/p>\n\n<h2 class=\"wp-block-heading\">FAQ sur les in\u00e9galit\u00e9s entre \u00e9coles priv\u00e9es et publiques \u00e0 Paris<\/h2>\n\n<p>Souvent, de nombreuses interrogations se posent autour des in\u00e9galit\u00e9s scolaires. Voici quelques r\u00e9ponses aux questions les plus fr\u00e9quentes.<\/p>\n\n<ul class=\"wp-block-list\"><li><strong>Quelles sont les principales raisons de l&rsquo;\u00e9cart entre \u00e9coles publiques et priv\u00e9es ?<\/strong> Les diff\u00e9rences de financement, de ressources humaines et d&rsquo;infrastructure jouent un r\u00f4le crucial dans cette in\u00e9galit\u00e9.<\/li><li><strong>Comment ces in\u00e9galit\u00e9s affectent-elles l\u2019avenir des \u00e9l\u00e8ves ?<\/strong> Les \u00e9l\u00e8ves des \u00e9tablissements publics ont souvent moins d&rsquo;opportunit\u00e9s en mati\u00e8re d&rsquo;orientation et d&rsquo;acc\u00e8s \u00e0 des \u00e9tudes sup\u00e9rieures.<\/li><li><strong>Les r\u00e9formes pr\u00e9vues seront-elles suffisantes ?<\/strong> Des mesures significatives doivent \u00eatre prises pour vraiment \u00e9quilibrer le syst\u00e8me \u00e9ducatif. En ne r\u00e9formant qu&rsquo;en surface, les in\u00e9galit\u00e9s perdureront.<\/li><li><strong>Quelle action peut \u00eatre entreprise pour y rem\u00e9dier ?<\/strong> Renforcer le financement des \u00e9coles publiques et valoriser les enseignants sont des pistes essentielles \u00e0 explorer.<\/li><\/ul>\n\n","protected":false},"excerpt":{"rendered":"<p>\u00c0 Paris, la sc\u00e8ne \u00e9ducative est de plus en plus marqu\u00e9e par un profond d\u00e9s\u00e9quilibre entre les \u00e9tablissements scolaires priv\u00e9s et publics. Les r\u00e9formes, les choix politiques et l&rsquo;\u00e9volution d\u00e9mographique ont contribu\u00e9 \u00e0 une fracture de plus en plus visible, impactant le parcours \u00e9ducatif de milliers d&rsquo;\u00e9l\u00e8ves. Dans cette jungle de classements, d&rsquo;infrastructures et d&rsquo;opinions, &#8230; <a title=\"\u00c0 Paris, l&rsquo;\u00e9cart se renforce entre les \u00e9tablissements scolaires priv\u00e9s et publics\" class=\"read-more\" href=\"https:\/\/www.apres-lecole.fr\/Blog\/ecart-scolaire-paris\/\" aria-label=\"En savoir plus sur \u00c0 Paris, l&rsquo;\u00e9cart se renforce entre les \u00e9tablissements scolaires priv\u00e9s et publics\">Lire plus<\/a><\/p>\n","protected":false},"author":9,"featured_media":1819,"comment_status":"open","ping_status":"open","sticky":false,"template":"","format":"standard","meta":{"footnotes":""},"categories":[342],"tags":[587,589,412,588,586],"class_list":["post-1820","post","type-post","status-publish","format-standard","has-post-thumbnail","hentry","category-actualites","tag-ecart-scolaire","tag-ecoles-publiques","tag-education","tag-etablissements-prives","tag-paris"],"yoast_head":"<!-- This site is optimized with the Yoast SEO plugin v27.5 - https:\/\/yoast.com\/product\/yoast-seo-wordpress\/ -->\n<title>\u00c0 Paris, l&#039;\u00e9cole priv\u00e9e prend le dessus<\/title>\n<meta name=\"description\" content=\"D\u00e9couvrez comment l&#039;\u00e9cart entre les \u00e9tablissements scolaires priv\u00e9s et publics \u00e0 Paris se renforce. Analyse des enjeux, des impacts sur l&#039;\u00e9ducation et des perspectives pour l&#039;avenir des \u00e9l\u00e8ves parisiens. Informez-vous sur les tendances actuelles dans le syst\u00e8me \u00e9ducatif fran\u00e7ais.\" \/>\n<meta name=\"robots\" content=\"index, follow, max-snippet:-1, max-image-preview:large, max-video-preview:-1\" \/>\n<link rel=\"canonical\" href=\"https:\/\/www.apres-lecole.fr\/Blog\/ecart-scolaire-paris\/\" \/>\n<meta property=\"og:locale\" content=\"fr_FR\" \/>\n<meta property=\"og:type\" content=\"article\" \/>\n<meta property=\"og:title\" content=\"\u00c0 Paris, l&#039;\u00e9cole priv\u00e9e prend le dessus\" \/>\n<meta property=\"og:description\" content=\"D\u00e9couvrez comment l&#039;\u00e9cart entre les \u00e9tablissements scolaires priv\u00e9s et publics \u00e0 Paris se renforce. Analyse des enjeux, des impacts sur l&#039;\u00e9ducation et des perspectives pour l&#039;avenir des \u00e9l\u00e8ves parisiens. Informez-vous sur les tendances actuelles dans le syst\u00e8me \u00e9ducatif fran\u00e7ais.\" \/>\n<meta property=\"og:url\" content=\"https:\/\/www.apres-lecole.fr\/Blog\/ecart-scolaire-paris\/\" \/>\n<meta property=\"article:published_time\" content=\"2025-04-08T09:03:34+00:00\" \/>\n<meta property=\"og:image\" content=\"https:\/\/www.apres-lecole.fr\/Blog\/wp-content\/uploads\/2025\/04\/A-Paris-lecart-se-renforce-entre-les-etablissements-scolaires-prives-et-publics.jpg\" \/>\n\t<meta property=\"og:image:width\" content=\"1344\" \/>\n\t<meta property=\"og:image:height\" content=\"768\" \/>\n\t<meta property=\"og:image:type\" content=\"image\/jpeg\" \/>\n<meta name=\"author\" content=\"Eva Martin\" \/>\n<meta name=\"twitter:card\" content=\"summary_large_image\" \/>\n<meta name=\"twitter:creator\" content=\"@Evaapresecole\" \/>\n<meta name=\"twitter:label1\" content=\"\u00c9crit par\" \/>\n\t<meta name=\"twitter:data1\" content=\"Eva Martin\" \/>\n\t<meta name=\"twitter:label2\" content=\"Dur\u00e9e de lecture estim\u00e9e\" \/>\n\t<meta name=\"twitter:data2\" content=\"8 minutes\" \/>\n<script type=\"application\/ld+json\" class=\"yoast-schema-graph\">{\"@context\":\"https:\\\/\\\/schema.org\",\"@graph\":[{\"@type\":\"Article\",\"@id\":\"https:\\\/\\\/www.apres-lecole.fr\\\/Blog\\\/ecart-scolaire-paris\\\/#article\",\"isPartOf\":{\"@id\":\"https:\\\/\\\/www.apres-lecole.fr\\\/Blog\\\/ecart-scolaire-paris\\\/\"},\"author\":{\"name\":\"Eva Martin\",\"@id\":\"https:\\\/\\\/www.apres-lecole.fr\\\/Blog\\\/#\\\/schema\\\/person\\\/aeb50cd4b51fc69da155804bb5bb9fc4\"},\"headline\":\"\u00c0 Paris, l&rsquo;\u00e9cart se renforce entre les \u00e9tablissements scolaires priv\u00e9s et publics\",\"datePublished\":\"2025-04-08T09:03:34+00:00\",\"mainEntityOfPage\":{\"@id\":\"https:\\\/\\\/www.apres-lecole.fr\\\/Blog\\\/ecart-scolaire-paris\\\/\"},\"wordCount\":1626,\"commentCount\":0,\"image\":{\"@id\":\"https:\\\/\\\/www.apres-lecole.fr\\\/Blog\\\/ecart-scolaire-paris\\\/#primaryimage\"},\"thumbnailUrl\":\"https:\\\/\\\/www.apres-lecole.fr\\\/Blog\\\/wp-content\\\/uploads\\\/2025\\\/04\\\/A-Paris-lecart-se-renforce-entre-les-etablissements-scolaires-prives-et-publics.jpg\",\"keywords\":[\"\u00e9cart scolaire\",\"\u00e9coles publiques\",\"\u00e9ducation\",\"\u00e9tablissements priv\u00e9s\",\"paris\"],\"articleSection\":[\"Actualit\u00e9s\"],\"inLanguage\":\"fr-FR\",\"potentialAction\":[{\"@type\":\"CommentAction\",\"name\":\"Comment\",\"target\":[\"https:\\\/\\\/www.apres-lecole.fr\\\/Blog\\\/ecart-scolaire-paris\\\/#respond\"]}]},{\"@type\":\"WebPage\",\"@id\":\"https:\\\/\\\/www.apres-lecole.fr\\\/Blog\\\/ecart-scolaire-paris\\\/\",\"url\":\"https:\\\/\\\/www.apres-lecole.fr\\\/Blog\\\/ecart-scolaire-paris\\\/\",\"name\":\"\u00c0 Paris, l'\u00e9cole priv\u00e9e prend le dessus\",\"isPartOf\":{\"@id\":\"https:\\\/\\\/www.apres-lecole.fr\\\/Blog\\\/#website\"},\"primaryImageOfPage\":{\"@id\":\"https:\\\/\\\/www.apres-lecole.fr\\\/Blog\\\/ecart-scolaire-paris\\\/#primaryimage\"},\"image\":{\"@id\":\"https:\\\/\\\/www.apres-lecole.fr\\\/Blog\\\/ecart-scolaire-paris\\\/#primaryimage\"},\"thumbnailUrl\":\"https:\\\/\\\/www.apres-lecole.fr\\\/Blog\\\/wp-content\\\/uploads\\\/2025\\\/04\\\/A-Paris-lecart-se-renforce-entre-les-etablissements-scolaires-prives-et-publics.jpg\",\"datePublished\":\"2025-04-08T09:03:34+00:00\",\"author\":{\"@id\":\"https:\\\/\\\/www.apres-lecole.fr\\\/Blog\\\/#\\\/schema\\\/person\\\/aeb50cd4b51fc69da155804bb5bb9fc4\"},\"description\":\"D\u00e9couvrez comment l'\u00e9cart entre les \u00e9tablissements scolaires priv\u00e9s et publics \u00e0 Paris se renforce. Analyse des enjeux, des impacts sur l'\u00e9ducation et des perspectives pour l'avenir des \u00e9l\u00e8ves parisiens. Informez-vous sur les tendances actuelles dans le syst\u00e8me \u00e9ducatif fran\u00e7ais.\",\"breadcrumb\":{\"@id\":\"https:\\\/\\\/www.apres-lecole.fr\\\/Blog\\\/ecart-scolaire-paris\\\/#breadcrumb\"},\"inLanguage\":\"fr-FR\",\"potentialAction\":[{\"@type\":\"ReadAction\",\"target\":[\"https:\\\/\\\/www.apres-lecole.fr\\\/Blog\\\/ecart-scolaire-paris\\\/\"]}]},{\"@type\":\"ImageObject\",\"inLanguage\":\"fr-FR\",\"@id\":\"https:\\\/\\\/www.apres-lecole.fr\\\/Blog\\\/ecart-scolaire-paris\\\/#primaryimage\",\"url\":\"https:\\\/\\\/www.apres-lecole.fr\\\/Blog\\\/wp-content\\\/uploads\\\/2025\\\/04\\\/A-Paris-lecart-se-renforce-entre-les-etablissements-scolaires-prives-et-publics.jpg\",\"contentUrl\":\"https:\\\/\\\/www.apres-lecole.fr\\\/Blog\\\/wp-content\\\/uploads\\\/2025\\\/04\\\/A-Paris-lecart-se-renforce-entre-les-etablissements-scolaires-prives-et-publics.jpg\",\"width\":1344,\"height\":768,\"caption\":\"d\u00e9couvrez comment l'\u00e9cart se creuse \u00e0 paris entre les \u00e9tablissements scolaires priv\u00e9s et publics. analyse des tendances, des impacts sur l'\u00e9ducation et des t\u00e9moignages sur ce ph\u00e9nom\u00e8ne qui fa\u00e7onne l'avenir des jeunes parisiens.\"},{\"@type\":\"BreadcrumbList\",\"@id\":\"https:\\\/\\\/www.apres-lecole.fr\\\/Blog\\\/ecart-scolaire-paris\\\/#breadcrumb\",\"itemListElement\":[{\"@type\":\"ListItem\",\"position\":1,\"name\":\"Home\",\"item\":\"https:\\\/\\\/www.apres-lecole.fr\\\/Blog\\\/\"},{\"@type\":\"ListItem\",\"position\":2,\"name\":\"\u00c0 Paris, l&rsquo;\u00e9cart se renforce entre les \u00e9tablissements scolaires priv\u00e9s et publics\"}]},{\"@type\":\"WebSite\",\"@id\":\"https:\\\/\\\/www.apres-lecole.fr\\\/Blog\\\/#website\",\"url\":\"https:\\\/\\\/www.apres-lecole.fr\\\/Blog\\\/\",\"name\":\"\",\"description\":\"M\u00e9dia g\u00e9n\u00e9raliste\",\"potentialAction\":[{\"@type\":\"SearchAction\",\"target\":{\"@type\":\"EntryPoint\",\"urlTemplate\":\"https:\\\/\\\/www.apres-lecole.fr\\\/Blog\\\/?s={search_term_string}\"},\"query-input\":{\"@type\":\"PropertyValueSpecification\",\"valueRequired\":true,\"valueName\":\"search_term_string\"}}],\"inLanguage\":\"fr-FR\"},{\"@type\":\"Person\",\"@id\":\"https:\\\/\\\/www.apres-lecole.fr\\\/Blog\\\/#\\\/schema\\\/person\\\/aeb50cd4b51fc69da155804bb5bb9fc4\",\"name\":\"Eva Martin\",\"image\":{\"@type\":\"ImageObject\",\"inLanguage\":\"fr-FR\",\"@id\":\"https:\\\/\\\/secure.gravatar.com\\\/avatar\\\/55c53222558b27a72015a64073a80edce4abd33369394b9bf2c5cd6c19d12682?s=96&d=mm&r=g\",\"url\":\"https:\\\/\\\/secure.gravatar.com\\\/avatar\\\/55c53222558b27a72015a64073a80edce4abd33369394b9bf2c5cd6c19d12682?s=96&d=mm&r=g\",\"contentUrl\":\"https:\\\/\\\/secure.gravatar.com\\\/avatar\\\/55c53222558b27a72015a64073a80edce4abd33369394b9bf2c5cd6c19d12682?s=96&d=mm&r=g\",\"caption\":\"Eva Martin\"},\"description\":\"Je parle de business et d'entrepreneuriat avec des conseils clairs, concrets et actionnables pour r\u00e9ussir\",\"sameAs\":[\"https:\\\/\\\/x.com\\\/Evaapresecole\"],\"url\":\"https:\\\/\\\/www.apres-lecole.fr\\\/Blog\\\/author\\\/evamartin\\\/\"}]}<\/script>\n<!-- \/ Yoast SEO plugin. -->","yoast_head_json":{"title":"\u00c0 Paris, l'\u00e9cole priv\u00e9e prend le dessus","description":"D\u00e9couvrez comment l'\u00e9cart entre les \u00e9tablissements scolaires priv\u00e9s et publics \u00e0 Paris se renforce. Analyse des enjeux, des impacts sur l'\u00e9ducation et des perspectives pour l'avenir des \u00e9l\u00e8ves parisiens. Informez-vous sur les tendances actuelles dans le syst\u00e8me \u00e9ducatif fran\u00e7ais.","robots":{"index":"index","follow":"follow","max-snippet":"max-snippet:-1","max-image-preview":"max-image-preview:large","max-video-preview":"max-video-preview:-1"},"canonical":"https:\/\/www.apres-lecole.fr\/Blog\/ecart-scolaire-paris\/","og_locale":"fr_FR","og_type":"article","og_title":"\u00c0 Paris, l'\u00e9cole priv\u00e9e prend le dessus","og_description":"D\u00e9couvrez comment l'\u00e9cart entre les \u00e9tablissements scolaires priv\u00e9s et publics \u00e0 Paris se renforce. Analyse des enjeux, des impacts sur l'\u00e9ducation et des perspectives pour l'avenir des \u00e9l\u00e8ves parisiens. Informez-vous sur les tendances actuelles dans le syst\u00e8me \u00e9ducatif fran\u00e7ais.","og_url":"https:\/\/www.apres-lecole.fr\/Blog\/ecart-scolaire-paris\/","article_published_time":"2025-04-08T09:03:34+00:00","og_image":[{"width":1344,"height":768,"url":"https:\/\/www.apres-lecole.fr\/Blog\/wp-content\/uploads\/2025\/04\/A-Paris-lecart-se-renforce-entre-les-etablissements-scolaires-prives-et-publics.jpg","type":"image\/jpeg"}],"author":"Eva Martin","twitter_card":"summary_large_image","twitter_creator":"@Evaapresecole","twitter_misc":{"\u00c9crit par":"Eva Martin","Dur\u00e9e de lecture estim\u00e9e":"8 minutes"},"schema":{"@context":"https:\/\/schema.org","@graph":[{"@type":"Article","@id":"https:\/\/www.apres-lecole.fr\/Blog\/ecart-scolaire-paris\/#article","isPartOf":{"@id":"https:\/\/www.apres-lecole.fr\/Blog\/ecart-scolaire-paris\/"},"author":{"name":"Eva Martin","@id":"https:\/\/www.apres-lecole.fr\/Blog\/#\/schema\/person\/aeb50cd4b51fc69da155804bb5bb9fc4"},"headline":"\u00c0 Paris, l&rsquo;\u00e9cart se renforce entre les \u00e9tablissements scolaires priv\u00e9s et publics","datePublished":"2025-04-08T09:03:34+00:00","mainEntityOfPage":{"@id":"https:\/\/www.apres-lecole.fr\/Blog\/ecart-scolaire-paris\/"},"wordCount":1626,"commentCount":0,"image":{"@id":"https:\/\/www.apres-lecole.fr\/Blog\/ecart-scolaire-paris\/#primaryimage"},"thumbnailUrl":"https:\/\/www.apres-lecole.fr\/Blog\/wp-content\/uploads\/2025\/04\/A-Paris-lecart-se-renforce-entre-les-etablissements-scolaires-prives-et-publics.jpg","keywords":["\u00e9cart scolaire","\u00e9coles publiques","\u00e9ducation","\u00e9tablissements priv\u00e9s","paris"],"articleSection":["Actualit\u00e9s"],"inLanguage":"fr-FR","potentialAction":[{"@type":"CommentAction","name":"Comment","target":["https:\/\/www.apres-lecole.fr\/Blog\/ecart-scolaire-paris\/#respond"]}]},{"@type":"WebPage","@id":"https:\/\/www.apres-lecole.fr\/Blog\/ecart-scolaire-paris\/","url":"https:\/\/www.apres-lecole.fr\/Blog\/ecart-scolaire-paris\/","name":"\u00c0 Paris, l'\u00e9cole priv\u00e9e prend le dessus","isPartOf":{"@id":"https:\/\/www.apres-lecole.fr\/Blog\/#website"},"primaryImageOfPage":{"@id":"https:\/\/www.apres-lecole.fr\/Blog\/ecart-scolaire-paris\/#primaryimage"},"image":{"@id":"https:\/\/www.apres-lecole.fr\/Blog\/ecart-scolaire-paris\/#primaryimage"},"thumbnailUrl":"https:\/\/www.apres-lecole.fr\/Blog\/wp-content\/uploads\/2025\/04\/A-Paris-lecart-se-renforce-entre-les-etablissements-scolaires-prives-et-publics.jpg","datePublished":"2025-04-08T09:03:34+00:00","author":{"@id":"https:\/\/www.apres-lecole.fr\/Blog\/#\/schema\/person\/aeb50cd4b51fc69da155804bb5bb9fc4"},"description":"D\u00e9couvrez comment l'\u00e9cart entre les \u00e9tablissements scolaires priv\u00e9s et publics \u00e0 Paris se renforce. Analyse des enjeux, des impacts sur l'\u00e9ducation et des perspectives pour l'avenir des \u00e9l\u00e8ves parisiens. Informez-vous sur les tendances actuelles dans le syst\u00e8me \u00e9ducatif fran\u00e7ais.","breadcrumb":{"@id":"https:\/\/www.apres-lecole.fr\/Blog\/ecart-scolaire-paris\/#breadcrumb"},"inLanguage":"fr-FR","potentialAction":[{"@type":"ReadAction","target":["https:\/\/www.apres-lecole.fr\/Blog\/ecart-scolaire-paris\/"]}]},{"@type":"ImageObject","inLanguage":"fr-FR","@id":"https:\/\/www.apres-lecole.fr\/Blog\/ecart-scolaire-paris\/#primaryimage","url":"https:\/\/www.apres-lecole.fr\/Blog\/wp-content\/uploads\/2025\/04\/A-Paris-lecart-se-renforce-entre-les-etablissements-scolaires-prives-et-publics.jpg","contentUrl":"https:\/\/www.apres-lecole.fr\/Blog\/wp-content\/uploads\/2025\/04\/A-Paris-lecart-se-renforce-entre-les-etablissements-scolaires-prives-et-publics.jpg","width":1344,"height":768,"caption":"d\u00e9couvrez comment l'\u00e9cart se creuse \u00e0 paris entre les \u00e9tablissements scolaires priv\u00e9s et publics. analyse des tendances, des impacts sur l'\u00e9ducation et des t\u00e9moignages sur ce ph\u00e9nom\u00e8ne qui fa\u00e7onne l'avenir des jeunes parisiens."},{"@type":"BreadcrumbList","@id":"https:\/\/www.apres-lecole.fr\/Blog\/ecart-scolaire-paris\/#breadcrumb","itemListElement":[{"@type":"ListItem","position":1,"name":"Home","item":"https:\/\/www.apres-lecole.fr\/Blog\/"},{"@type":"ListItem","position":2,"name":"\u00c0 Paris, l&rsquo;\u00e9cart se renforce entre les \u00e9tablissements scolaires priv\u00e9s et publics"}]},{"@type":"WebSite","@id":"https:\/\/www.apres-lecole.fr\/Blog\/#website","url":"https:\/\/www.apres-lecole.fr\/Blog\/","name":"","description":"M\u00e9dia g\u00e9n\u00e9raliste","potentialAction":[{"@type":"SearchAction","target":{"@type":"EntryPoint","urlTemplate":"https:\/\/www.apres-lecole.fr\/Blog\/?s={search_term_string}"},"query-input":{"@type":"PropertyValueSpecification","valueRequired":true,"valueName":"search_term_string"}}],"inLanguage":"fr-FR"},{"@type":"Person","@id":"https:\/\/www.apres-lecole.fr\/Blog\/#\/schema\/person\/aeb50cd4b51fc69da155804bb5bb9fc4","name":"Eva Martin","image":{"@type":"ImageObject","inLanguage":"fr-FR","@id":"https:\/\/secure.gravatar.com\/avatar\/55c53222558b27a72015a64073a80edce4abd33369394b9bf2c5cd6c19d12682?s=96&d=mm&r=g","url":"https:\/\/secure.gravatar.com\/avatar\/55c53222558b27a72015a64073a80edce4abd33369394b9bf2c5cd6c19d12682?s=96&d=mm&r=g","contentUrl":"https:\/\/secure.gravatar.com\/avatar\/55c53222558b27a72015a64073a80edce4abd33369394b9bf2c5cd6c19d12682?s=96&d=mm&r=g","caption":"Eva Martin"},"description":"Je parle de business et d'entrepreneuriat avec des conseils clairs, concrets et actionnables pour r\u00e9ussir","sameAs":["https:\/\/x.com\/Evaapresecole"],"url":"https:\/\/www.apres-lecole.fr\/Blog\/author\/evamartin\/"}]}},"views":272,"_links":{"self":[{"href":"https:\/\/www.apres-lecole.fr\/Blog\/wp-json\/wp\/v2\/posts\/1820","targetHints":{"allow":["GET"]}}],"collection":[{"href":"https:\/\/www.apres-lecole.fr\/Blog\/wp-json\/wp\/v2\/posts"}],"about":[{"href":"https:\/\/www.apres-lecole.fr\/Blog\/wp-json\/wp\/v2\/types\/post"}],"author":[{"embeddable":true,"href":"https:\/\/www.apres-lecole.fr\/Blog\/wp-json\/wp\/v2\/users\/9"}],"replies":[{"embeddable":true,"href":"https:\/\/www.apres-lecole.fr\/Blog\/wp-json\/wp\/v2\/comments?post=1820"}],"version-history":[{"count":0,"href":"https:\/\/www.apres-lecole.fr\/Blog\/wp-json\/wp\/v2\/posts\/1820\/revisions"}],"wp:featuredmedia":[{"embeddable":true,"href":"https:\/\/www.apres-lecole.fr\/Blog\/wp-json\/wp\/v2\/media\/1819"}],"wp:attachment":[{"href":"https:\/\/www.apres-lecole.fr\/Blog\/wp-json\/wp\/v2\/media?parent=1820"}],"wp:term":[{"taxonomy":"category","embeddable":true,"href":"https:\/\/www.apres-lecole.fr\/Blog\/wp-json\/wp\/v2\/categories?post=1820"},{"taxonomy":"post_tag","embeddable":true,"href":"https:\/\/www.apres-lecole.fr\/Blog\/wp-json\/wp\/v2\/tags?post=1820"}],"curies":[{"name":"wp","href":"https:\/\/api.w.org\/{rel}","templated":true}]}}