{"id":1814,"date":"2025-04-06T07:08:05","date_gmt":"2025-04-06T07:08:05","guid":{"rendered":"https:\/\/www.apres-lecole.fr\/Blog\/plainte-violence-annees-70\/"},"modified":"2025-04-06T07:08:05","modified_gmt":"2025-04-06T07:08:05","slug":"plainte-violence-annees-70","status":"publish","type":"post","link":"https:\/\/www.apres-lecole.fr\/Blog\/plainte-violence-annees-70\/","title":{"rendered":"Un ancien \u00e9l\u00e8ve d&rsquo;une \u00e9cole publique des Pyr\u00e9n\u00e9es-Atlantiques d\u00e9pose une plainte pour des actes de violence survenus dans les ann\u00e9es 70"},"content":{"rendered":"\n\n<div class=\"kk-star-ratings kksr-auto kksr-align-left kksr-valign-top\"\n    data-payload='{&quot;align&quot;:&quot;left&quot;,&quot;id&quot;:&quot;1814&quot;,&quot;slug&quot;:&quot;default&quot;,&quot;valign&quot;:&quot;top&quot;,&quot;ignore&quot;:&quot;&quot;,&quot;reference&quot;:&quot;auto&quot;,&quot;class&quot;:&quot;&quot;,&quot;count&quot;:&quot;0&quot;,&quot;legendonly&quot;:&quot;&quot;,&quot;readonly&quot;:&quot;&quot;,&quot;score&quot;:&quot;0&quot;,&quot;starsonly&quot;:&quot;&quot;,&quot;best&quot;:&quot;5&quot;,&quot;gap&quot;:&quot;5&quot;,&quot;greet&quot;:&quot;Rate this post&quot;,&quot;legend&quot;:&quot;0\\\/5 - (0 vote)&quot;,&quot;size&quot;:&quot;24&quot;,&quot;title&quot;:&quot;Un ancien \u00e9l\u00e8ve d\\u0026#039;une \u00e9cole publique des Pyr\u00e9n\u00e9es-Atlantiques d\u00e9pose une plainte pour des actes de violence survenus dans les ann\u00e9es 70&quot;,&quot;width&quot;:&quot;0&quot;,&quot;_legend&quot;:&quot;{score}\\\/{best} - ({count} {votes})&quot;,&quot;font_factor&quot;:&quot;1.25&quot;}'>\n            \n<div class=\"kksr-stars\">\n    \n<div class=\"kksr-stars-inactive\">\n            <div class=\"kksr-star\" data-star=\"1\" style=\"padding-right: 5px\">\n            \n\n<div class=\"kksr-icon\" style=\"width: 24px; height: 24px;\"><\/div>\n        <\/div>\n            <div class=\"kksr-star\" data-star=\"2\" style=\"padding-right: 5px\">\n            \n\n<div class=\"kksr-icon\" style=\"width: 24px; height: 24px;\"><\/div>\n        <\/div>\n            <div class=\"kksr-star\" data-star=\"3\" style=\"padding-right: 5px\">\n            \n\n<div class=\"kksr-icon\" style=\"width: 24px; height: 24px;\"><\/div>\n        <\/div>\n            <div class=\"kksr-star\" data-star=\"4\" style=\"padding-right: 5px\">\n            \n\n<div class=\"kksr-icon\" style=\"width: 24px; height: 24px;\"><\/div>\n        <\/div>\n            <div class=\"kksr-star\" data-star=\"5\" style=\"padding-right: 5px\">\n            \n\n<div class=\"kksr-icon\" style=\"width: 24px; height: 24px;\"><\/div>\n        <\/div>\n    <\/div>\n    \n<div class=\"kksr-stars-active\" style=\"width: 0px;\">\n            <div class=\"kksr-star\" style=\"padding-right: 5px\">\n            \n\n<div class=\"kksr-icon\" style=\"width: 24px; height: 24px;\"><\/div>\n        <\/div>\n            <div class=\"kksr-star\" style=\"padding-right: 5px\">\n            \n\n<div class=\"kksr-icon\" style=\"width: 24px; height: 24px;\"><\/div>\n        <\/div>\n            <div class=\"kksr-star\" style=\"padding-right: 5px\">\n            \n\n<div class=\"kksr-icon\" style=\"width: 24px; height: 24px;\"><\/div>\n        <\/div>\n            <div class=\"kksr-star\" style=\"padding-right: 5px\">\n            \n\n<div class=\"kksr-icon\" style=\"width: 24px; height: 24px;\"><\/div>\n        <\/div>\n            <div class=\"kksr-star\" style=\"padding-right: 5px\">\n            \n\n<div class=\"kksr-icon\" style=\"width: 24px; height: 24px;\"><\/div>\n        <\/div>\n    <\/div>\n<\/div>\n                \n\n<div class=\"kksr-legend\" style=\"font-size: 19.2px;\">\n            <span class=\"kksr-muted\">Rate this post<\/span>\n    <\/div>\n    <\/div>\n<p>Un ancien \u00e9l\u00e8ve d&rsquo;une \u00e9cole publique des Pyr\u00e9n\u00e9es-Atlantiques fait aujourd&rsquo;hui la une, apr\u00e8s avoir d\u00e9cid\u00e9 de d\u00e9poser une plainte pour violences subies durant son enfance, dans les ann\u00e9es 70. Cette d\u00e9marche, qui ouvre \u00e0 la fois une plaie et une porte, soul\u00e8ve des interrogations sur le pass\u00e9 souvent cach\u00e9 des \u00e9tablissements scolaires. Alors que le collectif de victimes s&rsquo;organise, des t\u00e9moignages r\u00e9v\u00e8lent des r\u00e9alit\u00e9s troublantes souvent dissimul\u00e9es sous le vernis des souvenirs d&rsquo;enfance.<\/p>\n\n<ul class=\"wp-block-list\"><li>Contexte historique des violences dans les \u00e9coles publiques \ud83c\udfeb<\/li><li>T\u00e9moignages percutants : une voix s&rsquo;\u00e9l\u00e8ve \ud83c\udfa4<\/li><li>La responsabilit\u00e9 des institutions : un d\u00e9bat actuel \u2696\ufe0f<\/li><li>L&rsquo;impact des t\u00e9moignages sur la soci\u00e9t\u00e9 moderne \ud83c\udf0d<\/li><li>FAQ des lecteurs : en apprendre davantage \u2753<\/li><\/ul>\n\n<h2 class=\"wp-block-heading\">Contexte historique des violences dans les \u00e9coles publiques<\/h2>\n\n<p>Les ann\u00e9es 70 marquent une p\u00e9riode o\u00f9 les pratiques p\u00e9dagogiques \u00e9taient souvent tr\u00e8s diff\u00e9rentes de celles que l&rsquo;on conna\u00eet aujourd&rsquo;hui. La violence \u00e0 l&rsquo;\u00e9cole, qu&rsquo;elle soit physique ou psychologique, \u00e9tait, h\u00e9las, un ph\u00e9nom\u00e8ne relativement r\u00e9pandu. Bien que des actions contemporaines visent \u00e0 prot\u00e9ger les enfants des abus, le flou qui entoure les m\u00e9thodes \u00e9ducatives de l\u2019\u00e9poque a laiss\u00e9 peuvent des blessures invisibles.<\/p>\n\n<p>Dans le cadre des Pyr\u00e9n\u00e9es-Atlantiques, les institutions publiques n\u2019\u00e9chappaient pas \u00e0 cette r\u00e9alit\u00e9. Les t\u00e9moignages de survivants r\u00e9v\u00e8lent un cadre o\u00f9 la discipline \u00e9tait parfois confondue avec la violence. Les parents, soucieux d&rsquo;une \u00e9ducation rigoureuse, fermaient souvent les yeux sur des actes inqualifiables, pr\u00e9f\u00e9rant croire en l&rsquo;autorit\u00e9 des \u00e9ducateurs, m\u00eame lorsque cette autorit\u00e9 basculait dans l&rsquo;abus. Et m\u00eame si la soci\u00e9t\u00e9 a \u00e9volu\u00e9 depuis, les retomb\u00e9es de ces violences continuent de r\u00e9sonner aujourd&rsquo;hui.<\/p>\n\n<h3 class=\"wp-block-heading\">Les m\u00e9thodes \u00e9ducatives des ann\u00e9es 70<\/h3>\n\n<p>\u00c0 l\u2019\u00e9poque, la notion de \u00ab privil\u00e9gier l\u2019autorit\u00e9 \u00bb r\u00e9gnait sans partage. On pouvait rencontrer diverses pratiques allant des punitions physiques aux humiliations publiques, des m\u00e9thodes qui apparaissent aujourd&rsquo;hui comme de v\u00e9ritables archa\u00efsmes \u00e9ducatifs. En effet, certains enseignants ne voyaient pas de mal \u00e0 frapper ou \u00e0 rabaisser leurs \u00e9l\u00e8ves pour ce qu&rsquo;ils consid\u00e9raient comme de \u00ab simples malversations \u00bb.<\/p>\n\n<ul class=\"wp-block-list\"><li>Les types de violences subies \ud83d\ude1e\n<ul>\n<li>Punitions physiques<\/li>\n<li>Violence verbale et humiliation<\/li>\n<li>Manipulations psychologiques<\/li>\n<\/ul>\n<\/li><li>Punitions physiques<\/li><li>Violence verbale et humiliation<\/li><li>Manipulations psychologiques<\/li><li>Le climat \u00e9ducatif de l&rsquo;\u00e9poque \ud83e\udd14\n<ul>\n<li>Une discipline rigoureuse<\/li>\n<li>La culture du silence<\/li>\n<li>Une confiance aveugle dans l&rsquo;autorit\u00e9<\/li>\n<\/ul>\n<\/li><li>Une discipline rigoureuse<\/li><li>La culture du silence<\/li><li>Une confiance aveugle dans l&rsquo;autorit\u00e9<\/li><\/ul>\n\n<p><strong>Les cons\u00e9quences de ces m\u00e9thodes sur le long terme<\/strong> se voient aujourd&rsquo;hui dans les t\u00e9moignages de ceux qui ont \u00e9t\u00e9 touch\u00e9s par ces violences. Beaucoup reviennent sur leurs souvenirs d\u2019enfance avec des s\u00e9quelles \u00e9motionnelles durables, et cela pose un v\u00e9ritable probl\u00e8me de soci\u00e9t\u00e9 autour de la prise de conscience des acteurs \u00e9ducatifs d\u2019aujourd\u2019hui.<\/p>\n\n<h2 class=\"wp-block-heading\">T\u00e9moignages percutants : une voix s&rsquo;\u00e9l\u00e8ve<\/h2>\n\n<p>Gilles Parent, l&rsquo;ancien \u00e9l\u00e8ve qui a, r\u00e9cemment, pris la d\u00e9cision de d\u00e9poser une plainte pour les violences qu\u2019il a subies \u00e0 l&rsquo;\u00e9cole publique Jean-Jaur\u00e8s \u00e0 Anglet, fait opportun\u00e9ment parler de lui. Son t\u00e9moignage r\u00e9sonne comme un cri du c\u0153ur, un appel \u00e0 la solidarit\u00e9 parmi les anciens \u00e9l\u00e8ves. \u00c0 l&rsquo;\u00e2ge de 9 ans, ses premi\u00e8res exp\u00e9riences marquantes ne sont pas celles de joie, mais de douleur et de peur. \u201c\u00c7a a commenc\u00e9 pour moi \u00e0 l&rsquo;\u00e2ge de 9 ans, c&rsquo;\u00e9tait en CM1\u201d, confie-t-il.<\/p>\n\n<h3 class=\"wp-block-heading\">Des r\u00e9cits similaires \u00e9mergent<\/h3>\n\n<p>Cette plainte n&rsquo;est pas un cas isol\u00e9. Beaucoup de voix s&rsquo;\u00e9l\u00e8vent, formant un \u00e9cho de r\u00e9cits tristes \u00e0 travers les Pyr\u00e9n\u00e9es-Atlantiques, et souvent, ces histoires partagent des similitudes troublantes. Les membres du collectif de victimes rapportent aussi des sc\u00e8nes sombres, des enseignements ensanglant\u00e9s, en fondant un r\u00e9seau de solidarit\u00e9.<\/p>\n\n<ul class=\"wp-block-list\"><li>Exemples de r\u00e9cits tragiques \ud83d\ude22\n<ul>\n<li>Un enseignant qui utilisait des humiliations comme m\u00e9thode p\u00e9dagogique.<\/li>\n<li>Un \u00e9l\u00e8ve maltrait\u00e9 et ignor\u00e9 par ses pairs.<\/li>\n<li>Un sentiment de d\u00e9sespoir qui engloutit l\u2019\u00e9l\u00e8ve.<\/li>\n<\/ul>\n<\/li><li>Un enseignant qui utilisait des humiliations comme m\u00e9thode p\u00e9dagogique.<\/li><li>Un \u00e9l\u00e8ve maltrait\u00e9 et ignor\u00e9 par ses pairs.<\/li><li>Un sentiment de d\u00e9sespoir qui engloutit l\u2019\u00e9l\u00e8ve.<\/li><li>Les r\u00e9actions des autres anciens \u00e9l\u00e8ves \ud83d\udce2\n<ul>\n<li>Des t\u00e9moignages de soutien commencent \u00e0 circuler.<\/li>\n<li>Des appels \u00e0 la justice se multiplient.<\/li>\n<li>Une prise de conscience qui s&rsquo;\u00e9l\u00e8ve lentement.<\/li>\n<\/ul>\n<\/li><li>Des t\u00e9moignages de soutien commencent \u00e0 circuler.<\/li><li>Des appels \u00e0 la justice se multiplient.<\/li><li>Une prise de conscience qui s&rsquo;\u00e9l\u00e8ve lentement.<\/li><\/ul>\n\n<p>Ces t\u00e9moignages ne sont pas que des remords. Ils portent l\u2019espoir d\u2019une reconnaissance, d\u2019une volont\u00e9 de faire face \u00e0 un pass\u00e9 douloureux. Ils motivent les anciens \u00e9l\u00e8ves \u00e0 s&rsquo;unir pour faire entendre leur voix et porter leur col\u00e8re l\u00e0 o\u00f9 cela compte, devant la justice. Que ce soit \u00e0 travers le collectif de victimes, dans des marches et des rassemblements, une nouvelle \u00e8re d&rsquo;\u00e9veil se profile.<\/p>\n\n<h2 class=\"wp-block-heading\">La responsabilit\u00e9 des institutions : un d\u00e9bat actuel<\/h2>\n\n<p>La soci\u00e9t\u00e9 actuelle, en 2025, se doit de questionner la responsabilit\u00e9 des institutions \u00e9ducatives par rapport aux violences observ\u00e9es dans le pass\u00e9. Les plaintes d\u00e9pos\u00e9es, comme celles par Gilles Parent, soul\u00e8vent des interrogations sur la l\u00e9gitimit\u00e9 et la pr\u00e9paration de ces \u00e9tablissements \u00e0 prot\u00e9ger leurs \u00e9l\u00e8ves. Au-del\u00e0 des individus, c&rsquo;est le syst\u00e8me qui est en question.<\/p>\n\n<h3 class=\"wp-block-heading\">Quelles sont les obligations de l&rsquo;\u00e9cole ?<\/h3>\n\n<p>Sur le plan l\u00e9gal, les \u00e9coles ont une responsabilit\u00e9 av\u00e9r\u00e9e envers la s\u00e9curit\u00e9 de leurs \u00e9l\u00e8ves. Pourtant, lorsque des actes de violence et de maltraitance se produisent, o\u00f9 se situent les limites de cette responsabilit\u00e9 ? Les surveillants, enseignants et administrateurs doivent-ils rendre des comptes sur des actes qui ont eu lieu il y a cinquante ans, surtout si ces abus ont \u00e9t\u00e9 connus ou non ? Ces questions \u00e9pineuses font \u00e9cho \u00e0 des demandes de r\u00e9forme au sein du syst\u00e8me \u00e9ducatif.<\/p>\n\n<figure class=\"wp-block-table\"><table>\n<thead>\n<tr>\n<th>Type d&rsquo;institution<\/th>\n<th>Responsabilit\u00e9 l\u00e9gale<\/th>\n<th>Exemples de mesures de protection<\/th>\n<\/tr>\n<\/thead>\n<tbody>\n<tr>\n<td>\u00c9cole publique<\/td>\n<td>Assurer la protection de tous les \u00e9l\u00e8ves<\/td>\n<td>Formations des enseignants, protocoles de signalement !<\/td>\n<\/tr>\n<tr>\n<td>\u00c9cole priv\u00e9e<\/td>\n<td>Suivi des comportements abusifs des employ\u00e9s<\/td>\n<td>Politiques anti-harc\u00e8lement, sensibilisation<\/td>\n<\/tr>\n<tr>\n<td>Organismes de r\u00e9gulation<\/td>\n<td>Veiller \u00e0 l&rsquo;application des normes <\/td>\n<td>Inspections r\u00e9guli\u00e8res, bilan des pratiques sociales<\/td>\n<\/tr>\n<\/tbody>\n<\/table><\/figure>\n\n<p>Les anciens \u00e9l\u00e8ves du syst\u00e8me \u00e9ducatif ont la possibilit\u00e9 aujourd&rsquo;hui d&rsquo;exiger des r\u00e9ponses. Les lois r\u00e9cemment renforc\u00e9es concernant le harc\u00e8lement et les violences en milieu scolaire illustrent cette volont\u00e9 de mener un travail de fond pour \u00e9viter que les m\u00eames erreurs ne se reproduisent. Et pourtant, de nombreux t\u00e9moins et victimes exhortent \u00e0 une action plus muscl\u00e9e, notamment en mati\u00e8re de reconnaissance et d&rsquo;\u00e9ventuelles r\u00e9parations, afin que la soci\u00e9t\u00e9 ne reste pas fig\u00e9e sur ses acquis l\u00e9gislatifs.<\/p>\n\n<h2 class=\"wp-block-heading\">L&rsquo;impact des t\u00e9moignages sur la soci\u00e9t\u00e9 moderne<\/h2>\n\n<p>Les t\u00e9moignages de Gilles Parent et d&rsquo;autres anciens \u00e9l\u00e8ves suscitent un r\u00e9el mouvement dans les Pyr\u00e9n\u00e9es-Atlantiques et au-del\u00e0. Les r\u00e9cits viennent de tous bords, illustrant une s\u00e9rie d\u2019\u00e9v\u00e9nements marquants qui li\u00e8rent histoire personnelle et engagement collectif. Dans un monde o\u00f9 de telles histoires sont souvent tus, ces voix se veulent \u00eatre la parturiente d&rsquo;un processus de gu\u00e9rison.<\/p>\n\n<h3 class=\"wp-block-heading\">Les effets collat\u00e9raux de ces r\u00e9v\u00e9lations<\/h3>\n\n<p>Au-del\u00e0 de l\u2019aspect judiciaire, cette vague de t\u00e9moignages a \u00e9galement un impact consid\u00e9rable sur nos soci\u00e9t\u00e9s actuelles. La perception de l\u2019autorit\u00e9 est remise en question, et ces r\u00e9v\u00e9lations nourrissent un d\u00e9bat sur l\u2019\u00e9ducation, la protection des enfants et les droits fondamentaux. Le moment est venu de r\u00e9\u00e9valuer nos syst\u00e8mes et d\u2019encadrer plus efficacement nos jeunes, de prot\u00e9ger les vuln\u00e9rabilit\u00e9s du pass\u00e9 et d\u2019en \u00e9viter les r\u00e9cidives.<\/p>\n\n<ul class=\"wp-block-list\"><li>Les effets dans la soci\u00e9t\u00e9 actuelle \ud83d\udcac\n<ul>\n<li>Une nouvelle perception des responsabilit\u00e9s \u00e9ducatives.<\/li>\n<li>Des exigences plus strictes pour la s\u00e9curit\u00e9 des \u00e9l\u00e8ves.<\/li>\n<li>Un appel \u00e0 la vigilance collective envers les abus !<\/li>\n<\/ul>\n<\/li><li>Une nouvelle perception des responsabilit\u00e9s \u00e9ducatives.<\/li><li>Des exigences plus strictes pour la s\u00e9curit\u00e9 des \u00e9l\u00e8ves.<\/li><li>Un appel \u00e0 la vigilance collective envers les abus !<\/li><li>Le r\u00f4le des m\u00e9dias \ud83d\udcf0\n<ul>\n<li>Catalyseurs de discussions publiques.<\/li>\n<li>Informateurs sur les droits des victimes.<\/li>\n<li>Cr\u00e9ateurs d\u2019espaces de t\u00e9moignages !<\/li>\n<\/ul>\n<\/li><li>Catalyseurs de discussions publiques.<\/li><li>Informateurs sur les droits des victimes.<\/li><li>Cr\u00e9ateurs d\u2019espaces de t\u00e9moignages !<\/li><\/ul>\n\n<p>Cette dynamique entre histoire personnelle et engagement politique nourrit des notions de r\u00e9silience et d\u2019espoir. Les cons\u00e9quences sur la perception des modes de vie scolaire d\u2019autrefois sont profondes. De nombreuses personnes prennent conscience que la violence n\u2019\u00e9tait pas l\u2019apanage exclusif de certaines \u00e9coles mais bien un mal syst\u00e9mique \u00e0 an\u00e9antir. Ces voix, unies, deviennent le fondement d\u2019une lutte pour que la justice prenne forme.<\/p>\n\n<h2 class=\"wp-block-heading\">FAQ des lecteurs : en apprendre davantage<\/h2>\n\n<p>Pour accompagner les lecteurs curieux ou en qu\u00eate de r\u00e9ponses, voici une FAQ sur ce sujet d\u00e9licat.<\/p>\n\n<ul class=\"wp-block-list\"><li><strong>Pourquoi les plaintes ne sont-elles d\u00e9pos\u00e9es que maintenant ?<\/strong>\n<p>Les victimes ont longtemps souffert en silence, souvent par peur ou par honte. Mais la prise de parole aujourd&rsquo;hui montre une \u00e9volution de la soci\u00e9t\u00e9 et un sentiment de soutien qui permettent \u00e0 ces anciens \u00e9l\u00e8ves de revendiquer leurs droits.<\/p>\n<\/li><li><strong>Les victimes peuvent-elles esp\u00e9rer obtenir justice ?<\/strong>\n<p>Avec l&rsquo;\u00e9volution des lois et une soci\u00e9t\u00e9 plus consciente de ces probl\u00e9matiques, il y a des chances que la justice prenne en consid\u00e9ration ces plaintes, m\u00eame apr\u00e8s des ann\u00e9es.<\/p>\n<\/li><li><strong>Comment la soci\u00e9t\u00e9 peut-elle aider les victimes ?<\/strong>\n<p>La solidarit\u00e9, la reconnaissance des t\u00e9moins et le soutien psychologique sont autant de moyens pour aider les victimes \u00e0 surmonter leur pass\u00e9 et \u00e0 se reconstruire.<\/p>\n<\/li><li><strong>Quelles sont les actions collectives entreprises par les victimes ?<\/strong>\n<p>Des collectifs ont \u00e9t\u00e9 cr\u00e9\u00e9s pour rassembler les t\u00e9moignages et faire pression sur les autorit\u00e9s afin que des mesures concr\u00e8tes soient adopt\u00e9es contre la violence \u00e0 l&rsquo;\u00e9cole.<\/p>\n<\/li><li><strong>Quel message les victimes souhaitent-elles transmettre ?<\/strong>\n<p>Leur objectif est de sensibiliser le public aux violences v\u00e9cues \u00e0 l&rsquo;\u00e9cole et d&rsquo;encourager une culture de dialogue et de pr\u00e9vention des abus.<\/p>\n<\/li><\/ul>\n\n","protected":false},"excerpt":{"rendered":"<p>Un ancien \u00e9l\u00e8ve d&rsquo;une \u00e9cole publique des Pyr\u00e9n\u00e9es-Atlantiques fait aujourd&rsquo;hui la une, apr\u00e8s avoir d\u00e9cid\u00e9 de d\u00e9poser une plainte pour violences subies durant son enfance, dans les ann\u00e9es 70. Cette d\u00e9marche, qui ouvre \u00e0 la fois une plaie et une porte, soul\u00e8ve des interrogations sur le pass\u00e9 souvent cach\u00e9 des \u00e9tablissements scolaires. Alors que le &#8230; <a title=\"Un ancien \u00e9l\u00e8ve d&rsquo;une \u00e9cole publique des Pyr\u00e9n\u00e9es-Atlantiques d\u00e9pose une plainte pour des actes de violence survenus dans les ann\u00e9es 70\" class=\"read-more\" href=\"https:\/\/www.apres-lecole.fr\/Blog\/plainte-violence-annees-70\/\" aria-label=\"En savoir plus sur Un ancien \u00e9l\u00e8ve d&rsquo;une \u00e9cole publique des Pyr\u00e9n\u00e9es-Atlantiques d\u00e9pose une plainte pour des actes de violence survenus dans les ann\u00e9es 70\">Lire plus<\/a><\/p>\n","protected":false},"author":9,"featured_media":1813,"comment_status":"open","ping_status":"open","sticky":false,"template":"","format":"standard","meta":{"footnotes":""},"categories":[342],"tags":[573,574,576,575,577],"class_list":["post-1814","post","type-post","status-publish","format-standard","has-post-thumbnail","hentry","category-actualites","tag-ancien-eleve","tag-ecole-publique","tag-plainte","tag-pyrenees-atlantiques","tag-violence"],"yoast_head":"<!-- This site is optimized with the Yoast SEO plugin v27.5 - https:\/\/yoast.com\/product\/yoast-seo-wordpress\/ -->\n<title>Un vieux souvenir : plainte d&#039;un ancien \u00e9l\u00e8ve pour violence dans les Pyr\u00e9n\u00e9es-Atlantiques<\/title>\n<meta name=\"description\" content=\"Un ancien \u00e9l\u00e8ve d&#039;une \u00e9cole publique des Pyr\u00e9n\u00e9es-Atlantiques d\u00e9pose une plainte pour des actes de violence survenus dans les ann\u00e9es 70. D\u00e9couvrez les d\u00e9tails de cette affaire qui soul\u00e8ve des questions sur les violences scolaires pass\u00e9es et l&#039;impact durable sur les victimes. Une r\u00e9flexion essentielle sur la m\u00e9moire et la justice.\" \/>\n<meta name=\"robots\" content=\"index, follow, max-snippet:-1, max-image-preview:large, max-video-preview:-1\" \/>\n<link rel=\"canonical\" href=\"https:\/\/www.apres-lecole.fr\/Blog\/plainte-violence-annees-70\/\" \/>\n<meta property=\"og:locale\" content=\"fr_FR\" \/>\n<meta property=\"og:type\" content=\"article\" \/>\n<meta property=\"og:title\" content=\"Un vieux souvenir : plainte d&#039;un ancien \u00e9l\u00e8ve pour violence dans les Pyr\u00e9n\u00e9es-Atlantiques\" \/>\n<meta property=\"og:description\" content=\"Un ancien \u00e9l\u00e8ve d&#039;une \u00e9cole publique des Pyr\u00e9n\u00e9es-Atlantiques d\u00e9pose une plainte pour des actes de violence survenus dans les ann\u00e9es 70. D\u00e9couvrez les d\u00e9tails de cette affaire qui soul\u00e8ve des questions sur les violences scolaires pass\u00e9es et l&#039;impact durable sur les victimes. Une r\u00e9flexion essentielle sur la m\u00e9moire et la justice.\" \/>\n<meta property=\"og:url\" content=\"https:\/\/www.apres-lecole.fr\/Blog\/plainte-violence-annees-70\/\" \/>\n<meta property=\"article:published_time\" content=\"2025-04-06T07:08:05+00:00\" \/>\n<meta property=\"og:image\" content=\"https:\/\/www.apres-lecole.fr\/Blog\/wp-content\/uploads\/2025\/04\/Un-ancien-eleve-dune-ecole-publique-des-Pyrenees-Atlantiques-depose-une-plainte-pour-des-actes-de-violence-survenus-dans-les-annees-70.jpg\" \/>\n\t<meta property=\"og:image:width\" content=\"1344\" \/>\n\t<meta property=\"og:image:height\" content=\"768\" \/>\n\t<meta property=\"og:image:type\" content=\"image\/jpeg\" \/>\n<meta name=\"author\" content=\"Eva Martin\" \/>\n<meta name=\"twitter:card\" content=\"summary_large_image\" \/>\n<meta name=\"twitter:creator\" content=\"@Evaapresecole\" \/>\n<meta name=\"twitter:label1\" content=\"\u00c9crit par\" \/>\n\t<meta name=\"twitter:data1\" content=\"Eva Martin\" \/>\n\t<meta name=\"twitter:label2\" content=\"Dur\u00e9e de lecture estim\u00e9e\" \/>\n\t<meta name=\"twitter:data2\" content=\"8 minutes\" \/>\n<script type=\"application\/ld+json\" class=\"yoast-schema-graph\">{\"@context\":\"https:\\\/\\\/schema.org\",\"@graph\":[{\"@type\":\"Article\",\"@id\":\"https:\\\/\\\/www.apres-lecole.fr\\\/Blog\\\/plainte-violence-annees-70\\\/#article\",\"isPartOf\":{\"@id\":\"https:\\\/\\\/www.apres-lecole.fr\\\/Blog\\\/plainte-violence-annees-70\\\/\"},\"author\":{\"name\":\"Eva Martin\",\"@id\":\"https:\\\/\\\/www.apres-lecole.fr\\\/Blog\\\/#\\\/schema\\\/person\\\/aeb50cd4b51fc69da155804bb5bb9fc4\"},\"headline\":\"Un ancien \u00e9l\u00e8ve d&rsquo;une \u00e9cole publique des Pyr\u00e9n\u00e9es-Atlantiques d\u00e9pose une plainte pour des actes de violence survenus dans les ann\u00e9es 70\",\"datePublished\":\"2025-04-06T07:08:05+00:00\",\"mainEntityOfPage\":{\"@id\":\"https:\\\/\\\/www.apres-lecole.fr\\\/Blog\\\/plainte-violence-annees-70\\\/\"},\"wordCount\":1759,\"commentCount\":0,\"image\":{\"@id\":\"https:\\\/\\\/www.apres-lecole.fr\\\/Blog\\\/plainte-violence-annees-70\\\/#primaryimage\"},\"thumbnailUrl\":\"https:\\\/\\\/www.apres-lecole.fr\\\/Blog\\\/wp-content\\\/uploads\\\/2025\\\/04\\\/Un-ancien-eleve-dune-ecole-publique-des-Pyrenees-Atlantiques-depose-une-plainte-pour-des-actes-de-violence-survenus-dans-les-annees-70.jpg\",\"keywords\":[\"ancien \u00e9l\u00e8ve\",\"\u00e9cole publique\",\"plainte\",\"pyr\u00e9n\u00e9es-atlantiques\",\"violence\"],\"articleSection\":[\"Actualit\u00e9s\"],\"inLanguage\":\"fr-FR\",\"potentialAction\":[{\"@type\":\"CommentAction\",\"name\":\"Comment\",\"target\":[\"https:\\\/\\\/www.apres-lecole.fr\\\/Blog\\\/plainte-violence-annees-70\\\/#respond\"]}]},{\"@type\":\"WebPage\",\"@id\":\"https:\\\/\\\/www.apres-lecole.fr\\\/Blog\\\/plainte-violence-annees-70\\\/\",\"url\":\"https:\\\/\\\/www.apres-lecole.fr\\\/Blog\\\/plainte-violence-annees-70\\\/\",\"name\":\"Un vieux souvenir : plainte d'un ancien \u00e9l\u00e8ve pour violence dans les Pyr\u00e9n\u00e9es-Atlantiques\",\"isPartOf\":{\"@id\":\"https:\\\/\\\/www.apres-lecole.fr\\\/Blog\\\/#website\"},\"primaryImageOfPage\":{\"@id\":\"https:\\\/\\\/www.apres-lecole.fr\\\/Blog\\\/plainte-violence-annees-70\\\/#primaryimage\"},\"image\":{\"@id\":\"https:\\\/\\\/www.apres-lecole.fr\\\/Blog\\\/plainte-violence-annees-70\\\/#primaryimage\"},\"thumbnailUrl\":\"https:\\\/\\\/www.apres-lecole.fr\\\/Blog\\\/wp-content\\\/uploads\\\/2025\\\/04\\\/Un-ancien-eleve-dune-ecole-publique-des-Pyrenees-Atlantiques-depose-une-plainte-pour-des-actes-de-violence-survenus-dans-les-annees-70.jpg\",\"datePublished\":\"2025-04-06T07:08:05+00:00\",\"author\":{\"@id\":\"https:\\\/\\\/www.apres-lecole.fr\\\/Blog\\\/#\\\/schema\\\/person\\\/aeb50cd4b51fc69da155804bb5bb9fc4\"},\"description\":\"Un ancien \u00e9l\u00e8ve d'une \u00e9cole publique des Pyr\u00e9n\u00e9es-Atlantiques d\u00e9pose une plainte pour des actes de violence survenus dans les ann\u00e9es 70. D\u00e9couvrez les d\u00e9tails de cette affaire qui soul\u00e8ve des questions sur les violences scolaires pass\u00e9es et l'impact durable sur les victimes. Une r\u00e9flexion essentielle sur la m\u00e9moire et la justice.\",\"breadcrumb\":{\"@id\":\"https:\\\/\\\/www.apres-lecole.fr\\\/Blog\\\/plainte-violence-annees-70\\\/#breadcrumb\"},\"inLanguage\":\"fr-FR\",\"potentialAction\":[{\"@type\":\"ReadAction\",\"target\":[\"https:\\\/\\\/www.apres-lecole.fr\\\/Blog\\\/plainte-violence-annees-70\\\/\"]}]},{\"@type\":\"ImageObject\",\"inLanguage\":\"fr-FR\",\"@id\":\"https:\\\/\\\/www.apres-lecole.fr\\\/Blog\\\/plainte-violence-annees-70\\\/#primaryimage\",\"url\":\"https:\\\/\\\/www.apres-lecole.fr\\\/Blog\\\/wp-content\\\/uploads\\\/2025\\\/04\\\/Un-ancien-eleve-dune-ecole-publique-des-Pyrenees-Atlantiques-depose-une-plainte-pour-des-actes-de-violence-survenus-dans-les-annees-70.jpg\",\"contentUrl\":\"https:\\\/\\\/www.apres-lecole.fr\\\/Blog\\\/wp-content\\\/uploads\\\/2025\\\/04\\\/Un-ancien-eleve-dune-ecole-publique-des-Pyrenees-Atlantiques-depose-une-plainte-pour-des-actes-de-violence-survenus-dans-les-annees-70.jpg\",\"width\":1344,\"height\":768,\"caption\":\"d\u00e9couvrez l'histoire poignante d'un ancien \u00e9l\u00e8ve d'une \u00e9cole publique des pyr\u00e9n\u00e9es-atlantiques qui, des d\u00e9cennies apr\u00e8s les faits, d\u00e9pose une plainte pour des actes de violence survenus dans les ann\u00e9es 70. plongez dans cette affaire qui soul\u00e8ve des questions sur la m\u00e9moire et la justice.\"},{\"@type\":\"BreadcrumbList\",\"@id\":\"https:\\\/\\\/www.apres-lecole.fr\\\/Blog\\\/plainte-violence-annees-70\\\/#breadcrumb\",\"itemListElement\":[{\"@type\":\"ListItem\",\"position\":1,\"name\":\"Home\",\"item\":\"https:\\\/\\\/www.apres-lecole.fr\\\/Blog\\\/\"},{\"@type\":\"ListItem\",\"position\":2,\"name\":\"Un ancien \u00e9l\u00e8ve d&rsquo;une \u00e9cole publique des Pyr\u00e9n\u00e9es-Atlantiques d\u00e9pose une plainte pour des actes de violence survenus dans les ann\u00e9es 70\"}]},{\"@type\":\"WebSite\",\"@id\":\"https:\\\/\\\/www.apres-lecole.fr\\\/Blog\\\/#website\",\"url\":\"https:\\\/\\\/www.apres-lecole.fr\\\/Blog\\\/\",\"name\":\"\",\"description\":\"M\u00e9dia g\u00e9n\u00e9raliste\",\"potentialAction\":[{\"@type\":\"SearchAction\",\"target\":{\"@type\":\"EntryPoint\",\"urlTemplate\":\"https:\\\/\\\/www.apres-lecole.fr\\\/Blog\\\/?s={search_term_string}\"},\"query-input\":{\"@type\":\"PropertyValueSpecification\",\"valueRequired\":true,\"valueName\":\"search_term_string\"}}],\"inLanguage\":\"fr-FR\"},{\"@type\":\"Person\",\"@id\":\"https:\\\/\\\/www.apres-lecole.fr\\\/Blog\\\/#\\\/schema\\\/person\\\/aeb50cd4b51fc69da155804bb5bb9fc4\",\"name\":\"Eva Martin\",\"image\":{\"@type\":\"ImageObject\",\"inLanguage\":\"fr-FR\",\"@id\":\"https:\\\/\\\/secure.gravatar.com\\\/avatar\\\/55c53222558b27a72015a64073a80edce4abd33369394b9bf2c5cd6c19d12682?s=96&d=mm&r=g\",\"url\":\"https:\\\/\\\/secure.gravatar.com\\\/avatar\\\/55c53222558b27a72015a64073a80edce4abd33369394b9bf2c5cd6c19d12682?s=96&d=mm&r=g\",\"contentUrl\":\"https:\\\/\\\/secure.gravatar.com\\\/avatar\\\/55c53222558b27a72015a64073a80edce4abd33369394b9bf2c5cd6c19d12682?s=96&d=mm&r=g\",\"caption\":\"Eva Martin\"},\"description\":\"Je parle de business et d'entrepreneuriat avec des conseils clairs, concrets et actionnables pour r\u00e9ussir\",\"sameAs\":[\"https:\\\/\\\/x.com\\\/Evaapresecole\"],\"url\":\"https:\\\/\\\/www.apres-lecole.fr\\\/Blog\\\/author\\\/evamartin\\\/\"}]}<\/script>\n<!-- \/ Yoast SEO plugin. -->","yoast_head_json":{"title":"Un vieux souvenir : plainte d'un ancien \u00e9l\u00e8ve pour violence dans les Pyr\u00e9n\u00e9es-Atlantiques","description":"Un ancien \u00e9l\u00e8ve d'une \u00e9cole publique des Pyr\u00e9n\u00e9es-Atlantiques d\u00e9pose une plainte pour des actes de violence survenus dans les ann\u00e9es 70. D\u00e9couvrez les d\u00e9tails de cette affaire qui soul\u00e8ve des questions sur les violences scolaires pass\u00e9es et l'impact durable sur les victimes. Une r\u00e9flexion essentielle sur la m\u00e9moire et la justice.","robots":{"index":"index","follow":"follow","max-snippet":"max-snippet:-1","max-image-preview":"max-image-preview:large","max-video-preview":"max-video-preview:-1"},"canonical":"https:\/\/www.apres-lecole.fr\/Blog\/plainte-violence-annees-70\/","og_locale":"fr_FR","og_type":"article","og_title":"Un vieux souvenir : plainte d'un ancien \u00e9l\u00e8ve pour violence dans les Pyr\u00e9n\u00e9es-Atlantiques","og_description":"Un ancien \u00e9l\u00e8ve d'une \u00e9cole publique des Pyr\u00e9n\u00e9es-Atlantiques d\u00e9pose une plainte pour des actes de violence survenus dans les ann\u00e9es 70. D\u00e9couvrez les d\u00e9tails de cette affaire qui soul\u00e8ve des questions sur les violences scolaires pass\u00e9es et l'impact durable sur les victimes. Une r\u00e9flexion essentielle sur la m\u00e9moire et la justice.","og_url":"https:\/\/www.apres-lecole.fr\/Blog\/plainte-violence-annees-70\/","article_published_time":"2025-04-06T07:08:05+00:00","og_image":[{"width":1344,"height":768,"url":"https:\/\/www.apres-lecole.fr\/Blog\/wp-content\/uploads\/2025\/04\/Un-ancien-eleve-dune-ecole-publique-des-Pyrenees-Atlantiques-depose-une-plainte-pour-des-actes-de-violence-survenus-dans-les-annees-70.jpg","type":"image\/jpeg"}],"author":"Eva Martin","twitter_card":"summary_large_image","twitter_creator":"@Evaapresecole","twitter_misc":{"\u00c9crit par":"Eva Martin","Dur\u00e9e de lecture estim\u00e9e":"8 minutes"},"schema":{"@context":"https:\/\/schema.org","@graph":[{"@type":"Article","@id":"https:\/\/www.apres-lecole.fr\/Blog\/plainte-violence-annees-70\/#article","isPartOf":{"@id":"https:\/\/www.apres-lecole.fr\/Blog\/plainte-violence-annees-70\/"},"author":{"name":"Eva Martin","@id":"https:\/\/www.apres-lecole.fr\/Blog\/#\/schema\/person\/aeb50cd4b51fc69da155804bb5bb9fc4"},"headline":"Un ancien \u00e9l\u00e8ve d&rsquo;une \u00e9cole publique des Pyr\u00e9n\u00e9es-Atlantiques d\u00e9pose une plainte pour des actes de violence survenus dans les ann\u00e9es 70","datePublished":"2025-04-06T07:08:05+00:00","mainEntityOfPage":{"@id":"https:\/\/www.apres-lecole.fr\/Blog\/plainte-violence-annees-70\/"},"wordCount":1759,"commentCount":0,"image":{"@id":"https:\/\/www.apres-lecole.fr\/Blog\/plainte-violence-annees-70\/#primaryimage"},"thumbnailUrl":"https:\/\/www.apres-lecole.fr\/Blog\/wp-content\/uploads\/2025\/04\/Un-ancien-eleve-dune-ecole-publique-des-Pyrenees-Atlantiques-depose-une-plainte-pour-des-actes-de-violence-survenus-dans-les-annees-70.jpg","keywords":["ancien \u00e9l\u00e8ve","\u00e9cole publique","plainte","pyr\u00e9n\u00e9es-atlantiques","violence"],"articleSection":["Actualit\u00e9s"],"inLanguage":"fr-FR","potentialAction":[{"@type":"CommentAction","name":"Comment","target":["https:\/\/www.apres-lecole.fr\/Blog\/plainte-violence-annees-70\/#respond"]}]},{"@type":"WebPage","@id":"https:\/\/www.apres-lecole.fr\/Blog\/plainte-violence-annees-70\/","url":"https:\/\/www.apres-lecole.fr\/Blog\/plainte-violence-annees-70\/","name":"Un vieux souvenir : plainte d'un ancien \u00e9l\u00e8ve pour violence dans les Pyr\u00e9n\u00e9es-Atlantiques","isPartOf":{"@id":"https:\/\/www.apres-lecole.fr\/Blog\/#website"},"primaryImageOfPage":{"@id":"https:\/\/www.apres-lecole.fr\/Blog\/plainte-violence-annees-70\/#primaryimage"},"image":{"@id":"https:\/\/www.apres-lecole.fr\/Blog\/plainte-violence-annees-70\/#primaryimage"},"thumbnailUrl":"https:\/\/www.apres-lecole.fr\/Blog\/wp-content\/uploads\/2025\/04\/Un-ancien-eleve-dune-ecole-publique-des-Pyrenees-Atlantiques-depose-une-plainte-pour-des-actes-de-violence-survenus-dans-les-annees-70.jpg","datePublished":"2025-04-06T07:08:05+00:00","author":{"@id":"https:\/\/www.apres-lecole.fr\/Blog\/#\/schema\/person\/aeb50cd4b51fc69da155804bb5bb9fc4"},"description":"Un ancien \u00e9l\u00e8ve d'une \u00e9cole publique des Pyr\u00e9n\u00e9es-Atlantiques d\u00e9pose une plainte pour des actes de violence survenus dans les ann\u00e9es 70. D\u00e9couvrez les d\u00e9tails de cette affaire qui soul\u00e8ve des questions sur les violences scolaires pass\u00e9es et l'impact durable sur les victimes. Une r\u00e9flexion essentielle sur la m\u00e9moire et la justice.","breadcrumb":{"@id":"https:\/\/www.apres-lecole.fr\/Blog\/plainte-violence-annees-70\/#breadcrumb"},"inLanguage":"fr-FR","potentialAction":[{"@type":"ReadAction","target":["https:\/\/www.apres-lecole.fr\/Blog\/plainte-violence-annees-70\/"]}]},{"@type":"ImageObject","inLanguage":"fr-FR","@id":"https:\/\/www.apres-lecole.fr\/Blog\/plainte-violence-annees-70\/#primaryimage","url":"https:\/\/www.apres-lecole.fr\/Blog\/wp-content\/uploads\/2025\/04\/Un-ancien-eleve-dune-ecole-publique-des-Pyrenees-Atlantiques-depose-une-plainte-pour-des-actes-de-violence-survenus-dans-les-annees-70.jpg","contentUrl":"https:\/\/www.apres-lecole.fr\/Blog\/wp-content\/uploads\/2025\/04\/Un-ancien-eleve-dune-ecole-publique-des-Pyrenees-Atlantiques-depose-une-plainte-pour-des-actes-de-violence-survenus-dans-les-annees-70.jpg","width":1344,"height":768,"caption":"d\u00e9couvrez l'histoire poignante d'un ancien \u00e9l\u00e8ve d'une \u00e9cole publique des pyr\u00e9n\u00e9es-atlantiques qui, des d\u00e9cennies apr\u00e8s les faits, d\u00e9pose une plainte pour des actes de violence survenus dans les ann\u00e9es 70. plongez dans cette affaire qui soul\u00e8ve des questions sur la m\u00e9moire et la justice."},{"@type":"BreadcrumbList","@id":"https:\/\/www.apres-lecole.fr\/Blog\/plainte-violence-annees-70\/#breadcrumb","itemListElement":[{"@type":"ListItem","position":1,"name":"Home","item":"https:\/\/www.apres-lecole.fr\/Blog\/"},{"@type":"ListItem","position":2,"name":"Un ancien \u00e9l\u00e8ve d&rsquo;une \u00e9cole publique des Pyr\u00e9n\u00e9es-Atlantiques d\u00e9pose une plainte pour des actes de violence survenus dans les ann\u00e9es 70"}]},{"@type":"WebSite","@id":"https:\/\/www.apres-lecole.fr\/Blog\/#website","url":"https:\/\/www.apres-lecole.fr\/Blog\/","name":"","description":"M\u00e9dia g\u00e9n\u00e9raliste","potentialAction":[{"@type":"SearchAction","target":{"@type":"EntryPoint","urlTemplate":"https:\/\/www.apres-lecole.fr\/Blog\/?s={search_term_string}"},"query-input":{"@type":"PropertyValueSpecification","valueRequired":true,"valueName":"search_term_string"}}],"inLanguage":"fr-FR"},{"@type":"Person","@id":"https:\/\/www.apres-lecole.fr\/Blog\/#\/schema\/person\/aeb50cd4b51fc69da155804bb5bb9fc4","name":"Eva Martin","image":{"@type":"ImageObject","inLanguage":"fr-FR","@id":"https:\/\/secure.gravatar.com\/avatar\/55c53222558b27a72015a64073a80edce4abd33369394b9bf2c5cd6c19d12682?s=96&d=mm&r=g","url":"https:\/\/secure.gravatar.com\/avatar\/55c53222558b27a72015a64073a80edce4abd33369394b9bf2c5cd6c19d12682?s=96&d=mm&r=g","contentUrl":"https:\/\/secure.gravatar.com\/avatar\/55c53222558b27a72015a64073a80edce4abd33369394b9bf2c5cd6c19d12682?s=96&d=mm&r=g","caption":"Eva Martin"},"description":"Je parle de business et d'entrepreneuriat avec des conseils clairs, concrets et actionnables pour r\u00e9ussir","sameAs":["https:\/\/x.com\/Evaapresecole"],"url":"https:\/\/www.apres-lecole.fr\/Blog\/author\/evamartin\/"}]}},"views":5,"_links":{"self":[{"href":"https:\/\/www.apres-lecole.fr\/Blog\/wp-json\/wp\/v2\/posts\/1814","targetHints":{"allow":["GET"]}}],"collection":[{"href":"https:\/\/www.apres-lecole.fr\/Blog\/wp-json\/wp\/v2\/posts"}],"about":[{"href":"https:\/\/www.apres-lecole.fr\/Blog\/wp-json\/wp\/v2\/types\/post"}],"author":[{"embeddable":true,"href":"https:\/\/www.apres-lecole.fr\/Blog\/wp-json\/wp\/v2\/users\/9"}],"replies":[{"embeddable":true,"href":"https:\/\/www.apres-lecole.fr\/Blog\/wp-json\/wp\/v2\/comments?post=1814"}],"version-history":[{"count":0,"href":"https:\/\/www.apres-lecole.fr\/Blog\/wp-json\/wp\/v2\/posts\/1814\/revisions"}],"wp:featuredmedia":[{"embeddable":true,"href":"https:\/\/www.apres-lecole.fr\/Blog\/wp-json\/wp\/v2\/media\/1813"}],"wp:attachment":[{"href":"https:\/\/www.apres-lecole.fr\/Blog\/wp-json\/wp\/v2\/media?parent=1814"}],"wp:term":[{"taxonomy":"category","embeddable":true,"href":"https:\/\/www.apres-lecole.fr\/Blog\/wp-json\/wp\/v2\/categories?post=1814"},{"taxonomy":"post_tag","embeddable":true,"href":"https:\/\/www.apres-lecole.fr\/Blog\/wp-json\/wp\/v2\/tags?post=1814"}],"curies":[{"name":"wp","href":"https:\/\/api.w.org\/{rel}","templated":true}]}}