{"id":1808,"date":"2025-04-04T03:34:16","date_gmt":"2025-04-04T03:34:16","guid":{"rendered":"https:\/\/www.apres-lecole.fr\/Blog\/enfant-inquiet-ecole-evreux\/"},"modified":"2025-04-04T03:34:16","modified_gmt":"2025-04-04T03:34:16","slug":"enfant-inquiet-ecole-evreux","status":"publish","type":"post","link":"https:\/\/www.apres-lecole.fr\/Blog\/enfant-inquiet-ecole-evreux\/","title":{"rendered":"Pr\u00e8s d&rsquo;\u00c9vreux, un enfant provoque l&rsquo;inqui\u00e9tude au sein d&rsquo;une \u00e9cole"},"content":{"rendered":"\n\n<div class=\"kk-star-ratings kksr-auto kksr-align-left kksr-valign-top\"\n    data-payload='{&quot;align&quot;:&quot;left&quot;,&quot;id&quot;:&quot;1808&quot;,&quot;slug&quot;:&quot;default&quot;,&quot;valign&quot;:&quot;top&quot;,&quot;ignore&quot;:&quot;&quot;,&quot;reference&quot;:&quot;auto&quot;,&quot;class&quot;:&quot;&quot;,&quot;count&quot;:&quot;0&quot;,&quot;legendonly&quot;:&quot;&quot;,&quot;readonly&quot;:&quot;&quot;,&quot;score&quot;:&quot;0&quot;,&quot;starsonly&quot;:&quot;&quot;,&quot;best&quot;:&quot;5&quot;,&quot;gap&quot;:&quot;5&quot;,&quot;greet&quot;:&quot;Rate this post&quot;,&quot;legend&quot;:&quot;0\\\/5 - (0 vote)&quot;,&quot;size&quot;:&quot;24&quot;,&quot;title&quot;:&quot;Pr\u00e8s d\\u0026#039;\u00c9vreux, un enfant provoque l\\u0026#039;inqui\u00e9tude au sein d\\u0026#039;une \u00e9cole&quot;,&quot;width&quot;:&quot;0&quot;,&quot;_legend&quot;:&quot;{score}\\\/{best} - ({count} {votes})&quot;,&quot;font_factor&quot;:&quot;1.25&quot;}'>\n            \n<div class=\"kksr-stars\">\n    \n<div class=\"kksr-stars-inactive\">\n            <div class=\"kksr-star\" data-star=\"1\" style=\"padding-right: 5px\">\n            \n\n<div class=\"kksr-icon\" style=\"width: 24px; height: 24px;\"><\/div>\n        <\/div>\n            <div class=\"kksr-star\" data-star=\"2\" style=\"padding-right: 5px\">\n            \n\n<div class=\"kksr-icon\" style=\"width: 24px; height: 24px;\"><\/div>\n        <\/div>\n            <div class=\"kksr-star\" data-star=\"3\" style=\"padding-right: 5px\">\n            \n\n<div class=\"kksr-icon\" style=\"width: 24px; height: 24px;\"><\/div>\n        <\/div>\n            <div class=\"kksr-star\" data-star=\"4\" style=\"padding-right: 5px\">\n            \n\n<div class=\"kksr-icon\" style=\"width: 24px; height: 24px;\"><\/div>\n        <\/div>\n            <div class=\"kksr-star\" data-star=\"5\" style=\"padding-right: 5px\">\n            \n\n<div class=\"kksr-icon\" style=\"width: 24px; height: 24px;\"><\/div>\n        <\/div>\n    <\/div>\n    \n<div class=\"kksr-stars-active\" style=\"width: 0px;\">\n            <div class=\"kksr-star\" style=\"padding-right: 5px\">\n            \n\n<div class=\"kksr-icon\" style=\"width: 24px; height: 24px;\"><\/div>\n        <\/div>\n            <div class=\"kksr-star\" style=\"padding-right: 5px\">\n            \n\n<div class=\"kksr-icon\" style=\"width: 24px; height: 24px;\"><\/div>\n        <\/div>\n            <div class=\"kksr-star\" style=\"padding-right: 5px\">\n            \n\n<div class=\"kksr-icon\" style=\"width: 24px; height: 24px;\"><\/div>\n        <\/div>\n            <div class=\"kksr-star\" style=\"padding-right: 5px\">\n            \n\n<div class=\"kksr-icon\" style=\"width: 24px; height: 24px;\"><\/div>\n        <\/div>\n            <div class=\"kksr-star\" style=\"padding-right: 5px\">\n            \n\n<div class=\"kksr-icon\" style=\"width: 24px; height: 24px;\"><\/div>\n        <\/div>\n    <\/div>\n<\/div>\n                \n\n<div class=\"kksr-legend\" style=\"font-size: 19.2px;\">\n            <span class=\"kksr-muted\">Rate this post<\/span>\n    <\/div>\n    <\/div>\n<p>R\u00e9cemment, une situation alarmante a \u00e9merg\u00e9 pr\u00e8s d&rsquo;\u00c9vreux, suscitant des pr\u00e9occupations tant chez les parents que chez le personnel \u00e9ducatif. Un enfant a provoqu\u00e9 une s\u00e9rie d&rsquo;incidents inqui\u00e9tants au sein d&rsquo;une \u00e9cole, rattissant les discussions sur la <strong>Securit\u00e9 Enfance<\/strong> dans le milieu scolaire. Ce constat met en lumi\u00e8re l&rsquo;urgence d&rsquo;instaurer des mesures de <strong>Pr\u00e9vention \u00c9ducative<\/strong> et de renforcer ensemble le soutien autour des enfants. Comment ce ph\u00e9nom\u00e8ne peut-il influencer l&rsquo;<strong>\u00c9ducation Responsable<\/strong> et la <strong>Protection Scolaire<\/strong>? D\u00e9couvrons-le !<\/p>\n\n<h2 class=\"wp-block-heading\">Une situation pr\u00e9occupante dans une \u00e9cole pr\u00e8s d&rsquo;\u00c9vreux<\/h2>\n\n<p>Tout a commenc\u00e9 un matin ordinaire. Les \u00e9l\u00e8ves se regroupaient devant l&rsquo;entr\u00e9e de l&rsquo;\u00e9cole, excit\u00e9s \u00e0 l&rsquo;id\u00e9e de commencer une nouvelle journ\u00e9e. Pourtant, cette ambiance joyeuse a \u00e9t\u00e9 rapidement \u00e9branl\u00e9e par des actes incompr\u00e9hensibles d&rsquo;un enfant, qui ont entra\u00een\u00e9 l&rsquo;alarme parmi les enseignants et le personnel. Cette situation n&rsquo;est pas isol\u00e9e, elle rel\u00e8ve de d\u00e9fis plus larges en termes de <strong>confiance \u00e9ducative<\/strong> et de s\u00e9curit\u00e9.<\/p>\n\n<p>Les enseignants ont fait part de leur m\u00e9contentement face \u00e0 l&rsquo;absence de mesures ad\u00e9quates pour garantir un environnement scolaire serein et accueillant. Parler de ce qui s&rsquo;est pass\u00e9, c&rsquo;est comme soulever le couvercle d&rsquo;une bo\u00eete de Pandore : au-del\u00e0 des tracas quotidiens, ces incidents affleurent des questions fondamentales sur la s\u00e9curit\u00e9 \u00e0 l&rsquo;\u00e9cole.<\/p>\n\n<h3 class=\"wp-block-heading\">Incidents : description et impact sur les enfants<\/h3>\n\n<p>Les incidents observ\u00e9s impliquaient un m\u00e9lange d&rsquo;agressivit\u00e9 et de comportements perturbateurs, affectant la qui\u00e9tude de tout un \u00e9tablissement. Des \u00e9l\u00e8ves, qui ne comprennent pas toujours la gravit\u00e9 de leurs actions, ont \u00e9t\u00e9 confront\u00e9s \u00e0 une dynamique de peur et de tension.<br>\nNe t&rsquo;inqui\u00e8te pas, une solution existe. Voici une analyse de la case et des enjeux li\u00e9s :<\/p>\n\n<ul class=\"wp-block-list\"><li>\ud83e\udd14 <strong>Incompr\u00e9hension des comportements :<\/strong> Souvent, un changement d&rsquo;attitude chez un enfant peut \u00eatre le signe de troubles plus profonds.<\/li><li>\ud83d\ude1f <strong>Sentiment de peur :<\/strong> Des enfants peuvent se sentir menac\u00e9s, ce qui peut affecter leur \u00e9panouissement scolaire.<\/li><li>\ud83d\udee1\ufe0f <strong>Fracture de la confiance :<\/strong> Cette situation peut cr\u00e9er une distance entre les parents et l\u2019\u00e9tablissement scolaire, privant ainsi les enfants d&rsquo;un soutien indispensable.<\/li><\/ul>\n\n<figure class=\"wp-block-table\"><table>\n<thead>\n<tr>\n<th>Comportements inqui\u00e9tants<\/th>\n<th>Cons\u00e9quences<\/th>\n<th>Solutions propos\u00e9es<\/th>\n<\/tr>\n<\/thead>\n<tbody>\n<tr>\n<td>Agressivit\u00e9 envers les camarades<\/td>\n<td>Isolement social<\/td>\n<td>Mise en place de m\u00e9diation scolaire<\/td>\n<\/tr>\n<tr>\n<td>Refus de coop\u00e9ration<\/td>\n<td>Difficult\u00e9s d&rsquo;apprentissage<\/td>\n<td>Accompagnement personnalis\u00e9<\/td>\n<\/tr>\n<tr>\n<td>Complaints incessantes<\/td>\n<td>Cr\u00e9ation d&rsquo;une ambiance tendue<\/td>\n<td>Ateliers sur la gestion des \u00e9motions<\/td>\n<\/tr>\n<\/tbody>\n<\/table><\/figure>\n\n<h2 class=\"wp-block-heading\">Face \u00e0 l\u2019inqui\u00e9tude, comment am\u00e9liorer la <strong>Protection Scolaire<\/strong> ?<\/h2>\n\n<p>\u00c0 la suite de ces \u00e9v\u00e9nements, il est essentiel de r\u00e9fl\u00e9chir collectivement \u00e0 des solutions permettant de restaurer un climat de confiance et de s\u00e9curit\u00e9. Les parents, les enseignants et les psychologues scolaires doivent collaborer pour d\u00e9finir des actions pr\u00e9cises.<br>\nVoici quelques pistes d\u2019action :<\/p>\n\n<ul class=\"wp-block-list\"><li>\ud83d\udd0d <strong>Renforcement des formations sur l&rsquo;\u00e9ducation \u00e0 la s\u00e9curit\u00e9 :<\/strong> Informer les enfants sur ce qu&rsquo;est un comportement acceptable.<\/li><li>\ud83e\udd1d <strong>Ateliers de sensibilisation :<\/strong> Impliquer les parents dans des discussions autour de l\u2019\u00e9ducation responsable et du soutien aux enfants.<\/li><li>\ud83c\udfeb <strong>Programmes d\u2019intervention pr\u00e9coces :<\/strong> Identifier les signes avant-coureurs chez les enfants afin d\u2019apporter un soutien rapide.<\/li><\/ul>\n\n<h3 class=\"wp-block-heading\">La n\u00e9cessit\u00e9 d\u2019une <strong>\u00e9ducation responsable<\/strong><\/h3>\n\n<p>Face \u00e0 cette situation, l&rsquo;\u00e9ducation responsable est une notion qui doit prendre tout son sens. Non seulement pour informer les enfants sur la s\u00e9curit\u00e9, mais aussi pour les \u00e9veiller \u00e0 leurs responsabilit\u00e9s en tant que citoyens. Comme une communaut\u00e9 unie, il faut se projeter ensemble vers un but commun : assurer un espace d\u2019apprentissage sain. En s\u2019associant avec des experts, le domaine \u00e9ducatif pourrait gagner en pertinence et en respect.<\/p>\n\n<h2 class=\"wp-block-heading\">Ensemble pour l&rsquo;Enfance : le r\u00f4le des parents et des enseignants<\/h2>\n\n<p>Les parents jouent un r\u00f4le crucial dans l&rsquo;accompagnement de leurs enfants et doivent \u00eatre sensibilis\u00e9s aux r\u00e9sultats des actions entreprises \u00e0 l&rsquo;\u00e9cole. Lorsque l\u2019alarme est donn\u00e9e, il est crucial pour eux d\u2019agir comme des partenaires dans le processus \u00e9ducatif. La communication entre parents et enseignants est donc primordiale.<\/p>\n\n<p>Ensemble, ils doivent :<\/p>\n\n<ul class=\"wp-block-list\"><li>\ud83d\udce3 <strong>\u00c9changer r\u00e9guli\u00e8rement sur les comportements des enfants :<\/strong> Instaurer un dialogue ouvert sur les difficult\u00e9s rencontr\u00e9es.<\/li><li>\ud83c\udfa4 <strong>Participer aux \u00e9v\u00e9nements scolaires :<\/strong> S&rsquo;engager dans des initiatives collectives visant \u00e0 renforcer la s\u00e9curit\u00e9.<\/li><li>\ud83d\udcda <strong>Incorporer des pratiques familiales \u00e9ducatives :<\/strong> Encourager \u00e0 la maison des discussions sur la s\u00e9curit\u00e9 environnementale.<\/li><\/ul>\n\n<figure class=\"wp-block-table\"><table>\n<thead>\n<tr>\n<th>Actions des Parents<\/th>\n<th>Actions des Enseignants<\/th>\n<th>Effet escompt\u00e9<\/th>\n<\/tr>\n<\/thead>\n<tbody>\n<tr>\n<td>Cr\u00e9er une routine de communication<\/td>\n<td>Mettre en place des r\u00e9unions d&rsquo;information<\/td>\n<td>Am\u00e9lioration de la confiance<\/td>\n<\/tr>\n<tr>\n<td>Encourager la coop\u00e9ration entre enfants<\/td>\n<td>Adopter une approche p\u00e9dagogique proactive<\/td>\n<td>R\u00e9duction des comportements agressifs<\/td>\n<\/tr>\n<tr>\n<td>Participer activement aux programmes \u00e9ducatifs<\/td>\n<td>Proposer des activit\u00e9s ludiques sur la s\u00e9curit\u00e9<\/td>\n<td>Consolidation des liens entre communaut\u00e9 scolaire<\/td>\n<\/tr>\n<\/tbody>\n<\/table><\/figure>\n\n<h2 class=\"wp-block-heading\">L&rsquo;importance de l&rsquo;\u00e9veil \u00e0 la s\u00e9curit\u00e9 d\u00e8s le plus jeune \u00e2ge<\/h2>\n\n<p>Dans le cadre \u00e9ducatif, il est primordial d\u2019\u00e9veiller les plus jeunes \u00e0 la s\u00e9curit\u00e9. Au-del\u00e0 d&rsquo;une simple information, il s&rsquo;agit d&rsquo;int\u00e9grer cette sensibilisation dans le quotidien des enfants. Apprendre comment r\u00e9agir face \u00e0 une situation confuse, comprendre la n\u00e9cessit\u00e9 de s&rsquo;entraider, dans un cadre protecteur, est essentiel. Voici quelques m\u00e9thodes d\u2019\u00e9veil efficaces :<\/p>\n\n<ul class=\"wp-block-list\"><li>\ud83d\udc76 <strong>Ateliers ludiques :<\/strong> Mettre en place des jeux sur la pr\u00e9vention et l\u2019entraide parmi les enfants.<\/li><li>\ud83d\udcf1 <strong>Utilisation de supports num\u00e9riques :<\/strong> Cr\u00e9er des applications \u00e9ducatives traitant de la s\u00e9curit\u00e9 dans les \u00e9tablissements.<\/li><li>\ud83d\udc69\u200d\ud83c\udfeb <strong>Implication des \u00e9ducateurs :<\/strong> Former des enseignants \u00e0 des techniques d&rsquo;\u00e9veil \u00e0 la s\u00e9curit\u00e9.<\/li><\/ul>\n\n<h3 class=\"wp-block-heading\">Des r\u00e9sultats positifs \u00e0 long terme<\/h3>\n\n<p>L\u2019\u00e9veil \u00e0 la s\u00e9curit\u00e9 ne se limite pas \u00e0 une simple plateforme \u00e9ducative, mais favorise la cr\u00e9ation d\u2019un v\u00e9ritable climat de confiance. Ce processus inclut :<\/p>\n\n<p>Les r\u00e9sultats que l&rsquo;on peut esp\u00e9rer atteindre dans cet effort collectif pourraient transformer l\u2019\u00e9cole en un lieu convivial et s\u00fbr. En agissant en synergie, parents et enseignants construisent ensemble un cadre protecteur qui permettra \u00e0 tous les enfants de s\u2019\u00e9panouir sereinement.<\/p>\n\n<h2 class=\"wp-block-heading\">FAQ<\/h2>\n\n<p><strong>1. Quelles sont les pr\u00e9occupations principales en mati\u00e8re de s\u00e9curit\u00e9 \u00e0 l\u2019\u00e9cole ?<\/strong><br>\nIl s&rsquo;agit principalement de la gestion des comportements perturbateurs chez certains enfants, qui peuvent cr\u00e9er un climat d&rsquo;inqui\u00e9tude parmi leurs camarades.<\/p>\n\n<p><strong>2. Comment les parents peuvent-ils soutenir l&rsquo;\u00e9cole ?<\/strong><br>\nLes parents peuvent s\u2019impliquer directement en participant aux r\u00e9unions d\u2019information et en \u00e9changeant r\u00e9guli\u00e8rement avec les enseignants sur les comportements de leurs enfants.<\/p>\n\n<p><strong>3. Quelles solutions peuvent \u00eatre mises en place pour pr\u00e9venir la violence \u00e0 l&rsquo;\u00e9cole ?<\/strong><br>\nDes ateliers de sensibilisation, des programmes d\u2019interventions pr\u00e9coces et des formations sur l\u2019\u00e9ducation \u00e0 la s\u00e9curit\u00e9 sont des initiatives efficaces.<\/p>\n\n<p><strong>4. Pourquoi est-il crucial d\u2019\u00e9veiller les enfants \u00e0 la s\u00e9curit\u00e9 ?<\/strong><br>\nL\u2019\u00e9veil \u00e0 la s\u00e9curit\u00e9 favorise des comportements responsables chez les enfants, les aide \u00e0 reconna\u00eetre des situations dangereuses et \u00e0 r\u00e9agir ad\u00e9quatement.<\/p>\n\n<p><strong>5. Comment le personnel \u00e9ducatif joue-t-il un r\u00f4le dans la s\u00e9curit\u00e9? <\/strong><br>\nLe personnel \u00e9ducatif est essentiel pour instaurer un climat de confiance, identifier et g\u00e9rer les comportements probl\u00e9matiques, tout en mettant en place des actions pr\u00e9ventives.<\/p>\n\n","protected":false},"excerpt":{"rendered":"<p>R\u00e9cemment, une situation alarmante a \u00e9merg\u00e9 pr\u00e8s d&rsquo;\u00c9vreux, suscitant des pr\u00e9occupations tant chez les parents que chez le personnel \u00e9ducatif. Un enfant a provoqu\u00e9 une s\u00e9rie d&rsquo;incidents inqui\u00e9tants au sein d&rsquo;une \u00e9cole, rattissant les discussions sur la Securit\u00e9 Enfance dans le milieu scolaire. Ce constat met en lumi\u00e8re l&rsquo;urgence d&rsquo;instaurer des mesures de Pr\u00e9vention \u00c9ducative &#8230; <a title=\"Pr\u00e8s d&rsquo;\u00c9vreux, un enfant provoque l&rsquo;inqui\u00e9tude au sein d&rsquo;une \u00e9cole\" class=\"read-more\" href=\"https:\/\/www.apres-lecole.fr\/Blog\/enfant-inquiet-ecole-evreux\/\" aria-label=\"En savoir plus sur Pr\u00e8s d&rsquo;\u00c9vreux, un enfant provoque l&rsquo;inqui\u00e9tude au sein d&rsquo;une \u00e9cole\">Lire plus<\/a><\/p>\n","protected":false},"author":9,"featured_media":1807,"comment_status":"open","ping_status":"open","sticky":false,"template":"","format":"standard","meta":{"footnotes":""},"categories":[342],"tags":[410,563,562,564,407],"class_list":["post-1808","post","type-post","status-publish","format-standard","has-post-thumbnail","hentry","category-actualites","tag-ecole","tag-enfant","tag-evreux","tag-inquietude","tag-securite"],"yoast_head":"<!-- This site is optimized with the Yoast SEO plugin v27.5 - https:\/\/yoast.com\/product\/yoast-seo-wordpress\/ -->\n<title>Un enfant suscite l&#039;inqui\u00e9tude dans une \u00e9cole pr\u00e8s d&#039;\u00c9vreux<\/title>\n<meta name=\"description\" content=\"D\u00e9couvrez l&#039;inqui\u00e9tude qui r\u00e8gne au sein d&#039;une \u00e9cole pr\u00e8s d&#039;\u00c9vreux, o\u00f9 un enfant suscite des pr\u00e9occupations. Analysez les r\u00e9percussions de cet incident sur la communaut\u00e9 \u00e9ducative et les mesures prises pour assurer la s\u00e9curit\u00e9 des \u00e9l\u00e8ves.\" \/>\n<meta name=\"robots\" content=\"index, follow, max-snippet:-1, max-image-preview:large, max-video-preview:-1\" \/>\n<link rel=\"canonical\" href=\"https:\/\/www.apres-lecole.fr\/Blog\/enfant-inquiet-ecole-evreux\/\" \/>\n<meta property=\"og:locale\" content=\"fr_FR\" \/>\n<meta property=\"og:type\" content=\"article\" \/>\n<meta property=\"og:title\" content=\"Un enfant suscite l&#039;inqui\u00e9tude dans une \u00e9cole pr\u00e8s d&#039;\u00c9vreux\" \/>\n<meta property=\"og:description\" content=\"D\u00e9couvrez l&#039;inqui\u00e9tude qui r\u00e8gne au sein d&#039;une \u00e9cole pr\u00e8s d&#039;\u00c9vreux, o\u00f9 un enfant suscite des pr\u00e9occupations. Analysez les r\u00e9percussions de cet incident sur la communaut\u00e9 \u00e9ducative et les mesures prises pour assurer la s\u00e9curit\u00e9 des \u00e9l\u00e8ves.\" \/>\n<meta property=\"og:url\" content=\"https:\/\/www.apres-lecole.fr\/Blog\/enfant-inquiet-ecole-evreux\/\" \/>\n<meta property=\"article:published_time\" content=\"2025-04-04T03:34:16+00:00\" \/>\n<meta property=\"og:image\" content=\"https:\/\/www.apres-lecole.fr\/Blog\/wp-content\/uploads\/2025\/04\/Pres-dEvreux-un-enfant-provoque-linquietude-au-sein-dune-ecole.jpg\" \/>\n\t<meta property=\"og:image:width\" content=\"1344\" \/>\n\t<meta property=\"og:image:height\" content=\"768\" \/>\n\t<meta property=\"og:image:type\" content=\"image\/jpeg\" \/>\n<meta name=\"author\" content=\"Eva Martin\" \/>\n<meta name=\"twitter:card\" content=\"summary_large_image\" \/>\n<meta name=\"twitter:creator\" content=\"@Evaapresecole\" \/>\n<meta name=\"twitter:label1\" content=\"\u00c9crit par\" \/>\n\t<meta name=\"twitter:data1\" content=\"Eva Martin\" \/>\n\t<meta name=\"twitter:label2\" content=\"Dur\u00e9e de lecture estim\u00e9e\" \/>\n\t<meta name=\"twitter:data2\" content=\"6 minutes\" \/>\n<script type=\"application\/ld+json\" class=\"yoast-schema-graph\">{\"@context\":\"https:\\\/\\\/schema.org\",\"@graph\":[{\"@type\":\"Article\",\"@id\":\"https:\\\/\\\/www.apres-lecole.fr\\\/Blog\\\/enfant-inquiet-ecole-evreux\\\/#article\",\"isPartOf\":{\"@id\":\"https:\\\/\\\/www.apres-lecole.fr\\\/Blog\\\/enfant-inquiet-ecole-evreux\\\/\"},\"author\":{\"name\":\"Eva Martin\",\"@id\":\"https:\\\/\\\/www.apres-lecole.fr\\\/Blog\\\/#\\\/schema\\\/person\\\/aeb50cd4b51fc69da155804bb5bb9fc4\"},\"headline\":\"Pr\u00e8s d&rsquo;\u00c9vreux, un enfant provoque l&rsquo;inqui\u00e9tude au sein d&rsquo;une \u00e9cole\",\"datePublished\":\"2025-04-04T03:34:16+00:00\",\"mainEntityOfPage\":{\"@id\":\"https:\\\/\\\/www.apres-lecole.fr\\\/Blog\\\/enfant-inquiet-ecole-evreux\\\/\"},\"wordCount\":1206,\"commentCount\":0,\"image\":{\"@id\":\"https:\\\/\\\/www.apres-lecole.fr\\\/Blog\\\/enfant-inquiet-ecole-evreux\\\/#primaryimage\"},\"thumbnailUrl\":\"https:\\\/\\\/www.apres-lecole.fr\\\/Blog\\\/wp-content\\\/uploads\\\/2025\\\/04\\\/Pres-dEvreux-un-enfant-provoque-linquietude-au-sein-dune-ecole.jpg\",\"keywords\":[\"\u00e9cole\",\"enfant\",\"evreux\",\"inqui\u00e9tude\",\"s\u00e9curit\u00e9\"],\"articleSection\":[\"Actualit\u00e9s\"],\"inLanguage\":\"fr-FR\",\"potentialAction\":[{\"@type\":\"CommentAction\",\"name\":\"Comment\",\"target\":[\"https:\\\/\\\/www.apres-lecole.fr\\\/Blog\\\/enfant-inquiet-ecole-evreux\\\/#respond\"]}]},{\"@type\":\"WebPage\",\"@id\":\"https:\\\/\\\/www.apres-lecole.fr\\\/Blog\\\/enfant-inquiet-ecole-evreux\\\/\",\"url\":\"https:\\\/\\\/www.apres-lecole.fr\\\/Blog\\\/enfant-inquiet-ecole-evreux\\\/\",\"name\":\"Un enfant suscite l'inqui\u00e9tude dans une \u00e9cole pr\u00e8s d'\u00c9vreux\",\"isPartOf\":{\"@id\":\"https:\\\/\\\/www.apres-lecole.fr\\\/Blog\\\/#website\"},\"primaryImageOfPage\":{\"@id\":\"https:\\\/\\\/www.apres-lecole.fr\\\/Blog\\\/enfant-inquiet-ecole-evreux\\\/#primaryimage\"},\"image\":{\"@id\":\"https:\\\/\\\/www.apres-lecole.fr\\\/Blog\\\/enfant-inquiet-ecole-evreux\\\/#primaryimage\"},\"thumbnailUrl\":\"https:\\\/\\\/www.apres-lecole.fr\\\/Blog\\\/wp-content\\\/uploads\\\/2025\\\/04\\\/Pres-dEvreux-un-enfant-provoque-linquietude-au-sein-dune-ecole.jpg\",\"datePublished\":\"2025-04-04T03:34:16+00:00\",\"author\":{\"@id\":\"https:\\\/\\\/www.apres-lecole.fr\\\/Blog\\\/#\\\/schema\\\/person\\\/aeb50cd4b51fc69da155804bb5bb9fc4\"},\"description\":\"D\u00e9couvrez l'inqui\u00e9tude qui r\u00e8gne au sein d'une \u00e9cole pr\u00e8s d'\u00c9vreux, o\u00f9 un enfant suscite des pr\u00e9occupations. Analysez les r\u00e9percussions de cet incident sur la communaut\u00e9 \u00e9ducative et les mesures prises pour assurer la s\u00e9curit\u00e9 des \u00e9l\u00e8ves.\",\"breadcrumb\":{\"@id\":\"https:\\\/\\\/www.apres-lecole.fr\\\/Blog\\\/enfant-inquiet-ecole-evreux\\\/#breadcrumb\"},\"inLanguage\":\"fr-FR\",\"potentialAction\":[{\"@type\":\"ReadAction\",\"target\":[\"https:\\\/\\\/www.apres-lecole.fr\\\/Blog\\\/enfant-inquiet-ecole-evreux\\\/\"]}]},{\"@type\":\"ImageObject\",\"inLanguage\":\"fr-FR\",\"@id\":\"https:\\\/\\\/www.apres-lecole.fr\\\/Blog\\\/enfant-inquiet-ecole-evreux\\\/#primaryimage\",\"url\":\"https:\\\/\\\/www.apres-lecole.fr\\\/Blog\\\/wp-content\\\/uploads\\\/2025\\\/04\\\/Pres-dEvreux-un-enfant-provoque-linquietude-au-sein-dune-ecole.jpg\",\"contentUrl\":\"https:\\\/\\\/www.apres-lecole.fr\\\/Blog\\\/wp-content\\\/uploads\\\/2025\\\/04\\\/Pres-dEvreux-un-enfant-provoque-linquietude-au-sein-dune-ecole.jpg\",\"width\":1344,\"height\":768,\"caption\":\"d\u00e9couvrez l'histoire troublante d'un enfant pr\u00e8s d'\u00e9vreux qui suscite des pr\u00e9occupations au sein d'une \u00e9cole locale. quelles sont les raisons derri\u00e8re cette inqui\u00e9tude et comment les autorit\u00e9s r\u00e9agissent-elles face \u00e0 cette situation intrigante ?\"},{\"@type\":\"BreadcrumbList\",\"@id\":\"https:\\\/\\\/www.apres-lecole.fr\\\/Blog\\\/enfant-inquiet-ecole-evreux\\\/#breadcrumb\",\"itemListElement\":[{\"@type\":\"ListItem\",\"position\":1,\"name\":\"Home\",\"item\":\"https:\\\/\\\/www.apres-lecole.fr\\\/Blog\\\/\"},{\"@type\":\"ListItem\",\"position\":2,\"name\":\"Pr\u00e8s d&rsquo;\u00c9vreux, un enfant provoque l&rsquo;inqui\u00e9tude au sein d&rsquo;une \u00e9cole\"}]},{\"@type\":\"WebSite\",\"@id\":\"https:\\\/\\\/www.apres-lecole.fr\\\/Blog\\\/#website\",\"url\":\"https:\\\/\\\/www.apres-lecole.fr\\\/Blog\\\/\",\"name\":\"\",\"description\":\"M\u00e9dia g\u00e9n\u00e9raliste\",\"potentialAction\":[{\"@type\":\"SearchAction\",\"target\":{\"@type\":\"EntryPoint\",\"urlTemplate\":\"https:\\\/\\\/www.apres-lecole.fr\\\/Blog\\\/?s={search_term_string}\"},\"query-input\":{\"@type\":\"PropertyValueSpecification\",\"valueRequired\":true,\"valueName\":\"search_term_string\"}}],\"inLanguage\":\"fr-FR\"},{\"@type\":\"Person\",\"@id\":\"https:\\\/\\\/www.apres-lecole.fr\\\/Blog\\\/#\\\/schema\\\/person\\\/aeb50cd4b51fc69da155804bb5bb9fc4\",\"name\":\"Eva Martin\",\"image\":{\"@type\":\"ImageObject\",\"inLanguage\":\"fr-FR\",\"@id\":\"https:\\\/\\\/secure.gravatar.com\\\/avatar\\\/55c53222558b27a72015a64073a80edce4abd33369394b9bf2c5cd6c19d12682?s=96&d=mm&r=g\",\"url\":\"https:\\\/\\\/secure.gravatar.com\\\/avatar\\\/55c53222558b27a72015a64073a80edce4abd33369394b9bf2c5cd6c19d12682?s=96&d=mm&r=g\",\"contentUrl\":\"https:\\\/\\\/secure.gravatar.com\\\/avatar\\\/55c53222558b27a72015a64073a80edce4abd33369394b9bf2c5cd6c19d12682?s=96&d=mm&r=g\",\"caption\":\"Eva Martin\"},\"description\":\"Je parle de business et d'entrepreneuriat avec des conseils clairs, concrets et actionnables pour r\u00e9ussir\",\"sameAs\":[\"https:\\\/\\\/x.com\\\/Evaapresecole\"],\"url\":\"https:\\\/\\\/www.apres-lecole.fr\\\/Blog\\\/author\\\/evamartin\\\/\"}]}<\/script>\n<!-- \/ Yoast SEO plugin. -->","yoast_head_json":{"title":"Un enfant suscite l'inqui\u00e9tude dans une \u00e9cole pr\u00e8s d'\u00c9vreux","description":"D\u00e9couvrez l'inqui\u00e9tude qui r\u00e8gne au sein d'une \u00e9cole pr\u00e8s d'\u00c9vreux, o\u00f9 un enfant suscite des pr\u00e9occupations. Analysez les r\u00e9percussions de cet incident sur la communaut\u00e9 \u00e9ducative et les mesures prises pour assurer la s\u00e9curit\u00e9 des \u00e9l\u00e8ves.","robots":{"index":"index","follow":"follow","max-snippet":"max-snippet:-1","max-image-preview":"max-image-preview:large","max-video-preview":"max-video-preview:-1"},"canonical":"https:\/\/www.apres-lecole.fr\/Blog\/enfant-inquiet-ecole-evreux\/","og_locale":"fr_FR","og_type":"article","og_title":"Un enfant suscite l'inqui\u00e9tude dans une \u00e9cole pr\u00e8s d'\u00c9vreux","og_description":"D\u00e9couvrez l'inqui\u00e9tude qui r\u00e8gne au sein d'une \u00e9cole pr\u00e8s d'\u00c9vreux, o\u00f9 un enfant suscite des pr\u00e9occupations. Analysez les r\u00e9percussions de cet incident sur la communaut\u00e9 \u00e9ducative et les mesures prises pour assurer la s\u00e9curit\u00e9 des \u00e9l\u00e8ves.","og_url":"https:\/\/www.apres-lecole.fr\/Blog\/enfant-inquiet-ecole-evreux\/","article_published_time":"2025-04-04T03:34:16+00:00","og_image":[{"width":1344,"height":768,"url":"https:\/\/www.apres-lecole.fr\/Blog\/wp-content\/uploads\/2025\/04\/Pres-dEvreux-un-enfant-provoque-linquietude-au-sein-dune-ecole.jpg","type":"image\/jpeg"}],"author":"Eva Martin","twitter_card":"summary_large_image","twitter_creator":"@Evaapresecole","twitter_misc":{"\u00c9crit par":"Eva Martin","Dur\u00e9e de lecture estim\u00e9e":"6 minutes"},"schema":{"@context":"https:\/\/schema.org","@graph":[{"@type":"Article","@id":"https:\/\/www.apres-lecole.fr\/Blog\/enfant-inquiet-ecole-evreux\/#article","isPartOf":{"@id":"https:\/\/www.apres-lecole.fr\/Blog\/enfant-inquiet-ecole-evreux\/"},"author":{"name":"Eva Martin","@id":"https:\/\/www.apres-lecole.fr\/Blog\/#\/schema\/person\/aeb50cd4b51fc69da155804bb5bb9fc4"},"headline":"Pr\u00e8s d&rsquo;\u00c9vreux, un enfant provoque l&rsquo;inqui\u00e9tude au sein d&rsquo;une \u00e9cole","datePublished":"2025-04-04T03:34:16+00:00","mainEntityOfPage":{"@id":"https:\/\/www.apres-lecole.fr\/Blog\/enfant-inquiet-ecole-evreux\/"},"wordCount":1206,"commentCount":0,"image":{"@id":"https:\/\/www.apres-lecole.fr\/Blog\/enfant-inquiet-ecole-evreux\/#primaryimage"},"thumbnailUrl":"https:\/\/www.apres-lecole.fr\/Blog\/wp-content\/uploads\/2025\/04\/Pres-dEvreux-un-enfant-provoque-linquietude-au-sein-dune-ecole.jpg","keywords":["\u00e9cole","enfant","evreux","inqui\u00e9tude","s\u00e9curit\u00e9"],"articleSection":["Actualit\u00e9s"],"inLanguage":"fr-FR","potentialAction":[{"@type":"CommentAction","name":"Comment","target":["https:\/\/www.apres-lecole.fr\/Blog\/enfant-inquiet-ecole-evreux\/#respond"]}]},{"@type":"WebPage","@id":"https:\/\/www.apres-lecole.fr\/Blog\/enfant-inquiet-ecole-evreux\/","url":"https:\/\/www.apres-lecole.fr\/Blog\/enfant-inquiet-ecole-evreux\/","name":"Un enfant suscite l'inqui\u00e9tude dans une \u00e9cole pr\u00e8s d'\u00c9vreux","isPartOf":{"@id":"https:\/\/www.apres-lecole.fr\/Blog\/#website"},"primaryImageOfPage":{"@id":"https:\/\/www.apres-lecole.fr\/Blog\/enfant-inquiet-ecole-evreux\/#primaryimage"},"image":{"@id":"https:\/\/www.apres-lecole.fr\/Blog\/enfant-inquiet-ecole-evreux\/#primaryimage"},"thumbnailUrl":"https:\/\/www.apres-lecole.fr\/Blog\/wp-content\/uploads\/2025\/04\/Pres-dEvreux-un-enfant-provoque-linquietude-au-sein-dune-ecole.jpg","datePublished":"2025-04-04T03:34:16+00:00","author":{"@id":"https:\/\/www.apres-lecole.fr\/Blog\/#\/schema\/person\/aeb50cd4b51fc69da155804bb5bb9fc4"},"description":"D\u00e9couvrez l'inqui\u00e9tude qui r\u00e8gne au sein d'une \u00e9cole pr\u00e8s d'\u00c9vreux, o\u00f9 un enfant suscite des pr\u00e9occupations. Analysez les r\u00e9percussions de cet incident sur la communaut\u00e9 \u00e9ducative et les mesures prises pour assurer la s\u00e9curit\u00e9 des \u00e9l\u00e8ves.","breadcrumb":{"@id":"https:\/\/www.apres-lecole.fr\/Blog\/enfant-inquiet-ecole-evreux\/#breadcrumb"},"inLanguage":"fr-FR","potentialAction":[{"@type":"ReadAction","target":["https:\/\/www.apres-lecole.fr\/Blog\/enfant-inquiet-ecole-evreux\/"]}]},{"@type":"ImageObject","inLanguage":"fr-FR","@id":"https:\/\/www.apres-lecole.fr\/Blog\/enfant-inquiet-ecole-evreux\/#primaryimage","url":"https:\/\/www.apres-lecole.fr\/Blog\/wp-content\/uploads\/2025\/04\/Pres-dEvreux-un-enfant-provoque-linquietude-au-sein-dune-ecole.jpg","contentUrl":"https:\/\/www.apres-lecole.fr\/Blog\/wp-content\/uploads\/2025\/04\/Pres-dEvreux-un-enfant-provoque-linquietude-au-sein-dune-ecole.jpg","width":1344,"height":768,"caption":"d\u00e9couvrez l'histoire troublante d'un enfant pr\u00e8s d'\u00e9vreux qui suscite des pr\u00e9occupations au sein d'une \u00e9cole locale. quelles sont les raisons derri\u00e8re cette inqui\u00e9tude et comment les autorit\u00e9s r\u00e9agissent-elles face \u00e0 cette situation intrigante ?"},{"@type":"BreadcrumbList","@id":"https:\/\/www.apres-lecole.fr\/Blog\/enfant-inquiet-ecole-evreux\/#breadcrumb","itemListElement":[{"@type":"ListItem","position":1,"name":"Home","item":"https:\/\/www.apres-lecole.fr\/Blog\/"},{"@type":"ListItem","position":2,"name":"Pr\u00e8s d&rsquo;\u00c9vreux, un enfant provoque l&rsquo;inqui\u00e9tude au sein d&rsquo;une \u00e9cole"}]},{"@type":"WebSite","@id":"https:\/\/www.apres-lecole.fr\/Blog\/#website","url":"https:\/\/www.apres-lecole.fr\/Blog\/","name":"","description":"M\u00e9dia g\u00e9n\u00e9raliste","potentialAction":[{"@type":"SearchAction","target":{"@type":"EntryPoint","urlTemplate":"https:\/\/www.apres-lecole.fr\/Blog\/?s={search_term_string}"},"query-input":{"@type":"PropertyValueSpecification","valueRequired":true,"valueName":"search_term_string"}}],"inLanguage":"fr-FR"},{"@type":"Person","@id":"https:\/\/www.apres-lecole.fr\/Blog\/#\/schema\/person\/aeb50cd4b51fc69da155804bb5bb9fc4","name":"Eva Martin","image":{"@type":"ImageObject","inLanguage":"fr-FR","@id":"https:\/\/secure.gravatar.com\/avatar\/55c53222558b27a72015a64073a80edce4abd33369394b9bf2c5cd6c19d12682?s=96&d=mm&r=g","url":"https:\/\/secure.gravatar.com\/avatar\/55c53222558b27a72015a64073a80edce4abd33369394b9bf2c5cd6c19d12682?s=96&d=mm&r=g","contentUrl":"https:\/\/secure.gravatar.com\/avatar\/55c53222558b27a72015a64073a80edce4abd33369394b9bf2c5cd6c19d12682?s=96&d=mm&r=g","caption":"Eva Martin"},"description":"Je parle de business et d'entrepreneuriat avec des conseils clairs, concrets et actionnables pour r\u00e9ussir","sameAs":["https:\/\/x.com\/Evaapresecole"],"url":"https:\/\/www.apres-lecole.fr\/Blog\/author\/evamartin\/"}]}},"views":5,"_links":{"self":[{"href":"https:\/\/www.apres-lecole.fr\/Blog\/wp-json\/wp\/v2\/posts\/1808","targetHints":{"allow":["GET"]}}],"collection":[{"href":"https:\/\/www.apres-lecole.fr\/Blog\/wp-json\/wp\/v2\/posts"}],"about":[{"href":"https:\/\/www.apres-lecole.fr\/Blog\/wp-json\/wp\/v2\/types\/post"}],"author":[{"embeddable":true,"href":"https:\/\/www.apres-lecole.fr\/Blog\/wp-json\/wp\/v2\/users\/9"}],"replies":[{"embeddable":true,"href":"https:\/\/www.apres-lecole.fr\/Blog\/wp-json\/wp\/v2\/comments?post=1808"}],"version-history":[{"count":0,"href":"https:\/\/www.apres-lecole.fr\/Blog\/wp-json\/wp\/v2\/posts\/1808\/revisions"}],"wp:featuredmedia":[{"embeddable":true,"href":"https:\/\/www.apres-lecole.fr\/Blog\/wp-json\/wp\/v2\/media\/1807"}],"wp:attachment":[{"href":"https:\/\/www.apres-lecole.fr\/Blog\/wp-json\/wp\/v2\/media?parent=1808"}],"wp:term":[{"taxonomy":"category","embeddable":true,"href":"https:\/\/www.apres-lecole.fr\/Blog\/wp-json\/wp\/v2\/categories?post=1808"},{"taxonomy":"post_tag","embeddable":true,"href":"https:\/\/www.apres-lecole.fr\/Blog\/wp-json\/wp\/v2\/tags?post=1808"}],"curies":[{"name":"wp","href":"https:\/\/api.w.org\/{rel}","templated":true}]}}