{"id":1802,"date":"2025-04-01T07:22:31","date_gmt":"2025-04-01T07:22:31","guid":{"rendered":"https:\/\/www.apres-lecole.fr\/Blog\/initiative-valoriser-ecole-nancy\/"},"modified":"2025-04-01T07:22:31","modified_gmt":"2025-04-01T07:22:31","slug":"initiative-valoriser-ecole-nancy","status":"publish","type":"post","link":"https:\/\/www.apres-lecole.fr\/Blog\/initiative-valoriser-ecole-nancy\/","title":{"rendered":"\u00c0 Nancy, une initiative publicitaire pour valoriser l&rsquo;\u00e9cole publique : \u00ab notre objectif est que les familles ressentent fiert\u00e9 \u00bb"},"content":{"rendered":"\n\n<div class=\"kk-star-ratings kksr-auto kksr-align-left kksr-valign-top\"\n    data-payload='{&quot;align&quot;:&quot;left&quot;,&quot;id&quot;:&quot;1802&quot;,&quot;slug&quot;:&quot;default&quot;,&quot;valign&quot;:&quot;top&quot;,&quot;ignore&quot;:&quot;&quot;,&quot;reference&quot;:&quot;auto&quot;,&quot;class&quot;:&quot;&quot;,&quot;count&quot;:&quot;0&quot;,&quot;legendonly&quot;:&quot;&quot;,&quot;readonly&quot;:&quot;&quot;,&quot;score&quot;:&quot;0&quot;,&quot;starsonly&quot;:&quot;&quot;,&quot;best&quot;:&quot;5&quot;,&quot;gap&quot;:&quot;5&quot;,&quot;greet&quot;:&quot;Rate this post&quot;,&quot;legend&quot;:&quot;0\\\/5 - (0 vote)&quot;,&quot;size&quot;:&quot;24&quot;,&quot;title&quot;:&quot;\u00c0 Nancy, une initiative publicitaire pour valoriser l\\u0026#039;\u00e9cole publique : \u00ab notre objectif est que les familles ressentent fiert\u00e9 \u00bb&quot;,&quot;width&quot;:&quot;0&quot;,&quot;_legend&quot;:&quot;{score}\\\/{best} - ({count} {votes})&quot;,&quot;font_factor&quot;:&quot;1.25&quot;}'>\n            \n<div class=\"kksr-stars\">\n    \n<div class=\"kksr-stars-inactive\">\n            <div class=\"kksr-star\" data-star=\"1\" style=\"padding-right: 5px\">\n            \n\n<div class=\"kksr-icon\" style=\"width: 24px; height: 24px;\"><\/div>\n        <\/div>\n            <div class=\"kksr-star\" data-star=\"2\" style=\"padding-right: 5px\">\n            \n\n<div class=\"kksr-icon\" style=\"width: 24px; height: 24px;\"><\/div>\n        <\/div>\n            <div class=\"kksr-star\" data-star=\"3\" style=\"padding-right: 5px\">\n            \n\n<div class=\"kksr-icon\" style=\"width: 24px; height: 24px;\"><\/div>\n        <\/div>\n            <div class=\"kksr-star\" data-star=\"4\" style=\"padding-right: 5px\">\n            \n\n<div class=\"kksr-icon\" style=\"width: 24px; height: 24px;\"><\/div>\n        <\/div>\n            <div class=\"kksr-star\" data-star=\"5\" style=\"padding-right: 5px\">\n            \n\n<div class=\"kksr-icon\" style=\"width: 24px; height: 24px;\"><\/div>\n        <\/div>\n    <\/div>\n    \n<div class=\"kksr-stars-active\" style=\"width: 0px;\">\n            <div class=\"kksr-star\" style=\"padding-right: 5px\">\n            \n\n<div class=\"kksr-icon\" style=\"width: 24px; height: 24px;\"><\/div>\n        <\/div>\n            <div class=\"kksr-star\" style=\"padding-right: 5px\">\n            \n\n<div class=\"kksr-icon\" style=\"width: 24px; height: 24px;\"><\/div>\n        <\/div>\n            <div class=\"kksr-star\" style=\"padding-right: 5px\">\n            \n\n<div class=\"kksr-icon\" style=\"width: 24px; height: 24px;\"><\/div>\n        <\/div>\n            <div class=\"kksr-star\" style=\"padding-right: 5px\">\n            \n\n<div class=\"kksr-icon\" style=\"width: 24px; height: 24px;\"><\/div>\n        <\/div>\n            <div class=\"kksr-star\" style=\"padding-right: 5px\">\n            \n\n<div class=\"kksr-icon\" style=\"width: 24px; height: 24px;\"><\/div>\n        <\/div>\n    <\/div>\n<\/div>\n                \n\n<div class=\"kksr-legend\" style=\"font-size: 19.2px;\">\n            <span class=\"kksr-muted\">Rate this post<\/span>\n    <\/div>\n    <\/div>\n<p>Dans un contexte o\u00f9 l\u2019attractivit\u00e9 des \u00e9coles publiques semble s\u2019essouffler, la ville de Nancy prend des mesures audacieuses pour redynamiser son image \u00e9ducative. Au c\u0153ur de ces initiatives se trouve une conviction forte : les \u00e9coles publiques, v\u00e9ritables piliers de la soci\u00e9t\u00e9, m\u00e9ritent d\u2019\u00eatre valoris\u00e9es. La municipalit\u00e9, sous l\u2019\u00e9gide de V\u00e9ronique Billot, a lanc\u00e9 une campagne o\u00f9 le slogan \u00ab <strong>\u00c0 Nancy, l\u2019\u00e9cole publique, bien plus qu\u2019une \u00e9cole<\/strong> \u00bb r\u00e9sonne comme un v\u00e9ritable appel \u00e0 la fiert\u00e9 \u00e9ducative. Aimant cerner les enjeux de l\u2019\u00e9valuation de l\u2019\u00e9ducation partag\u00e9e, d\u00e9couvrons ensemble les rouages de cette aventure passionnante!<\/p>\n\n<ul class=\"wp-block-list\"><li>La n\u00e9cessit\u00e9 d&rsquo;une valorisation des \u00e9coles publiques<\/li><li>Les messages simples mais percutants de la campagne<\/li><li>Des initiatives locales pour l&rsquo;\u00e9ducation partag\u00e9e<\/li><li>La fiert\u00e9 collective \u00e0 Nancy et son impact<\/li><\/ul>\n\n<h2 class=\"wp-block-heading\">La n\u00e9cessit\u00e9 d&rsquo;une valorisation des \u00e9coles publiques<\/h2>\n\n<p>Depuis quelques ann\u00e9es, les \u00e9coles de la R\u00e9publique \u00e0 Nancy ont enregistr\u00e9 une baisse de fr\u00e9quentation. Face \u00e0 cette situation, la mairie a d\u00e9cid\u00e9 de prendre les choses en main. <strong>Pourquoi pas nous ?<\/strong> Cette question, pos\u00e9e par la municipalit\u00e9, r\u00e9sume bien leur souhait de rivaliser avec les \u00e9coles priv\u00e9es, souvent sur le devant de la sc\u00e8ne avec leurs campagnes de communication attractives. En un mot, il s\u2019agit de redresser la barre et de redonner \u00e0 l\u2019\u00c9cole de la R\u00e9publique la place qui lui revient.<\/p>\n\n<p>En dehors du simple constat, c\u2019est une v\u00e9ritable d\u00e9marche de <strong>fiert\u00e9 \u00e9ducative<\/strong> qui est mise en avant. R\u00e9pondre \u00e0 cette dynamique de d\u00e9valorisation, c\u2019est aussi rappeler aux familles tout ce que l\u2019\u00e9cole publique peut offrir. Pensons \u00e0 la diversit\u00e9 des programmes propos\u00e9s, aux activit\u00e9s extra-scolaires enrichissantes, et surtout \u00e0 l\u2019accessibilit\u00e9 de l\u2019\u00e9ducation pour tous. L\u2019\u00e9cole publique n\u2019est pas simplement un lieu o\u00f9 l\u2019on apprend \u00e0 lire et \u00e0 \u00e9crire; c\u2019est un cadre o\u00f9 se forgent des valeurs communes et o\u00f9 des liens se cr\u00e9ent.<\/p>\n\n<h3 class=\"wp-block-heading\">Des messages simples mais percutants<\/h3>\n\n<p>La campagne men\u00e9e par la mairie inclut un affichage massif dans toute la ville. \u00c0 travers ces affiches, le message est clair et simple : <strong>l\u2019\u00e9cole publique \u00e0 Nancy est bien plus qu\u2019une simple institution.<\/strong> C\u2019est une communaut\u00e9, un espace d&rsquo;\u00e9changes et d&rsquo;apprentissages qui enrichissent notre soci\u00e9t\u00e9 locale. V\u00e9ronique Billot, adjointe au maire d\u00e9l\u00e9gu\u00e9e \u00e0 l\u2019enfance et \u00e0 l\u2019\u00e9ducation, souligne l\u2019impact de cette campagne : \u00ab <strong>Nous souhaitons que les familles se sentent fi\u00e8res de faire partie de notre \u00e9cole publique<\/strong>. \u00bb<\/p>\n\n<ul class=\"wp-block-list\"><li>Des affiches accrocheuses aux quatre coins de Nancy \ud83d\udce2<\/li><li>Une communication qui vise \u00e0 toucher c\u0153ur et esprit \u2764\ufe0f<\/li><li>Des slogans qui marquent les esprits et incarnent la fiert\u00e9 locale \ud83d\ude4c<\/li><\/ul>\n\n<p>En \u00e9cho aux initiatives engag\u00e9es, la plateforme <strong>Valo&rsquo;Public<\/strong> est merveilleusement adapt\u00e9e. Elle met en avant les atouts de l\u2019\u00e9cole publique tout en insistant sur l\u2019importance d\u2019une <strong>scolarit\u00e9 ensemble<\/strong>, o\u00f9 chaque membre de la communaut\u00e9 contribue. La mise en lumi\u00e8re de projets r\u00e9alis\u00e9s par les \u00e9l\u00e8ves, par le biais de l&rsquo;art et de l&rsquo;\u00e9ducation, permet une dynamique collective o\u00f9 chacun peut s&rsquo;engager. Ces actions sont non seulement valorisantes, mais elles encouragent \u00e9galement un dialogue ouvert entre parents, enseignants et \u00e9l\u00e8ves.<\/p>\n\n<figure class=\"wp-block-table\"><table>\n<thead>\n<tr>\n<th>\u00c9l\u00e9ments de valorisation<\/th>\n<th>Description<\/th>\n<\/tr>\n<\/thead>\n<tbody>\n<tr>\n<td>Affichage public<\/td>\n<td>Visibilit\u00e9 accrue de l&rsquo;\u00e9cole publique<\/td>\n<\/tr>\n<tr>\n<td>Slogans motivants<\/td>\n<td>Messages qui touchent les familles<\/td>\n<\/tr>\n<tr>\n<td>Plateforme Valo&rsquo;Public<\/td>\n<td>Initiatives rassembleuses autour de l&rsquo;\u00e9ducation<\/td>\n<\/tr>\n<\/tbody>\n<\/table><\/figure>\n\n<h2 class=\"wp-block-heading\">Des initiatives locales pour l&rsquo;\u00e9ducation partag\u00e9e<\/h2>\n\n<p>Tout ne se r\u00e9sume pas \u00e0 une campagne de communication. Pour aller plus loin, Nancy ouvre la voie \u00e0 des <strong>initiatives \u00e9ducatives<\/strong> qui favorisent l&rsquo;int\u00e9gration et l&rsquo;interaction. Les projets Civic&rsquo;Art, par exemple, invitent les \u00e9l\u00e8ves \u00e0 s\u2019exprimer \u00e0 travers divers projets artistiques. Ainsi, l\u2019\u00e9ducation partag\u00e9e ne se limite pas aux salles de classe, mais s\u2019\u00e9tend \u00e9galement vers des pratiques collaboratives et cr\u00e9atives.<\/p>\n\n<p>Ces initiatives sont des exemples concrets de <strong> savoir-rassembler<\/strong> autour d&rsquo;une vision commune du savoir. Mais comment tout cela fonctionne-t-il sur le terrain ? Voici quelques projets marquants :<\/p>\n\n<ul class=\"wp-block-list\"><li>Partenariats avec des artistes locaux \ud83c\udfa8<\/li><li>Ateliers d&rsquo;\u00e9criture participatifs \u270d\ufe0f<\/li><li>\u00c9changes inter-\u00e9coles pour d\u00e9couvrir de nouvelles pratiques \ud83d\udc69\u200d\ud83c\udfeb<\/li><\/ul>\n\n<p>\u00c0 chaque coin de la ville, il est possible de constater ces synergies qui se cr\u00e9ent entre les diff\u00e9rentes \u00e9coles. Non seulement elles permettent une meilleure int\u00e9gration scolaire, mais elles favorisent \u00e9galement un climat de convivialit\u00e9 et de respect des diff\u00e9rences. Ces pratiques, en favorisant le <strong>civic&rsquo;art<\/strong>, enrichissent l\u2019exp\u00e9rience d\u2019apprentissage et donnent \u00e0 chaque \u00e9l\u00e8ve une voix.<\/p>\n\n<figure class=\"wp-block-table\"><table>\n<thead>\n<tr>\n<th>Projets en cours<\/th>\n<th>Objectifs<\/th>\n<\/tr>\n<\/thead>\n<tbody>\n<tr>\n<td>Partenariats artistiques<\/td>\n<td>Encourager l&rsquo;expression cr\u00e9ative<\/td>\n<\/tr>\n<tr>\n<td>Enseignement collaboratif<\/td>\n<td>Favoriser le travail d&rsquo;\u00e9quipe<\/td>\n<\/tr>\n<tr>\n<td> Ateliers d&rsquo;arts visuels<\/td>\n<td>D\u00e9velopper la culture locale<\/td>\n<\/tr>\n<\/tbody>\n<\/table><\/figure>\n\n<h2 class=\"wp-block-heading\">La fiert\u00e9 collective \u00e0 Nancy et son impact<\/h2>\n\n<p>Les initiatives nanciens vont au-del\u00e0 du simple but \u00e9ducatif. Elles constituent un vecteur de <strong>fiert\u00e9 locale<\/strong> dont l\u2019impact se ressent dans toute la communaut\u00e9. Pour beaucoup de familles, l\u2019\u00e9cole publique repr\u00e9sente une v\u00e9ritable valeur ajout\u00e9e, un lieu o\u00f9 les enfants ne d\u00e9couvrent pas seulement des connaissances acad\u00e9miques, mais aussi des attitudes citoyennes.<\/p>\n\n<p>Cette dynamique collective est davantage soutenue par la prise de conscience croissante des parents sur l&rsquo;importance de l&rsquo;engagement communautaire. Au-del\u00e0 des cours, c&rsquo;est une v\u00e9ritable <strong>\u00e9ducation partag\u00e9e<\/strong> qui am\u00e8ne petits et grands \u00e0 se rassembler autour de projets communs. D\u2019ailleurs, comment mieux valoriser cela que par des \u00e9v\u00e9nements r\u00e9guliers, des forums ou encore des journ\u00e9es portes ouvertes o\u00f9 toute la communaut\u00e9 est invit\u00e9e \u00e0 \u00e9changer?<\/p>\n\n<ul class=\"wp-block-list\"><li>\u00c9v\u00e9nements communautaires autour de l&rsquo;\u00e9ducation \ud83c\udf89<\/li><li>Journ\u00e9es portes ouvertes pour d\u00e9couvrir les \u00e9coles \ud83c\udfeb<\/li><li>Forums de discussion entre parents et \u00e9ducateurs \ud83d\udde3\ufe0f<\/li><\/ul>\n\n<p>Ces moments contribuent \u00e0 renforcer les liens sociaux et \u00e0 cr\u00e9er une v\u00e9ritable communaut\u00e9 autour de l\u2019\u00c9cole de la R\u00e9publique. En se retrouvant ensemble, parents, enseignants, et \u00e9l\u00e8ves participent \u00e0 l\u2019\u00e9volution d\u2019une culture scolaire qui se veut inclusive, respectueuse et dynamique.<\/p>\n\n<figure class=\"wp-block-table\"><table>\n<thead>\n<tr>\n<th>\u00c9v\u00e9nement Local<\/th>\n<th>Date<\/th>\n<th>Objectifs<\/th>\n<\/tr>\n<\/thead>\n<tbody>\n<tr>\n<td>Journ\u00e9e des Talents<\/td>\n<td>Mai 2025<\/td>\n<td>Valoriser les comp\u00e9tences des \u00e9l\u00e8ves<\/td>\n<\/tr>\n<tr>\n<td>Forum des Parents<\/td>\n<td>Juin 2025<\/td>\n<td>\u00c9changer sur les pratiques \u00e9ducatives<\/td>\n<\/tr>\n<tr>\n<td>Semaine de la Culture<\/td>\n<td>Septembre 2025<\/td>\n<td>D\u00e9couverte des arts et culture locaux<\/td>\n<\/tr>\n<\/tbody>\n<\/table><\/figure>\n\n<h2 class=\"wp-block-heading\">FAQ<\/h2>\n\n<h3 class=\"wp-block-heading\">Qu&rsquo;est-ce qui a motiv\u00e9 la campagne \u00e0 Nancy pour valoriser l&rsquo;\u00e9cole publique ?<\/h3>\n\n<p>La n\u00e9cessit\u00e9 de contrer la baisse d&rsquo;effectifs et de rivaliser avec les \u00e9coles priv\u00e9es, tout en redonnant une fiert\u00e9 collective \u00e0 l&rsquo;\u00e9ducation publique.<\/p>\n\n<h3 class=\"wp-block-heading\">Quels sont les projets mis en avant par l&rsquo;\u00e9cole publique \u00e0 Nancy ?<\/h3>\n\n<p>Des initiatives comme \u00ab\u00a0Civic&rsquo;Art\u00a0\u00bb et des partenariats avec des artistes locaux qui favorisent la cr\u00e9ativit\u00e9 et le travail collaboratif.<\/p>\n\n<h3 class=\"wp-block-heading\">Comment les parents peuvent-ils s&rsquo;impliquer dans cette dynamique ?<\/h3>\n\n<p>Ils peuvent participer \u00e0 des \u00e9v\u00e9nements communautaires, rejoindre des forums et s&rsquo;engager dans des projets \u00e9ducatifs avec les \u00e9coles.<\/p>\n\n<h3 class=\"wp-block-heading\">Quels sont les impacts de ces initiatives sur la communaut\u00e9 ?<\/h3>\n\n<p>Ces initiatives renforcent le lien social, favorisent un sentiment d\u2019appartenance et am\u00e9liorent l&rsquo;exp\u00e9rience \u00e9ducative des \u00e9l\u00e8ves.<\/p>\n\n<h3 class=\"wp-block-heading\">Comment les projets de l&rsquo;\u00e9cole de Nancy contribuent-ils \u00e0 un futur meilleur ?<\/h3>\n\n<p>En cultivant une \u00e9ducation partag\u00e9e, ils pr\u00e9parent les \u00e9l\u00e8ves \u00e0 devenir des citoyens engag\u00e9s et responsables dans la soci\u00e9t\u00e9.<\/p>\n\n","protected":false},"excerpt":{"rendered":"<p>Dans un contexte o\u00f9 l\u2019attractivit\u00e9 des \u00e9coles publiques semble s\u2019essouffler, la ville de Nancy prend des mesures audacieuses pour redynamiser son image \u00e9ducative. Au c\u0153ur de ces initiatives se trouve une conviction forte : les \u00e9coles publiques, v\u00e9ritables piliers de la soci\u00e9t\u00e9, m\u00e9ritent d\u2019\u00eatre valoris\u00e9es. La municipalit\u00e9, sous l\u2019\u00e9gide de V\u00e9ronique Billot, a lanc\u00e9 une &#8230; <a title=\"\u00c0 Nancy, une initiative publicitaire pour valoriser l&rsquo;\u00e9cole publique : \u00ab notre objectif est que les familles ressentent fiert\u00e9 \u00bb\" class=\"read-more\" href=\"https:\/\/www.apres-lecole.fr\/Blog\/initiative-valoriser-ecole-nancy\/\" aria-label=\"En savoir plus sur \u00c0 Nancy, une initiative publicitaire pour valoriser l&rsquo;\u00e9cole publique : \u00ab notre objectif est que les familles ressentent fiert\u00e9 \u00bb\">Lire plus<\/a><\/p>\n","protected":false},"author":9,"featured_media":1801,"comment_status":"open","ping_status":"open","sticky":false,"template":"","format":"standard","meta":{"footnotes":""},"categories":[342],"tags":[412,553,551,550,552],"class_list":["post-1802","post","type-post","status-publish","format-standard","has-post-thumbnail","hentry","category-actualites","tag-education","tag-fierte-des-familles","tag-initiative-publicitaire","tag-nancy","tag-valeur-de-lecole-publique"],"yoast_head":"<!-- This site is optimized with the Yoast SEO plugin v27.5 - https:\/\/yoast.com\/product\/yoast-seo-wordpress\/ -->\n<title>\u00c0 Nancy, l&#039;\u00e9cole publique \u00e0 l&#039;honneur : une fiert\u00e9 retrouv\u00e9e<\/title>\n<meta name=\"description\" content=\"D\u00e9couvrez \u00e0 Nancy une initiative publicitaire novatrice visant \u00e0 valoriser l&#039;\u00e9cole publique. \u00c0 travers cette campagne, notre objectif est de susciter la fiert\u00e9 des familles pour l&#039;\u00e9ducation de leurs enfants. Rejoignez-nous pour c\u00e9l\u00e9brer les atouts de l&#039;\u00e9cole publique et renforcer son image aupr\u00e8s des communaut\u00e9s locales.\" \/>\n<meta name=\"robots\" content=\"index, follow, max-snippet:-1, max-image-preview:large, max-video-preview:-1\" \/>\n<link rel=\"canonical\" href=\"https:\/\/www.apres-lecole.fr\/Blog\/initiative-valoriser-ecole-nancy\/\" \/>\n<meta property=\"og:locale\" content=\"fr_FR\" \/>\n<meta property=\"og:type\" content=\"article\" \/>\n<meta property=\"og:title\" content=\"\u00c0 Nancy, l&#039;\u00e9cole publique \u00e0 l&#039;honneur : une fiert\u00e9 retrouv\u00e9e\" \/>\n<meta property=\"og:description\" content=\"D\u00e9couvrez \u00e0 Nancy une initiative publicitaire novatrice visant \u00e0 valoriser l&#039;\u00e9cole publique. \u00c0 travers cette campagne, notre objectif est de susciter la fiert\u00e9 des familles pour l&#039;\u00e9ducation de leurs enfants. Rejoignez-nous pour c\u00e9l\u00e9brer les atouts de l&#039;\u00e9cole publique et renforcer son image aupr\u00e8s des communaut\u00e9s locales.\" \/>\n<meta property=\"og:url\" content=\"https:\/\/www.apres-lecole.fr\/Blog\/initiative-valoriser-ecole-nancy\/\" \/>\n<meta property=\"article:published_time\" content=\"2025-04-01T07:22:31+00:00\" \/>\n<meta property=\"og:image\" content=\"https:\/\/www.apres-lecole.fr\/Blog\/wp-content\/uploads\/2025\/04\/A-Nancy-une-initiative-publicitaire-pour-valoriser-lecole-publique-notre-objectif-est-que-les-familles-ressentent-fierte-.jpg\" \/>\n\t<meta property=\"og:image:width\" content=\"1344\" \/>\n\t<meta property=\"og:image:height\" content=\"768\" \/>\n\t<meta property=\"og:image:type\" content=\"image\/jpeg\" \/>\n<meta name=\"author\" content=\"Eva Martin\" \/>\n<meta name=\"twitter:card\" content=\"summary_large_image\" \/>\n<meta name=\"twitter:creator\" content=\"@Evaapresecole\" \/>\n<meta name=\"twitter:label1\" content=\"\u00c9crit par\" \/>\n\t<meta name=\"twitter:data1\" content=\"Eva Martin\" \/>\n\t<meta name=\"twitter:label2\" content=\"Dur\u00e9e de lecture estim\u00e9e\" \/>\n\t<meta name=\"twitter:data2\" content=\"6 minutes\" \/>\n<script type=\"application\/ld+json\" class=\"yoast-schema-graph\">{\"@context\":\"https:\\\/\\\/schema.org\",\"@graph\":[{\"@type\":\"Article\",\"@id\":\"https:\\\/\\\/www.apres-lecole.fr\\\/Blog\\\/initiative-valoriser-ecole-nancy\\\/#article\",\"isPartOf\":{\"@id\":\"https:\\\/\\\/www.apres-lecole.fr\\\/Blog\\\/initiative-valoriser-ecole-nancy\\\/\"},\"author\":{\"name\":\"Eva Martin\",\"@id\":\"https:\\\/\\\/www.apres-lecole.fr\\\/Blog\\\/#\\\/schema\\\/person\\\/aeb50cd4b51fc69da155804bb5bb9fc4\"},\"headline\":\"\u00c0 Nancy, une initiative publicitaire pour valoriser l&rsquo;\u00e9cole publique : \u00ab notre objectif est que les familles ressentent fiert\u00e9 \u00bb\",\"datePublished\":\"2025-04-01T07:22:31+00:00\",\"mainEntityOfPage\":{\"@id\":\"https:\\\/\\\/www.apres-lecole.fr\\\/Blog\\\/initiative-valoriser-ecole-nancy\\\/\"},\"wordCount\":1224,\"commentCount\":0,\"image\":{\"@id\":\"https:\\\/\\\/www.apres-lecole.fr\\\/Blog\\\/initiative-valoriser-ecole-nancy\\\/#primaryimage\"},\"thumbnailUrl\":\"https:\\\/\\\/www.apres-lecole.fr\\\/Blog\\\/wp-content\\\/uploads\\\/2025\\\/04\\\/A-Nancy-une-initiative-publicitaire-pour-valoriser-lecole-publique-notre-objectif-est-que-les-familles-ressentent-fierte-.jpg\",\"keywords\":[\"\u00e9ducation\",\"fiert\u00e9 des familles\",\"initiative publicitaire\",\"nancy\",\"valeur de l'\u00e9cole publique\"],\"articleSection\":[\"Actualit\u00e9s\"],\"inLanguage\":\"fr-FR\",\"potentialAction\":[{\"@type\":\"CommentAction\",\"name\":\"Comment\",\"target\":[\"https:\\\/\\\/www.apres-lecole.fr\\\/Blog\\\/initiative-valoriser-ecole-nancy\\\/#respond\"]}]},{\"@type\":\"WebPage\",\"@id\":\"https:\\\/\\\/www.apres-lecole.fr\\\/Blog\\\/initiative-valoriser-ecole-nancy\\\/\",\"url\":\"https:\\\/\\\/www.apres-lecole.fr\\\/Blog\\\/initiative-valoriser-ecole-nancy\\\/\",\"name\":\"\u00c0 Nancy, l'\u00e9cole publique \u00e0 l'honneur : une fiert\u00e9 retrouv\u00e9e\",\"isPartOf\":{\"@id\":\"https:\\\/\\\/www.apres-lecole.fr\\\/Blog\\\/#website\"},\"primaryImageOfPage\":{\"@id\":\"https:\\\/\\\/www.apres-lecole.fr\\\/Blog\\\/initiative-valoriser-ecole-nancy\\\/#primaryimage\"},\"image\":{\"@id\":\"https:\\\/\\\/www.apres-lecole.fr\\\/Blog\\\/initiative-valoriser-ecole-nancy\\\/#primaryimage\"},\"thumbnailUrl\":\"https:\\\/\\\/www.apres-lecole.fr\\\/Blog\\\/wp-content\\\/uploads\\\/2025\\\/04\\\/A-Nancy-une-initiative-publicitaire-pour-valoriser-lecole-publique-notre-objectif-est-que-les-familles-ressentent-fierte-.jpg\",\"datePublished\":\"2025-04-01T07:22:31+00:00\",\"author\":{\"@id\":\"https:\\\/\\\/www.apres-lecole.fr\\\/Blog\\\/#\\\/schema\\\/person\\\/aeb50cd4b51fc69da155804bb5bb9fc4\"},\"description\":\"D\u00e9couvrez \u00e0 Nancy une initiative publicitaire novatrice visant \u00e0 valoriser l'\u00e9cole publique. \u00c0 travers cette campagne, notre objectif est de susciter la fiert\u00e9 des familles pour l'\u00e9ducation de leurs enfants. Rejoignez-nous pour c\u00e9l\u00e9brer les atouts de l'\u00e9cole publique et renforcer son image aupr\u00e8s des communaut\u00e9s locales.\",\"breadcrumb\":{\"@id\":\"https:\\\/\\\/www.apres-lecole.fr\\\/Blog\\\/initiative-valoriser-ecole-nancy\\\/#breadcrumb\"},\"inLanguage\":\"fr-FR\",\"potentialAction\":[{\"@type\":\"ReadAction\",\"target\":[\"https:\\\/\\\/www.apres-lecole.fr\\\/Blog\\\/initiative-valoriser-ecole-nancy\\\/\"]}]},{\"@type\":\"ImageObject\",\"inLanguage\":\"fr-FR\",\"@id\":\"https:\\\/\\\/www.apres-lecole.fr\\\/Blog\\\/initiative-valoriser-ecole-nancy\\\/#primaryimage\",\"url\":\"https:\\\/\\\/www.apres-lecole.fr\\\/Blog\\\/wp-content\\\/uploads\\\/2025\\\/04\\\/A-Nancy-une-initiative-publicitaire-pour-valoriser-lecole-publique-notre-objectif-est-que-les-familles-ressentent-fierte-.jpg\",\"contentUrl\":\"https:\\\/\\\/www.apres-lecole.fr\\\/Blog\\\/wp-content\\\/uploads\\\/2025\\\/04\\\/A-Nancy-une-initiative-publicitaire-pour-valoriser-lecole-publique-notre-objectif-est-que-les-familles-ressentent-fierte-.jpg\",\"width\":1344,\"height\":768,\"caption\":\"d\u00e9couvrez l'initiative novatrice \u00e0 nancy visant \u00e0 mettre en valeur l'\u00e9cole publique. ce projet publicitaire a pour ambition de susciter la fiert\u00e9 des familles envers l'\u00e9ducation publique, en montrant les atouts et les valeurs de nos \u00e9coles. rejoignez-nous pour c\u00e9l\u00e9brer l'engagement et les r\u00e9ussites de l'\u00e9cole publique !\"},{\"@type\":\"BreadcrumbList\",\"@id\":\"https:\\\/\\\/www.apres-lecole.fr\\\/Blog\\\/initiative-valoriser-ecole-nancy\\\/#breadcrumb\",\"itemListElement\":[{\"@type\":\"ListItem\",\"position\":1,\"name\":\"Home\",\"item\":\"https:\\\/\\\/www.apres-lecole.fr\\\/Blog\\\/\"},{\"@type\":\"ListItem\",\"position\":2,\"name\":\"\u00c0 Nancy, une initiative publicitaire pour valoriser l&rsquo;\u00e9cole publique : \u00ab notre objectif est que les familles ressentent fiert\u00e9 \u00bb\"}]},{\"@type\":\"WebSite\",\"@id\":\"https:\\\/\\\/www.apres-lecole.fr\\\/Blog\\\/#website\",\"url\":\"https:\\\/\\\/www.apres-lecole.fr\\\/Blog\\\/\",\"name\":\"\",\"description\":\"M\u00e9dia g\u00e9n\u00e9raliste\",\"potentialAction\":[{\"@type\":\"SearchAction\",\"target\":{\"@type\":\"EntryPoint\",\"urlTemplate\":\"https:\\\/\\\/www.apres-lecole.fr\\\/Blog\\\/?s={search_term_string}\"},\"query-input\":{\"@type\":\"PropertyValueSpecification\",\"valueRequired\":true,\"valueName\":\"search_term_string\"}}],\"inLanguage\":\"fr-FR\"},{\"@type\":\"Person\",\"@id\":\"https:\\\/\\\/www.apres-lecole.fr\\\/Blog\\\/#\\\/schema\\\/person\\\/aeb50cd4b51fc69da155804bb5bb9fc4\",\"name\":\"Eva Martin\",\"image\":{\"@type\":\"ImageObject\",\"inLanguage\":\"fr-FR\",\"@id\":\"https:\\\/\\\/secure.gravatar.com\\\/avatar\\\/55c53222558b27a72015a64073a80edce4abd33369394b9bf2c5cd6c19d12682?s=96&d=mm&r=g\",\"url\":\"https:\\\/\\\/secure.gravatar.com\\\/avatar\\\/55c53222558b27a72015a64073a80edce4abd33369394b9bf2c5cd6c19d12682?s=96&d=mm&r=g\",\"contentUrl\":\"https:\\\/\\\/secure.gravatar.com\\\/avatar\\\/55c53222558b27a72015a64073a80edce4abd33369394b9bf2c5cd6c19d12682?s=96&d=mm&r=g\",\"caption\":\"Eva Martin\"},\"description\":\"Je parle de business et d'entrepreneuriat avec des conseils clairs, concrets et actionnables pour r\u00e9ussir\",\"sameAs\":[\"https:\\\/\\\/x.com\\\/Evaapresecole\"],\"url\":\"https:\\\/\\\/www.apres-lecole.fr\\\/Blog\\\/author\\\/evamartin\\\/\"}]}<\/script>\n<!-- \/ Yoast SEO plugin. -->","yoast_head_json":{"title":"\u00c0 Nancy, l'\u00e9cole publique \u00e0 l'honneur : une fiert\u00e9 retrouv\u00e9e","description":"D\u00e9couvrez \u00e0 Nancy une initiative publicitaire novatrice visant \u00e0 valoriser l'\u00e9cole publique. \u00c0 travers cette campagne, notre objectif est de susciter la fiert\u00e9 des familles pour l'\u00e9ducation de leurs enfants. Rejoignez-nous pour c\u00e9l\u00e9brer les atouts de l'\u00e9cole publique et renforcer son image aupr\u00e8s des communaut\u00e9s locales.","robots":{"index":"index","follow":"follow","max-snippet":"max-snippet:-1","max-image-preview":"max-image-preview:large","max-video-preview":"max-video-preview:-1"},"canonical":"https:\/\/www.apres-lecole.fr\/Blog\/initiative-valoriser-ecole-nancy\/","og_locale":"fr_FR","og_type":"article","og_title":"\u00c0 Nancy, l'\u00e9cole publique \u00e0 l'honneur : une fiert\u00e9 retrouv\u00e9e","og_description":"D\u00e9couvrez \u00e0 Nancy une initiative publicitaire novatrice visant \u00e0 valoriser l'\u00e9cole publique. \u00c0 travers cette campagne, notre objectif est de susciter la fiert\u00e9 des familles pour l'\u00e9ducation de leurs enfants. Rejoignez-nous pour c\u00e9l\u00e9brer les atouts de l'\u00e9cole publique et renforcer son image aupr\u00e8s des communaut\u00e9s locales.","og_url":"https:\/\/www.apres-lecole.fr\/Blog\/initiative-valoriser-ecole-nancy\/","article_published_time":"2025-04-01T07:22:31+00:00","og_image":[{"width":1344,"height":768,"url":"https:\/\/www.apres-lecole.fr\/Blog\/wp-content\/uploads\/2025\/04\/A-Nancy-une-initiative-publicitaire-pour-valoriser-lecole-publique-notre-objectif-est-que-les-familles-ressentent-fierte-.jpg","type":"image\/jpeg"}],"author":"Eva Martin","twitter_card":"summary_large_image","twitter_creator":"@Evaapresecole","twitter_misc":{"\u00c9crit par":"Eva Martin","Dur\u00e9e de lecture estim\u00e9e":"6 minutes"},"schema":{"@context":"https:\/\/schema.org","@graph":[{"@type":"Article","@id":"https:\/\/www.apres-lecole.fr\/Blog\/initiative-valoriser-ecole-nancy\/#article","isPartOf":{"@id":"https:\/\/www.apres-lecole.fr\/Blog\/initiative-valoriser-ecole-nancy\/"},"author":{"name":"Eva Martin","@id":"https:\/\/www.apres-lecole.fr\/Blog\/#\/schema\/person\/aeb50cd4b51fc69da155804bb5bb9fc4"},"headline":"\u00c0 Nancy, une initiative publicitaire pour valoriser l&rsquo;\u00e9cole publique : \u00ab notre objectif est que les familles ressentent fiert\u00e9 \u00bb","datePublished":"2025-04-01T07:22:31+00:00","mainEntityOfPage":{"@id":"https:\/\/www.apres-lecole.fr\/Blog\/initiative-valoriser-ecole-nancy\/"},"wordCount":1224,"commentCount":0,"image":{"@id":"https:\/\/www.apres-lecole.fr\/Blog\/initiative-valoriser-ecole-nancy\/#primaryimage"},"thumbnailUrl":"https:\/\/www.apres-lecole.fr\/Blog\/wp-content\/uploads\/2025\/04\/A-Nancy-une-initiative-publicitaire-pour-valoriser-lecole-publique-notre-objectif-est-que-les-familles-ressentent-fierte-.jpg","keywords":["\u00e9ducation","fiert\u00e9 des familles","initiative publicitaire","nancy","valeur de l'\u00e9cole publique"],"articleSection":["Actualit\u00e9s"],"inLanguage":"fr-FR","potentialAction":[{"@type":"CommentAction","name":"Comment","target":["https:\/\/www.apres-lecole.fr\/Blog\/initiative-valoriser-ecole-nancy\/#respond"]}]},{"@type":"WebPage","@id":"https:\/\/www.apres-lecole.fr\/Blog\/initiative-valoriser-ecole-nancy\/","url":"https:\/\/www.apres-lecole.fr\/Blog\/initiative-valoriser-ecole-nancy\/","name":"\u00c0 Nancy, l'\u00e9cole publique \u00e0 l'honneur : une fiert\u00e9 retrouv\u00e9e","isPartOf":{"@id":"https:\/\/www.apres-lecole.fr\/Blog\/#website"},"primaryImageOfPage":{"@id":"https:\/\/www.apres-lecole.fr\/Blog\/initiative-valoriser-ecole-nancy\/#primaryimage"},"image":{"@id":"https:\/\/www.apres-lecole.fr\/Blog\/initiative-valoriser-ecole-nancy\/#primaryimage"},"thumbnailUrl":"https:\/\/www.apres-lecole.fr\/Blog\/wp-content\/uploads\/2025\/04\/A-Nancy-une-initiative-publicitaire-pour-valoriser-lecole-publique-notre-objectif-est-que-les-familles-ressentent-fierte-.jpg","datePublished":"2025-04-01T07:22:31+00:00","author":{"@id":"https:\/\/www.apres-lecole.fr\/Blog\/#\/schema\/person\/aeb50cd4b51fc69da155804bb5bb9fc4"},"description":"D\u00e9couvrez \u00e0 Nancy une initiative publicitaire novatrice visant \u00e0 valoriser l'\u00e9cole publique. \u00c0 travers cette campagne, notre objectif est de susciter la fiert\u00e9 des familles pour l'\u00e9ducation de leurs enfants. Rejoignez-nous pour c\u00e9l\u00e9brer les atouts de l'\u00e9cole publique et renforcer son image aupr\u00e8s des communaut\u00e9s locales.","breadcrumb":{"@id":"https:\/\/www.apres-lecole.fr\/Blog\/initiative-valoriser-ecole-nancy\/#breadcrumb"},"inLanguage":"fr-FR","potentialAction":[{"@type":"ReadAction","target":["https:\/\/www.apres-lecole.fr\/Blog\/initiative-valoriser-ecole-nancy\/"]}]},{"@type":"ImageObject","inLanguage":"fr-FR","@id":"https:\/\/www.apres-lecole.fr\/Blog\/initiative-valoriser-ecole-nancy\/#primaryimage","url":"https:\/\/www.apres-lecole.fr\/Blog\/wp-content\/uploads\/2025\/04\/A-Nancy-une-initiative-publicitaire-pour-valoriser-lecole-publique-notre-objectif-est-que-les-familles-ressentent-fierte-.jpg","contentUrl":"https:\/\/www.apres-lecole.fr\/Blog\/wp-content\/uploads\/2025\/04\/A-Nancy-une-initiative-publicitaire-pour-valoriser-lecole-publique-notre-objectif-est-que-les-familles-ressentent-fierte-.jpg","width":1344,"height":768,"caption":"d\u00e9couvrez l'initiative novatrice \u00e0 nancy visant \u00e0 mettre en valeur l'\u00e9cole publique. ce projet publicitaire a pour ambition de susciter la fiert\u00e9 des familles envers l'\u00e9ducation publique, en montrant les atouts et les valeurs de nos \u00e9coles. rejoignez-nous pour c\u00e9l\u00e9brer l'engagement et les r\u00e9ussites de l'\u00e9cole publique !"},{"@type":"BreadcrumbList","@id":"https:\/\/www.apres-lecole.fr\/Blog\/initiative-valoriser-ecole-nancy\/#breadcrumb","itemListElement":[{"@type":"ListItem","position":1,"name":"Home","item":"https:\/\/www.apres-lecole.fr\/Blog\/"},{"@type":"ListItem","position":2,"name":"\u00c0 Nancy, une initiative publicitaire pour valoriser l&rsquo;\u00e9cole publique : \u00ab notre objectif est que les familles ressentent fiert\u00e9 \u00bb"}]},{"@type":"WebSite","@id":"https:\/\/www.apres-lecole.fr\/Blog\/#website","url":"https:\/\/www.apres-lecole.fr\/Blog\/","name":"","description":"M\u00e9dia g\u00e9n\u00e9raliste","potentialAction":[{"@type":"SearchAction","target":{"@type":"EntryPoint","urlTemplate":"https:\/\/www.apres-lecole.fr\/Blog\/?s={search_term_string}"},"query-input":{"@type":"PropertyValueSpecification","valueRequired":true,"valueName":"search_term_string"}}],"inLanguage":"fr-FR"},{"@type":"Person","@id":"https:\/\/www.apres-lecole.fr\/Blog\/#\/schema\/person\/aeb50cd4b51fc69da155804bb5bb9fc4","name":"Eva Martin","image":{"@type":"ImageObject","inLanguage":"fr-FR","@id":"https:\/\/secure.gravatar.com\/avatar\/55c53222558b27a72015a64073a80edce4abd33369394b9bf2c5cd6c19d12682?s=96&d=mm&r=g","url":"https:\/\/secure.gravatar.com\/avatar\/55c53222558b27a72015a64073a80edce4abd33369394b9bf2c5cd6c19d12682?s=96&d=mm&r=g","contentUrl":"https:\/\/secure.gravatar.com\/avatar\/55c53222558b27a72015a64073a80edce4abd33369394b9bf2c5cd6c19d12682?s=96&d=mm&r=g","caption":"Eva Martin"},"description":"Je parle de business et d'entrepreneuriat avec des conseils clairs, concrets et actionnables pour r\u00e9ussir","sameAs":["https:\/\/x.com\/Evaapresecole"],"url":"https:\/\/www.apres-lecole.fr\/Blog\/author\/evamartin\/"}]}},"views":15,"_links":{"self":[{"href":"https:\/\/www.apres-lecole.fr\/Blog\/wp-json\/wp\/v2\/posts\/1802","targetHints":{"allow":["GET"]}}],"collection":[{"href":"https:\/\/www.apres-lecole.fr\/Blog\/wp-json\/wp\/v2\/posts"}],"about":[{"href":"https:\/\/www.apres-lecole.fr\/Blog\/wp-json\/wp\/v2\/types\/post"}],"author":[{"embeddable":true,"href":"https:\/\/www.apres-lecole.fr\/Blog\/wp-json\/wp\/v2\/users\/9"}],"replies":[{"embeddable":true,"href":"https:\/\/www.apres-lecole.fr\/Blog\/wp-json\/wp\/v2\/comments?post=1802"}],"version-history":[{"count":0,"href":"https:\/\/www.apres-lecole.fr\/Blog\/wp-json\/wp\/v2\/posts\/1802\/revisions"}],"wp:featuredmedia":[{"embeddable":true,"href":"https:\/\/www.apres-lecole.fr\/Blog\/wp-json\/wp\/v2\/media\/1801"}],"wp:attachment":[{"href":"https:\/\/www.apres-lecole.fr\/Blog\/wp-json\/wp\/v2\/media?parent=1802"}],"wp:term":[{"taxonomy":"category","embeddable":true,"href":"https:\/\/www.apres-lecole.fr\/Blog\/wp-json\/wp\/v2\/categories?post=1802"},{"taxonomy":"post_tag","embeddable":true,"href":"https:\/\/www.apres-lecole.fr\/Blog\/wp-json\/wp\/v2\/tags?post=1802"}],"curies":[{"name":"wp","href":"https:\/\/api.w.org\/{rel}","templated":true}]}}