{"id":1800,"date":"2025-03-31T08:15:30","date_gmt":"2025-03-31T08:15:30","guid":{"rendered":"https:\/\/www.apres-lecole.fr\/Blog\/ecole-privee-reseaux-catholiques\/"},"modified":"2025-03-31T08:15:30","modified_gmt":"2025-03-31T08:15:30","slug":"ecole-privee-reseaux-catholiques","status":"publish","type":"post","link":"https:\/\/www.apres-lecole.fr\/Blog\/ecole-privee-reseaux-catholiques\/","title":{"rendered":"Derri\u00e8re les murs d&rsquo;une \u00e9cole priv\u00e9e ferm\u00e9e : plong\u00e9e dans les r\u00e9alit\u00e9s des mauvais r\u00e9seaux catholiques"},"content":{"rendered":"\n\n<div class=\"kk-star-ratings kksr-auto kksr-align-left kksr-valign-top\"\n    data-payload='{&quot;align&quot;:&quot;left&quot;,&quot;id&quot;:&quot;1800&quot;,&quot;slug&quot;:&quot;default&quot;,&quot;valign&quot;:&quot;top&quot;,&quot;ignore&quot;:&quot;&quot;,&quot;reference&quot;:&quot;auto&quot;,&quot;class&quot;:&quot;&quot;,&quot;count&quot;:&quot;0&quot;,&quot;legendonly&quot;:&quot;&quot;,&quot;readonly&quot;:&quot;&quot;,&quot;score&quot;:&quot;0&quot;,&quot;starsonly&quot;:&quot;&quot;,&quot;best&quot;:&quot;5&quot;,&quot;gap&quot;:&quot;5&quot;,&quot;greet&quot;:&quot;Rate this post&quot;,&quot;legend&quot;:&quot;0\\\/5 - (0 vote)&quot;,&quot;size&quot;:&quot;24&quot;,&quot;title&quot;:&quot;Derri\u00e8re les murs d\\u0026#039;une \u00e9cole priv\u00e9e ferm\u00e9e : plong\u00e9e dans les r\u00e9alit\u00e9s des mauvais r\u00e9seaux catholiques&quot;,&quot;width&quot;:&quot;0&quot;,&quot;_legend&quot;:&quot;{score}\\\/{best} - ({count} {votes})&quot;,&quot;font_factor&quot;:&quot;1.25&quot;}'>\n            \n<div class=\"kksr-stars\">\n    \n<div class=\"kksr-stars-inactive\">\n            <div class=\"kksr-star\" data-star=\"1\" style=\"padding-right: 5px\">\n            \n\n<div class=\"kksr-icon\" style=\"width: 24px; height: 24px;\"><\/div>\n        <\/div>\n            <div class=\"kksr-star\" data-star=\"2\" style=\"padding-right: 5px\">\n            \n\n<div class=\"kksr-icon\" style=\"width: 24px; height: 24px;\"><\/div>\n        <\/div>\n            <div class=\"kksr-star\" data-star=\"3\" style=\"padding-right: 5px\">\n            \n\n<div class=\"kksr-icon\" style=\"width: 24px; height: 24px;\"><\/div>\n        <\/div>\n            <div class=\"kksr-star\" data-star=\"4\" style=\"padding-right: 5px\">\n            \n\n<div class=\"kksr-icon\" style=\"width: 24px; height: 24px;\"><\/div>\n        <\/div>\n            <div class=\"kksr-star\" data-star=\"5\" style=\"padding-right: 5px\">\n            \n\n<div class=\"kksr-icon\" style=\"width: 24px; height: 24px;\"><\/div>\n        <\/div>\n    <\/div>\n    \n<div class=\"kksr-stars-active\" style=\"width: 0px;\">\n            <div class=\"kksr-star\" style=\"padding-right: 5px\">\n            \n\n<div class=\"kksr-icon\" style=\"width: 24px; height: 24px;\"><\/div>\n        <\/div>\n            <div class=\"kksr-star\" style=\"padding-right: 5px\">\n            \n\n<div class=\"kksr-icon\" style=\"width: 24px; height: 24px;\"><\/div>\n        <\/div>\n            <div class=\"kksr-star\" style=\"padding-right: 5px\">\n            \n\n<div class=\"kksr-icon\" style=\"width: 24px; height: 24px;\"><\/div>\n        <\/div>\n            <div class=\"kksr-star\" style=\"padding-right: 5px\">\n            \n\n<div class=\"kksr-icon\" style=\"width: 24px; height: 24px;\"><\/div>\n        <\/div>\n            <div class=\"kksr-star\" style=\"padding-right: 5px\">\n            \n\n<div class=\"kksr-icon\" style=\"width: 24px; height: 24px;\"><\/div>\n        <\/div>\n    <\/div>\n<\/div>\n                \n\n<div class=\"kksr-legend\" style=\"font-size: 19.2px;\">\n            <span class=\"kksr-muted\">Rate this post<\/span>\n    <\/div>\n    <\/div>\n<p>Dans un coin paisible du Gers, une \u00e9cole priv\u00e9e, Notre-Dame Divine Berg\u00e8re, vient d&rsquo;\u00eatre frapp\u00e9e par une fermeture administrative de trois mois. Cet \u00e9v\u00e9nement r\u00e9v\u00e8le les sombres r\u00e9alit\u00e9s de certains r\u00e9seaux catholiques, notamment une communaut\u00e9 jug\u00e9e int\u00e9griste par la Ligue des Droits de l&rsquo;Homme. Alors qu&rsquo;une vingtaine d&rsquo;enfants voit sa scolarit\u00e9 brutalement interrompue, les enjeux de l&rsquo;\u00e9ducation et des id\u00e9ologies qui s&rsquo;y cachent se d\u00e9voilent. Plong\u00e9e dans un univers o\u00f9 les valeurs r\u00e9publicaines et la transmission des savoirs s&rsquo;entrem\u00ealent et parfois s&rsquo;opposent. \ud83c\udf93\ud83d\udd25<\/p>\n\n<p><strong>Sommaire<\/strong><\/p>\n\n<ul class=\"wp-block-list\"><li>Fermeture de l&rsquo;\u00e9cole Notre-Dame Divine Berg\u00e8re<\/li><li>Contexte offert par la communaut\u00e9 des Capucins de Morgon<\/li><li>Dangers potentiels des id\u00e9ologies int\u00e9gristes<\/li><li>R\u00e9ponses institutions et r\u00e9flexions sur l&rsquo;\u00e9ducation<\/li><\/ul>\n\n<h2 class=\"wp-block-heading\">Fermeture de l&rsquo;\u00e9cole Notre-Dame Divine Berg\u00e8re<\/h2>\n\n<p>Il est crucial de se pencher sur les raisons qui ont conduit \u00e0 la fermeture de l&rsquo;<strong>\u00e9cole Notre-Dame Divine Berg\u00e8re<\/strong>. Cette d\u00e9cision, prononc\u00e9e par le pr\u00e9fet du Gers le 19 mars 2025, survient apr\u00e8s les conclusions d&rsquo;un rapport d&rsquo;inspection acad\u00e9mique. Concr\u00e8tement, cette \u00e9cole, qui n&rsquo;est pas sous contrat avec l&rsquo;\u00c9tat, a vu son ann\u00e9e scolaire s&rsquo;interrompre abruptement, laissant de nombreux enfants sans \u00e9tablissement. Les parents doivent faire face \u00e0 l&rsquo;urgence de trouver une alternative, qu&rsquo;il s&rsquo;agisse de l&rsquo;<strong>\u00c9cole Sainte-Marie<\/strong>, du <strong>Coll\u00e8ge Saint-Louis<\/strong> ou du <strong>Lyc\u00e9e Jean-Paul II<\/strong>.<\/p>\n\n<p>La Ligue des Droits de l&rsquo;Homme du Gers a exprim\u00e9 sa satisfaction face \u00e0 cette fermeture. Selon Pascal Levieux, son pr\u00e9sident, cela met fin \u00e0 une situation pr\u00e9occupante : \u00ab\u00a0On sait qu&rsquo;il y a un foyer d&rsquo;int\u00e9grisme \u00e0 cet endroit\u00a0\u00bb. Effectivement, m\u00eame si la communaut\u00e9 religieuse n&rsquo;enfreint pas la loi, les valeurs qu&rsquo;elle diffuse soul\u00e8vent des questions quant \u00e0 l&rsquo;apprentissage de la tol\u00e9rance et du respect dans la sph\u00e8re \u00e9ducative.<\/p>\n\n<h3 class=\"wp-block-heading\">D\u00e9faillances signal\u00e9es par l&rsquo;inspection acad\u00e9mique<\/h3>\n\n<p>Les manquements identifi\u00e9s par l&rsquo;inspection acad\u00e9mique sont alarmants. Bien que le d\u00e9tail ne soit pas public, il a \u00e9t\u00e9 mentionn\u00e9 que le r\u00e9fectoire, transform\u00e9 en cour de r\u00e9cr\u00e9ation, n&rsquo;\u00e9tait pas s\u00e9curis\u00e9. Cette situation soul\u00e8ve d&rsquo;importantes interrogations sur la s\u00e9curit\u00e9 physique des \u00e9l\u00e8ves. De plus, le socle p\u00e9dagogique de l&rsquo;\u00e9tablissement ne r\u00e9pondait pas aux exigences minimales, m\u00eame dans le cadre d&rsquo;un enseignement libre. Mais qu&rsquo;est-ce que cela signifie concr\u00e8tement ?<\/p>\n\n<ul class=\"wp-block-list\"><li>\ud83d\udd12 Manque de s\u00e9curit\u00e9 dans les espaces de jeu<\/li><li>\ud83d\udcda Programme p\u00e9dagogique inadapt\u00e9<\/li><li>\ud83d\udeb8 Surveillance insuffisante lors des activit\u00e9s<\/li><\/ul>\n\n<p>Face \u00e0 cette r\u00e9v\u00e9lation, l&rsquo;\u00e9cole doit se poser des questions sur son engagement p\u00e9dagogique et sur son r\u00f4le dans la formation des jeunes citoyens.<\/p>\n\n<h2 class=\"wp-block-heading\">Contexte offert par la communaut\u00e9 des Capucins de Morgon<\/h2>\n\n<p>Arriv\u00e9 dans le Gers, l&rsquo;histoire de la communaut\u00e9 des Capucins de Morgon m\u00e9rite toute notre attention. Ils se d\u00e9finissent comme une communaut\u00e9 catholique traditionaliste, mais leur reconnaissance par l&rsquo;\u00c9glise catholique est nulle. Le lien fort qu&rsquo;ils entretiennent avec la Fraternit\u00e9 sacerdotale Saint-Pie X soul\u00e8ve des pr\u00e9occupations. Qui sont vraiment ces Capucins ?<\/p>\n\n<p>Souvent associ\u00e9s \u00e0 des id\u00e9ologies extr\u00e9mistes, leur pass\u00e9 avec le mouvement Civitas, dissous pour discours de haine, fait fr\u00e9mir. Pascal Levieux va jusqu&rsquo;\u00e0 dire qu&rsquo;on se trouve \u00ab\u00a0dans les pires r\u00e9seaux d&rsquo;\u00e9glises catholiques\u00a0\u00bb. Face \u00e0 de tels discours, il est l\u00e9gitime de s&rsquo;inqui\u00e9ter de la transmission de ces id\u00e9ologies aux enfants.<\/p>\n\n<h3 class=\"wp-block-heading\">Probl\u00e9matiques li\u00e9es aux id\u00e9ologies enseign\u00e9es<\/h3>\n\n<p>L&rsquo;inqui\u00e9tude grandit autour de la propagation de valeurs potentiellement contraires aux principes r\u00e9publicains. La r\u00e9ticence des Capucins \u00e0 promouvoir les valeurs de la R\u00e9publique, et leur discours qui \u00e9voque l&rsquo;id\u00e9e que la loi ne serait pas b\u00e9n\u00e9fique, soul\u00e8vent des questions sur le type d&rsquo;\u00e9ducation d\u00e9livr\u00e9e dans cette \u00e9cole. Les enfants, en formation, sont-ils expos\u00e9s \u00e0 des croyances qui pourraient les guider vers une vision de la soci\u00e9t\u00e9 teint\u00e9e d&rsquo;une certaine extr\u00eame droite ?<\/p>\n\n<ul class=\"wp-block-list\"><li>\u26a0\ufe0f Enfants expos\u00e9s \u00e0 des valeurs controvers\u00e9es<\/li><li>\u2753 Id\u00e9ologies int\u00e9gristes en milieu scolaire<\/li><li>\ud83c\udfad Risque de radicalisation d\u00e8s le plus jeune \u00e2ge<\/li><\/ul>\n\n<p>Il est grand temps de faire un bilan sur les v\u00e9ritables missions \u00e9ducatives et d&rsquo;interroger l&rsquo;enseignement dispens\u00e9 au sein de ces \u00e9tablissements.<\/p>\n\n<h2 class=\"wp-block-heading\">Dangers potentiels des id\u00e9ologies int\u00e9gristes<\/h2>\n\n<p>Alors que la soci\u00e9t\u00e9 \u00e9volue vers plus de pluralisme et d&rsquo;identit\u00e9, le contraste commun avec des communaut\u00e9s qui pr\u00f4nent un mod\u00e8le \u00e9ducatif conservateur est frappant. Comment ces valeurs interferent-elles dans la construction du jeune citoyen ? La crainte d&rsquo;une radicalisation pr\u00e9coce inqui\u00e8te, car ces valeurs rigides peuvent emp\u00eacher l&rsquo;\u00e9panouissement et l&rsquo;ouverture d&rsquo;esprit des jeunes esprits.<\/p>\n\n<p>Il n&rsquo;est pas rare de croiser des groupes d&rsquo;\u00e9cole qui adoptent des discours durs anti-r\u00e9publicains. Le cas de l&rsquo;<strong>Institut Catholique de Paris<\/strong> ou de l&rsquo;<strong>Acad\u00e9mie Saint-Michel<\/strong> montre bien l&rsquo;enjeu. Ces institutions, malgr\u00e9 un air respectable, peuvent \u00e9galement cacher des orientations politiques qui influencent leur enseignement. N&rsquo;est-il pas temps de s&rsquo;interroger sur le contenu des manuels scolaires utilis\u00e9s ?<\/p>\n\n<h3 class=\"wp-block-heading\">Risques de transmission d&rsquo;une id\u00e9ologie extr\u00eame<\/h3>\n\n<p>On ne peut pas faire l&rsquo;impasse sur l&rsquo;impact potentiel d&rsquo;une \u00e9ducation teint\u00e9e d&rsquo;int\u00e9grisme. En chargeant la base morale et \u00e9thique des enfants, ces \u00e9coles peuvent introduire des valeurs anachroniques, voire dangereuses :<\/p>\n\n<ul class=\"wp-block-list\"><li>\ud83d\udee1\ufe0f D\u00e9veloppement d&rsquo;un esprit critique limit\u00e9<\/li><li>\u26a1 Tensions avec les valeurs de la R\u00e9publique<\/li><li>\u26a0\ufe0f Refuge pour l&rsquo;extr\u00e9misme<\/li><\/ul>\n\n<p>Pour garantir une \u00e9ducation saine et bienveillante, il est imp\u00e9ratif d&rsquo;exiger une transparence totale sur les pratiques d&rsquo;enseignement.<\/p>\n\n<figure class=\"wp-block-table\"><table>\n<thead>\n<tr>\n<th>D\u00e9fauts constat\u00e9s<\/th>\n<th>Impact sur les \u00e9l\u00e8ves<\/th>\n<th>Actions \u00e0 mener<\/th>\n<\/tr>\n<\/thead>\n<tbody>\n<tr>\n<td>Manque de s\u00e9curit\u00e9 dans les espaces de jeu<\/td>\n<td>Risques d&rsquo;accidents corporels<\/td>\n<td>Renforcement des normes de s\u00e9curit\u00e9<\/td>\n<\/tr>\n<tr>\n<td>Programme p\u00e9dagogique inadapt\u00e9<\/td>\n<td>Connaissances incompl\u00e8tes<\/td>\n<td>R\u00e9vision des contenus \u00e9ducatifs<\/td>\n<\/tr>\n<tr>\n<td>Surveillance insuffisante<\/td>\n<td>Sentiment d&rsquo;abandon ou de vuln\u00e9rabilit\u00e9<\/td>\n<td>Augmentation des effectifs \u00e9ducateurs<\/td>\n<\/tr>\n<\/tbody>\n<\/table><\/figure>\n\n<h2 class=\"wp-block-heading\">R\u00e9ponses institutions et r\u00e9flexions sur l&rsquo;\u00e9ducation<\/h2>\n\n<p>Face \u00e0 ce constat accablant, plusieurs questions se posent : comment les institutions r\u00e9agissent-elles face \u00e0 ces d\u00e9rives ? Quelles sont les options pour les enfants touch\u00e9s par cette fermeture ? R\u00e9cemment, des voix se sont \u00e9lev\u00e9es pour r\u00e9clamer une vigilance accrue sur les \u00e9tablissements scolaires, notamment ceux ayant une id\u00e9ologie aussi engag\u00e9e telle que celle de ses Capucins.<\/p>\n\n<p>Les d\u00e9cisions \u00e0 prendre doivent se baser sur une volont\u00e9 claire de garantir l&rsquo;\u00e9ducation de tous les enfants, tout en assurant leur \u00e9panouissement en dehors de tout dogme. Le passage par des formations obligatoires pour les enseignants dans des \u00e9tablissements comme le <strong>Lyc\u00e9e Clairefontaine<\/strong> ou le <strong>Coll\u00e8ge des Saints-Anges<\/strong> pourrait \u00eatre un d\u00e9but.<\/p>\n\n<h3 class=\"wp-block-heading\">Initiatives \u00e0 mettre en place<\/h3>\n\n<p>Il est fondamental de r\u00e9fl\u00e9chir \u00e0 des mesures concr\u00e8tes pour \u00e9viter que de telles situations se reproduisent. Voici quelques pistes de r\u00e9flexion :<\/p>\n\n<ul class=\"wp-block-list\"><li>\ud83d\udcdc Stricte r\u00e9gulation des \u00e9coles hors contrat<\/li><li>\ud83c\udfdb\ufe0f Sensibilisation des parents sur leurs droits <\/li><li>\ud83d\udce3 Campagnes d&rsquo;information sur les valeurs r\u00e9publicaines<\/li><\/ul>\n\n<p>Ne laissons pas l&rsquo;\u00e9ducation se r\u00e9duire \u00e0 un espace d&rsquo;endoctrinement, mais garantissons plut\u00f4t qu&rsquo;elle demeure un lieu de curiosit\u00e9 et de d\u00e9vouement \u00e0 la communaut\u00e9. Il y a tant \u00e0 faire, et il est primordial d\u2019agir maintenant, avant que des g\u00e9n\u00e9rations ne soient perdues.<\/p>\n\n<h2 class=\"wp-block-heading\">FAQ<\/h2>\n\n<ul class=\"wp-block-list\"><li><strong>Quelles sont les cons\u00e9quences de la fermeture de l&rsquo;\u00e9cole Notre-Dame Divine Berg\u00e8re ?<\/strong> La fermeture impacte directement une vingtaine d&rsquo;enfants qui doivent se r\u00e9orienter vers d&rsquo;autres \u00e9tablissements, tels que l&rsquo;<strong>\u00c9cole priv\u00e9e La Providence<\/strong>.<\/li><li><strong>Pourquoi la communaut\u00e9 des Capucins de Morgon est-elle jug\u00e9e int\u00e9griste ?<\/strong> En raison de ses liens avec des mouvements d&rsquo;extr\u00eame droite et de ses discours contre les valeurs de la R\u00e9publique.<\/li><li><strong>Comment les parents peuvent-ils garantir l&rsquo;\u00e9ducation de leurs enfants ?<\/strong> En faisant preuve de vigilance sur les \u00e9tablissements scolaires, en s&rsquo;informant sur le contenu \u00e9ducatif et en participant aux r\u00e9unions d&rsquo;information.<\/li><li><strong>Quels \u00e9tablissements propos\u00e9 des valeurs d&rsquo;\u00e9ducation repens\u00e9es ?<\/strong> Des \u00e9coles comme l&rsquo;<strong>Institut Catholique de Paris<\/strong> ou le <strong>Coll\u00e8ge Saint-Louis<\/strong> mettent l&rsquo;accent sur une \u00e9ducation tol\u00e9rante et pluraliste.<\/li><\/ul>\n\n","protected":false},"excerpt":{"rendered":"<p>Dans un coin paisible du Gers, une \u00e9cole priv\u00e9e, Notre-Dame Divine Berg\u00e8re, vient d&rsquo;\u00eatre frapp\u00e9e par une fermeture administrative de trois mois. Cet \u00e9v\u00e9nement r\u00e9v\u00e8le les sombres r\u00e9alit\u00e9s de certains r\u00e9seaux catholiques, notamment une communaut\u00e9 jug\u00e9e int\u00e9griste par la Ligue des Droits de l&rsquo;Homme. Alors qu&rsquo;une vingtaine d&rsquo;enfants voit sa scolarit\u00e9 brutalement interrompue, les enjeux &#8230; <a title=\"Derri\u00e8re les murs d&rsquo;une \u00e9cole priv\u00e9e ferm\u00e9e : plong\u00e9e dans les r\u00e9alit\u00e9s des mauvais r\u00e9seaux catholiques\" class=\"read-more\" href=\"https:\/\/www.apres-lecole.fr\/Blog\/ecole-privee-reseaux-catholiques\/\" aria-label=\"En savoir plus sur Derri\u00e8re les murs d&rsquo;une \u00e9cole priv\u00e9e ferm\u00e9e : plong\u00e9e dans les r\u00e9alit\u00e9s des mauvais r\u00e9seaux catholiques\">Lire plus<\/a><\/p>\n","protected":false},"author":9,"featured_media":1799,"comment_status":"open","ping_status":"open","sticky":false,"template":"","format":"standard","meta":{"footnotes":""},"categories":[342],"tags":[546,412,548,549,547],"class_list":["post-1800","post","type-post","status-publish","format-standard","has-post-thumbnail","hentry","category-actualites","tag-ecole-privee","tag-education","tag-murs-de-lecole","tag-realites-cachees","tag-reseaux-catholiques"],"yoast_head":"<!-- This site is optimized with the Yoast SEO plugin v27.5 - https:\/\/yoast.com\/product\/yoast-seo-wordpress\/ -->\n<title>Derri\u00e8re les murs d&#039;une \u00e9cole priv\u00e9e : r\u00e9v\u00e9lations sur les r\u00e9seaux catholiques clandestins<\/title>\n<meta name=\"description\" content=\"D\u00e9couvrez les r\u00e9v\u00e9lations poignantes de notre enqu\u00eate sur les coulisses d&#039;une \u00e9cole priv\u00e9e ferm\u00e9e, o\u00f9 les r\u00e9alit\u00e9s souvent ignor\u00e9es des mauvais r\u00e9seaux catholiques \u00e9mergent. Plongez dans un monde cach\u00e9, entre privil\u00e8ges et manipulations, et explorez les cons\u00e9quences de ces dynamiques sur les \u00e9l\u00e8ves et la soci\u00e9t\u00e9.\" \/>\n<meta name=\"robots\" content=\"index, follow, max-snippet:-1, max-image-preview:large, max-video-preview:-1\" \/>\n<link rel=\"canonical\" href=\"https:\/\/www.apres-lecole.fr\/Blog\/ecole-privee-reseaux-catholiques\/\" \/>\n<meta property=\"og:locale\" content=\"fr_FR\" \/>\n<meta property=\"og:type\" content=\"article\" \/>\n<meta property=\"og:title\" content=\"Derri\u00e8re les murs d&#039;une \u00e9cole priv\u00e9e : r\u00e9v\u00e9lations sur les r\u00e9seaux catholiques clandestins\" \/>\n<meta property=\"og:description\" content=\"D\u00e9couvrez les r\u00e9v\u00e9lations poignantes de notre enqu\u00eate sur les coulisses d&#039;une \u00e9cole priv\u00e9e ferm\u00e9e, o\u00f9 les r\u00e9alit\u00e9s souvent ignor\u00e9es des mauvais r\u00e9seaux catholiques \u00e9mergent. Plongez dans un monde cach\u00e9, entre privil\u00e8ges et manipulations, et explorez les cons\u00e9quences de ces dynamiques sur les \u00e9l\u00e8ves et la soci\u00e9t\u00e9.\" \/>\n<meta property=\"og:url\" content=\"https:\/\/www.apres-lecole.fr\/Blog\/ecole-privee-reseaux-catholiques\/\" \/>\n<meta property=\"article:published_time\" content=\"2025-03-31T08:15:30+00:00\" \/>\n<meta property=\"og:image\" content=\"https:\/\/www.apres-lecole.fr\/Blog\/wp-content\/uploads\/2025\/03\/Derriere-les-murs-dune-ecole-privee-fermee-plongee-dans-les-realites-des-mauvais-reseaux-catholiques.jpg\" \/>\n\t<meta property=\"og:image:width\" content=\"1344\" \/>\n\t<meta property=\"og:image:height\" content=\"768\" \/>\n\t<meta property=\"og:image:type\" content=\"image\/jpeg\" \/>\n<meta name=\"author\" content=\"Eva Martin\" \/>\n<meta name=\"twitter:card\" content=\"summary_large_image\" \/>\n<meta name=\"twitter:creator\" content=\"@Evaapresecole\" \/>\n<meta name=\"twitter:label1\" content=\"\u00c9crit par\" \/>\n\t<meta name=\"twitter:data1\" content=\"Eva Martin\" \/>\n\t<meta name=\"twitter:label2\" content=\"Dur\u00e9e de lecture estim\u00e9e\" \/>\n\t<meta name=\"twitter:data2\" content=\"7 minutes\" \/>\n<script type=\"application\/ld+json\" class=\"yoast-schema-graph\">{\"@context\":\"https:\\\/\\\/schema.org\",\"@graph\":[{\"@type\":\"Article\",\"@id\":\"https:\\\/\\\/www.apres-lecole.fr\\\/Blog\\\/ecole-privee-reseaux-catholiques\\\/#article\",\"isPartOf\":{\"@id\":\"https:\\\/\\\/www.apres-lecole.fr\\\/Blog\\\/ecole-privee-reseaux-catholiques\\\/\"},\"author\":{\"name\":\"Eva Martin\",\"@id\":\"https:\\\/\\\/www.apres-lecole.fr\\\/Blog\\\/#\\\/schema\\\/person\\\/aeb50cd4b51fc69da155804bb5bb9fc4\"},\"headline\":\"Derri\u00e8re les murs d&rsquo;une \u00e9cole priv\u00e9e ferm\u00e9e : plong\u00e9e dans les r\u00e9alit\u00e9s des mauvais r\u00e9seaux catholiques\",\"datePublished\":\"2025-03-31T08:15:30+00:00\",\"mainEntityOfPage\":{\"@id\":\"https:\\\/\\\/www.apres-lecole.fr\\\/Blog\\\/ecole-privee-reseaux-catholiques\\\/\"},\"wordCount\":1420,\"commentCount\":0,\"image\":{\"@id\":\"https:\\\/\\\/www.apres-lecole.fr\\\/Blog\\\/ecole-privee-reseaux-catholiques\\\/#primaryimage\"},\"thumbnailUrl\":\"https:\\\/\\\/www.apres-lecole.fr\\\/Blog\\\/wp-content\\\/uploads\\\/2025\\\/03\\\/Derriere-les-murs-dune-ecole-privee-fermee-plongee-dans-les-realites-des-mauvais-reseaux-catholiques.jpg\",\"keywords\":[\"\u00e9cole priv\u00e9e\",\"\u00e9ducation\",\"murs de l'\u00e9cole\",\"r\u00e9alit\u00e9s cach\u00e9es\",\"r\u00e9seaux catholiques\"],\"articleSection\":[\"Actualit\u00e9s\"],\"inLanguage\":\"fr-FR\",\"potentialAction\":[{\"@type\":\"CommentAction\",\"name\":\"Comment\",\"target\":[\"https:\\\/\\\/www.apres-lecole.fr\\\/Blog\\\/ecole-privee-reseaux-catholiques\\\/#respond\"]}]},{\"@type\":\"WebPage\",\"@id\":\"https:\\\/\\\/www.apres-lecole.fr\\\/Blog\\\/ecole-privee-reseaux-catholiques\\\/\",\"url\":\"https:\\\/\\\/www.apres-lecole.fr\\\/Blog\\\/ecole-privee-reseaux-catholiques\\\/\",\"name\":\"Derri\u00e8re les murs d'une \u00e9cole priv\u00e9e : r\u00e9v\u00e9lations sur les r\u00e9seaux catholiques clandestins\",\"isPartOf\":{\"@id\":\"https:\\\/\\\/www.apres-lecole.fr\\\/Blog\\\/#website\"},\"primaryImageOfPage\":{\"@id\":\"https:\\\/\\\/www.apres-lecole.fr\\\/Blog\\\/ecole-privee-reseaux-catholiques\\\/#primaryimage\"},\"image\":{\"@id\":\"https:\\\/\\\/www.apres-lecole.fr\\\/Blog\\\/ecole-privee-reseaux-catholiques\\\/#primaryimage\"},\"thumbnailUrl\":\"https:\\\/\\\/www.apres-lecole.fr\\\/Blog\\\/wp-content\\\/uploads\\\/2025\\\/03\\\/Derriere-les-murs-dune-ecole-privee-fermee-plongee-dans-les-realites-des-mauvais-reseaux-catholiques.jpg\",\"datePublished\":\"2025-03-31T08:15:30+00:00\",\"author\":{\"@id\":\"https:\\\/\\\/www.apres-lecole.fr\\\/Blog\\\/#\\\/schema\\\/person\\\/aeb50cd4b51fc69da155804bb5bb9fc4\"},\"description\":\"D\u00e9couvrez les r\u00e9v\u00e9lations poignantes de notre enqu\u00eate sur les coulisses d'une \u00e9cole priv\u00e9e ferm\u00e9e, o\u00f9 les r\u00e9alit\u00e9s souvent ignor\u00e9es des mauvais r\u00e9seaux catholiques \u00e9mergent. Plongez dans un monde cach\u00e9, entre privil\u00e8ges et manipulations, et explorez les cons\u00e9quences de ces dynamiques sur les \u00e9l\u00e8ves et la soci\u00e9t\u00e9.\",\"breadcrumb\":{\"@id\":\"https:\\\/\\\/www.apres-lecole.fr\\\/Blog\\\/ecole-privee-reseaux-catholiques\\\/#breadcrumb\"},\"inLanguage\":\"fr-FR\",\"potentialAction\":[{\"@type\":\"ReadAction\",\"target\":[\"https:\\\/\\\/www.apres-lecole.fr\\\/Blog\\\/ecole-privee-reseaux-catholiques\\\/\"]}]},{\"@type\":\"ImageObject\",\"inLanguage\":\"fr-FR\",\"@id\":\"https:\\\/\\\/www.apres-lecole.fr\\\/Blog\\\/ecole-privee-reseaux-catholiques\\\/#primaryimage\",\"url\":\"https:\\\/\\\/www.apres-lecole.fr\\\/Blog\\\/wp-content\\\/uploads\\\/2025\\\/03\\\/Derriere-les-murs-dune-ecole-privee-fermee-plongee-dans-les-realites-des-mauvais-reseaux-catholiques.jpg\",\"contentUrl\":\"https:\\\/\\\/www.apres-lecole.fr\\\/Blog\\\/wp-content\\\/uploads\\\/2025\\\/03\\\/Derriere-les-murs-dune-ecole-privee-fermee-plongee-dans-les-realites-des-mauvais-reseaux-catholiques.jpg\",\"width\":1344,\"height\":768,\"caption\":\"d\u00e9couvrez les r\u00e9alit\u00e9s souvent cach\u00e9es des \u00e9coles priv\u00e9es ferm\u00e9es \u00e0 travers un regard incisif sur les mauvais r\u00e9seaux au sein des institutions catholiques. une exploration r\u00e9v\u00e9latrice qui met en lumi\u00e8re les d\u00e9fis et les enjeux m\u00e9connus de ces milieux.\"},{\"@type\":\"BreadcrumbList\",\"@id\":\"https:\\\/\\\/www.apres-lecole.fr\\\/Blog\\\/ecole-privee-reseaux-catholiques\\\/#breadcrumb\",\"itemListElement\":[{\"@type\":\"ListItem\",\"position\":1,\"name\":\"Home\",\"item\":\"https:\\\/\\\/www.apres-lecole.fr\\\/Blog\\\/\"},{\"@type\":\"ListItem\",\"position\":2,\"name\":\"Derri\u00e8re les murs d&rsquo;une \u00e9cole priv\u00e9e ferm\u00e9e : plong\u00e9e dans les r\u00e9alit\u00e9s des mauvais r\u00e9seaux catholiques\"}]},{\"@type\":\"WebSite\",\"@id\":\"https:\\\/\\\/www.apres-lecole.fr\\\/Blog\\\/#website\",\"url\":\"https:\\\/\\\/www.apres-lecole.fr\\\/Blog\\\/\",\"name\":\"\",\"description\":\"M\u00e9dia g\u00e9n\u00e9raliste\",\"potentialAction\":[{\"@type\":\"SearchAction\",\"target\":{\"@type\":\"EntryPoint\",\"urlTemplate\":\"https:\\\/\\\/www.apres-lecole.fr\\\/Blog\\\/?s={search_term_string}\"},\"query-input\":{\"@type\":\"PropertyValueSpecification\",\"valueRequired\":true,\"valueName\":\"search_term_string\"}}],\"inLanguage\":\"fr-FR\"},{\"@type\":\"Person\",\"@id\":\"https:\\\/\\\/www.apres-lecole.fr\\\/Blog\\\/#\\\/schema\\\/person\\\/aeb50cd4b51fc69da155804bb5bb9fc4\",\"name\":\"Eva Martin\",\"image\":{\"@type\":\"ImageObject\",\"inLanguage\":\"fr-FR\",\"@id\":\"https:\\\/\\\/secure.gravatar.com\\\/avatar\\\/55c53222558b27a72015a64073a80edce4abd33369394b9bf2c5cd6c19d12682?s=96&d=mm&r=g\",\"url\":\"https:\\\/\\\/secure.gravatar.com\\\/avatar\\\/55c53222558b27a72015a64073a80edce4abd33369394b9bf2c5cd6c19d12682?s=96&d=mm&r=g\",\"contentUrl\":\"https:\\\/\\\/secure.gravatar.com\\\/avatar\\\/55c53222558b27a72015a64073a80edce4abd33369394b9bf2c5cd6c19d12682?s=96&d=mm&r=g\",\"caption\":\"Eva Martin\"},\"description\":\"Je parle de business et d'entrepreneuriat avec des conseils clairs, concrets et actionnables pour r\u00e9ussir\",\"sameAs\":[\"https:\\\/\\\/x.com\\\/Evaapresecole\"],\"url\":\"https:\\\/\\\/www.apres-lecole.fr\\\/Blog\\\/author\\\/evamartin\\\/\"}]}<\/script>\n<!-- \/ Yoast SEO plugin. -->","yoast_head_json":{"title":"Derri\u00e8re les murs d'une \u00e9cole priv\u00e9e : r\u00e9v\u00e9lations sur les r\u00e9seaux catholiques clandestins","description":"D\u00e9couvrez les r\u00e9v\u00e9lations poignantes de notre enqu\u00eate sur les coulisses d'une \u00e9cole priv\u00e9e ferm\u00e9e, o\u00f9 les r\u00e9alit\u00e9s souvent ignor\u00e9es des mauvais r\u00e9seaux catholiques \u00e9mergent. Plongez dans un monde cach\u00e9, entre privil\u00e8ges et manipulations, et explorez les cons\u00e9quences de ces dynamiques sur les \u00e9l\u00e8ves et la soci\u00e9t\u00e9.","robots":{"index":"index","follow":"follow","max-snippet":"max-snippet:-1","max-image-preview":"max-image-preview:large","max-video-preview":"max-video-preview:-1"},"canonical":"https:\/\/www.apres-lecole.fr\/Blog\/ecole-privee-reseaux-catholiques\/","og_locale":"fr_FR","og_type":"article","og_title":"Derri\u00e8re les murs d'une \u00e9cole priv\u00e9e : r\u00e9v\u00e9lations sur les r\u00e9seaux catholiques clandestins","og_description":"D\u00e9couvrez les r\u00e9v\u00e9lations poignantes de notre enqu\u00eate sur les coulisses d'une \u00e9cole priv\u00e9e ferm\u00e9e, o\u00f9 les r\u00e9alit\u00e9s souvent ignor\u00e9es des mauvais r\u00e9seaux catholiques \u00e9mergent. Plongez dans un monde cach\u00e9, entre privil\u00e8ges et manipulations, et explorez les cons\u00e9quences de ces dynamiques sur les \u00e9l\u00e8ves et la soci\u00e9t\u00e9.","og_url":"https:\/\/www.apres-lecole.fr\/Blog\/ecole-privee-reseaux-catholiques\/","article_published_time":"2025-03-31T08:15:30+00:00","og_image":[{"width":1344,"height":768,"url":"https:\/\/www.apres-lecole.fr\/Blog\/wp-content\/uploads\/2025\/03\/Derriere-les-murs-dune-ecole-privee-fermee-plongee-dans-les-realites-des-mauvais-reseaux-catholiques.jpg","type":"image\/jpeg"}],"author":"Eva Martin","twitter_card":"summary_large_image","twitter_creator":"@Evaapresecole","twitter_misc":{"\u00c9crit par":"Eva Martin","Dur\u00e9e de lecture estim\u00e9e":"7 minutes"},"schema":{"@context":"https:\/\/schema.org","@graph":[{"@type":"Article","@id":"https:\/\/www.apres-lecole.fr\/Blog\/ecole-privee-reseaux-catholiques\/#article","isPartOf":{"@id":"https:\/\/www.apres-lecole.fr\/Blog\/ecole-privee-reseaux-catholiques\/"},"author":{"name":"Eva Martin","@id":"https:\/\/www.apres-lecole.fr\/Blog\/#\/schema\/person\/aeb50cd4b51fc69da155804bb5bb9fc4"},"headline":"Derri\u00e8re les murs d&rsquo;une \u00e9cole priv\u00e9e ferm\u00e9e : plong\u00e9e dans les r\u00e9alit\u00e9s des mauvais r\u00e9seaux catholiques","datePublished":"2025-03-31T08:15:30+00:00","mainEntityOfPage":{"@id":"https:\/\/www.apres-lecole.fr\/Blog\/ecole-privee-reseaux-catholiques\/"},"wordCount":1420,"commentCount":0,"image":{"@id":"https:\/\/www.apres-lecole.fr\/Blog\/ecole-privee-reseaux-catholiques\/#primaryimage"},"thumbnailUrl":"https:\/\/www.apres-lecole.fr\/Blog\/wp-content\/uploads\/2025\/03\/Derriere-les-murs-dune-ecole-privee-fermee-plongee-dans-les-realites-des-mauvais-reseaux-catholiques.jpg","keywords":["\u00e9cole priv\u00e9e","\u00e9ducation","murs de l'\u00e9cole","r\u00e9alit\u00e9s cach\u00e9es","r\u00e9seaux catholiques"],"articleSection":["Actualit\u00e9s"],"inLanguage":"fr-FR","potentialAction":[{"@type":"CommentAction","name":"Comment","target":["https:\/\/www.apres-lecole.fr\/Blog\/ecole-privee-reseaux-catholiques\/#respond"]}]},{"@type":"WebPage","@id":"https:\/\/www.apres-lecole.fr\/Blog\/ecole-privee-reseaux-catholiques\/","url":"https:\/\/www.apres-lecole.fr\/Blog\/ecole-privee-reseaux-catholiques\/","name":"Derri\u00e8re les murs d'une \u00e9cole priv\u00e9e : r\u00e9v\u00e9lations sur les r\u00e9seaux catholiques clandestins","isPartOf":{"@id":"https:\/\/www.apres-lecole.fr\/Blog\/#website"},"primaryImageOfPage":{"@id":"https:\/\/www.apres-lecole.fr\/Blog\/ecole-privee-reseaux-catholiques\/#primaryimage"},"image":{"@id":"https:\/\/www.apres-lecole.fr\/Blog\/ecole-privee-reseaux-catholiques\/#primaryimage"},"thumbnailUrl":"https:\/\/www.apres-lecole.fr\/Blog\/wp-content\/uploads\/2025\/03\/Derriere-les-murs-dune-ecole-privee-fermee-plongee-dans-les-realites-des-mauvais-reseaux-catholiques.jpg","datePublished":"2025-03-31T08:15:30+00:00","author":{"@id":"https:\/\/www.apres-lecole.fr\/Blog\/#\/schema\/person\/aeb50cd4b51fc69da155804bb5bb9fc4"},"description":"D\u00e9couvrez les r\u00e9v\u00e9lations poignantes de notre enqu\u00eate sur les coulisses d'une \u00e9cole priv\u00e9e ferm\u00e9e, o\u00f9 les r\u00e9alit\u00e9s souvent ignor\u00e9es des mauvais r\u00e9seaux catholiques \u00e9mergent. Plongez dans un monde cach\u00e9, entre privil\u00e8ges et manipulations, et explorez les cons\u00e9quences de ces dynamiques sur les \u00e9l\u00e8ves et la soci\u00e9t\u00e9.","breadcrumb":{"@id":"https:\/\/www.apres-lecole.fr\/Blog\/ecole-privee-reseaux-catholiques\/#breadcrumb"},"inLanguage":"fr-FR","potentialAction":[{"@type":"ReadAction","target":["https:\/\/www.apres-lecole.fr\/Blog\/ecole-privee-reseaux-catholiques\/"]}]},{"@type":"ImageObject","inLanguage":"fr-FR","@id":"https:\/\/www.apres-lecole.fr\/Blog\/ecole-privee-reseaux-catholiques\/#primaryimage","url":"https:\/\/www.apres-lecole.fr\/Blog\/wp-content\/uploads\/2025\/03\/Derriere-les-murs-dune-ecole-privee-fermee-plongee-dans-les-realites-des-mauvais-reseaux-catholiques.jpg","contentUrl":"https:\/\/www.apres-lecole.fr\/Blog\/wp-content\/uploads\/2025\/03\/Derriere-les-murs-dune-ecole-privee-fermee-plongee-dans-les-realites-des-mauvais-reseaux-catholiques.jpg","width":1344,"height":768,"caption":"d\u00e9couvrez les r\u00e9alit\u00e9s souvent cach\u00e9es des \u00e9coles priv\u00e9es ferm\u00e9es \u00e0 travers un regard incisif sur les mauvais r\u00e9seaux au sein des institutions catholiques. une exploration r\u00e9v\u00e9latrice qui met en lumi\u00e8re les d\u00e9fis et les enjeux m\u00e9connus de ces milieux."},{"@type":"BreadcrumbList","@id":"https:\/\/www.apres-lecole.fr\/Blog\/ecole-privee-reseaux-catholiques\/#breadcrumb","itemListElement":[{"@type":"ListItem","position":1,"name":"Home","item":"https:\/\/www.apres-lecole.fr\/Blog\/"},{"@type":"ListItem","position":2,"name":"Derri\u00e8re les murs d&rsquo;une \u00e9cole priv\u00e9e ferm\u00e9e : plong\u00e9e dans les r\u00e9alit\u00e9s des mauvais r\u00e9seaux catholiques"}]},{"@type":"WebSite","@id":"https:\/\/www.apres-lecole.fr\/Blog\/#website","url":"https:\/\/www.apres-lecole.fr\/Blog\/","name":"","description":"M\u00e9dia g\u00e9n\u00e9raliste","potentialAction":[{"@type":"SearchAction","target":{"@type":"EntryPoint","urlTemplate":"https:\/\/www.apres-lecole.fr\/Blog\/?s={search_term_string}"},"query-input":{"@type":"PropertyValueSpecification","valueRequired":true,"valueName":"search_term_string"}}],"inLanguage":"fr-FR"},{"@type":"Person","@id":"https:\/\/www.apres-lecole.fr\/Blog\/#\/schema\/person\/aeb50cd4b51fc69da155804bb5bb9fc4","name":"Eva Martin","image":{"@type":"ImageObject","inLanguage":"fr-FR","@id":"https:\/\/secure.gravatar.com\/avatar\/55c53222558b27a72015a64073a80edce4abd33369394b9bf2c5cd6c19d12682?s=96&d=mm&r=g","url":"https:\/\/secure.gravatar.com\/avatar\/55c53222558b27a72015a64073a80edce4abd33369394b9bf2c5cd6c19d12682?s=96&d=mm&r=g","contentUrl":"https:\/\/secure.gravatar.com\/avatar\/55c53222558b27a72015a64073a80edce4abd33369394b9bf2c5cd6c19d12682?s=96&d=mm&r=g","caption":"Eva Martin"},"description":"Je parle de business et d'entrepreneuriat avec des conseils clairs, concrets et actionnables pour r\u00e9ussir","sameAs":["https:\/\/x.com\/Evaapresecole"],"url":"https:\/\/www.apres-lecole.fr\/Blog\/author\/evamartin\/"}]}},"views":33,"_links":{"self":[{"href":"https:\/\/www.apres-lecole.fr\/Blog\/wp-json\/wp\/v2\/posts\/1800","targetHints":{"allow":["GET"]}}],"collection":[{"href":"https:\/\/www.apres-lecole.fr\/Blog\/wp-json\/wp\/v2\/posts"}],"about":[{"href":"https:\/\/www.apres-lecole.fr\/Blog\/wp-json\/wp\/v2\/types\/post"}],"author":[{"embeddable":true,"href":"https:\/\/www.apres-lecole.fr\/Blog\/wp-json\/wp\/v2\/users\/9"}],"replies":[{"embeddable":true,"href":"https:\/\/www.apres-lecole.fr\/Blog\/wp-json\/wp\/v2\/comments?post=1800"}],"version-history":[{"count":0,"href":"https:\/\/www.apres-lecole.fr\/Blog\/wp-json\/wp\/v2\/posts\/1800\/revisions"}],"wp:featuredmedia":[{"embeddable":true,"href":"https:\/\/www.apres-lecole.fr\/Blog\/wp-json\/wp\/v2\/media\/1799"}],"wp:attachment":[{"href":"https:\/\/www.apres-lecole.fr\/Blog\/wp-json\/wp\/v2\/media?parent=1800"}],"wp:term":[{"taxonomy":"category","embeddable":true,"href":"https:\/\/www.apres-lecole.fr\/Blog\/wp-json\/wp\/v2\/categories?post=1800"},{"taxonomy":"post_tag","embeddable":true,"href":"https:\/\/www.apres-lecole.fr\/Blog\/wp-json\/wp\/v2\/tags?post=1800"}],"curies":[{"name":"wp","href":"https:\/\/api.w.org\/{rel}","templated":true}]}}