{"id":1729,"date":"2025-03-26T13:54:52","date_gmt":"2025-03-26T13:54:52","guid":{"rendered":"https:\/\/www.apres-lecole.fr\/Blog\/ecole-mougins-geothermie\/"},"modified":"2025-03-26T13:54:52","modified_gmt":"2025-03-26T13:54:52","slug":"ecole-mougins-geothermie","status":"publish","type":"post","link":"https:\/\/www.apres-lecole.fr\/Blog\/ecole-mougins-geothermie\/","title":{"rendered":"Une \u00e9cole de Mougins adopte la g\u00e9othermie pour optimiser le confort des \u00e9l\u00e8ves et diminuer consid\u00e9rablement les co\u00fbts \u00e9nerg\u00e9tiques"},"content":{"rendered":"\n\n<div class=\"kk-star-ratings kksr-auto kksr-align-left kksr-valign-top\"\n    data-payload='{&quot;align&quot;:&quot;left&quot;,&quot;id&quot;:&quot;1729&quot;,&quot;slug&quot;:&quot;default&quot;,&quot;valign&quot;:&quot;top&quot;,&quot;ignore&quot;:&quot;&quot;,&quot;reference&quot;:&quot;auto&quot;,&quot;class&quot;:&quot;&quot;,&quot;count&quot;:&quot;0&quot;,&quot;legendonly&quot;:&quot;&quot;,&quot;readonly&quot;:&quot;&quot;,&quot;score&quot;:&quot;0&quot;,&quot;starsonly&quot;:&quot;&quot;,&quot;best&quot;:&quot;5&quot;,&quot;gap&quot;:&quot;5&quot;,&quot;greet&quot;:&quot;Rate this post&quot;,&quot;legend&quot;:&quot;0\\\/5 - (0 vote)&quot;,&quot;size&quot;:&quot;24&quot;,&quot;title&quot;:&quot;Une \u00e9cole de Mougins adopte la g\u00e9othermie pour optimiser le confort des \u00e9l\u00e8ves et diminuer consid\u00e9rablement les co\u00fbts \u00e9nerg\u00e9tiques&quot;,&quot;width&quot;:&quot;0&quot;,&quot;_legend&quot;:&quot;{score}\\\/{best} - ({count} {votes})&quot;,&quot;font_factor&quot;:&quot;1.25&quot;}'>\n            \n<div class=\"kksr-stars\">\n    \n<div class=\"kksr-stars-inactive\">\n            <div class=\"kksr-star\" data-star=\"1\" style=\"padding-right: 5px\">\n            \n\n<div class=\"kksr-icon\" style=\"width: 24px; height: 24px;\"><\/div>\n        <\/div>\n            <div class=\"kksr-star\" data-star=\"2\" style=\"padding-right: 5px\">\n            \n\n<div class=\"kksr-icon\" style=\"width: 24px; height: 24px;\"><\/div>\n        <\/div>\n            <div class=\"kksr-star\" data-star=\"3\" style=\"padding-right: 5px\">\n            \n\n<div class=\"kksr-icon\" style=\"width: 24px; height: 24px;\"><\/div>\n        <\/div>\n            <div class=\"kksr-star\" data-star=\"4\" style=\"padding-right: 5px\">\n            \n\n<div class=\"kksr-icon\" style=\"width: 24px; height: 24px;\"><\/div>\n        <\/div>\n            <div class=\"kksr-star\" data-star=\"5\" style=\"padding-right: 5px\">\n            \n\n<div class=\"kksr-icon\" style=\"width: 24px; height: 24px;\"><\/div>\n        <\/div>\n    <\/div>\n    \n<div class=\"kksr-stars-active\" style=\"width: 0px;\">\n            <div class=\"kksr-star\" style=\"padding-right: 5px\">\n            \n\n<div class=\"kksr-icon\" style=\"width: 24px; height: 24px;\"><\/div>\n        <\/div>\n            <div class=\"kksr-star\" style=\"padding-right: 5px\">\n            \n\n<div class=\"kksr-icon\" style=\"width: 24px; height: 24px;\"><\/div>\n        <\/div>\n            <div class=\"kksr-star\" style=\"padding-right: 5px\">\n            \n\n<div class=\"kksr-icon\" style=\"width: 24px; height: 24px;\"><\/div>\n        <\/div>\n            <div class=\"kksr-star\" style=\"padding-right: 5px\">\n            \n\n<div class=\"kksr-icon\" style=\"width: 24px; height: 24px;\"><\/div>\n        <\/div>\n            <div class=\"kksr-star\" style=\"padding-right: 5px\">\n            \n\n<div class=\"kksr-icon\" style=\"width: 24px; height: 24px;\"><\/div>\n        <\/div>\n    <\/div>\n<\/div>\n                \n\n<div class=\"kksr-legend\" style=\"font-size: 19.2px;\">\n            <span class=\"kksr-muted\">Rate this post<\/span>\n    <\/div>\n    <\/div>\n<p>\u00c0 Mougins, une initiative \u00e9cologique et innovante prend forme dans le cadre scolaire. L&rsquo;\u00e9cole des Cabri\u00e8res s&rsquo;appr\u00eate \u00e0 entrer dans une nouvelle \u00e8re en int\u00e9grant un syst\u00e8me de g\u00e9othermie qui promet non seulement de rehausser le confort des \u00e9l\u00e8ves, mais aussi de r\u00e9duire significativement les co\u00fbts \u00e9nerg\u00e9tiques. Cette transformation, pr\u00e9vue pour la rentr\u00e9e de septembre 2025, t\u00e9moigne d&rsquo;un engagement fort envers la durabilit\u00e9 et l&rsquo;utilisation des \u00e9nergies renouvelables. Explorons ce projet fascinant et ses nombreux avantages.<\/p>\n\n<h2 class=\"wp-block-heading\">Un projet f\u00e9d\u00e9rateur pour l&rsquo;\u00e9cole des Cabri\u00e8res<\/h2>\n\n<p>Ce mardi, le premier adjoint, <strong>Christophe Ulivieri<\/strong>, a annonc\u00e9 le lancement d&rsquo;un projet ambitieux qui va transformer l&rsquo;\u00e9cole des Cabri\u00e8res \u00e0 Mougins. Avec l&rsquo;installation de <strong>dix-neuf sondes g\u00e9othermiques<\/strong> \u00e0 partir d&rsquo;avril, l&rsquo;\u00e9tablissement met un point d&rsquo;honneur \u00e0 remplacer sa chaudi\u00e8re classique jug\u00e9e obsol\u00e8te. Cette d\u00e9marche n&rsquo;est pas seulement technique ; elle vise aussi \u00e0 am\u00e9liorer le quotidien des \u00e9l\u00e8ves.<\/p>\n\n<p>Le choix de la g\u00e9othermie s&rsquo;explique par un souhait de moderniser les infrastructures \u00e9ducatives tout en respectant l&rsquo;environnement. Mais la g\u00e9n\u00e9rosit\u00e9 de cette initiative ne s&rsquo;arr\u00eate pas l\u00e0 : il s&rsquo;agit \u00e9galement d&rsquo;une solution financi\u00e8re qui permettra d&rsquo;all\u00e9ger les <strong>co\u00fbts \u00e9nerg\u00e9tiques<\/strong> de la commune.<\/p>\n\n<h3 class=\"wp-block-heading\">Pourquoi opter pour la g\u00e9othermie ?<\/h3>\n\n<p>La g\u00e9othermie se d\u00e9finit comme l\u2019extraction de l\u2019\u00e9nergie thermique du sol pour alimenter la chaleur dans les b\u00e2timents. C\u2019est un processus naturel qui utilise la chaleur stock\u00e9e dans la terre, bien en dessous de nos pieds. En se penchant sur cette technologie, nous d\u00e9couvrons plusieurs avantages consid\u00e9rables :<\/p>\n\n<ul class=\"wp-block-list\"><li>\ud83c\udf31 <strong>\u00c9nergie renouvelable<\/strong> : La g\u00e9othermie utilise une ressource naturellement renouvelable, r\u00e9duisant ainsi la d\u00e9pendance aux \u00e9nergies fossiles.<\/li><li>\ud83d\udcb0 <strong>\u00c9conomie<\/strong> : On estime des \u00e9conomies d\u2019environ <strong>40%<\/strong> sur les factures de chauffage, ce qui repr\u00e9sente environ 40 000 euros par an pour l\u2019\u00e9cole et la municipalit\u00e9.<\/li><li>\ud83d\udc77 <strong>Innovation durable<\/strong> : L&rsquo;installation de cette technologie fait preuve d&rsquo;une volont\u00e9 d&rsquo;innover en mati\u00e8re de durabilit\u00e9.<\/li><\/ul>\n\n<p>Ces avantages s\u2019inscrivent dans une logique plus vaste o\u00f9 l&rsquo;\u00e9cole, en tant qu&rsquo;institution phare de la soci\u00e9t\u00e9, doit donner l&rsquo;exemple en mati\u00e8re de respect de l&rsquo;environnement.<\/p>\n\n<h3 class=\"wp-block-heading\">Comment fonctionne la g\u00e9othermie \u00e0 l&rsquo;\u00e9cole des Cabri\u00e8res ?<\/h3>\n\n<p>Pour ceux qui se demandent comment tout cela se met en place, un ing\u00e9nieur en g\u00e9othermie de l&rsquo;Agence de l&rsquo;environnement et de la ma\u00eetrise de l&rsquo;\u00e9nergie (Ademe), <strong>Mathieu Pailler<\/strong>, r\u00e9v\u00e8le les secrets de cette technologie fascinante. Selon lui, plusieurs pompes \u00e0 chaleur vont permettre de r\u00e9guler la temp\u00e9rature extraite des profondeurs du sol.<\/p>\n\n<p>Les sondes seront for\u00e9es \u00e0 une profondeur d&rsquo;environ 150 m\u00e8tres, ce qui permettra de capter une chaleur id\u00e9ale. Ce choix de profondeur est important puisque, ainsi, l&rsquo;\u00e9cole pourra b\u00e9n\u00e9ficier d&rsquo;une temp\u00e9rature de remont\u00e9e d&rsquo;environ <strong>17 degr\u00e9s<\/strong>.<\/p>\n\n<p>Une fois les sondes install\u00e9es, la fin des travaux est pr\u00e9vue pour la rentr\u00e9e, et d\u00e8s la p\u00e9riode estivale, l&rsquo;\u00e9quipe technique sera en plein raccordement des tuyaux et de la pompe \u00e0 chaleur. Ce sont des mois de travail en perspective, mais on peut d\u00e9j\u00e0 envisager les b\u00e9n\u00e9fices sur le long terme, tant pour l&rsquo;environnement que pour le confort des \u00e9l\u00e8ves.<\/p>\n\n<h2 class=\"wp-block-heading\">Un impact positif sur le confort des \u00e9l\u00e8ves<\/h2>\n\n<p>Pensons \u00e0 nos enfants : ils passent une grande partie de leur journ\u00e9e \u00e0 l&rsquo;\u00e9cole. C&rsquo;est essentiel que cet environnement soit le plus agr\u00e9able possible. Avec l&rsquo;installation de la g\u00e9othermie, l&rsquo;\u00e9cole des Cabri\u00e8res fera un pas de g\u00e9ant vers <strong>l&rsquo;am\u00e9lioration du confort<\/strong> de ses \u00e9l\u00e8ves. Finies les temp\u00e9ratures glaciales en hiver et la chaleur \u00e9crasante en \u00e9t\u00e9 !<\/p>\n\n<p>L&rsquo;absence d&rsquo;un syst\u00e8me de climatisation a longtemps \u00e9t\u00e9 un point faible dans l&rsquo;\u00e9tablissement, mais cela appartiendra bient\u00f4t au pass\u00e9. La nouvelle pompe \u00e0 chaleur permettra non seulement de chauffer, mais aussi de refroidir, apportant un confort inestimable aux \u00e9l\u00e8ves pendant les mois les plus chauds.<\/p>\n\n<h3 class=\"wp-block-heading\">Une phase de tests r\u00e9ussie<\/h3>\n\n<p>Avant de se lancer, des tests de phase de r\u00e9ponse thermique ont eu lieu l&rsquo;\u00e9t\u00e9 pr\u00e9c\u00e9dent pour \u00e9valuer la r\u00e9activit\u00e9 du sol. Les r\u00e9sultats \u00e9taient tr\u00e8s encourageants, expliquant pourquoi l&rsquo;endroit avait \u00e9t\u00e9 choisi pour cette installation. Comme l&rsquo;explique Ulivieri, \u00ab\u00a0l&rsquo;endroit est d\u2019autant plus favorable car l\u2019eau y remonte \u00e0 17 degr\u00e9s\u00a0\u00bb.<\/p>\n\n<p>Cela veut dire que l&rsquo;\u00e9cole sera passive en \u00e9nergie, avec un syst\u00e8me qui limite la consommation tout en r\u00e9pondant aux besoins de chauffage ou de climatisation. Chaque pas vers ce changement est un pas vers un avenir plus durable.<\/p>\n\n<h2 class=\"wp-block-heading\">Un investissement significatif pour l&rsquo;avenir<\/h2>\n\n<p>La ville de Mougins a d\u00e9cid\u00e9 d\u2019investir pas moins de <strong>1 million d\u2019euros<\/strong> dans ce projet de g\u00e9othermie, dont 700,000 euros seront financ\u00e9s par le <strong>Fonds vert de l&rsquo;\u00c9tat<\/strong>. Cette mesure indique \u00e9galement une volont\u00e9 de la municipalit\u00e9 d&rsquo;op\u00e9rer des changements tangibles en mati\u00e8re d\u2019\u00e9nergies renouvelables.<\/p>\n\n<figure class=\"wp-block-table\"><table>\n<thead>\n<tr>\n<th>\u00c9l\u00e9ments<\/th>\n<th>Montant (\u20ac)<\/th>\n<\/tr>\n<\/thead>\n<tbody>\n<tr>\n<td>Total investissement<\/td>\n<td>1 000 000 \u20ac<\/td>\n<\/tr>\n<tr>\n<td>Subvention du Fonds vert<\/td>\n<td>700 000 \u20ac<\/td>\n<\/tr>\n<tr>\n<td>\u00c9conomies annuelles estim\u00e9es<\/td>\n<td>40 000 \u20ac<\/td>\n<\/tr>\n<\/tbody>\n<\/table><\/figure>\n\n<p>Un retour sur investissement est donc envisageable sur le long terme, surtout lorsqu&rsquo;on consid\u00e8re que la municipalit\u00e9 a d\u00e9j\u00e0 constat\u00e9 une baisse de 38% des \u00e9nergies depuis 2008. De quoi donner une belle impulsion \u00e0 d&rsquo;autres projets de durabilit\u00e9 !<\/p>\n\n<h3 class=\"wp-block-heading\">Un mod\u00e8le pour d&rsquo;autres \u00e9tablissements<\/h3>\n\n<p>L&rsquo;initiative de Mougins ne concerne pas seulement l&rsquo;\u00e9cole des Cabri\u00e8res, car elle s&rsquo;inscrit dans une d\u00e9marche plus large de sensibilisation et d&rsquo;engagement en mati\u00e8re d&rsquo;environnement. D\u00e9j\u00e0, d&rsquo;autres \u00e9tablissements se montrent int\u00e9ress\u00e9s par ce type de solution. La mairie a d&rsquo;ailleurs men\u00e9 une autre exp\u00e9rimentation de g\u00e9othermie horizontale \u00e0 la salle <strong>Sc\u00e8ne 55<\/strong>, qui en a prouv\u00e9 l&rsquo;efficacit\u00e9.<\/p>\n\n<p>Les autres \u00e9coles et \u00e9tablissements publics d\u2019enseignement pourraient, \u00e0 leur tour, envisager de suivre cette voie. Apr\u00e8s tout, la transition vers des alternatives durables est plus qu\u2019une tendance ; c\u2019est un imp\u00e9ratif dans notre lutte pour un avenir plus vert.<\/p>\n\n<h2 class=\"wp-block-heading\">FAQ<\/h2>\n\n<h3 class=\"wp-block-heading\">1. Qu&rsquo;est-ce que la g\u00e9othermie et comment \u00e7a marche ?<\/h3>\n\n<p>La g\u00e9othermie utilise la chaleur stock\u00e9e sous la surface de la terre. Les sondes vont puiser cette chaleur, qui est ensuite utilis\u00e9e pour le chauffage ou le refroidissement des b\u00e2timents.<\/p>\n\n<h3 class=\"wp-block-heading\">2. Quel est l&rsquo;impact financier de l&rsquo;installation g\u00e9othermique ?<\/h3>\n\n<p>La g\u00e9othermie devrait permettre des \u00e9conomies allant jusqu&rsquo;\u00e0 40 000 euros par an en co\u00fbts de chauffage pour l&rsquo;\u00e9cole des Cabri\u00e8res.<\/p>\n\n<h3 class=\"wp-block-heading\">3. Quels autres avantages la g\u00e9othermie offre-t-elle ?<\/h3>\n\n<p>En plus des \u00e9conomies d&rsquo;\u00e9nergie, la g\u00e9othermie est une solution respectueuse de l&rsquo;environnement, invisible et qui ne pollue pas le paysage.<\/p>\n\n<h3 class=\"wp-block-heading\">4. Quel est le calendrier des travaux ?<\/h3>\n\n<p>Les sondes seront install\u00e9es en avril et la finalisation des travaux est pr\u00e9vue pour la rentr\u00e9e de septembre 2025.<\/p>\n\n<h3 class=\"wp-block-heading\">5. D&rsquo;autres \u00e9tablissements envisagent-ils des syst\u00e8mes similaires ?<\/h3>\n\n<p>Oui, plusieurs autres \u00e9tablissements de la r\u00e9gion montrent un int\u00e9r\u00eat pour l&rsquo;adoption de syst\u00e8mes de g\u00e9othermie afin de r\u00e9duire leur empreinte \u00e9cologique.<\/p>\n\n","protected":false},"excerpt":{"rendered":"<p>\u00c0 Mougins, une initiative \u00e9cologique et innovante prend forme dans le cadre scolaire. L&rsquo;\u00e9cole des Cabri\u00e8res s&rsquo;appr\u00eate \u00e0 entrer dans une nouvelle \u00e8re en int\u00e9grant un syst\u00e8me de g\u00e9othermie qui promet non seulement de rehausser le confort des \u00e9l\u00e8ves, mais aussi de r\u00e9duire significativement les co\u00fbts \u00e9nerg\u00e9tiques. Cette transformation, pr\u00e9vue pour la rentr\u00e9e de septembre &#8230; <a title=\"Une \u00e9cole de Mougins adopte la g\u00e9othermie pour optimiser le confort des \u00e9l\u00e8ves et diminuer consid\u00e9rablement les co\u00fbts \u00e9nerg\u00e9tiques\" class=\"read-more\" href=\"https:\/\/www.apres-lecole.fr\/Blog\/ecole-mougins-geothermie\/\" aria-label=\"En savoir plus sur Une \u00e9cole de Mougins adopte la g\u00e9othermie pour optimiser le confort des \u00e9l\u00e8ves et diminuer consid\u00e9rablement les co\u00fbts \u00e9nerg\u00e9tiques\">Lire plus<\/a><\/p>\n","protected":false},"author":9,"featured_media":1728,"comment_status":"open","ping_status":"open","sticky":false,"template":"","format":"standard","meta":{"footnotes":""},"categories":[342],"tags":[415,416,410,414,413],"class_list":["post-1729","post","type-post","status-publish","format-standard","has-post-thumbnail","hentry","category-actualites","tag-confort-des-eleves","tag-couts-energetiques","tag-ecole","tag-geothermie","tag-mougins"],"yoast_head":"<!-- This site is optimized with the Yoast SEO plugin v27.5 - https:\/\/yoast.com\/product\/yoast-seo-wordpress\/ -->\n<title>Une \u00e9cole de Mougins mise sur la g\u00e9othermie pour un confort optimal et des \u00e9conomies d&#039;\u00e9nergie<\/title>\n<meta name=\"description\" content=\"D\u00e9couvrez comment une \u00e9cole \u00e0 Mougins int\u00e8gre la g\u00e9othermie pour am\u00e9liorer le confort des \u00e9l\u00e8ves tout en r\u00e9duisant les co\u00fbts \u00e9nerg\u00e9tiques. Une initiative durable qui allie innovation et bien-\u00eatre pour un avenir meilleur.\" \/>\n<meta name=\"robots\" content=\"index, follow, max-snippet:-1, max-image-preview:large, max-video-preview:-1\" \/>\n<link rel=\"canonical\" href=\"https:\/\/www.apres-lecole.fr\/Blog\/ecole-mougins-geothermie\/\" \/>\n<meta property=\"og:locale\" content=\"fr_FR\" \/>\n<meta property=\"og:type\" content=\"article\" \/>\n<meta property=\"og:title\" content=\"Une \u00e9cole de Mougins mise sur la g\u00e9othermie pour un confort optimal et des \u00e9conomies d&#039;\u00e9nergie\" \/>\n<meta property=\"og:description\" content=\"D\u00e9couvrez comment une \u00e9cole \u00e0 Mougins int\u00e8gre la g\u00e9othermie pour am\u00e9liorer le confort des \u00e9l\u00e8ves tout en r\u00e9duisant les co\u00fbts \u00e9nerg\u00e9tiques. Une initiative durable qui allie innovation et bien-\u00eatre pour un avenir meilleur.\" \/>\n<meta property=\"og:url\" content=\"https:\/\/www.apres-lecole.fr\/Blog\/ecole-mougins-geothermie\/\" \/>\n<meta property=\"article:published_time\" content=\"2025-03-26T13:54:52+00:00\" \/>\n<meta property=\"og:image\" content=\"https:\/\/www.apres-lecole.fr\/Blog\/wp-content\/uploads\/2025\/03\/Une-ecole-de-Mougins-adopte-la-geothermie-pour-optimiser-le-confort-des-eleves-et-diminuer-considerablement-les-couts-energetiques.jpg\" \/>\n\t<meta property=\"og:image:width\" content=\"1344\" \/>\n\t<meta property=\"og:image:height\" content=\"768\" \/>\n\t<meta property=\"og:image:type\" content=\"image\/jpeg\" \/>\n<meta name=\"author\" content=\"Eva Martin\" \/>\n<meta name=\"twitter:card\" content=\"summary_large_image\" \/>\n<meta name=\"twitter:creator\" content=\"@Evaapresecole\" \/>\n<meta name=\"twitter:label1\" content=\"\u00c9crit par\" \/>\n\t<meta name=\"twitter:data1\" content=\"Eva Martin\" \/>\n\t<meta name=\"twitter:label2\" content=\"Dur\u00e9e de lecture estim\u00e9e\" \/>\n\t<meta name=\"twitter:data2\" content=\"6 minutes\" \/>\n<script type=\"application\/ld+json\" class=\"yoast-schema-graph\">{\"@context\":\"https:\\\/\\\/schema.org\",\"@graph\":[{\"@type\":\"Article\",\"@id\":\"https:\\\/\\\/www.apres-lecole.fr\\\/Blog\\\/ecole-mougins-geothermie\\\/#article\",\"isPartOf\":{\"@id\":\"https:\\\/\\\/www.apres-lecole.fr\\\/Blog\\\/ecole-mougins-geothermie\\\/\"},\"author\":{\"name\":\"Eva Martin\",\"@id\":\"https:\\\/\\\/www.apres-lecole.fr\\\/Blog\\\/#\\\/schema\\\/person\\\/aeb50cd4b51fc69da155804bb5bb9fc4\"},\"headline\":\"Une \u00e9cole de Mougins adopte la g\u00e9othermie pour optimiser le confort des \u00e9l\u00e8ves et diminuer consid\u00e9rablement les co\u00fbts \u00e9nerg\u00e9tiques\",\"datePublished\":\"2025-03-26T13:54:52+00:00\",\"mainEntityOfPage\":{\"@id\":\"https:\\\/\\\/www.apres-lecole.fr\\\/Blog\\\/ecole-mougins-geothermie\\\/\"},\"wordCount\":1241,\"commentCount\":0,\"image\":{\"@id\":\"https:\\\/\\\/www.apres-lecole.fr\\\/Blog\\\/ecole-mougins-geothermie\\\/#primaryimage\"},\"thumbnailUrl\":\"https:\\\/\\\/www.apres-lecole.fr\\\/Blog\\\/wp-content\\\/uploads\\\/2025\\\/03\\\/Une-ecole-de-Mougins-adopte-la-geothermie-pour-optimiser-le-confort-des-eleves-et-diminuer-considerablement-les-couts-energetiques.jpg\",\"keywords\":[\"confort des \u00e9l\u00e8ves\",\"co\u00fbts \u00e9nerg\u00e9tiques\",\"\u00e9cole\",\"g\u00e9othermie\",\"mougins\"],\"articleSection\":[\"Actualit\u00e9s\"],\"inLanguage\":\"fr-FR\",\"potentialAction\":[{\"@type\":\"CommentAction\",\"name\":\"Comment\",\"target\":[\"https:\\\/\\\/www.apres-lecole.fr\\\/Blog\\\/ecole-mougins-geothermie\\\/#respond\"]}]},{\"@type\":\"WebPage\",\"@id\":\"https:\\\/\\\/www.apres-lecole.fr\\\/Blog\\\/ecole-mougins-geothermie\\\/\",\"url\":\"https:\\\/\\\/www.apres-lecole.fr\\\/Blog\\\/ecole-mougins-geothermie\\\/\",\"name\":\"Une \u00e9cole de Mougins mise sur la g\u00e9othermie pour un confort optimal et des \u00e9conomies d'\u00e9nergie\",\"isPartOf\":{\"@id\":\"https:\\\/\\\/www.apres-lecole.fr\\\/Blog\\\/#website\"},\"primaryImageOfPage\":{\"@id\":\"https:\\\/\\\/www.apres-lecole.fr\\\/Blog\\\/ecole-mougins-geothermie\\\/#primaryimage\"},\"image\":{\"@id\":\"https:\\\/\\\/www.apres-lecole.fr\\\/Blog\\\/ecole-mougins-geothermie\\\/#primaryimage\"},\"thumbnailUrl\":\"https:\\\/\\\/www.apres-lecole.fr\\\/Blog\\\/wp-content\\\/uploads\\\/2025\\\/03\\\/Une-ecole-de-Mougins-adopte-la-geothermie-pour-optimiser-le-confort-des-eleves-et-diminuer-considerablement-les-couts-energetiques.jpg\",\"datePublished\":\"2025-03-26T13:54:52+00:00\",\"author\":{\"@id\":\"https:\\\/\\\/www.apres-lecole.fr\\\/Blog\\\/#\\\/schema\\\/person\\\/aeb50cd4b51fc69da155804bb5bb9fc4\"},\"description\":\"D\u00e9couvrez comment une \u00e9cole \u00e0 Mougins int\u00e8gre la g\u00e9othermie pour am\u00e9liorer le confort des \u00e9l\u00e8ves tout en r\u00e9duisant les co\u00fbts \u00e9nerg\u00e9tiques. Une initiative durable qui allie innovation et bien-\u00eatre pour un avenir meilleur.\",\"breadcrumb\":{\"@id\":\"https:\\\/\\\/www.apres-lecole.fr\\\/Blog\\\/ecole-mougins-geothermie\\\/#breadcrumb\"},\"inLanguage\":\"fr-FR\",\"potentialAction\":[{\"@type\":\"ReadAction\",\"target\":[\"https:\\\/\\\/www.apres-lecole.fr\\\/Blog\\\/ecole-mougins-geothermie\\\/\"]}]},{\"@type\":\"ImageObject\",\"inLanguage\":\"fr-FR\",\"@id\":\"https:\\\/\\\/www.apres-lecole.fr\\\/Blog\\\/ecole-mougins-geothermie\\\/#primaryimage\",\"url\":\"https:\\\/\\\/www.apres-lecole.fr\\\/Blog\\\/wp-content\\\/uploads\\\/2025\\\/03\\\/Une-ecole-de-Mougins-adopte-la-geothermie-pour-optimiser-le-confort-des-eleves-et-diminuer-considerablement-les-couts-energetiques.jpg\",\"contentUrl\":\"https:\\\/\\\/www.apres-lecole.fr\\\/Blog\\\/wp-content\\\/uploads\\\/2025\\\/03\\\/Une-ecole-de-Mougins-adopte-la-geothermie-pour-optimiser-le-confort-des-eleves-et-diminuer-considerablement-les-couts-energetiques.jpg\",\"width\":1344,\"height\":768,\"caption\":\"d\u00e9couvrez comment une \u00e9cole de mougins utilise la g\u00e9othermie pour am\u00e9liorer le confort de ses \u00e9l\u00e8ves tout en r\u00e9duisant significativement ses co\u00fbts \u00e9nerg\u00e9tiques. un projet innovant pour un avenir durable.\"},{\"@type\":\"BreadcrumbList\",\"@id\":\"https:\\\/\\\/www.apres-lecole.fr\\\/Blog\\\/ecole-mougins-geothermie\\\/#breadcrumb\",\"itemListElement\":[{\"@type\":\"ListItem\",\"position\":1,\"name\":\"Home\",\"item\":\"https:\\\/\\\/www.apres-lecole.fr\\\/Blog\\\/\"},{\"@type\":\"ListItem\",\"position\":2,\"name\":\"Une \u00e9cole de Mougins adopte la g\u00e9othermie pour optimiser le confort des \u00e9l\u00e8ves et diminuer consid\u00e9rablement les co\u00fbts \u00e9nerg\u00e9tiques\"}]},{\"@type\":\"WebSite\",\"@id\":\"https:\\\/\\\/www.apres-lecole.fr\\\/Blog\\\/#website\",\"url\":\"https:\\\/\\\/www.apres-lecole.fr\\\/Blog\\\/\",\"name\":\"\",\"description\":\"M\u00e9dia g\u00e9n\u00e9raliste\",\"potentialAction\":[{\"@type\":\"SearchAction\",\"target\":{\"@type\":\"EntryPoint\",\"urlTemplate\":\"https:\\\/\\\/www.apres-lecole.fr\\\/Blog\\\/?s={search_term_string}\"},\"query-input\":{\"@type\":\"PropertyValueSpecification\",\"valueRequired\":true,\"valueName\":\"search_term_string\"}}],\"inLanguage\":\"fr-FR\"},{\"@type\":\"Person\",\"@id\":\"https:\\\/\\\/www.apres-lecole.fr\\\/Blog\\\/#\\\/schema\\\/person\\\/aeb50cd4b51fc69da155804bb5bb9fc4\",\"name\":\"Eva Martin\",\"image\":{\"@type\":\"ImageObject\",\"inLanguage\":\"fr-FR\",\"@id\":\"https:\\\/\\\/secure.gravatar.com\\\/avatar\\\/55c53222558b27a72015a64073a80edce4abd33369394b9bf2c5cd6c19d12682?s=96&d=mm&r=g\",\"url\":\"https:\\\/\\\/secure.gravatar.com\\\/avatar\\\/55c53222558b27a72015a64073a80edce4abd33369394b9bf2c5cd6c19d12682?s=96&d=mm&r=g\",\"contentUrl\":\"https:\\\/\\\/secure.gravatar.com\\\/avatar\\\/55c53222558b27a72015a64073a80edce4abd33369394b9bf2c5cd6c19d12682?s=96&d=mm&r=g\",\"caption\":\"Eva Martin\"},\"description\":\"Je parle de business et d'entrepreneuriat avec des conseils clairs, concrets et actionnables pour r\u00e9ussir\",\"sameAs\":[\"https:\\\/\\\/x.com\\\/Evaapresecole\"],\"url\":\"https:\\\/\\\/www.apres-lecole.fr\\\/Blog\\\/author\\\/evamartin\\\/\"}]}<\/script>\n<!-- \/ Yoast SEO plugin. -->","yoast_head_json":{"title":"Une \u00e9cole de Mougins mise sur la g\u00e9othermie pour un confort optimal et des \u00e9conomies d'\u00e9nergie","description":"D\u00e9couvrez comment une \u00e9cole \u00e0 Mougins int\u00e8gre la g\u00e9othermie pour am\u00e9liorer le confort des \u00e9l\u00e8ves tout en r\u00e9duisant les co\u00fbts \u00e9nerg\u00e9tiques. Une initiative durable qui allie innovation et bien-\u00eatre pour un avenir meilleur.","robots":{"index":"index","follow":"follow","max-snippet":"max-snippet:-1","max-image-preview":"max-image-preview:large","max-video-preview":"max-video-preview:-1"},"canonical":"https:\/\/www.apres-lecole.fr\/Blog\/ecole-mougins-geothermie\/","og_locale":"fr_FR","og_type":"article","og_title":"Une \u00e9cole de Mougins mise sur la g\u00e9othermie pour un confort optimal et des \u00e9conomies d'\u00e9nergie","og_description":"D\u00e9couvrez comment une \u00e9cole \u00e0 Mougins int\u00e8gre la g\u00e9othermie pour am\u00e9liorer le confort des \u00e9l\u00e8ves tout en r\u00e9duisant les co\u00fbts \u00e9nerg\u00e9tiques. Une initiative durable qui allie innovation et bien-\u00eatre pour un avenir meilleur.","og_url":"https:\/\/www.apres-lecole.fr\/Blog\/ecole-mougins-geothermie\/","article_published_time":"2025-03-26T13:54:52+00:00","og_image":[{"width":1344,"height":768,"url":"https:\/\/www.apres-lecole.fr\/Blog\/wp-content\/uploads\/2025\/03\/Une-ecole-de-Mougins-adopte-la-geothermie-pour-optimiser-le-confort-des-eleves-et-diminuer-considerablement-les-couts-energetiques.jpg","type":"image\/jpeg"}],"author":"Eva Martin","twitter_card":"summary_large_image","twitter_creator":"@Evaapresecole","twitter_misc":{"\u00c9crit par":"Eva Martin","Dur\u00e9e de lecture estim\u00e9e":"6 minutes"},"schema":{"@context":"https:\/\/schema.org","@graph":[{"@type":"Article","@id":"https:\/\/www.apres-lecole.fr\/Blog\/ecole-mougins-geothermie\/#article","isPartOf":{"@id":"https:\/\/www.apres-lecole.fr\/Blog\/ecole-mougins-geothermie\/"},"author":{"name":"Eva Martin","@id":"https:\/\/www.apres-lecole.fr\/Blog\/#\/schema\/person\/aeb50cd4b51fc69da155804bb5bb9fc4"},"headline":"Une \u00e9cole de Mougins adopte la g\u00e9othermie pour optimiser le confort des \u00e9l\u00e8ves et diminuer consid\u00e9rablement les co\u00fbts \u00e9nerg\u00e9tiques","datePublished":"2025-03-26T13:54:52+00:00","mainEntityOfPage":{"@id":"https:\/\/www.apres-lecole.fr\/Blog\/ecole-mougins-geothermie\/"},"wordCount":1241,"commentCount":0,"image":{"@id":"https:\/\/www.apres-lecole.fr\/Blog\/ecole-mougins-geothermie\/#primaryimage"},"thumbnailUrl":"https:\/\/www.apres-lecole.fr\/Blog\/wp-content\/uploads\/2025\/03\/Une-ecole-de-Mougins-adopte-la-geothermie-pour-optimiser-le-confort-des-eleves-et-diminuer-considerablement-les-couts-energetiques.jpg","keywords":["confort des \u00e9l\u00e8ves","co\u00fbts \u00e9nerg\u00e9tiques","\u00e9cole","g\u00e9othermie","mougins"],"articleSection":["Actualit\u00e9s"],"inLanguage":"fr-FR","potentialAction":[{"@type":"CommentAction","name":"Comment","target":["https:\/\/www.apres-lecole.fr\/Blog\/ecole-mougins-geothermie\/#respond"]}]},{"@type":"WebPage","@id":"https:\/\/www.apres-lecole.fr\/Blog\/ecole-mougins-geothermie\/","url":"https:\/\/www.apres-lecole.fr\/Blog\/ecole-mougins-geothermie\/","name":"Une \u00e9cole de Mougins mise sur la g\u00e9othermie pour un confort optimal et des \u00e9conomies d'\u00e9nergie","isPartOf":{"@id":"https:\/\/www.apres-lecole.fr\/Blog\/#website"},"primaryImageOfPage":{"@id":"https:\/\/www.apres-lecole.fr\/Blog\/ecole-mougins-geothermie\/#primaryimage"},"image":{"@id":"https:\/\/www.apres-lecole.fr\/Blog\/ecole-mougins-geothermie\/#primaryimage"},"thumbnailUrl":"https:\/\/www.apres-lecole.fr\/Blog\/wp-content\/uploads\/2025\/03\/Une-ecole-de-Mougins-adopte-la-geothermie-pour-optimiser-le-confort-des-eleves-et-diminuer-considerablement-les-couts-energetiques.jpg","datePublished":"2025-03-26T13:54:52+00:00","author":{"@id":"https:\/\/www.apres-lecole.fr\/Blog\/#\/schema\/person\/aeb50cd4b51fc69da155804bb5bb9fc4"},"description":"D\u00e9couvrez comment une \u00e9cole \u00e0 Mougins int\u00e8gre la g\u00e9othermie pour am\u00e9liorer le confort des \u00e9l\u00e8ves tout en r\u00e9duisant les co\u00fbts \u00e9nerg\u00e9tiques. Une initiative durable qui allie innovation et bien-\u00eatre pour un avenir meilleur.","breadcrumb":{"@id":"https:\/\/www.apres-lecole.fr\/Blog\/ecole-mougins-geothermie\/#breadcrumb"},"inLanguage":"fr-FR","potentialAction":[{"@type":"ReadAction","target":["https:\/\/www.apres-lecole.fr\/Blog\/ecole-mougins-geothermie\/"]}]},{"@type":"ImageObject","inLanguage":"fr-FR","@id":"https:\/\/www.apres-lecole.fr\/Blog\/ecole-mougins-geothermie\/#primaryimage","url":"https:\/\/www.apres-lecole.fr\/Blog\/wp-content\/uploads\/2025\/03\/Une-ecole-de-Mougins-adopte-la-geothermie-pour-optimiser-le-confort-des-eleves-et-diminuer-considerablement-les-couts-energetiques.jpg","contentUrl":"https:\/\/www.apres-lecole.fr\/Blog\/wp-content\/uploads\/2025\/03\/Une-ecole-de-Mougins-adopte-la-geothermie-pour-optimiser-le-confort-des-eleves-et-diminuer-considerablement-les-couts-energetiques.jpg","width":1344,"height":768,"caption":"d\u00e9couvrez comment une \u00e9cole de mougins utilise la g\u00e9othermie pour am\u00e9liorer le confort de ses \u00e9l\u00e8ves tout en r\u00e9duisant significativement ses co\u00fbts \u00e9nerg\u00e9tiques. un projet innovant pour un avenir durable."},{"@type":"BreadcrumbList","@id":"https:\/\/www.apres-lecole.fr\/Blog\/ecole-mougins-geothermie\/#breadcrumb","itemListElement":[{"@type":"ListItem","position":1,"name":"Home","item":"https:\/\/www.apres-lecole.fr\/Blog\/"},{"@type":"ListItem","position":2,"name":"Une \u00e9cole de Mougins adopte la g\u00e9othermie pour optimiser le confort des \u00e9l\u00e8ves et diminuer consid\u00e9rablement les co\u00fbts \u00e9nerg\u00e9tiques"}]},{"@type":"WebSite","@id":"https:\/\/www.apres-lecole.fr\/Blog\/#website","url":"https:\/\/www.apres-lecole.fr\/Blog\/","name":"","description":"M\u00e9dia g\u00e9n\u00e9raliste","potentialAction":[{"@type":"SearchAction","target":{"@type":"EntryPoint","urlTemplate":"https:\/\/www.apres-lecole.fr\/Blog\/?s={search_term_string}"},"query-input":{"@type":"PropertyValueSpecification","valueRequired":true,"valueName":"search_term_string"}}],"inLanguage":"fr-FR"},{"@type":"Person","@id":"https:\/\/www.apres-lecole.fr\/Blog\/#\/schema\/person\/aeb50cd4b51fc69da155804bb5bb9fc4","name":"Eva Martin","image":{"@type":"ImageObject","inLanguage":"fr-FR","@id":"https:\/\/secure.gravatar.com\/avatar\/55c53222558b27a72015a64073a80edce4abd33369394b9bf2c5cd6c19d12682?s=96&d=mm&r=g","url":"https:\/\/secure.gravatar.com\/avatar\/55c53222558b27a72015a64073a80edce4abd33369394b9bf2c5cd6c19d12682?s=96&d=mm&r=g","contentUrl":"https:\/\/secure.gravatar.com\/avatar\/55c53222558b27a72015a64073a80edce4abd33369394b9bf2c5cd6c19d12682?s=96&d=mm&r=g","caption":"Eva Martin"},"description":"Je parle de business et d'entrepreneuriat avec des conseils clairs, concrets et actionnables pour r\u00e9ussir","sameAs":["https:\/\/x.com\/Evaapresecole"],"url":"https:\/\/www.apres-lecole.fr\/Blog\/author\/evamartin\/"}]}},"views":24,"_links":{"self":[{"href":"https:\/\/www.apres-lecole.fr\/Blog\/wp-json\/wp\/v2\/posts\/1729","targetHints":{"allow":["GET"]}}],"collection":[{"href":"https:\/\/www.apres-lecole.fr\/Blog\/wp-json\/wp\/v2\/posts"}],"about":[{"href":"https:\/\/www.apres-lecole.fr\/Blog\/wp-json\/wp\/v2\/types\/post"}],"author":[{"embeddable":true,"href":"https:\/\/www.apres-lecole.fr\/Blog\/wp-json\/wp\/v2\/users\/9"}],"replies":[{"embeddable":true,"href":"https:\/\/www.apres-lecole.fr\/Blog\/wp-json\/wp\/v2\/comments?post=1729"}],"version-history":[{"count":0,"href":"https:\/\/www.apres-lecole.fr\/Blog\/wp-json\/wp\/v2\/posts\/1729\/revisions"}],"wp:featuredmedia":[{"embeddable":true,"href":"https:\/\/www.apres-lecole.fr\/Blog\/wp-json\/wp\/v2\/media\/1728"}],"wp:attachment":[{"href":"https:\/\/www.apres-lecole.fr\/Blog\/wp-json\/wp\/v2\/media?parent=1729"}],"wp:term":[{"taxonomy":"category","embeddable":true,"href":"https:\/\/www.apres-lecole.fr\/Blog\/wp-json\/wp\/v2\/categories?post=1729"},{"taxonomy":"post_tag","embeddable":true,"href":"https:\/\/www.apres-lecole.fr\/Blog\/wp-json\/wp\/v2\/tags?post=1729"}],"curies":[{"name":"wp","href":"https:\/\/api.w.org\/{rel}","templated":true}]}}