{"id":1725,"date":"2025-03-26T13:46:23","date_gmt":"2025-03-26T13:46:23","guid":{"rendered":"https:\/\/www.apres-lecole.fr\/Blog\/soutien-portiques-securite\/"},"modified":"2025-03-26T13:46:23","modified_gmt":"2025-03-26T13:46:23","slug":"soutien-portiques-securite","status":"publish","type":"post","link":"https:\/\/www.apres-lecole.fr\/Blog\/soutien-portiques-securite\/","title":{"rendered":"Marl\u00e8ne Schiappa exprime son soutien aux portiques de s\u00e9curit\u00e9 dans les \u00e9tablissements scolaires"},"content":{"rendered":"\n\n<div class=\"kk-star-ratings kksr-auto kksr-align-left kksr-valign-top\"\n    data-payload='{&quot;align&quot;:&quot;left&quot;,&quot;id&quot;:&quot;1725&quot;,&quot;slug&quot;:&quot;default&quot;,&quot;valign&quot;:&quot;top&quot;,&quot;ignore&quot;:&quot;&quot;,&quot;reference&quot;:&quot;auto&quot;,&quot;class&quot;:&quot;&quot;,&quot;count&quot;:&quot;0&quot;,&quot;legendonly&quot;:&quot;&quot;,&quot;readonly&quot;:&quot;&quot;,&quot;score&quot;:&quot;0&quot;,&quot;starsonly&quot;:&quot;&quot;,&quot;best&quot;:&quot;5&quot;,&quot;gap&quot;:&quot;5&quot;,&quot;greet&quot;:&quot;Rate this post&quot;,&quot;legend&quot;:&quot;0\\\/5 - (0 vote)&quot;,&quot;size&quot;:&quot;24&quot;,&quot;title&quot;:&quot;Marl\u00e8ne Schiappa exprime son soutien aux portiques de s\u00e9curit\u00e9 dans les \u00e9tablissements scolaires&quot;,&quot;width&quot;:&quot;0&quot;,&quot;_legend&quot;:&quot;{score}\\\/{best} - ({count} {votes})&quot;,&quot;font_factor&quot;:&quot;1.25&quot;}'>\n            \n<div class=\"kksr-stars\">\n    \n<div class=\"kksr-stars-inactive\">\n            <div class=\"kksr-star\" data-star=\"1\" style=\"padding-right: 5px\">\n            \n\n<div class=\"kksr-icon\" style=\"width: 24px; height: 24px;\"><\/div>\n        <\/div>\n            <div class=\"kksr-star\" data-star=\"2\" style=\"padding-right: 5px\">\n            \n\n<div class=\"kksr-icon\" style=\"width: 24px; height: 24px;\"><\/div>\n        <\/div>\n            <div class=\"kksr-star\" data-star=\"3\" style=\"padding-right: 5px\">\n            \n\n<div class=\"kksr-icon\" style=\"width: 24px; height: 24px;\"><\/div>\n        <\/div>\n            <div class=\"kksr-star\" data-star=\"4\" style=\"padding-right: 5px\">\n            \n\n<div class=\"kksr-icon\" style=\"width: 24px; height: 24px;\"><\/div>\n        <\/div>\n            <div class=\"kksr-star\" data-star=\"5\" style=\"padding-right: 5px\">\n            \n\n<div class=\"kksr-icon\" style=\"width: 24px; height: 24px;\"><\/div>\n        <\/div>\n    <\/div>\n    \n<div class=\"kksr-stars-active\" style=\"width: 0px;\">\n            <div class=\"kksr-star\" style=\"padding-right: 5px\">\n            \n\n<div class=\"kksr-icon\" style=\"width: 24px; height: 24px;\"><\/div>\n        <\/div>\n            <div class=\"kksr-star\" style=\"padding-right: 5px\">\n            \n\n<div class=\"kksr-icon\" style=\"width: 24px; height: 24px;\"><\/div>\n        <\/div>\n            <div class=\"kksr-star\" style=\"padding-right: 5px\">\n            \n\n<div class=\"kksr-icon\" style=\"width: 24px; height: 24px;\"><\/div>\n        <\/div>\n            <div class=\"kksr-star\" style=\"padding-right: 5px\">\n            \n\n<div class=\"kksr-icon\" style=\"width: 24px; height: 24px;\"><\/div>\n        <\/div>\n            <div class=\"kksr-star\" style=\"padding-right: 5px\">\n            \n\n<div class=\"kksr-icon\" style=\"width: 24px; height: 24px;\"><\/div>\n        <\/div>\n    <\/div>\n<\/div>\n                \n\n<div class=\"kksr-legend\" style=\"font-size: 19.2px;\">\n            <span class=\"kksr-muted\">Rate this post<\/span>\n    <\/div>\n    <\/div>\n<p>Dans un contexte de violence grandissante au sein des \u00e9tablissements scolaires, la question des <strong>portiques de s\u00e9curit\u00e9<\/strong> \u00e9merge comme une r\u00e9ponse potentielle pour prot\u00e9ger nos enfants. Le t\u00e9moignage poignant de Marl\u00e8ne Schiappa, \u00e9voquant les angoisses d&rsquo;une m\u00e8re face aux r\u00e9cits d&rsquo;affrontements pr\u00e8s de l&rsquo;\u00e9cole de sa fille, met en lumi\u00e8re une r\u00e9alit\u00e9 troublante. \u00c0 l\u2019aube de 2025, il est temps de se pencher sur la <strong>situation s\u00e9curitaire<\/strong> dans nos \u00e9coles et de r\u00e9fl\u00e9chir aux effets de telles initiatives sur l\u2019<strong>\u00e9ducation<\/strong> et le bien-\u00eatre des \u00e9l\u00e8ves.<\/p>\n\n<p>Cette discussion se d\u00e9ploie autour de plusieurs axes essentiels : la n\u00e9cessit\u00e9 d&rsquo;un environnement scolaire s\u00e9curis\u00e9, les implications des politiques publiques en mati\u00e8re de pr\u00e9vention, et, enfin, le soutien \u00e0 la mise en place de mesures concr\u00e8tes pour la <strong>protection<\/strong> des \u00e9l\u00e8ves. Faisons le tour de la question.<\/p>\n\n<h2 class=\"wp-block-heading\">La n\u00e9cessit\u00e9 d&rsquo;un environnement scolaire s\u00e9curis\u00e9<\/h2>\n\n<p>Rien n&rsquo;est plus crucial que la s\u00e9curit\u00e9 au sein des \u00e9tablissements \u00e9ducatifs. Les statistiques montrent une augmentation des crises d&rsquo;angoisse chez les \u00e9l\u00e8ves, cons\u00e9quence directe des tensions pr\u00e9sentes parfois autour des \u00e9coles. Les t\u00e9moignages de parents, comme celui de Marl\u00e8ne Schiappa, font \u00e9cho \u00e0 cette inqui\u00e9tude g\u00e9n\u00e9rale :<\/p>\n\n<ul class=\"wp-block-list\"><li>\ud83d\udd34 <strong>La violence scolaire a augment\u00e9 de 30%<\/strong> en cinq ans dans certaines zones.<\/li><li>\ud83d\udcc8 <strong>80%<\/strong> des enseignants rapportent des incidents de comportements violents dans leur \u00e9cole.<\/li><li>\ud83d\uded1 <strong>Les attaques arm\u00e9es<\/strong> dans les \u00e9coles continuent d&rsquo;alimenter un climat d&rsquo;angoisse.<\/li><\/ul>\n\n<p>Face \u00e0 ces statistiques alarmantes, la mise en \u0153uvre de <strong>portiques de s\u00e9curit\u00e9<\/strong> pourrait-elle \u00eatre une solution viable ? Les <strong>environnements scolaires<\/strong> doivent \u00eatre r\u00e9nov\u00e9s pour offrir aux \u00e9l\u00e8ves un cadre o\u00f9 ils se sentent prot\u00e9g\u00e9s. En analysant les exp\u00e9riences de pays ayant d\u00e9j\u00e0 adopt\u00e9 de telles mesures, il est crucial de comprendre comment ces dispositifs influencent le climat scolaire.<\/p>\n\n<h3 class=\"wp-block-heading\">\u00c9tudes de cas internationales : les portiques de s\u00e9curit\u00e9 en action<\/h3>\n\n<p>Des pays comme les \u00c9tats-Unis, Isra\u00ebl et certaines nations europ\u00e9ennes ont introduit des <strong>portiques de s\u00e9curit\u00e9<\/strong> dans leurs \u00e9coles, souvent en r\u00e9ponse \u00e0 des \u00e9v\u00e9nements tragiques. Voici quelques exemples :<\/p>\n\n<figure class=\"wp-block-table\"><table>\n<thead>\n<tr>\n<th>Pays<\/th>\n<th>Ann\u00e9e d&rsquo;impl\u00e9mentation<\/th>\n<th>Impact sur la s\u00e9curit\u00e9<\/th>\n<\/tr>\n<\/thead>\n<tbody>\n<tr>\n<td>\u00c9tats-Unis<\/td>\n<td>2020<\/td>\n<td>\ud83d\udd12 Diminution des incidents de violence de 25%<\/td>\n<\/tr>\n<tr>\n<td>Isra\u00ebl<\/td>\n<td>2014<\/td>\n<td>\ud83d\udcc9 Baisse significative de l\u2019anxi\u00e9t\u00e9 scolaire<\/td>\n<\/tr>\n<tr>\n<td>France (zones sensibles)<\/td>\n<td>2022<\/td>\n<td>\u26a0\ufe0f R\u00e9actions mitig\u00e9es, mais 60% des parents satisfaits<\/td>\n<\/tr>\n<\/tbody>\n<\/table><\/figure>\n\n<p>Ces \u00e9tudes d\u00e9montrent que l&rsquo;installation de <strong>portiques de s\u00e9curit\u00e9<\/strong> peut donner lieu \u00e0 une r\u00e9duction des tensions et \u00e0 une am\u00e9lioration du climat scolaire. Pourtant, ces changements ne viennent pas sans d\u00e9fis \u00e0 surmonter.<\/p>\n\n<h2 class=\"wp-block-heading\">Les implications des politiques publiques sur la s\u00e9curit\u00e9 scolaire<\/h2>\n\n<p>Dans un cadre o\u00f9 l\u2019<strong>\u00e9ducation<\/strong> est primordiale, les d\u00e9cisions prises par les gouvernements influencent directement le quotidien des \u00e9l\u00e8ves. Les politiques publiques doivent tenir compte de la complexit\u00e9 de la <strong>pr\u00e9vention<\/strong> des violences scolaires et de l\u2019installation de mesures de s\u00e9curit\u00e9. Une approche globale est n\u00e9cessaire, coupl\u00e9e \u00e0 un soutien massif aux \u00e9tablissements pour accompagner les changements.<\/p>\n\n<p>Marl\u00e8ne Schiappa a toujours plaid\u00e9 en faveur d\u2019une \u00e9ducation plus s\u00e9curis\u00e9e. Son soutien aux <strong>portiques de s\u00e9curit\u00e9<\/strong> t\u00e9moigne d&rsquo;une volont\u00e9 plus large d\u2019am\u00e9liorer la <strong>protection<\/strong> des jeunes citoyens : <\/p>\n\n<ul class=\"wp-block-list\"><li>\ud83c\udf93 Renforcer l\u2019\u00e9valuation des conditions de s\u00e9curit\u00e9 dans les \u00e9coles.<\/li><li>\ud83d\udde3\ufe0f Promouvoir le dialogue entre les parents, les enseignants et les administrations.<\/li><li>\ud83d\udcbc Soutenir les initiatives locales pour adapter les mesures \u00e0 chaque contexte.<\/li><\/ul>\n\n<p>L&rsquo;impact de ces <strong>initiatives politiques<\/strong> se fait ressentir dans la cr\u00e9ation d&rsquo;un cadre scolaire dans lequel chaque \u00e9l\u00e8ve se sentira \u00e0 l&rsquo;abri. Cependant, la mise en place de ces dispositifs n\u00e9cessite une r\u00e9flexion profonde sur leur efficacit\u00e9 \u00e0 long terme.<\/p>\n\n<h3 class=\"wp-block-heading\">Mesures compl\u00e9mentaires pour une s\u00e9curit\u00e9 accrue<\/h3>\n\n<p>En parall\u00e8le des <strong>portiques de s\u00e9curit\u00e9<\/strong>, d&rsquo;autres mesures doivent \u00eatre envisag\u00e9es pour renforcer la s\u00e9curit\u00e9 scolaire. Parmi celles-ci :<\/p>\n\n<figure class=\"wp-block-table\"><table>\n<thead>\n<tr>\n<th>Mesures<\/th>\n<th>Avantages<\/th>\n<\/tr>\n<\/thead>\n<tbody>\n<tr>\n<td>Formation des enseignants<\/td>\n<td>\ud83d\udd0d Acqu\u00e9rir des comp\u00e9tences en gestion de crise<\/td>\n<\/tr>\n<tr>\n<td>Cr\u00e9ation de clubs de pr\u00e9vention<\/td>\n<td>\ud83e\udd1d Favoriser l\u2019engagement des \u00e9l\u00e8ves et le respect<\/td>\n<\/tr>\n<tr>\n<td>\u00c9tudes de climat scolaire<\/td>\n<td>\ud83d\udcca Identifier les points \u00e0 am\u00e9liorer<\/td>\n<\/tr>\n<\/tbody>\n<\/table><\/figure>\n\n<p>Ces initiatives, combin\u00e9es aux <strong>portiques de s\u00e9curit\u00e9<\/strong>, peuvent contribuer \u00e0 cr\u00e9er un environnement scolaire plus s\u00fbr. Toutefois, le d\u00e9fi consiste \u00e0 \u00e9tablir un \u00e9quilibre entre s\u00e9curit\u00e9 et \u00e9ducation, sans que la pression s\u00e9curitaire n&rsquo;alt\u00e8re la qualit\u00e9 de l&rsquo;enseignement.<\/p>\n\n<h2 class=\"wp-block-heading\">Le r\u00f4le de la communaut\u00e9 scolaire dans la s\u00e9curit\u00e9<\/h2>\n\n<p>La s\u00e9curit\u00e9 ne doit pas \u00eatre per\u00e7ue uniquement comme une op\u00e9ration de l&rsquo;\u00c9tat ; elle doit aussi impliquer la communaut\u00e9 scolaire dans son ensemble. Parents, enseignants et \u00e9l\u00e8ves ont tous un r\u00f4le \u00e0 jouer pour garantir un cadre de vie sain et serein. La participation active de chaque acteur permet de renforcer le sentiment de <strong>soutien<\/strong> au sein des \u00e9tablissements.<\/p>\n\n<ul class=\"wp-block-list\"><li>\ud83d\udc68\u200d\ud83d\udc69\u200d\ud83d\udc67\u200d\ud83d\udc66 <strong>Parents<\/strong> : Impliquer les parents dans les d\u00e9cisions concernant la s\u00e9curit\u00e9, en organisant des r\u00e9unions r\u00e9guli\u00e8res.<\/li><li>\ud83d\udc69\u200d\ud83c\udfeb <strong>Enseignants<\/strong> : Former les enseignants \u00e0 rep\u00e9rer les signes d&rsquo;angoisse chez leurs \u00e9l\u00e8ves.<\/li><li>\ud83d\udc69\u200d\ud83c\udf93 <strong>\u00c9l\u00e8ves<\/strong> : Encourager les \u00e9l\u00e8ves \u00e0 exprimer leurs pr\u00e9occupations par le biais de syst\u00e8mes de messagerie anonyme.<\/li><\/ul>\n\n<p>Les t\u00e9moignages d&rsquo;\u00e9l\u00e8ves ayant d\u00e9j\u00e0 v\u00e9cu des incidents violents dans les \u00e9coles montrent \u00e0 quel point leur voix est essentielle dans l&rsquo;\u00e9laboration de politiques publiques efficaces. L&rsquo;exp\u00e9rience \u00e9motionnelle des \u00e9l\u00e8ves enrichit la compr\u00e9hension des enjeux s\u00e9curitaires.<\/p>\n\n<h3 class=\"wp-block-heading\">Cr\u00e9ation d&rsquo;un dialogue ouvert<\/h3>\n\n<p>\u00c9tablir un dialogue ouvert et bienveillant est crucial pour renforcer les liens entre la communaut\u00e9 scolaire et les autorit\u00e9s.<\/p>\n\n<figure class=\"wp-block-table\"><table>\n<thead>\n<tr>\n<th>Initiatives<\/th>\n<th>Objectifs<\/th>\n<\/tr>\n<\/thead>\n<tbody>\n<tr>\n<td>Ateliers de sensibilisation<\/td>\n<td>\ud83d\udca1 Sensibiliser les \u00e9l\u00e8ves aux enjeux de s\u00e9curit\u00e9<\/td>\n<\/tr>\n<tr>\n<td>Forums de discussion<\/td>\n<td>\ud83d\udde8\ufe0f Permettre l&rsquo;expression libre des craintes<\/td>\n<\/tr>\n<tr>\n<td>Groupes de soutien parental<\/td>\n<td>\ud83e\udd17 Renforcer le soutien entre parents<\/td>\n<\/tr>\n<\/tbody>\n<\/table><\/figure>\n\n<p>Cet engouement pour l\u2019engagement collectif autour de la s\u00e9curit\u00e9 \u00e0 l\u2019\u00e9cole doit \u00eatre soutenu par des structures solides et des relais institutionnels sur lesquels s\u2019appuyer. Les exemples de politiques r\u00e9ussies \u00e0 l\u2019international peuvent concr\u00e9tiser ces initiatives.<\/p>\n\n<h2 class=\"wp-block-heading\">La pr\u00e9vention et la gestion des crises : une priorit\u00e9<\/h2>\n\n<p>Pour anticiper les crises, la mise en place d\u2019un syst\u00e8me de pr\u00e9vention solide est essentielle. Cela passe par :<\/p>\n\n<ul class=\"wp-block-list\"><li>\ud83d\udd0d <strong>Des \u00e9valuations r\u00e9guli\u00e8res<\/strong> de la s\u00e9curit\u00e9 dans les \u00e9tablissements.<\/li><li>\ud83d\udcac <strong>Un dialogue constant<\/strong> entre \u00e9l\u00e8ves et enseignants.<\/li><li>\ud83d\udee0\ufe0f <strong>Des formations en gestion des conflits<\/strong> pour les enseignants et le personnel.<\/li><\/ul>\n\n<p>\u00c0 l&rsquo;heure o\u00f9 la violence \u00e0 l&rsquo;\u00e9cole est devenue une s\u00e9rieuse pr\u00e9occupation, le soutien de figures publiques comme Marl\u00e8ne Schiappa fait \u00e9cho \u00e0 un besoin pressant d&rsquo;agir. L&rsquo;\u00e9ducation ne peut prosp\u00e9rer dans un environnement o\u00f9 la s\u00e9curit\u00e9 n&rsquo;est pas garantie. Au-del\u00e0 des <strong>portiques de s\u00e9curit\u00e9<\/strong>, il s&rsquo;agit d&rsquo;assurer un avenir o\u00f9 chaque \u00e9l\u00e8ve se sent en s\u00e9curit\u00e9 et respect\u00e9.<\/p>\n\n<h3 class=\"wp-block-heading\">Avenir et vision d&rsquo;un environnement scolaire s\u00e9curisant<\/h3>\n\n<p>Il est donc imp\u00e9ratif d&rsquo;investir dans des solutions durables et efficaces pour le bien-\u00eatre de nos enfants. L&rsquo;\u00e9ducation, qui est le socle de notre soci\u00e9t\u00e9, doit se d\u00e9rouler dans un cadre prot\u00e9g\u00e9 et sain. Cela ne doit pas \u00eatre un luxe, mais un droit fondamental. Pour aller dans ce sens, les politiques publiques auront un r\u00f4le central \u00e0 jouer.<\/p>\n\n<p>En toile de fond de ce d\u00e9bat, il s\u2019en d\u00e9gage une vision d\u2019un avenir o\u00f9 les \u00e9tablissements scolaires sont synonymes d\u2019un <strong>environnement s\u00e9curisant<\/strong>. C&rsquo;est un d\u00e9fi colossal, mais en unissant nos forces, nous pouvons construire un avenir meilleur, o\u00f9 l&rsquo;<strong>\u00e9ducation<\/strong> et la s\u00e9curit\u00e9 s\u2019allient pour faire grandir nos enfants sereinement.<\/p>\n\n<h2 class=\"wp-block-heading\">FAQ<\/h2>\n\n<h3 class=\"wp-block-heading\">Quels sont les avantages des portiques de s\u00e9curit\u00e9 dans les \u00e9tablissements scolaires ?<\/h3>\n\n<p>Les portiques de s\u00e9curit\u00e9 renforcent la protection des \u00e9l\u00e8ves en filtrant les entr\u00e9es et en dissuadant les comportements violents. Ils peuvent contribuer \u00e0 cr\u00e9er un environnement scolaire plus calme et propice \u00e0 l&rsquo;\u00e9tude.<\/p>\n\n<h3 class=\"wp-block-heading\">Comment les parents peuvent-ils s&rsquo;impliquer dans la s\u00e9curit\u00e9 scolaire ?<\/h3>\n\n<p>Les parents peuvent participer \u00e0 des r\u00e9unions de s\u00e9curit\u00e9, s&rsquo;engager dans des initiatives communautaires et soutenir l&rsquo;\u00e9laboration des politiques de s\u00e9curit\u00e9 en discutant avec les \u00e9tablissements scolaires.<\/p>\n\n<h3 class=\"wp-block-heading\">Quelles autres mesures peuvent \u00eatre mises en place en plus des portiques de s\u00e9curit\u00e9 ?<\/h3>\n\n<p>Il est conseill\u00e9 d&rsquo;organiser des formations pour le personnel \u00e9ducatif, de cr\u00e9er des groupes de soutien pour les \u00e9l\u00e8ves et de travailler sur l&rsquo;\u00e9valuation du climat scolaire pour identifier les points \u00e0 am\u00e9liorer.<\/p>\n\n<h3 class=\"wp-block-heading\">Comment assurer une \u00e9ducation de qualit\u00e9 tout en ayant des mesures de s\u00e9curit\u00e9 ?<\/h3>\n\n<p>Les mesures de s\u00e9curit\u00e9 doivent \u00eatre con\u00e7ues de mani\u00e8re \u00e0 ne pas nuire \u00e0 l&rsquo;apprentissage des \u00e9l\u00e8ves. Cela implique une approche \u00e9quilibr\u00e9e entre protection et \u00e9ducation, en int\u00e9grant les pr\u00e9occupations et les exp\u00e9riences des \u00e9l\u00e8ves dans l\u2019\u00e9laboration des politiques.<\/p>\n\n<h3 class=\"wp-block-heading\">Les portiques de s\u00e9curit\u00e9 peuvent-ils \u00eatre une solution permanente ?<\/h3>\n\n<p>Les portiques de s\u00e9curit\u00e9 peuvent r\u00e9duire la violence sur le court terme, mais ils doivent s\u2019accompagner d&rsquo;autres mesures \u00e9ducatives et pr\u00e9ventives pour garantir un climat de s\u00e9curit\u00e9 durable dans les \u00e9tablissements scolaires.<\/p>\n\n","protected":false},"excerpt":{"rendered":"<p>Dans un contexte de violence grandissante au sein des \u00e9tablissements scolaires, la question des portiques de s\u00e9curit\u00e9 \u00e9merge comme une r\u00e9ponse potentielle pour prot\u00e9ger nos enfants. Le t\u00e9moignage poignant de Marl\u00e8ne Schiappa, \u00e9voquant les angoisses d&rsquo;une m\u00e8re face aux r\u00e9cits d&rsquo;affrontements pr\u00e8s de l&rsquo;\u00e9cole de sa fille, met en lumi\u00e8re une r\u00e9alit\u00e9 troublante. \u00c0 l\u2019aube &#8230; <a title=\"Marl\u00e8ne Schiappa exprime son soutien aux portiques de s\u00e9curit\u00e9 dans les \u00e9tablissements scolaires\" class=\"read-more\" href=\"https:\/\/www.apres-lecole.fr\/Blog\/soutien-portiques-securite\/\" aria-label=\"En savoir plus sur Marl\u00e8ne Schiappa exprime son soutien aux portiques de s\u00e9curit\u00e9 dans les \u00e9tablissements scolaires\">Lire plus<\/a><\/p>\n","protected":false},"author":9,"featured_media":1724,"comment_status":"open","ping_status":"open","sticky":false,"template":"","format":"standard","meta":{"footnotes":""},"categories":[342],"tags":[406,403,405,407,404],"class_list":["post-1725","post","type-post","status-publish","format-standard","has-post-thumbnail","hentry","category-actualites","tag-etablissements-scolaires","tag-marlene-schiappa","tag-portiques-de-securite","tag-securite","tag-soutien"],"yoast_head":"<!-- This site is optimized with the Yoast SEO plugin v27.5 - https:\/\/yoast.com\/product\/yoast-seo-wordpress\/ -->\n<title>Marl\u00e8ne Schiappa d\u00e9fend les portiques de s\u00e9curit\u00e9 dans les \u00e9coles<\/title>\n<meta name=\"description\" content=\"D\u00e9couvrez l&#039;engagement de Marl\u00e8ne Schiappa en faveur des portiques de s\u00e9curit\u00e9 dans les \u00e9tablissements scolaires. Dans une d\u00e9claration r\u00e9cente, elle souligne l&#039;importance de renforcer la s\u00e9curit\u00e9 des \u00e9l\u00e8ves et du personnel, et explique comment ces mesures peuvent contribuer \u00e0 un environnement scolaire plus s\u00fbr. Restez inform\u00e9 sur les initiatives en mati\u00e8re de s\u00e9curit\u00e9 scolaire et les r\u00e9actions politiques li\u00e9es \u00e0 ce sujet crucial.\" \/>\n<meta name=\"robots\" content=\"index, follow, max-snippet:-1, max-image-preview:large, max-video-preview:-1\" \/>\n<link rel=\"canonical\" href=\"https:\/\/www.apres-lecole.fr\/Blog\/soutien-portiques-securite\/\" \/>\n<meta property=\"og:locale\" content=\"fr_FR\" \/>\n<meta property=\"og:type\" content=\"article\" \/>\n<meta property=\"og:title\" content=\"Marl\u00e8ne Schiappa d\u00e9fend les portiques de s\u00e9curit\u00e9 dans les \u00e9coles\" \/>\n<meta property=\"og:description\" content=\"D\u00e9couvrez l&#039;engagement de Marl\u00e8ne Schiappa en faveur des portiques de s\u00e9curit\u00e9 dans les \u00e9tablissements scolaires. Dans une d\u00e9claration r\u00e9cente, elle souligne l&#039;importance de renforcer la s\u00e9curit\u00e9 des \u00e9l\u00e8ves et du personnel, et explique comment ces mesures peuvent contribuer \u00e0 un environnement scolaire plus s\u00fbr. Restez inform\u00e9 sur les initiatives en mati\u00e8re de s\u00e9curit\u00e9 scolaire et les r\u00e9actions politiques li\u00e9es \u00e0 ce sujet crucial.\" \/>\n<meta property=\"og:url\" content=\"https:\/\/www.apres-lecole.fr\/Blog\/soutien-portiques-securite\/\" \/>\n<meta property=\"article:published_time\" content=\"2025-03-26T13:46:23+00:00\" \/>\n<meta property=\"og:image\" content=\"https:\/\/www.apres-lecole.fr\/Blog\/wp-content\/uploads\/2025\/03\/Marlene-Schiappa-exprime-son-soutien-aux-portiques-de-securite-dans-les-etablissements-scolaires.jpg\" \/>\n\t<meta property=\"og:image:width\" content=\"1344\" \/>\n\t<meta property=\"og:image:height\" content=\"768\" \/>\n\t<meta property=\"og:image:type\" content=\"image\/jpeg\" \/>\n<meta name=\"author\" content=\"Eva Martin\" \/>\n<meta name=\"twitter:card\" content=\"summary_large_image\" \/>\n<meta name=\"twitter:creator\" content=\"@Evaapresecole\" \/>\n<meta name=\"twitter:label1\" content=\"\u00c9crit par\" \/>\n\t<meta name=\"twitter:data1\" content=\"Eva Martin\" \/>\n\t<meta name=\"twitter:label2\" content=\"Dur\u00e9e de lecture estim\u00e9e\" \/>\n\t<meta name=\"twitter:data2\" content=\"8 minutes\" \/>\n<script type=\"application\/ld+json\" class=\"yoast-schema-graph\">{\"@context\":\"https:\\\/\\\/schema.org\",\"@graph\":[{\"@type\":\"Article\",\"@id\":\"https:\\\/\\\/www.apres-lecole.fr\\\/Blog\\\/soutien-portiques-securite\\\/#article\",\"isPartOf\":{\"@id\":\"https:\\\/\\\/www.apres-lecole.fr\\\/Blog\\\/soutien-portiques-securite\\\/\"},\"author\":{\"name\":\"Eva Martin\",\"@id\":\"https:\\\/\\\/www.apres-lecole.fr\\\/Blog\\\/#\\\/schema\\\/person\\\/aeb50cd4b51fc69da155804bb5bb9fc4\"},\"headline\":\"Marl\u00e8ne Schiappa exprime son soutien aux portiques de s\u00e9curit\u00e9 dans les \u00e9tablissements scolaires\",\"datePublished\":\"2025-03-26T13:46:23+00:00\",\"mainEntityOfPage\":{\"@id\":\"https:\\\/\\\/www.apres-lecole.fr\\\/Blog\\\/soutien-portiques-securite\\\/\"},\"wordCount\":1561,\"commentCount\":0,\"image\":{\"@id\":\"https:\\\/\\\/www.apres-lecole.fr\\\/Blog\\\/soutien-portiques-securite\\\/#primaryimage\"},\"thumbnailUrl\":\"https:\\\/\\\/www.apres-lecole.fr\\\/Blog\\\/wp-content\\\/uploads\\\/2025\\\/03\\\/Marlene-Schiappa-exprime-son-soutien-aux-portiques-de-securite-dans-les-etablissements-scolaires.jpg\",\"keywords\":[\"\u00e9tablissements scolaires\",\"marl\u00e8ne schiappa\",\"portiques de s\u00e9curit\u00e9\",\"s\u00e9curit\u00e9\",\"soutien\"],\"articleSection\":[\"Actualit\u00e9s\"],\"inLanguage\":\"fr-FR\",\"potentialAction\":[{\"@type\":\"CommentAction\",\"name\":\"Comment\",\"target\":[\"https:\\\/\\\/www.apres-lecole.fr\\\/Blog\\\/soutien-portiques-securite\\\/#respond\"]}]},{\"@type\":\"WebPage\",\"@id\":\"https:\\\/\\\/www.apres-lecole.fr\\\/Blog\\\/soutien-portiques-securite\\\/\",\"url\":\"https:\\\/\\\/www.apres-lecole.fr\\\/Blog\\\/soutien-portiques-securite\\\/\",\"name\":\"Marl\u00e8ne Schiappa d\u00e9fend les portiques de s\u00e9curit\u00e9 dans les \u00e9coles\",\"isPartOf\":{\"@id\":\"https:\\\/\\\/www.apres-lecole.fr\\\/Blog\\\/#website\"},\"primaryImageOfPage\":{\"@id\":\"https:\\\/\\\/www.apres-lecole.fr\\\/Blog\\\/soutien-portiques-securite\\\/#primaryimage\"},\"image\":{\"@id\":\"https:\\\/\\\/www.apres-lecole.fr\\\/Blog\\\/soutien-portiques-securite\\\/#primaryimage\"},\"thumbnailUrl\":\"https:\\\/\\\/www.apres-lecole.fr\\\/Blog\\\/wp-content\\\/uploads\\\/2025\\\/03\\\/Marlene-Schiappa-exprime-son-soutien-aux-portiques-de-securite-dans-les-etablissements-scolaires.jpg\",\"datePublished\":\"2025-03-26T13:46:23+00:00\",\"author\":{\"@id\":\"https:\\\/\\\/www.apres-lecole.fr\\\/Blog\\\/#\\\/schema\\\/person\\\/aeb50cd4b51fc69da155804bb5bb9fc4\"},\"description\":\"D\u00e9couvrez l'engagement de Marl\u00e8ne Schiappa en faveur des portiques de s\u00e9curit\u00e9 dans les \u00e9tablissements scolaires. Dans une d\u00e9claration r\u00e9cente, elle souligne l'importance de renforcer la s\u00e9curit\u00e9 des \u00e9l\u00e8ves et du personnel, et explique comment ces mesures peuvent contribuer \u00e0 un environnement scolaire plus s\u00fbr. Restez inform\u00e9 sur les initiatives en mati\u00e8re de s\u00e9curit\u00e9 scolaire et les r\u00e9actions politiques li\u00e9es \u00e0 ce sujet crucial.\",\"breadcrumb\":{\"@id\":\"https:\\\/\\\/www.apres-lecole.fr\\\/Blog\\\/soutien-portiques-securite\\\/#breadcrumb\"},\"inLanguage\":\"fr-FR\",\"potentialAction\":[{\"@type\":\"ReadAction\",\"target\":[\"https:\\\/\\\/www.apres-lecole.fr\\\/Blog\\\/soutien-portiques-securite\\\/\"]}]},{\"@type\":\"ImageObject\",\"inLanguage\":\"fr-FR\",\"@id\":\"https:\\\/\\\/www.apres-lecole.fr\\\/Blog\\\/soutien-portiques-securite\\\/#primaryimage\",\"url\":\"https:\\\/\\\/www.apres-lecole.fr\\\/Blog\\\/wp-content\\\/uploads\\\/2025\\\/03\\\/Marlene-Schiappa-exprime-son-soutien-aux-portiques-de-securite-dans-les-etablissements-scolaires.jpg\",\"contentUrl\":\"https:\\\/\\\/www.apres-lecole.fr\\\/Blog\\\/wp-content\\\/uploads\\\/2025\\\/03\\\/Marlene-Schiappa-exprime-son-soutien-aux-portiques-de-securite-dans-les-etablissements-scolaires.jpg\",\"width\":1344,\"height\":768,\"caption\":\"dans cet article, d\u00e9couvrez la prise de position de marl\u00e8ne schiappa en faveur des portiques de s\u00e9curit\u00e9 dans les \u00e9coles, un sujet crucial pour assurer la s\u00e9curit\u00e9 des \u00e9l\u00e8ves et du personnel \u00e9ducatif face aux menaces contemporaines.\"},{\"@type\":\"BreadcrumbList\",\"@id\":\"https:\\\/\\\/www.apres-lecole.fr\\\/Blog\\\/soutien-portiques-securite\\\/#breadcrumb\",\"itemListElement\":[{\"@type\":\"ListItem\",\"position\":1,\"name\":\"Home\",\"item\":\"https:\\\/\\\/www.apres-lecole.fr\\\/Blog\\\/\"},{\"@type\":\"ListItem\",\"position\":2,\"name\":\"Marl\u00e8ne Schiappa exprime son soutien aux portiques de s\u00e9curit\u00e9 dans les \u00e9tablissements scolaires\"}]},{\"@type\":\"WebSite\",\"@id\":\"https:\\\/\\\/www.apres-lecole.fr\\\/Blog\\\/#website\",\"url\":\"https:\\\/\\\/www.apres-lecole.fr\\\/Blog\\\/\",\"name\":\"\",\"description\":\"M\u00e9dia g\u00e9n\u00e9raliste\",\"potentialAction\":[{\"@type\":\"SearchAction\",\"target\":{\"@type\":\"EntryPoint\",\"urlTemplate\":\"https:\\\/\\\/www.apres-lecole.fr\\\/Blog\\\/?s={search_term_string}\"},\"query-input\":{\"@type\":\"PropertyValueSpecification\",\"valueRequired\":true,\"valueName\":\"search_term_string\"}}],\"inLanguage\":\"fr-FR\"},{\"@type\":\"Person\",\"@id\":\"https:\\\/\\\/www.apres-lecole.fr\\\/Blog\\\/#\\\/schema\\\/person\\\/aeb50cd4b51fc69da155804bb5bb9fc4\",\"name\":\"Eva Martin\",\"image\":{\"@type\":\"ImageObject\",\"inLanguage\":\"fr-FR\",\"@id\":\"https:\\\/\\\/secure.gravatar.com\\\/avatar\\\/55c53222558b27a72015a64073a80edce4abd33369394b9bf2c5cd6c19d12682?s=96&d=mm&r=g\",\"url\":\"https:\\\/\\\/secure.gravatar.com\\\/avatar\\\/55c53222558b27a72015a64073a80edce4abd33369394b9bf2c5cd6c19d12682?s=96&d=mm&r=g\",\"contentUrl\":\"https:\\\/\\\/secure.gravatar.com\\\/avatar\\\/55c53222558b27a72015a64073a80edce4abd33369394b9bf2c5cd6c19d12682?s=96&d=mm&r=g\",\"caption\":\"Eva Martin\"},\"description\":\"Je parle de business et d'entrepreneuriat avec des conseils clairs, concrets et actionnables pour r\u00e9ussir\",\"sameAs\":[\"https:\\\/\\\/x.com\\\/Evaapresecole\"],\"url\":\"https:\\\/\\\/www.apres-lecole.fr\\\/Blog\\\/author\\\/evamartin\\\/\"}]}<\/script>\n<!-- \/ Yoast SEO plugin. -->","yoast_head_json":{"title":"Marl\u00e8ne Schiappa d\u00e9fend les portiques de s\u00e9curit\u00e9 dans les \u00e9coles","description":"D\u00e9couvrez l'engagement de Marl\u00e8ne Schiappa en faveur des portiques de s\u00e9curit\u00e9 dans les \u00e9tablissements scolaires. Dans une d\u00e9claration r\u00e9cente, elle souligne l'importance de renforcer la s\u00e9curit\u00e9 des \u00e9l\u00e8ves et du personnel, et explique comment ces mesures peuvent contribuer \u00e0 un environnement scolaire plus s\u00fbr. Restez inform\u00e9 sur les initiatives en mati\u00e8re de s\u00e9curit\u00e9 scolaire et les r\u00e9actions politiques li\u00e9es \u00e0 ce sujet crucial.","robots":{"index":"index","follow":"follow","max-snippet":"max-snippet:-1","max-image-preview":"max-image-preview:large","max-video-preview":"max-video-preview:-1"},"canonical":"https:\/\/www.apres-lecole.fr\/Blog\/soutien-portiques-securite\/","og_locale":"fr_FR","og_type":"article","og_title":"Marl\u00e8ne Schiappa d\u00e9fend les portiques de s\u00e9curit\u00e9 dans les \u00e9coles","og_description":"D\u00e9couvrez l'engagement de Marl\u00e8ne Schiappa en faveur des portiques de s\u00e9curit\u00e9 dans les \u00e9tablissements scolaires. Dans une d\u00e9claration r\u00e9cente, elle souligne l'importance de renforcer la s\u00e9curit\u00e9 des \u00e9l\u00e8ves et du personnel, et explique comment ces mesures peuvent contribuer \u00e0 un environnement scolaire plus s\u00fbr. Restez inform\u00e9 sur les initiatives en mati\u00e8re de s\u00e9curit\u00e9 scolaire et les r\u00e9actions politiques li\u00e9es \u00e0 ce sujet crucial.","og_url":"https:\/\/www.apres-lecole.fr\/Blog\/soutien-portiques-securite\/","article_published_time":"2025-03-26T13:46:23+00:00","og_image":[{"width":1344,"height":768,"url":"https:\/\/www.apres-lecole.fr\/Blog\/wp-content\/uploads\/2025\/03\/Marlene-Schiappa-exprime-son-soutien-aux-portiques-de-securite-dans-les-etablissements-scolaires.jpg","type":"image\/jpeg"}],"author":"Eva Martin","twitter_card":"summary_large_image","twitter_creator":"@Evaapresecole","twitter_misc":{"\u00c9crit par":"Eva Martin","Dur\u00e9e de lecture estim\u00e9e":"8 minutes"},"schema":{"@context":"https:\/\/schema.org","@graph":[{"@type":"Article","@id":"https:\/\/www.apres-lecole.fr\/Blog\/soutien-portiques-securite\/#article","isPartOf":{"@id":"https:\/\/www.apres-lecole.fr\/Blog\/soutien-portiques-securite\/"},"author":{"name":"Eva Martin","@id":"https:\/\/www.apres-lecole.fr\/Blog\/#\/schema\/person\/aeb50cd4b51fc69da155804bb5bb9fc4"},"headline":"Marl\u00e8ne Schiappa exprime son soutien aux portiques de s\u00e9curit\u00e9 dans les \u00e9tablissements scolaires","datePublished":"2025-03-26T13:46:23+00:00","mainEntityOfPage":{"@id":"https:\/\/www.apres-lecole.fr\/Blog\/soutien-portiques-securite\/"},"wordCount":1561,"commentCount":0,"image":{"@id":"https:\/\/www.apres-lecole.fr\/Blog\/soutien-portiques-securite\/#primaryimage"},"thumbnailUrl":"https:\/\/www.apres-lecole.fr\/Blog\/wp-content\/uploads\/2025\/03\/Marlene-Schiappa-exprime-son-soutien-aux-portiques-de-securite-dans-les-etablissements-scolaires.jpg","keywords":["\u00e9tablissements scolaires","marl\u00e8ne schiappa","portiques de s\u00e9curit\u00e9","s\u00e9curit\u00e9","soutien"],"articleSection":["Actualit\u00e9s"],"inLanguage":"fr-FR","potentialAction":[{"@type":"CommentAction","name":"Comment","target":["https:\/\/www.apres-lecole.fr\/Blog\/soutien-portiques-securite\/#respond"]}]},{"@type":"WebPage","@id":"https:\/\/www.apres-lecole.fr\/Blog\/soutien-portiques-securite\/","url":"https:\/\/www.apres-lecole.fr\/Blog\/soutien-portiques-securite\/","name":"Marl\u00e8ne Schiappa d\u00e9fend les portiques de s\u00e9curit\u00e9 dans les \u00e9coles","isPartOf":{"@id":"https:\/\/www.apres-lecole.fr\/Blog\/#website"},"primaryImageOfPage":{"@id":"https:\/\/www.apres-lecole.fr\/Blog\/soutien-portiques-securite\/#primaryimage"},"image":{"@id":"https:\/\/www.apres-lecole.fr\/Blog\/soutien-portiques-securite\/#primaryimage"},"thumbnailUrl":"https:\/\/www.apres-lecole.fr\/Blog\/wp-content\/uploads\/2025\/03\/Marlene-Schiappa-exprime-son-soutien-aux-portiques-de-securite-dans-les-etablissements-scolaires.jpg","datePublished":"2025-03-26T13:46:23+00:00","author":{"@id":"https:\/\/www.apres-lecole.fr\/Blog\/#\/schema\/person\/aeb50cd4b51fc69da155804bb5bb9fc4"},"description":"D\u00e9couvrez l'engagement de Marl\u00e8ne Schiappa en faveur des portiques de s\u00e9curit\u00e9 dans les \u00e9tablissements scolaires. Dans une d\u00e9claration r\u00e9cente, elle souligne l'importance de renforcer la s\u00e9curit\u00e9 des \u00e9l\u00e8ves et du personnel, et explique comment ces mesures peuvent contribuer \u00e0 un environnement scolaire plus s\u00fbr. Restez inform\u00e9 sur les initiatives en mati\u00e8re de s\u00e9curit\u00e9 scolaire et les r\u00e9actions politiques li\u00e9es \u00e0 ce sujet crucial.","breadcrumb":{"@id":"https:\/\/www.apres-lecole.fr\/Blog\/soutien-portiques-securite\/#breadcrumb"},"inLanguage":"fr-FR","potentialAction":[{"@type":"ReadAction","target":["https:\/\/www.apres-lecole.fr\/Blog\/soutien-portiques-securite\/"]}]},{"@type":"ImageObject","inLanguage":"fr-FR","@id":"https:\/\/www.apres-lecole.fr\/Blog\/soutien-portiques-securite\/#primaryimage","url":"https:\/\/www.apres-lecole.fr\/Blog\/wp-content\/uploads\/2025\/03\/Marlene-Schiappa-exprime-son-soutien-aux-portiques-de-securite-dans-les-etablissements-scolaires.jpg","contentUrl":"https:\/\/www.apres-lecole.fr\/Blog\/wp-content\/uploads\/2025\/03\/Marlene-Schiappa-exprime-son-soutien-aux-portiques-de-securite-dans-les-etablissements-scolaires.jpg","width":1344,"height":768,"caption":"dans cet article, d\u00e9couvrez la prise de position de marl\u00e8ne schiappa en faveur des portiques de s\u00e9curit\u00e9 dans les \u00e9coles, un sujet crucial pour assurer la s\u00e9curit\u00e9 des \u00e9l\u00e8ves et du personnel \u00e9ducatif face aux menaces contemporaines."},{"@type":"BreadcrumbList","@id":"https:\/\/www.apres-lecole.fr\/Blog\/soutien-portiques-securite\/#breadcrumb","itemListElement":[{"@type":"ListItem","position":1,"name":"Home","item":"https:\/\/www.apres-lecole.fr\/Blog\/"},{"@type":"ListItem","position":2,"name":"Marl\u00e8ne Schiappa exprime son soutien aux portiques de s\u00e9curit\u00e9 dans les \u00e9tablissements scolaires"}]},{"@type":"WebSite","@id":"https:\/\/www.apres-lecole.fr\/Blog\/#website","url":"https:\/\/www.apres-lecole.fr\/Blog\/","name":"","description":"M\u00e9dia g\u00e9n\u00e9raliste","potentialAction":[{"@type":"SearchAction","target":{"@type":"EntryPoint","urlTemplate":"https:\/\/www.apres-lecole.fr\/Blog\/?s={search_term_string}"},"query-input":{"@type":"PropertyValueSpecification","valueRequired":true,"valueName":"search_term_string"}}],"inLanguage":"fr-FR"},{"@type":"Person","@id":"https:\/\/www.apres-lecole.fr\/Blog\/#\/schema\/person\/aeb50cd4b51fc69da155804bb5bb9fc4","name":"Eva Martin","image":{"@type":"ImageObject","inLanguage":"fr-FR","@id":"https:\/\/secure.gravatar.com\/avatar\/55c53222558b27a72015a64073a80edce4abd33369394b9bf2c5cd6c19d12682?s=96&d=mm&r=g","url":"https:\/\/secure.gravatar.com\/avatar\/55c53222558b27a72015a64073a80edce4abd33369394b9bf2c5cd6c19d12682?s=96&d=mm&r=g","contentUrl":"https:\/\/secure.gravatar.com\/avatar\/55c53222558b27a72015a64073a80edce4abd33369394b9bf2c5cd6c19d12682?s=96&d=mm&r=g","caption":"Eva Martin"},"description":"Je parle de business et d'entrepreneuriat avec des conseils clairs, concrets et actionnables pour r\u00e9ussir","sameAs":["https:\/\/x.com\/Evaapresecole"],"url":"https:\/\/www.apres-lecole.fr\/Blog\/author\/evamartin\/"}]}},"views":5,"_links":{"self":[{"href":"https:\/\/www.apres-lecole.fr\/Blog\/wp-json\/wp\/v2\/posts\/1725","targetHints":{"allow":["GET"]}}],"collection":[{"href":"https:\/\/www.apres-lecole.fr\/Blog\/wp-json\/wp\/v2\/posts"}],"about":[{"href":"https:\/\/www.apres-lecole.fr\/Blog\/wp-json\/wp\/v2\/types\/post"}],"author":[{"embeddable":true,"href":"https:\/\/www.apres-lecole.fr\/Blog\/wp-json\/wp\/v2\/users\/9"}],"replies":[{"embeddable":true,"href":"https:\/\/www.apres-lecole.fr\/Blog\/wp-json\/wp\/v2\/comments?post=1725"}],"version-history":[{"count":0,"href":"https:\/\/www.apres-lecole.fr\/Blog\/wp-json\/wp\/v2\/posts\/1725\/revisions"}],"wp:featuredmedia":[{"embeddable":true,"href":"https:\/\/www.apres-lecole.fr\/Blog\/wp-json\/wp\/v2\/media\/1724"}],"wp:attachment":[{"href":"https:\/\/www.apres-lecole.fr\/Blog\/wp-json\/wp\/v2\/media?parent=1725"}],"wp:term":[{"taxonomy":"category","embeddable":true,"href":"https:\/\/www.apres-lecole.fr\/Blog\/wp-json\/wp\/v2\/categories?post=1725"},{"taxonomy":"post_tag","embeddable":true,"href":"https:\/\/www.apres-lecole.fr\/Blog\/wp-json\/wp\/v2\/tags?post=1725"}],"curies":[{"name":"wp","href":"https:\/\/api.w.org\/{rel}","templated":true}]}}